{"id":97757,"date":"2016-06-20T21:13:31","date_gmt":"2016-06-20T20:13:31","guid":{"rendered":"http:\/\/www.visit-ulcinj.com\/blog\/?p=97757"},"modified":"2016-06-20T21:20:32","modified_gmt":"2016-06-20T20:20:32","slug":"ura-ulqini-punon-e-akva-park-budva-nderton","status":"publish","type":"post","link":"https:\/\/www.visit-ulcinj.com\/blog\/2016\/06\/20\/ura-ulqini-punon-e-akva-park-budva-nderton\/","title":{"rendered":"URA: Ulqini punon e akva park Budva nd\u00ebrton"},"content":{"rendered":"<div class=\"entry\">\n<p><strong><em><a href=\"http:\/\/www.visit-ulcinj.com\/blog\/wp-content\/uploads\/2016\/03\/Omer-Bajraktari-URA-ULQIN.jpg\"><img loading=\"lazy\" class=\"alignleft wp-image-95225\" src=\"http:\/\/www.visit-ulcinj.com\/blog\/wp-content\/uploads\/2016\/03\/Omer-Bajraktari-URA-ULQIN.jpg\" alt=\"Omer-Bajraktari-URA-ULQIN\" width=\"508\" height=\"381\" srcset=\"https:\/\/www.visit-ulcinj.com\/blog\/wp-content\/uploads\/2016\/03\/Omer-Bajraktari-URA-ULQIN.jpg 640w, https:\/\/www.visit-ulcinj.com\/blog\/wp-content\/uploads\/2016\/03\/Omer-Bajraktari-URA-ULQIN-300x225.jpg 300w\" sizes=\"(max-width: 508px) 100vw, 508px\" \/><\/a>N\u00eb redaksin\u00eb e Ul.info mb\u00ebrriti kumtesa e K\u00ebshillit komunal t\u00eb L\u00ebvizjes qytetare URA, t\u00eb cil\u00ebn e n\u00ebnshkruan kryetari Omer Bajraktari.<\/em><\/strong><\/p>\n<p>Jam i sigurt se asnj\u00eb qytetar i Ulqinit nuk e humbi lajmin se \u00ebsht\u00eb hapur Akvaparku n\u00eb Budv\u00eb. I nj\u00ebjti, por n\u00eb Ulqin, k\u00ebt\u00eb sezon duhej t\u2019i priste mysafir\u00ebt e par\u00eb, por kjo NUK NDODHI. Kjo NUK NDODHI ka tradit\u00eb t\u00eb gjat\u00eb n\u00eb Ulqin.<\/p>\n<p>M\u00eb 16 dhjetor t\u00eb vitit 2014 \u00ebsht\u00eb n\u00ebnshkruar kontrata p\u00ebr nd\u00ebrtimin e Akvaparkut n\u00eb Ulqin. Ishte kjo her\u00eb e par\u00eb q\u00eb komuna e Ulqinit tentoi vet t\u00eb t\u00ebrheq investitor\u00ebt me q\u00ebllim p\u00ebrmir\u00ebsimin e ofert\u00ebs turistike, dhe ia arriti q\u00ebllimit, por vet\u00ebm deri tek n\u00ebnshkrimi i kontrat\u00ebs me kompanin\u00eb e njohur Polin nga Turqia. At\u00eb q\u00eb nuk e prit\u00ebm at\u00ebher\u00eb ishte q\u00eb Qeveria e Malit t\u00eb Zi dhe Ministrit\u00eb kompetente n\u00eb m\u00ebnyr\u00eb aq indiferente do t\u00eb sillen karshi k\u00ebtij projekti, p\u00ebr t\u00eb cilin tani madje dyshojm\u00eb edhe q\u00eb ka d\u00ebshtuar. Duke par\u00eb t\u00eb kaluar\u00ebn e af\u00ebrt sa i p\u00ebrket politik\u00ebs investuese ndaj Ulqinit, ky veprim lirisht mund t\u00eb shpjegohet si destruktivitet i hapur i Qeveris\u00eb, gjegj\u00ebsisht PDS-s\u00eb dhe partner\u00ebve t\u00eb tij nga Ulqini, ndaj Ulqinit.<\/p>\n<p>Do t\u00eb mbes\u00eb n\u00eb kujtes\u00eb kund\u00ebrshtimi i hapur i politikan\u00ebve nga Ulqinit ndaj k\u00ebtij projekti, e pranoj q\u00eb k\u00ebt\u00eb se prisja. Por, ato u shp\u00ebrblyen, t\u00eb gjith\u00eb s\u00eb bashku kan\u00eb hyr\u00eb n\u00eb qeverisjen lokale \u201cp\u00ebr t\u00eb mir\u00eb t\u00eb qytetit dhe qytetar\u00ebve\u201d.<\/p>\n<p><a href=\"http:\/\/www.visit-ulcinj.com\/blog\/wp-content\/uploads\/2016\/06\/akva-park-Budva.jpg\"><img loading=\"lazy\" class=\"alignleft wp-image-97761\" src=\"http:\/\/www.visit-ulcinj.com\/blog\/wp-content\/uploads\/2016\/06\/akva-park-Budva.jpg\" alt=\"akva park Budva\" width=\"508\" height=\"408\" srcset=\"https:\/\/www.visit-ulcinj.com\/blog\/wp-content\/uploads\/2016\/06\/akva-park-Budva.jpg 998w, https:\/\/www.visit-ulcinj.com\/blog\/wp-content\/uploads\/2016\/06\/akva-park-Budva-300x241.jpg 300w, https:\/\/www.visit-ulcinj.com\/blog\/wp-content\/uploads\/2016\/06\/akva-park-Budva-768x617.jpg 768w\" sizes=\"(max-width: 508px) 100vw, 508px\" \/><\/a><br \/>\nFoto:Budva.me<\/p>\n","protected":false},"excerpt":{"rendered":"<p>N\u00eb redaksin\u00eb e Ul.info mb\u00ebrriti kumtesa e K\u00ebshillit komunal t\u00eb L\u00ebvizjes qytetare URA, t\u00eb cil\u00ebn e n\u00ebnshkruan kryetari Omer Bajraktari. Jam i sigurt se asnj\u00eb qytetar i Ulqinit nuk e humbi lajmin se \u00ebsht\u00eb hapur Akvaparku n\u00eb Budv\u00eb. I nj\u00ebjti, por n\u00eb Ulqin, k\u00ebt\u00eb sezon duhej t\u2019i priste mysafir\u00ebt e par\u00eb, por kjo NUK NDODHI. [&hellip;]<\/p>\n","protected":false},"author":1,"featured_media":0,"comment_status":"closed","ping_status":"closed","sticky":false,"template":"","format":"standard","meta":{"spay_email":"","jetpack_publicize_message":"","jetpack_is_tweetstorm":false,"jetpack_publicize_feature_enabled":true},"categories":[6],"tags":[],"jetpack_publicize_connections":[],"yoast_head":"<!-- This site is optimized with the Yoast SEO plugin v19.1 - https:\/\/yoast.com\/wordpress\/plugins\/seo\/ -->\n<title>URA: Ulqini punon e akva park Budva nd\u00ebrton - Lajme nga Ulqini<\/title>\n<meta name=\"description\" content=\"N\u00eb redaksin\u00eb e Ul.info mb\u00ebrriti kumtesa e K\u00ebshillit komunal t\u00eb L\u00ebvizjes qytetare URA, t\u00eb cil\u00ebn e n\u00ebnshkruan kryetari Omer Bajraktari. Jam i sigurt se\" \/>\n<meta name=\"robots\" content=\"index, follow, max-snippet:-1, max-image-preview:large, max-video-preview:-1\" \/>\n<link rel=\"canonical\" href=\"https:\/\/www.visit-ulcinj.com\/blog\/2016\/06\/20\/ura-ulqini-punon-e-akva-park-budva-nderton\/\" \/>\n<meta property=\"og:locale\" content=\"en_US\" \/>\n<meta property=\"og:type\" content=\"article\" \/>\n<meta property=\"og:title\" content=\"URA: Ulqini punon e akva park Budva nd\u00ebrton - Lajme nga Ulqini\" \/>\n<meta property=\"og:description\" content=\"N\u00eb redaksin\u00eb e Ul.info mb\u00ebrriti kumtesa e K\u00ebshillit komunal t\u00eb L\u00ebvizjes qytetare URA, t\u00eb cil\u00ebn e n\u00ebnshkruan kryetari Omer Bajraktari. Jam i sigurt se\" \/>\n<meta property=\"og:url\" content=\"https:\/\/www.visit-ulcinj.com\/blog\/2016\/06\/20\/ura-ulqini-punon-e-akva-park-budva-nderton\/\" \/>\n<meta property=\"og:site_name\" content=\"Lajme nga Ulqini\" \/>\n<meta property=\"article:published_time\" content=\"2016-06-20T20:13:31+00:00\" \/>\n<meta property=\"article:modified_time\" content=\"2016-06-20T20:20:32+00:00\" \/>\n<meta property=\"og:image\" content=\"http:\/\/www.visit-ulcinj.com\/blog\/wp-content\/uploads\/2016\/03\/Omer-Bajraktari-URA-ULQIN.jpg\" \/>\n<meta name=\"twitter:label1\" content=\"Written by\" \/>\n\t<meta name=\"twitter:data1\" content=\"ulqini\" \/>\n\t<meta name=\"twitter:label2\" content=\"Est. reading time\" \/>\n\t<meta name=\"twitter:data2\" content=\"1 minute\" \/>\n<script type=\"application\/ld+json\" class=\"yoast-schema-graph\">{\"@context\":\"https:\/\/schema.org\",\"@graph\":[{\"@type\":\"WebSite\",\"@id\":\"https:\/\/www.visit-ulcinj.com\/blog\/#website\",\"url\":\"https:\/\/www.visit-ulcinj.com\/blog\/\",\"name\":\"Lajme nga Ulqini\",\"description\":\"Lajme,Vijesti,Ulqini,Ulqin,Crna Gora,Mali i Zi\",\"potentialAction\":[{\"@type\":\"SearchAction\",\"target\":{\"@type\":\"EntryPoint\",\"urlTemplate\":\"https:\/\/www.visit-ulcinj.com\/blog\/?s={search_term_string}\"},\"query-input\":\"required name=search_term_string\"}],\"inLanguage\":\"en-US\"},{\"@type\":\"ImageObject\",\"inLanguage\":\"en-US\",\"@id\":\"https:\/\/www.visit-ulcinj.com\/blog\/2016\/06\/20\/ura-ulqini-punon-e-akva-park-budva-nderton\/#primaryimage\",\"url\":\"https:\/\/www.visit-ulcinj.com\/blog\/wp-content\/uploads\/2016\/03\/Omer-Bajraktari-URA-ULQIN.jpg\",\"contentUrl\":\"https:\/\/www.visit-ulcinj.com\/blog\/wp-content\/uploads\/2016\/03\/Omer-Bajraktari-URA-ULQIN.jpg\",\"width\":640,\"height\":480},{\"@type\":\"WebPage\",\"@id\":\"https:\/\/www.visit-ulcinj.com\/blog\/2016\/06\/20\/ura-ulqini-punon-e-akva-park-budva-nderton\/#webpage\",\"url\":\"https:\/\/www.visit-ulcinj.com\/blog\/2016\/06\/20\/ura-ulqini-punon-e-akva-park-budva-nderton\/\",\"name\":\"URA: Ulqini punon e akva park Budva nd\u00ebrton - Lajme nga Ulqini\",\"isPartOf\":{\"@id\":\"https:\/\/www.visit-ulcinj.com\/blog\/#website\"},\"primaryImageOfPage\":{\"@id\":\"https:\/\/www.visit-ulcinj.com\/blog\/2016\/06\/20\/ura-ulqini-punon-e-akva-park-budva-nderton\/#primaryimage\"},\"datePublished\":\"2016-06-20T20:13:31+00:00\",\"dateModified\":\"2016-06-20T20:20:32+00:00\",\"author\":{\"@id\":\"https:\/\/www.visit-ulcinj.com\/blog\/#\/schema\/person\/dcab619c614d3038751c63bc2aadc06d\"},\"description\":\"N\u00eb redaksin\u00eb e Ul.info mb\u00ebrriti kumtesa e K\u00ebshillit komunal t\u00eb L\u00ebvizjes qytetare URA, t\u00eb cil\u00ebn e n\u00ebnshkruan kryetari Omer Bajraktari. Jam i sigurt se\",\"breadcrumb\":{\"@id\":\"https:\/\/www.visit-ulcinj.com\/blog\/2016\/06\/20\/ura-ulqini-punon-e-akva-park-budva-nderton\/#breadcrumb\"},\"inLanguage\":\"en-US\",\"potentialAction\":[{\"@type\":\"ReadAction\",\"target\":[\"https:\/\/www.visit-ulcinj.com\/blog\/2016\/06\/20\/ura-ulqini-punon-e-akva-park-budva-nderton\/\"]}]},{\"@type\":\"BreadcrumbList\",\"@id\":\"https:\/\/www.visit-ulcinj.com\/blog\/2016\/06\/20\/ura-ulqini-punon-e-akva-park-budva-nderton\/#breadcrumb\",\"itemListElement\":[{\"@type\":\"ListItem\",\"position\":1,\"name\":\"URA: Ulqini punon e akva park Budva nd\u00ebrton\"}]},{\"@type\":\"Person\",\"@id\":\"https:\/\/www.visit-ulcinj.com\/blog\/#\/schema\/person\/dcab619c614d3038751c63bc2aadc06d\",\"name\":\"ulqini\",\"sameAs\":[\"http:\/\/www.visit-ulcinj.com\"],\"url\":\"https:\/\/www.visit-ulcinj.com\/blog\/author\/admin\/\"}]}<\/script>\n<!-- \/ Yoast SEO plugin. -->","yoast_head_json":{"title":"URA: Ulqini punon e akva park Budva nd\u00ebrton - Lajme nga Ulqini","description":"N\u00eb redaksin\u00eb e Ul.info mb\u00ebrriti kumtesa e K\u00ebshillit komunal t\u00eb L\u00ebvizjes qytetare URA, t\u00eb cil\u00ebn e n\u00ebnshkruan kryetari Omer Bajraktari. Jam i sigurt se","robots":{"index":"index","follow":"follow","max-snippet":"max-snippet:-1","max-image-preview":"max-image-preview:large","max-video-preview":"max-video-preview:-1"},"canonical":"https:\/\/www.visit-ulcinj.com\/blog\/2016\/06\/20\/ura-ulqini-punon-e-akva-park-budva-nderton\/","og_locale":"en_US","og_type":"article","og_title":"URA: Ulqini punon e akva park Budva nd\u00ebrton - Lajme nga Ulqini","og_description":"N\u00eb redaksin\u00eb e Ul.info mb\u00ebrriti kumtesa e K\u00ebshillit komunal t\u00eb L\u00ebvizjes qytetare URA, t\u00eb cil\u00ebn e n\u00ebnshkruan kryetari Omer Bajraktari. Jam i sigurt se","og_url":"https:\/\/www.visit-ulcinj.com\/blog\/2016\/06\/20\/ura-ulqini-punon-e-akva-park-budva-nderton\/","og_site_name":"Lajme nga Ulqini","article_published_time":"2016-06-20T20:13:31+00:00","article_modified_time":"2016-06-20T20:20:32+00:00","og_image":[{"url":"http:\/\/www.visit-ulcinj.com\/blog\/wp-content\/uploads\/2016\/03\/Omer-Bajraktari-URA-ULQIN.jpg"}],"twitter_misc":{"Written by":"ulqini","Est. reading time":"1 minute"},"schema":{"@context":"https:\/\/schema.org","@graph":[{"@type":"WebSite","@id":"https:\/\/www.visit-ulcinj.com\/blog\/#website","url":"https:\/\/www.visit-ulcinj.com\/blog\/","name":"Lajme nga Ulqini","description":"Lajme,Vijesti,Ulqini,Ulqin,Crna Gora,Mali i Zi","potentialAction":[{"@type":"SearchAction","target":{"@type":"EntryPoint","urlTemplate":"https:\/\/www.visit-ulcinj.com\/blog\/?s={search_term_string}"},"query-input":"required name=search_term_string"}],"inLanguage":"en-US"},{"@type":"ImageObject","inLanguage":"en-US","@id":"https:\/\/www.visit-ulcinj.com\/blog\/2016\/06\/20\/ura-ulqini-punon-e-akva-park-budva-nderton\/#primaryimage","url":"https:\/\/www.visit-ulcinj.com\/blog\/wp-content\/uploads\/2016\/03\/Omer-Bajraktari-URA-ULQIN.jpg","contentUrl":"https:\/\/www.visit-ulcinj.com\/blog\/wp-content\/uploads\/2016\/03\/Omer-Bajraktari-URA-ULQIN.jpg","width":640,"height":480},{"@type":"WebPage","@id":"https:\/\/www.visit-ulcinj.com\/blog\/2016\/06\/20\/ura-ulqini-punon-e-akva-park-budva-nderton\/#webpage","url":"https:\/\/www.visit-ulcinj.com\/blog\/2016\/06\/20\/ura-ulqini-punon-e-akva-park-budva-nderton\/","name":"URA: Ulqini punon e akva park Budva nd\u00ebrton - Lajme nga Ulqini","isPartOf":{"@id":"https:\/\/www.visit-ulcinj.com\/blog\/#website"},"primaryImageOfPage":{"@id":"https:\/\/www.visit-ulcinj.com\/blog\/2016\/06\/20\/ura-ulqini-punon-e-akva-park-budva-nderton\/#primaryimage"},"datePublished":"2016-06-20T20:13:31+00:00","dateModified":"2016-06-20T20:20:32+00:00","author":{"@id":"https:\/\/www.visit-ulcinj.com\/blog\/#\/schema\/person\/dcab619c614d3038751c63bc2aadc06d"},"description":"N\u00eb redaksin\u00eb e Ul.info mb\u00ebrriti kumtesa e K\u00ebshillit komunal t\u00eb L\u00ebvizjes qytetare URA, t\u00eb cil\u00ebn e n\u00ebnshkruan kryetari Omer Bajraktari. Jam i sigurt se","breadcrumb":{"@id":"https:\/\/www.visit-ulcinj.com\/blog\/2016\/06\/20\/ura-ulqini-punon-e-akva-park-budva-nderton\/#breadcrumb"},"inLanguage":"en-US","potentialAction":[{"@type":"ReadAction","target":["https:\/\/www.visit-ulcinj.com\/blog\/2016\/06\/20\/ura-ulqini-punon-e-akva-park-budva-nderton\/"]}]},{"@type":"BreadcrumbList","@id":"https:\/\/www.visit-ulcinj.com\/blog\/2016\/06\/20\/ura-ulqini-punon-e-akva-park-budva-nderton\/#breadcrumb","itemListElement":[{"@type":"ListItem","position":1,"name":"URA: Ulqini punon e akva park Budva nd\u00ebrton"}]},{"@type":"Person","@id":"https:\/\/www.visit-ulcinj.com\/blog\/#\/schema\/person\/dcab619c614d3038751c63bc2aadc06d","name":"ulqini","sameAs":["http:\/\/www.visit-ulcinj.com"],"url":"https:\/\/www.visit-ulcinj.com\/blog\/author\/admin\/"}]}},"jetpack_featured_media_url":"","jetpack_sharing_enabled":true,"jetpack_shortlink":"https:\/\/wp.me\/pe6lTn-pqJ","_links":{"self":[{"href":"https:\/\/www.visit-ulcinj.com\/blog\/wp-json\/wp\/v2\/posts\/97757"}],"collection":[{"href":"https:\/\/www.visit-ulcinj.com\/blog\/wp-json\/wp\/v2\/posts"}],"about":[{"href":"https:\/\/www.visit-ulcinj.com\/blog\/wp-json\/wp\/v2\/types\/post"}],"author":[{"embeddable":true,"href":"https:\/\/www.visit-ulcinj.com\/blog\/wp-json\/wp\/v2\/users\/1"}],"replies":[{"embeddable":true,"href":"https:\/\/www.visit-ulcinj.com\/blog\/wp-json\/wp\/v2\/comments?post=97757"}],"version-history":[{"count":4,"href":"https:\/\/www.visit-ulcinj.com\/blog\/wp-json\/wp\/v2\/posts\/97757\/revisions"}],"predecessor-version":[{"id":97764,"href":"https:\/\/www.visit-ulcinj.com\/blog\/wp-json\/wp\/v2\/posts\/97757\/revisions\/97764"}],"wp:attachment":[{"href":"https:\/\/www.visit-ulcinj.com\/blog\/wp-json\/wp\/v2\/media?parent=97757"}],"wp:term":[{"taxonomy":"category","embeddable":true,"href":"https:\/\/www.visit-ulcinj.com\/blog\/wp-json\/wp\/v2\/categories?post=97757"},{"taxonomy":"post_tag","embeddable":true,"href":"https:\/\/www.visit-ulcinj.com\/blog\/wp-json\/wp\/v2\/tags?post=97757"}],"curies":[{"name":"wp","href":"https:\/\/api.w.org\/{rel}","templated":true}]}}