{"id":97770,"date":"2016-06-22T12:13:50","date_gmt":"2016-06-22T11:13:50","guid":{"rendered":"http:\/\/www.visit-ulcinj.com\/blog\/?p=97770"},"modified":"2016-06-22T12:13:50","modified_gmt":"2016-06-22T11:13:50","slug":"parqet-kombetare-ne-dem-te-komunitetit-shqiptare-video","status":"publish","type":"post","link":"https:\/\/www.visit-ulcinj.com\/blog\/2016\/06\/22\/parqet-kombetare-ne-dem-te-komunitetit-shqiptare-video\/","title":{"rendered":"Parqet Komb\u00ebtare n\u00eb d\u00ebm t\u00eb komunitetit shqiptar\u00eb &#8211; Video"},"content":{"rendered":"<p><a href=\"http:\/\/www.visit-ulcinj.com\/blog\/wp-content\/uploads\/2016\/06\/Parqet-Kombtare-n\u00eb-Mal-t\u00eb-Zi.jpg\"><img loading=\"lazy\" class=\"alignleft wp-image-97771\" src=\"http:\/\/www.visit-ulcinj.com\/blog\/wp-content\/uploads\/2016\/06\/Parqet-Kombtare-n\u00eb-Mal-t\u00eb-Zi.jpg\" alt=\"Parqet-Kombtare-n\u00eb-Mal-t\u00eb-Zi\" width=\"508\" height=\"251\" srcset=\"https:\/\/www.visit-ulcinj.com\/blog\/wp-content\/uploads\/2016\/06\/Parqet-Kombtare-n\u00eb-Mal-t\u00eb-Zi.jpg 836w, https:\/\/www.visit-ulcinj.com\/blog\/wp-content\/uploads\/2016\/06\/Parqet-Kombtare-n\u00eb-Mal-t\u00eb-Zi-300x148.jpg 300w, https:\/\/www.visit-ulcinj.com\/blog\/wp-content\/uploads\/2016\/06\/Parqet-Kombtare-n\u00eb-Mal-t\u00eb-Zi-768x379.jpg 768w\" sizes=\"(max-width: 508px) 100vw, 508px\" \/><\/a>Parqet Komb\u00ebtare, t\u00eb shpallura n\u00eb disa zona ku jetojn\u00eb shqiptar\u00ebt n\u00eb Mal t\u00eb Zi, sipas p\u00ebrfaq\u00ebsuesve t\u00eb k\u00ebtij komuniteti, pengojn\u00eb zhvillimin ekonomik dhe turistik. Parqet Komb\u00ebtare, sipas tyre, kan\u00eb uzurpuar pronat private duke penguar shfryt\u00ebzimin dhe menaxhimin e drejt t\u00eb tyre.<\/p>\n<p>P\u00ebrfaq\u00ebsuesit e Parqeve komb\u00ebtare, nd\u00ebrkaq, theksojn\u00eb r\u00ebnd\u00ebsin\u00eb e mbrojtjes s\u00eb k\u00ebsaj pasurie t\u00eb ve\u00e7ant\u00eb, e cila ka nj\u00eb vler\u00eb t\u00eb madhe n\u00eb aspektin e biodiversitetit n\u00eb Mal t\u00eb Zi.<\/p>\n<p>Korrespondenti i Z\u00ebrit t\u00eb Amerik\u00ebs Ali Salaj\u00a0 p\u00ebrgatiti kronik\u00ebn.<\/p>\n<p>VAO<\/p>\n<p><iframe loading=\"lazy\" width=\"508\" height=\"315\" src=\"https:\/\/www.youtube.com\/embed\/vNxIZSwh9Zk\" frameborder=\"0\" allowfullscreen><\/iframe><\/p>\n","protected":false},"excerpt":{"rendered":"<p>Parqet Komb\u00ebtare, t\u00eb shpallura n\u00eb disa zona ku jetojn\u00eb shqiptar\u00ebt n\u00eb Mal t\u00eb Zi, sipas p\u00ebrfaq\u00ebsuesve t\u00eb k\u00ebtij komuniteti, pengojn\u00eb zhvillimin ekonomik dhe turistik. Parqet Komb\u00ebtare, sipas tyre, kan\u00eb uzurpuar pronat private duke penguar shfryt\u00ebzimin dhe menaxhimin e drejt t\u00eb tyre. P\u00ebrfaq\u00ebsuesit e Parqeve komb\u00ebtare, nd\u00ebrkaq, theksojn\u00eb r\u00ebnd\u00ebsin\u00eb e mbrojtjes s\u00eb k\u00ebsaj pasurie t\u00eb ve\u00e7ant\u00eb, [&hellip;]<\/p>\n","protected":false},"author":1,"featured_media":0,"comment_status":"closed","ping_status":"closed","sticky":false,"template":"","format":"standard","meta":{"spay_email":"","jetpack_publicize_message":"","jetpack_is_tweetstorm":false,"jetpack_publicize_feature_enabled":true},"categories":[10],"tags":[],"jetpack_publicize_connections":[],"yoast_head":"<!-- This site is optimized with the Yoast SEO plugin v19.1 - https:\/\/yoast.com\/wordpress\/plugins\/seo\/ -->\n<title>Parqet Komb\u00ebtare n\u00eb d\u00ebm t\u00eb komunitetit shqiptar\u00eb - Video - Lajme nga Ulqini<\/title>\n<meta name=\"description\" content=\"Parqet Komb\u00ebtare, t\u00eb shpallura n\u00eb disa zona ku jetojn\u00eb shqiptar\u00ebt n\u00eb Mal t\u00eb Zi, sipas p\u00ebrfaq\u00ebsuesve t\u00eb k\u00ebtij komuniteti, pengojn\u00eb zhvillimin ekonomik dhe\" \/>\n<meta name=\"robots\" content=\"index, follow, max-snippet:-1, max-image-preview:large, max-video-preview:-1\" \/>\n<link rel=\"canonical\" href=\"https:\/\/www.visit-ulcinj.com\/blog\/2016\/06\/22\/parqet-kombetare-ne-dem-te-komunitetit-shqiptare-video\/\" \/>\n<meta property=\"og:locale\" content=\"en_US\" \/>\n<meta property=\"og:type\" content=\"article\" \/>\n<meta property=\"og:title\" content=\"Parqet Komb\u00ebtare n\u00eb d\u00ebm t\u00eb komunitetit shqiptar\u00eb - Video - Lajme nga Ulqini\" \/>\n<meta property=\"og:description\" content=\"Parqet Komb\u00ebtare, t\u00eb shpallura n\u00eb disa zona ku jetojn\u00eb shqiptar\u00ebt n\u00eb Mal t\u00eb Zi, sipas p\u00ebrfaq\u00ebsuesve t\u00eb k\u00ebtij komuniteti, pengojn\u00eb zhvillimin ekonomik dhe\" \/>\n<meta property=\"og:url\" content=\"https:\/\/www.visit-ulcinj.com\/blog\/2016\/06\/22\/parqet-kombetare-ne-dem-te-komunitetit-shqiptare-video\/\" \/>\n<meta property=\"og:site_name\" content=\"Lajme nga Ulqini\" \/>\n<meta property=\"article:published_time\" content=\"2016-06-22T11:13:50+00:00\" \/>\n<meta name=\"twitter:label1\" content=\"Written by\" \/>\n\t<meta name=\"twitter:data1\" content=\"ulqini\" \/>\n<script type=\"application\/ld+json\" class=\"yoast-schema-graph\">{\"@context\":\"https:\/\/schema.org\",\"@graph\":[{\"@type\":\"WebSite\",\"@id\":\"https:\/\/www.visit-ulcinj.com\/blog\/#website\",\"url\":\"https:\/\/www.visit-ulcinj.com\/blog\/\",\"name\":\"Lajme nga Ulqini\",\"description\":\"Lajme,Vijesti,Ulqini,Ulqin,Crna Gora,Mali i Zi\",\"potentialAction\":[{\"@type\":\"SearchAction\",\"target\":{\"@type\":\"EntryPoint\",\"urlTemplate\":\"https:\/\/www.visit-ulcinj.com\/blog\/?s={search_term_string}\"},\"query-input\":\"required name=search_term_string\"}],\"inLanguage\":\"en-US\"},{\"@type\":\"WebPage\",\"@id\":\"https:\/\/www.visit-ulcinj.com\/blog\/2016\/06\/22\/parqet-kombetare-ne-dem-te-komunitetit-shqiptare-video\/#webpage\",\"url\":\"https:\/\/www.visit-ulcinj.com\/blog\/2016\/06\/22\/parqet-kombetare-ne-dem-te-komunitetit-shqiptare-video\/\",\"name\":\"Parqet Komb\u00ebtare n\u00eb d\u00ebm t\u00eb komunitetit shqiptar\u00eb - Video - Lajme nga Ulqini\",\"isPartOf\":{\"@id\":\"https:\/\/www.visit-ulcinj.com\/blog\/#website\"},\"datePublished\":\"2016-06-22T11:13:50+00:00\",\"dateModified\":\"2016-06-22T11:13:50+00:00\",\"author\":{\"@id\":\"https:\/\/www.visit-ulcinj.com\/blog\/#\/schema\/person\/dcab619c614d3038751c63bc2aadc06d\"},\"description\":\"Parqet Komb\u00ebtare, t\u00eb shpallura n\u00eb disa zona ku jetojn\u00eb shqiptar\u00ebt n\u00eb Mal t\u00eb Zi, sipas p\u00ebrfaq\u00ebsuesve t\u00eb k\u00ebtij komuniteti, pengojn\u00eb zhvillimin ekonomik dhe\",\"breadcrumb\":{\"@id\":\"https:\/\/www.visit-ulcinj.com\/blog\/2016\/06\/22\/parqet-kombetare-ne-dem-te-komunitetit-shqiptare-video\/#breadcrumb\"},\"inLanguage\":\"en-US\",\"potentialAction\":[{\"@type\":\"ReadAction\",\"target\":[\"https:\/\/www.visit-ulcinj.com\/blog\/2016\/06\/22\/parqet-kombetare-ne-dem-te-komunitetit-shqiptare-video\/\"]}]},{\"@type\":\"BreadcrumbList\",\"@id\":\"https:\/\/www.visit-ulcinj.com\/blog\/2016\/06\/22\/parqet-kombetare-ne-dem-te-komunitetit-shqiptare-video\/#breadcrumb\",\"itemListElement\":[{\"@type\":\"ListItem\",\"position\":1,\"name\":\"Parqet Komb\u00ebtare n\u00eb d\u00ebm t\u00eb komunitetit shqiptar\u00eb &#8211; Video\"}]},{\"@type\":\"Person\",\"@id\":\"https:\/\/www.visit-ulcinj.com\/blog\/#\/schema\/person\/dcab619c614d3038751c63bc2aadc06d\",\"name\":\"ulqini\",\"sameAs\":[\"http:\/\/www.visit-ulcinj.com\"],\"url\":\"https:\/\/www.visit-ulcinj.com\/blog\/author\/admin\/\"}]}<\/script>\n<!-- \/ Yoast SEO plugin. -->","yoast_head_json":{"title":"Parqet Komb\u00ebtare n\u00eb d\u00ebm t\u00eb komunitetit shqiptar\u00eb - Video - Lajme nga Ulqini","description":"Parqet Komb\u00ebtare, t\u00eb shpallura n\u00eb disa zona ku jetojn\u00eb shqiptar\u00ebt n\u00eb Mal t\u00eb Zi, sipas p\u00ebrfaq\u00ebsuesve t\u00eb k\u00ebtij komuniteti, pengojn\u00eb zhvillimin ekonomik dhe","robots":{"index":"index","follow":"follow","max-snippet":"max-snippet:-1","max-image-preview":"max-image-preview:large","max-video-preview":"max-video-preview:-1"},"canonical":"https:\/\/www.visit-ulcinj.com\/blog\/2016\/06\/22\/parqet-kombetare-ne-dem-te-komunitetit-shqiptare-video\/","og_locale":"en_US","og_type":"article","og_title":"Parqet Komb\u00ebtare n\u00eb d\u00ebm t\u00eb komunitetit shqiptar\u00eb - Video - Lajme nga Ulqini","og_description":"Parqet Komb\u00ebtare, t\u00eb shpallura n\u00eb disa zona ku jetojn\u00eb shqiptar\u00ebt n\u00eb Mal t\u00eb Zi, sipas p\u00ebrfaq\u00ebsuesve t\u00eb k\u00ebtij komuniteti, pengojn\u00eb zhvillimin ekonomik dhe","og_url":"https:\/\/www.visit-ulcinj.com\/blog\/2016\/06\/22\/parqet-kombetare-ne-dem-te-komunitetit-shqiptare-video\/","og_site_name":"Lajme nga Ulqini","article_published_time":"2016-06-22T11:13:50+00:00","twitter_misc":{"Written by":"ulqini"},"schema":{"@context":"https:\/\/schema.org","@graph":[{"@type":"WebSite","@id":"https:\/\/www.visit-ulcinj.com\/blog\/#website","url":"https:\/\/www.visit-ulcinj.com\/blog\/","name":"Lajme nga Ulqini","description":"Lajme,Vijesti,Ulqini,Ulqin,Crna Gora,Mali i Zi","potentialAction":[{"@type":"SearchAction","target":{"@type":"EntryPoint","urlTemplate":"https:\/\/www.visit-ulcinj.com\/blog\/?s={search_term_string}"},"query-input":"required name=search_term_string"}],"inLanguage":"en-US"},{"@type":"WebPage","@id":"https:\/\/www.visit-ulcinj.com\/blog\/2016\/06\/22\/parqet-kombetare-ne-dem-te-komunitetit-shqiptare-video\/#webpage","url":"https:\/\/www.visit-ulcinj.com\/blog\/2016\/06\/22\/parqet-kombetare-ne-dem-te-komunitetit-shqiptare-video\/","name":"Parqet Komb\u00ebtare n\u00eb d\u00ebm t\u00eb komunitetit shqiptar\u00eb - Video - Lajme nga Ulqini","isPartOf":{"@id":"https:\/\/www.visit-ulcinj.com\/blog\/#website"},"datePublished":"2016-06-22T11:13:50+00:00","dateModified":"2016-06-22T11:13:50+00:00","author":{"@id":"https:\/\/www.visit-ulcinj.com\/blog\/#\/schema\/person\/dcab619c614d3038751c63bc2aadc06d"},"description":"Parqet Komb\u00ebtare, t\u00eb shpallura n\u00eb disa zona ku jetojn\u00eb shqiptar\u00ebt n\u00eb Mal t\u00eb Zi, sipas p\u00ebrfaq\u00ebsuesve t\u00eb k\u00ebtij komuniteti, pengojn\u00eb zhvillimin ekonomik dhe","breadcrumb":{"@id":"https:\/\/www.visit-ulcinj.com\/blog\/2016\/06\/22\/parqet-kombetare-ne-dem-te-komunitetit-shqiptare-video\/#breadcrumb"},"inLanguage":"en-US","potentialAction":[{"@type":"ReadAction","target":["https:\/\/www.visit-ulcinj.com\/blog\/2016\/06\/22\/parqet-kombetare-ne-dem-te-komunitetit-shqiptare-video\/"]}]},{"@type":"BreadcrumbList","@id":"https:\/\/www.visit-ulcinj.com\/blog\/2016\/06\/22\/parqet-kombetare-ne-dem-te-komunitetit-shqiptare-video\/#breadcrumb","itemListElement":[{"@type":"ListItem","position":1,"name":"Parqet Komb\u00ebtare n\u00eb d\u00ebm t\u00eb komunitetit shqiptar\u00eb &#8211; Video"}]},{"@type":"Person","@id":"https:\/\/www.visit-ulcinj.com\/blog\/#\/schema\/person\/dcab619c614d3038751c63bc2aadc06d","name":"ulqini","sameAs":["http:\/\/www.visit-ulcinj.com"],"url":"https:\/\/www.visit-ulcinj.com\/blog\/author\/admin\/"}]}},"jetpack_featured_media_url":"","jetpack_sharing_enabled":true,"jetpack_shortlink":"https:\/\/wp.me\/pe6lTn-pqW","_links":{"self":[{"href":"https:\/\/www.visit-ulcinj.com\/blog\/wp-json\/wp\/v2\/posts\/97770"}],"collection":[{"href":"https:\/\/www.visit-ulcinj.com\/blog\/wp-json\/wp\/v2\/posts"}],"about":[{"href":"https:\/\/www.visit-ulcinj.com\/blog\/wp-json\/wp\/v2\/types\/post"}],"author":[{"embeddable":true,"href":"https:\/\/www.visit-ulcinj.com\/blog\/wp-json\/wp\/v2\/users\/1"}],"replies":[{"embeddable":true,"href":"https:\/\/www.visit-ulcinj.com\/blog\/wp-json\/wp\/v2\/comments?post=97770"}],"version-history":[{"count":1,"href":"https:\/\/www.visit-ulcinj.com\/blog\/wp-json\/wp\/v2\/posts\/97770\/revisions"}],"predecessor-version":[{"id":97772,"href":"https:\/\/www.visit-ulcinj.com\/blog\/wp-json\/wp\/v2\/posts\/97770\/revisions\/97772"}],"wp:attachment":[{"href":"https:\/\/www.visit-ulcinj.com\/blog\/wp-json\/wp\/v2\/media?parent=97770"}],"wp:term":[{"taxonomy":"category","embeddable":true,"href":"https:\/\/www.visit-ulcinj.com\/blog\/wp-json\/wp\/v2\/categories?post=97770"},{"taxonomy":"post_tag","embeddable":true,"href":"https:\/\/www.visit-ulcinj.com\/blog\/wp-json\/wp\/v2\/tags?post=97770"}],"curies":[{"name":"wp","href":"https:\/\/api.w.org\/{rel}","templated":true}]}}