{"id":97780,"date":"2016-06-22T15:18:01","date_gmt":"2016-06-22T14:18:01","guid":{"rendered":"http:\/\/www.visit-ulcinj.com\/blog\/?p=97780"},"modified":"2016-06-22T15:18:01","modified_gmt":"2016-06-22T14:18:01","slug":"na-ulcinjskoj-solani-boravilo-preko-16-hiljada-ptica","status":"publish","type":"post","link":"https:\/\/www.visit-ulcinj.com\/blog\/2016\/06\/22\/na-ulcinjskoj-solani-boravilo-preko-16-hiljada-ptica\/","title":{"rendered":"Na Ulcinjskoj Solani boravilo preko 16 hiljada ptica"},"content":{"rendered":"<p><a href=\"http:\/\/www.visit-ulcinj.com\/blog\/wp-content\/uploads\/2016\/06\/Flamingosi-Foto-NPCG.jpg\"><img loading=\"lazy\" class=\"alignleft wp-image-97781\" src=\"http:\/\/www.visit-ulcinj.com\/blog\/wp-content\/uploads\/2016\/06\/Flamingosi-Foto-NPCG.jpg\" alt=\"Flamingosi-Foto-NPCG\" width=\"508\" height=\"339\" srcset=\"https:\/\/www.visit-ulcinj.com\/blog\/wp-content\/uploads\/2016\/06\/Flamingosi-Foto-NPCG.jpg 900w, https:\/\/www.visit-ulcinj.com\/blog\/wp-content\/uploads\/2016\/06\/Flamingosi-Foto-NPCG-300x200.jpg 300w, https:\/\/www.visit-ulcinj.com\/blog\/wp-content\/uploads\/2016\/06\/Flamingosi-Foto-NPCG-768x512.jpg 768w\" sizes=\"(max-width: 508px) 100vw, 508px\" \/><\/a><strong><span class=\"boxImageCaption\">Foto: NPCG<\/span><\/strong><\/p>\n<p>Ornitolozi Nacionalnih parkova Crne Gore (NPCG) i Prirodnja\u010dki muzej izbrojali su zimus na Solani 16.195 ptica. Kako saop\u0161tavaju iz NPCG to, na ukupnom nivou, predstavlja 2.500 ptica vi\u0161e u odnosu na pro\u0161lu godinu, a pribli\u017eno jednako kao 2014-te.<\/p>\n<p>Raniji rezultati Me\u0111unarodnog cenzusa vodenih ptica (IWC) pokazuju da je na Solani u prosjeku prisutno od 10 do 20 hiljada ptica.<\/p>\n<p>Uskoro \u0107e, kako najavljuju, biti predstavljeni detalji istra\u017eivanja.<\/p>\n<p>\u201cImaju\u0107i u vidu da se na Solani nije vr\u0161io kontinuirani kvalitativni i kvantitativni monitoring populacija ptica od 2006. godine, NPCG su, u saradnji s Prirodnja\u010dkim muzejom Crne Gore, izradili Protokol monitoringa ornitofaune. Program upravljanja NPCG za Ulcinjsku solanu i Protokol predstavljaju dobru osnovu za uspostavljanje svih budu\u0107ih aktivnosti na za\u0161titi pti\u010djeg svijeta, pogotovo ako se ima u vidu da ne postoji mogu\u0107nost upore\u0111ivanja stanja brojnosti ptica iz ranijih godina, osim \u0161to su se, nerijetko, u javnosti mogle \u010duti proizvoljne senzacionalisti\u010dke informacije u vezi s tim\u201d, ka\u017eu u Parkovima.<\/p>\n<p>Jednogodi\u0161njim Programom upravljanja NPCG za Ulcinjsku solanu i Protokolom definisane razli\u010dite su aktivnosti.<\/p>\n<p>\u201eUklju\u010duju, izme\u0111u ostalog, utvr\u0111ivanje mjese\u010dne brojnosti ptica na Ulcinjskoj solani, \u010dime je uo\u010deno da brojnost ptica ne odstupa od podataka do 2004. godine, s obzirom da podaci nakon ove godine ne postoje ili nijesu dostupni, te se ne mo\u017ee izraditi validna komparacija; Mjese\u010dni monitoring kudravog (dalmatinskog) pelikana \u2013 Pelecanus crispus. Ovim monitoringom nije registrovan zna\u010dajan broj te vrste na Solani, a \u0161to korenspodira s njihovom zna\u010dajnom brojno\u0161\u0107u u NP Skadarsko jezero, kako u mjese\u010dnom cenzusu, tako i u vrijeme gnije\u017e\u0111enja: Mjese\u010dni monitoring flamingosa (Phoenicopterus ruber) tokom kojeg je utvr\u0111ena maksimalna brojnost od 580 jedinki na nivou pojedinih mjeseci, dok je u januaru bilo prisutno 1.104 jedinki. U okviru Pra\u0107enja prolje\u0107ne migracije, u toku jednog dana zabilje\u017eeno je i do 16.000 migratornih vrsta ptica na preletu\u201d, poja\u0161njavaju iz NPCG.<\/p>\n<p>Protokolom je, tako\u0111e, predvi\u0111en IWC monitoring &#8211; Utvr\u0111ivanje zimskog cenzusa ptica, Monitoring kolonijalnih vrsta ptica (gnjezdarica), kao i Uspje\u0161nost gnije\u017e\u0111enja i utvr\u0111ivanje eventualnog stepena njihove ugro\u017eenosti.<\/p>\n<p>Izvor: RTCG<\/p>\n","protected":false},"excerpt":{"rendered":"<p>Foto: NPCG Ornitolozi Nacionalnih parkova Crne Gore (NPCG) i Prirodnja\u010dki muzej izbrojali su zimus na Solani 16.195 ptica. Kako saop\u0161tavaju iz NPCG to, na ukupnom nivou, predstavlja 2.500 ptica vi\u0161e u odnosu na pro\u0161lu godinu, a pribli\u017eno jednako kao 2014-te. Raniji rezultati Me\u0111unarodnog cenzusa vodenih ptica (IWC) pokazuju da je na Solani u prosjeku prisutno [&hellip;]<\/p>\n","protected":false},"author":1,"featured_media":0,"comment_status":"closed","ping_status":"closed","sticky":false,"template":"","format":"standard","meta":{"spay_email":"","jetpack_publicize_message":"","jetpack_is_tweetstorm":false,"jetpack_publicize_feature_enabled":true},"categories":[8337],"tags":[],"jetpack_publicize_connections":[],"yoast_head":"<!-- This site is optimized with the Yoast SEO plugin v19.1 - https:\/\/yoast.com\/wordpress\/plugins\/seo\/ -->\n<title>Na Ulcinjskoj Solani boravilo preko 16 hiljada ptica - Lajme nga Ulqini<\/title>\n<meta name=\"description\" content=\"Foto: NPCG Ornitolozi Nacionalnih parkova Crne Gore (NPCG) i Prirodnja\u010dki muzej izbrojali su zimus na Solani 16.195 ptica. Kako saop\u0161tavaju iz NPCG to, na\" \/>\n<meta name=\"robots\" content=\"index, follow, max-snippet:-1, max-image-preview:large, max-video-preview:-1\" \/>\n<link rel=\"canonical\" href=\"https:\/\/www.visit-ulcinj.com\/blog\/2016\/06\/22\/na-ulcinjskoj-solani-boravilo-preko-16-hiljada-ptica\/\" \/>\n<meta property=\"og:locale\" content=\"en_US\" \/>\n<meta property=\"og:type\" content=\"article\" \/>\n<meta property=\"og:title\" content=\"Na Ulcinjskoj Solani boravilo preko 16 hiljada ptica - Lajme nga Ulqini\" \/>\n<meta property=\"og:description\" content=\"Foto: NPCG Ornitolozi Nacionalnih parkova Crne Gore (NPCG) i Prirodnja\u010dki muzej izbrojali su zimus na Solani 16.195 ptica. Kako saop\u0161tavaju iz NPCG to, na\" \/>\n<meta property=\"og:url\" content=\"https:\/\/www.visit-ulcinj.com\/blog\/2016\/06\/22\/na-ulcinjskoj-solani-boravilo-preko-16-hiljada-ptica\/\" \/>\n<meta property=\"og:site_name\" content=\"Lajme nga Ulqini\" \/>\n<meta property=\"article:published_time\" content=\"2016-06-22T14:18:01+00:00\" \/>\n<meta property=\"og:image\" content=\"http:\/\/www.visit-ulcinj.com\/blog\/wp-content\/uploads\/2016\/06\/Flamingosi-Foto-NPCG.jpg\" \/>\n<meta name=\"twitter:label1\" content=\"Written by\" \/>\n\t<meta name=\"twitter:data1\" content=\"ulqini\" \/>\n\t<meta name=\"twitter:label2\" content=\"Est. reading time\" \/>\n\t<meta name=\"twitter:data2\" content=\"2 minutes\" \/>\n<script type=\"application\/ld+json\" class=\"yoast-schema-graph\">{\"@context\":\"https:\/\/schema.org\",\"@graph\":[{\"@type\":\"WebSite\",\"@id\":\"https:\/\/www.visit-ulcinj.com\/blog\/#website\",\"url\":\"https:\/\/www.visit-ulcinj.com\/blog\/\",\"name\":\"Lajme nga Ulqini\",\"description\":\"Lajme,Vijesti,Ulqini,Ulqin,Crna Gora,Mali i Zi\",\"potentialAction\":[{\"@type\":\"SearchAction\",\"target\":{\"@type\":\"EntryPoint\",\"urlTemplate\":\"https:\/\/www.visit-ulcinj.com\/blog\/?s={search_term_string}\"},\"query-input\":\"required name=search_term_string\"}],\"inLanguage\":\"en-US\"},{\"@type\":\"ImageObject\",\"inLanguage\":\"en-US\",\"@id\":\"https:\/\/www.visit-ulcinj.com\/blog\/2016\/06\/22\/na-ulcinjskoj-solani-boravilo-preko-16-hiljada-ptica\/#primaryimage\",\"url\":\"https:\/\/www.visit-ulcinj.com\/blog\/wp-content\/uploads\/2016\/06\/Flamingosi-Foto-NPCG.jpg\",\"contentUrl\":\"https:\/\/www.visit-ulcinj.com\/blog\/wp-content\/uploads\/2016\/06\/Flamingosi-Foto-NPCG.jpg\",\"width\":900,\"height\":600},{\"@type\":\"WebPage\",\"@id\":\"https:\/\/www.visit-ulcinj.com\/blog\/2016\/06\/22\/na-ulcinjskoj-solani-boravilo-preko-16-hiljada-ptica\/#webpage\",\"url\":\"https:\/\/www.visit-ulcinj.com\/blog\/2016\/06\/22\/na-ulcinjskoj-solani-boravilo-preko-16-hiljada-ptica\/\",\"name\":\"Na Ulcinjskoj Solani boravilo preko 16 hiljada ptica - Lajme nga Ulqini\",\"isPartOf\":{\"@id\":\"https:\/\/www.visit-ulcinj.com\/blog\/#website\"},\"primaryImageOfPage\":{\"@id\":\"https:\/\/www.visit-ulcinj.com\/blog\/2016\/06\/22\/na-ulcinjskoj-solani-boravilo-preko-16-hiljada-ptica\/#primaryimage\"},\"datePublished\":\"2016-06-22T14:18:01+00:00\",\"dateModified\":\"2016-06-22T14:18:01+00:00\",\"author\":{\"@id\":\"https:\/\/www.visit-ulcinj.com\/blog\/#\/schema\/person\/dcab619c614d3038751c63bc2aadc06d\"},\"description\":\"Foto: NPCG Ornitolozi Nacionalnih parkova Crne Gore (NPCG) i Prirodnja\u010dki muzej izbrojali su zimus na Solani 16.195 ptica. Kako saop\u0161tavaju iz NPCG to, na\",\"breadcrumb\":{\"@id\":\"https:\/\/www.visit-ulcinj.com\/blog\/2016\/06\/22\/na-ulcinjskoj-solani-boravilo-preko-16-hiljada-ptica\/#breadcrumb\"},\"inLanguage\":\"en-US\",\"potentialAction\":[{\"@type\":\"ReadAction\",\"target\":[\"https:\/\/www.visit-ulcinj.com\/blog\/2016\/06\/22\/na-ulcinjskoj-solani-boravilo-preko-16-hiljada-ptica\/\"]}]},{\"@type\":\"BreadcrumbList\",\"@id\":\"https:\/\/www.visit-ulcinj.com\/blog\/2016\/06\/22\/na-ulcinjskoj-solani-boravilo-preko-16-hiljada-ptica\/#breadcrumb\",\"itemListElement\":[{\"@type\":\"ListItem\",\"position\":1,\"name\":\"Na Ulcinjskoj Solani boravilo preko 16 hiljada ptica\"}]},{\"@type\":\"Person\",\"@id\":\"https:\/\/www.visit-ulcinj.com\/blog\/#\/schema\/person\/dcab619c614d3038751c63bc2aadc06d\",\"name\":\"ulqini\",\"sameAs\":[\"http:\/\/www.visit-ulcinj.com\"],\"url\":\"https:\/\/www.visit-ulcinj.com\/blog\/author\/admin\/\"}]}<\/script>\n<!-- \/ Yoast SEO plugin. -->","yoast_head_json":{"title":"Na Ulcinjskoj Solani boravilo preko 16 hiljada ptica - Lajme nga Ulqini","description":"Foto: NPCG Ornitolozi Nacionalnih parkova Crne Gore (NPCG) i Prirodnja\u010dki muzej izbrojali su zimus na Solani 16.195 ptica. Kako saop\u0161tavaju iz NPCG to, na","robots":{"index":"index","follow":"follow","max-snippet":"max-snippet:-1","max-image-preview":"max-image-preview:large","max-video-preview":"max-video-preview:-1"},"canonical":"https:\/\/www.visit-ulcinj.com\/blog\/2016\/06\/22\/na-ulcinjskoj-solani-boravilo-preko-16-hiljada-ptica\/","og_locale":"en_US","og_type":"article","og_title":"Na Ulcinjskoj Solani boravilo preko 16 hiljada ptica - Lajme nga Ulqini","og_description":"Foto: NPCG Ornitolozi Nacionalnih parkova Crne Gore (NPCG) i Prirodnja\u010dki muzej izbrojali su zimus na Solani 16.195 ptica. Kako saop\u0161tavaju iz NPCG to, na","og_url":"https:\/\/www.visit-ulcinj.com\/blog\/2016\/06\/22\/na-ulcinjskoj-solani-boravilo-preko-16-hiljada-ptica\/","og_site_name":"Lajme nga Ulqini","article_published_time":"2016-06-22T14:18:01+00:00","og_image":[{"url":"http:\/\/www.visit-ulcinj.com\/blog\/wp-content\/uploads\/2016\/06\/Flamingosi-Foto-NPCG.jpg"}],"twitter_misc":{"Written by":"ulqini","Est. reading time":"2 minutes"},"schema":{"@context":"https:\/\/schema.org","@graph":[{"@type":"WebSite","@id":"https:\/\/www.visit-ulcinj.com\/blog\/#website","url":"https:\/\/www.visit-ulcinj.com\/blog\/","name":"Lajme nga Ulqini","description":"Lajme,Vijesti,Ulqini,Ulqin,Crna Gora,Mali i Zi","potentialAction":[{"@type":"SearchAction","target":{"@type":"EntryPoint","urlTemplate":"https:\/\/www.visit-ulcinj.com\/blog\/?s={search_term_string}"},"query-input":"required name=search_term_string"}],"inLanguage":"en-US"},{"@type":"ImageObject","inLanguage":"en-US","@id":"https:\/\/www.visit-ulcinj.com\/blog\/2016\/06\/22\/na-ulcinjskoj-solani-boravilo-preko-16-hiljada-ptica\/#primaryimage","url":"https:\/\/www.visit-ulcinj.com\/blog\/wp-content\/uploads\/2016\/06\/Flamingosi-Foto-NPCG.jpg","contentUrl":"https:\/\/www.visit-ulcinj.com\/blog\/wp-content\/uploads\/2016\/06\/Flamingosi-Foto-NPCG.jpg","width":900,"height":600},{"@type":"WebPage","@id":"https:\/\/www.visit-ulcinj.com\/blog\/2016\/06\/22\/na-ulcinjskoj-solani-boravilo-preko-16-hiljada-ptica\/#webpage","url":"https:\/\/www.visit-ulcinj.com\/blog\/2016\/06\/22\/na-ulcinjskoj-solani-boravilo-preko-16-hiljada-ptica\/","name":"Na Ulcinjskoj Solani boravilo preko 16 hiljada ptica - Lajme nga Ulqini","isPartOf":{"@id":"https:\/\/www.visit-ulcinj.com\/blog\/#website"},"primaryImageOfPage":{"@id":"https:\/\/www.visit-ulcinj.com\/blog\/2016\/06\/22\/na-ulcinjskoj-solani-boravilo-preko-16-hiljada-ptica\/#primaryimage"},"datePublished":"2016-06-22T14:18:01+00:00","dateModified":"2016-06-22T14:18:01+00:00","author":{"@id":"https:\/\/www.visit-ulcinj.com\/blog\/#\/schema\/person\/dcab619c614d3038751c63bc2aadc06d"},"description":"Foto: NPCG Ornitolozi Nacionalnih parkova Crne Gore (NPCG) i Prirodnja\u010dki muzej izbrojali su zimus na Solani 16.195 ptica. Kako saop\u0161tavaju iz NPCG to, na","breadcrumb":{"@id":"https:\/\/www.visit-ulcinj.com\/blog\/2016\/06\/22\/na-ulcinjskoj-solani-boravilo-preko-16-hiljada-ptica\/#breadcrumb"},"inLanguage":"en-US","potentialAction":[{"@type":"ReadAction","target":["https:\/\/www.visit-ulcinj.com\/blog\/2016\/06\/22\/na-ulcinjskoj-solani-boravilo-preko-16-hiljada-ptica\/"]}]},{"@type":"BreadcrumbList","@id":"https:\/\/www.visit-ulcinj.com\/blog\/2016\/06\/22\/na-ulcinjskoj-solani-boravilo-preko-16-hiljada-ptica\/#breadcrumb","itemListElement":[{"@type":"ListItem","position":1,"name":"Na Ulcinjskoj Solani boravilo preko 16 hiljada ptica"}]},{"@type":"Person","@id":"https:\/\/www.visit-ulcinj.com\/blog\/#\/schema\/person\/dcab619c614d3038751c63bc2aadc06d","name":"ulqini","sameAs":["http:\/\/www.visit-ulcinj.com"],"url":"https:\/\/www.visit-ulcinj.com\/blog\/author\/admin\/"}]}},"jetpack_featured_media_url":"","jetpack_sharing_enabled":true,"jetpack_shortlink":"https:\/\/wp.me\/pe6lTn-pr6","_links":{"self":[{"href":"https:\/\/www.visit-ulcinj.com\/blog\/wp-json\/wp\/v2\/posts\/97780"}],"collection":[{"href":"https:\/\/www.visit-ulcinj.com\/blog\/wp-json\/wp\/v2\/posts"}],"about":[{"href":"https:\/\/www.visit-ulcinj.com\/blog\/wp-json\/wp\/v2\/types\/post"}],"author":[{"embeddable":true,"href":"https:\/\/www.visit-ulcinj.com\/blog\/wp-json\/wp\/v2\/users\/1"}],"replies":[{"embeddable":true,"href":"https:\/\/www.visit-ulcinj.com\/blog\/wp-json\/wp\/v2\/comments?post=97780"}],"version-history":[{"count":1,"href":"https:\/\/www.visit-ulcinj.com\/blog\/wp-json\/wp\/v2\/posts\/97780\/revisions"}],"predecessor-version":[{"id":97782,"href":"https:\/\/www.visit-ulcinj.com\/blog\/wp-json\/wp\/v2\/posts\/97780\/revisions\/97782"}],"wp:attachment":[{"href":"https:\/\/www.visit-ulcinj.com\/blog\/wp-json\/wp\/v2\/media?parent=97780"}],"wp:term":[{"taxonomy":"category","embeddable":true,"href":"https:\/\/www.visit-ulcinj.com\/blog\/wp-json\/wp\/v2\/categories?post=97780"},{"taxonomy":"post_tag","embeddable":true,"href":"https:\/\/www.visit-ulcinj.com\/blog\/wp-json\/wp\/v2\/tags?post=97780"}],"curies":[{"name":"wp","href":"https:\/\/api.w.org\/{rel}","templated":true}]}}