{"id":97786,"date":"2016-06-22T15:33:40","date_gmt":"2016-06-22T14:33:40","guid":{"rendered":"http:\/\/www.visit-ulcinj.com\/blog\/?p=97786"},"modified":"2016-06-22T15:33:40","modified_gmt":"2016-06-22T14:33:40","slug":"shamku-fjalor-apo-mision-etnik","status":"publish","type":"post","link":"https:\/\/www.visit-ulcinj.com\/blog\/2016\/06\/22\/shamku-fjalor-apo-mision-etnik\/","title":{"rendered":"Shamku: Fjalor apo Mision etnik?!"},"content":{"rendered":"<p><strong><a href=\"http:\/\/www.visit-ulcinj.com\/blog\/wp-content\/uploads\/2016\/06\/Ledi-Shamku.jpg\"><img loading=\"lazy\" class=\"alignleft wp-image-97787\" src=\"http:\/\/www.visit-ulcinj.com\/blog\/wp-content\/uploads\/2016\/06\/Ledi-Shamku.jpg\" alt=\"Ledi Shamku\" width=\"508\" height=\"445\" \/><\/a>Nga Ledi Shamku<\/strong><\/p>\n<p>Nes\u00ebr Kuvendi i Shqip\u00ebris\u00eb ratifikon Protokollin e Marr\u00ebveshjes p\u00ebr An\u00ebtar\u00ebsimin e Malit t\u00eb Zi n\u00eb Nato. Sigurisht duam m\u00eb tep\u00ebr vlera e bashk\u00ebrendim energjish n\u00eb Rajon!<br \/>\nPor po sot, Kryetarja e Grupit t\u00eb Pun\u00ebs p\u00ebr hartimin e Fjalorit Fyes p\u00ebr Shqiptar\u00ebt, ai grup \u201cpune\u201d (mision etnik ndoshta me \u00e7\u2019po duket) q\u00eb i quan shqiptar\u00ebt e Malit t\u00eb Zi ardhacak\u00eb n\u00eb viset e veta, zonja Be\u00e7anoviq, l\u00ebshon nj\u00eb deklarat\u00eb me nj\u00eb gjuh\u00eb q\u00eb m\u00eb kujton klithmat e \u00e7etnik\u00ebve t\u00eb koh\u00ebs s\u00eb Milloshevi\u00e7it. K\u00ebrkes\u00ebs s\u00eb shqiptar\u00ebve p\u00ebr ta t\u00ebrhequr dhe rishikuar at\u00eb pjes\u00eb fyese t\u00eb Fjalorit, Be\u00e7anoviq i p\u00ebrgjigjet k\u00ebshtu: \u201cM\u00eb mir\u00eb t\u00eb m\u00eb djegin t\u00eb gjall\u00eb n\u00eb qend\u00ebr t\u00eb qytetit sesa ta t\u00ebrheq k\u00ebt\u00eb fjalor\u201d. (M\u00eb posht\u00eb do gjeni linkun me deklarat\u00ebn e saj)<br \/>\nM\u00eb mir\u00eb ta djegin t\u00eb gjall\u00eb se t\u00eb normalizoj\u00eb Fjalorin?! M\u00eb mir\u00eb ta djegin t\u00eb gjall\u00eb sesa t\u00eb mos fyej\u00eb Shqiptar\u00ebt?! Pranon t\u00eb digjet e gjall\u00eb, mjaft q\u00eb t\u00eb falsifikoj\u00eb historin\u00eb e Shqiptar\u00ebve?! \u201cMartire\u201d e kujt po don t\u00eb ofrohet kjo \u201cshkenc\u00ebtare\u201d?! E shkomb\u00ebtarizimit t\u00eb Shqiptar\u00ebve?! Ky a \u00ebsht\u00eb Fjalor Enciklopedik apo Mision Etnik?!<\/p>\n<p>Akademia paguhet nga qeveria malazeze!!!! Dhe qeveria malazeze as nuk flet e as nuk reagon! Qeveris\u00eb Malazeze po i shtrijm\u00eb dor\u00ebn e paqes p\u00ebr n\u00eb Nato. Tash nj\u00eb pytje kam: me k\u00ebt\u00eb klim\u00eb acari etnik q\u00eb po mbjell kjo qeveri me heshtjen e saj, a mund t\u00eb m\u00eb shpjegojn\u00eb eskpert\u00ebt e Natos, me cilat ndjesi do rreshtohen sup m\u00eb sup nj\u00eb shqiptar Ulqini me nj\u00eb malazez, n\u00eb nj\u00eb front t\u00eb p\u00ebrbashk\u00ebt n\u00eb mbrojtje t\u00eb t\u00eb Drejtave t\u00eb gjindjes?<\/p>\n<p>Zonj\u00eb, se shkenc\u00ebtare nuk ju quaj dot, shkenc\u00ebtari nuk flet kurr\u00eb me gjuh\u00eb zjarresh, zonj\u00eb pra: T\u00cbRHIQENI SA M\u00cb PAR\u00cb AT\u00cb FJALOR E MOS I FRYNI ZJARREVE ATAVIKE ETNIKE E \u00c7ETNIKE, Q\u00cb NDOSHTA VLOJN\u00cb N\u00cb MENDJET TUAJA E JO TONAT. Ju p\u00ebrsh\u00ebndes zonj\u00eb me nj\u00eb proverb shqiptar: UTHULLA E FORT\u00cb THYEN EN\u00cbN E VET!!!<\/p>\n","protected":false},"excerpt":{"rendered":"<p>Nga Ledi Shamku Nes\u00ebr Kuvendi i Shqip\u00ebris\u00eb ratifikon Protokollin e Marr\u00ebveshjes p\u00ebr An\u00ebtar\u00ebsimin e Malit t\u00eb Zi n\u00eb Nato. Sigurisht duam m\u00eb tep\u00ebr vlera e bashk\u00ebrendim energjish n\u00eb Rajon! Por po sot, Kryetarja e Grupit t\u00eb Pun\u00ebs p\u00ebr hartimin e Fjalorit Fyes p\u00ebr Shqiptar\u00ebt, ai grup \u201cpune\u201d (mision etnik ndoshta me \u00e7\u2019po duket) q\u00eb i [&hellip;]<\/p>\n","protected":false},"author":1,"featured_media":0,"comment_status":"closed","ping_status":"closed","sticky":false,"template":"","format":"standard","meta":{"spay_email":"","jetpack_publicize_message":"","jetpack_is_tweetstorm":false,"jetpack_publicize_feature_enabled":true},"categories":[14],"tags":[],"jetpack_publicize_connections":[],"yoast_head":"<!-- This site is optimized with the Yoast SEO plugin v19.1 - https:\/\/yoast.com\/wordpress\/plugins\/seo\/ -->\n<title>Shamku: Fjalor apo Mision etnik?! - Lajme nga Ulqini<\/title>\n<meta name=\"description\" content=\"Nga Ledi Shamku Nes\u00ebr Kuvendi i Shqip\u00ebris\u00eb ratifikon Protokollin e Marr\u00ebveshjes p\u00ebr An\u00ebtar\u00ebsimin e Malit t\u00eb Zi n\u00eb Nato. Sigurisht duam m\u00eb tep\u00ebr vlera e\" \/>\n<meta name=\"robots\" content=\"index, follow, max-snippet:-1, max-image-preview:large, max-video-preview:-1\" \/>\n<link rel=\"canonical\" href=\"https:\/\/www.visit-ulcinj.com\/blog\/2016\/06\/22\/shamku-fjalor-apo-mision-etnik\/\" \/>\n<meta property=\"og:locale\" content=\"en_US\" \/>\n<meta property=\"og:type\" content=\"article\" \/>\n<meta property=\"og:title\" content=\"Shamku: Fjalor apo Mision etnik?! - Lajme nga Ulqini\" \/>\n<meta property=\"og:description\" content=\"Nga Ledi Shamku Nes\u00ebr Kuvendi i Shqip\u00ebris\u00eb ratifikon Protokollin e Marr\u00ebveshjes p\u00ebr An\u00ebtar\u00ebsimin e Malit t\u00eb Zi n\u00eb Nato. Sigurisht duam m\u00eb tep\u00ebr vlera e\" \/>\n<meta property=\"og:url\" content=\"https:\/\/www.visit-ulcinj.com\/blog\/2016\/06\/22\/shamku-fjalor-apo-mision-etnik\/\" \/>\n<meta property=\"og:site_name\" content=\"Lajme nga Ulqini\" \/>\n<meta property=\"article:published_time\" content=\"2016-06-22T14:33:40+00:00\" \/>\n<meta property=\"og:image\" content=\"http:\/\/www.visit-ulcinj.com\/blog\/wp-content\/uploads\/2016\/06\/Ledi-Shamku.jpg\" \/>\n<meta name=\"twitter:label1\" content=\"Written by\" \/>\n\t<meta name=\"twitter:data1\" content=\"ulqini\" \/>\n\t<meta name=\"twitter:label2\" content=\"Est. reading time\" \/>\n\t<meta name=\"twitter:data2\" content=\"2 minutes\" \/>\n<script type=\"application\/ld+json\" class=\"yoast-schema-graph\">{\"@context\":\"https:\/\/schema.org\",\"@graph\":[{\"@type\":\"WebSite\",\"@id\":\"https:\/\/www.visit-ulcinj.com\/blog\/#website\",\"url\":\"https:\/\/www.visit-ulcinj.com\/blog\/\",\"name\":\"Lajme nga Ulqini\",\"description\":\"Lajme,Vijesti,Ulqini,Ulqin,Crna Gora,Mali i Zi\",\"potentialAction\":[{\"@type\":\"SearchAction\",\"target\":{\"@type\":\"EntryPoint\",\"urlTemplate\":\"https:\/\/www.visit-ulcinj.com\/blog\/?s={search_term_string}\"},\"query-input\":\"required name=search_term_string\"}],\"inLanguage\":\"en-US\"},{\"@type\":\"ImageObject\",\"inLanguage\":\"en-US\",\"@id\":\"https:\/\/www.visit-ulcinj.com\/blog\/2016\/06\/22\/shamku-fjalor-apo-mision-etnik\/#primaryimage\",\"url\":\"http:\/\/www.visit-ulcinj.com\/blog\/wp-content\/uploads\/2016\/06\/Ledi-Shamku.jpg\",\"contentUrl\":\"http:\/\/www.visit-ulcinj.com\/blog\/wp-content\/uploads\/2016\/06\/Ledi-Shamku.jpg\"},{\"@type\":\"WebPage\",\"@id\":\"https:\/\/www.visit-ulcinj.com\/blog\/2016\/06\/22\/shamku-fjalor-apo-mision-etnik\/#webpage\",\"url\":\"https:\/\/www.visit-ulcinj.com\/blog\/2016\/06\/22\/shamku-fjalor-apo-mision-etnik\/\",\"name\":\"Shamku: Fjalor apo Mision etnik?! - Lajme nga Ulqini\",\"isPartOf\":{\"@id\":\"https:\/\/www.visit-ulcinj.com\/blog\/#website\"},\"primaryImageOfPage\":{\"@id\":\"https:\/\/www.visit-ulcinj.com\/blog\/2016\/06\/22\/shamku-fjalor-apo-mision-etnik\/#primaryimage\"},\"datePublished\":\"2016-06-22T14:33:40+00:00\",\"dateModified\":\"2016-06-22T14:33:40+00:00\",\"author\":{\"@id\":\"https:\/\/www.visit-ulcinj.com\/blog\/#\/schema\/person\/dcab619c614d3038751c63bc2aadc06d\"},\"description\":\"Nga Ledi Shamku Nes\u00ebr Kuvendi i Shqip\u00ebris\u00eb ratifikon Protokollin e Marr\u00ebveshjes p\u00ebr An\u00ebtar\u00ebsimin e Malit t\u00eb Zi n\u00eb Nato. Sigurisht duam m\u00eb tep\u00ebr vlera e\",\"breadcrumb\":{\"@id\":\"https:\/\/www.visit-ulcinj.com\/blog\/2016\/06\/22\/shamku-fjalor-apo-mision-etnik\/#breadcrumb\"},\"inLanguage\":\"en-US\",\"potentialAction\":[{\"@type\":\"ReadAction\",\"target\":[\"https:\/\/www.visit-ulcinj.com\/blog\/2016\/06\/22\/shamku-fjalor-apo-mision-etnik\/\"]}]},{\"@type\":\"BreadcrumbList\",\"@id\":\"https:\/\/www.visit-ulcinj.com\/blog\/2016\/06\/22\/shamku-fjalor-apo-mision-etnik\/#breadcrumb\",\"itemListElement\":[{\"@type\":\"ListItem\",\"position\":1,\"name\":\"Shamku: Fjalor apo Mision etnik?!\"}]},{\"@type\":\"Person\",\"@id\":\"https:\/\/www.visit-ulcinj.com\/blog\/#\/schema\/person\/dcab619c614d3038751c63bc2aadc06d\",\"name\":\"ulqini\",\"sameAs\":[\"http:\/\/www.visit-ulcinj.com\"],\"url\":\"https:\/\/www.visit-ulcinj.com\/blog\/author\/admin\/\"}]}<\/script>\n<!-- \/ Yoast SEO plugin. -->","yoast_head_json":{"title":"Shamku: Fjalor apo Mision etnik?! - Lajme nga Ulqini","description":"Nga Ledi Shamku Nes\u00ebr Kuvendi i Shqip\u00ebris\u00eb ratifikon Protokollin e Marr\u00ebveshjes p\u00ebr An\u00ebtar\u00ebsimin e Malit t\u00eb Zi n\u00eb Nato. Sigurisht duam m\u00eb tep\u00ebr vlera e","robots":{"index":"index","follow":"follow","max-snippet":"max-snippet:-1","max-image-preview":"max-image-preview:large","max-video-preview":"max-video-preview:-1"},"canonical":"https:\/\/www.visit-ulcinj.com\/blog\/2016\/06\/22\/shamku-fjalor-apo-mision-etnik\/","og_locale":"en_US","og_type":"article","og_title":"Shamku: Fjalor apo Mision etnik?! - Lajme nga Ulqini","og_description":"Nga Ledi Shamku Nes\u00ebr Kuvendi i Shqip\u00ebris\u00eb ratifikon Protokollin e Marr\u00ebveshjes p\u00ebr An\u00ebtar\u00ebsimin e Malit t\u00eb Zi n\u00eb Nato. Sigurisht duam m\u00eb tep\u00ebr vlera e","og_url":"https:\/\/www.visit-ulcinj.com\/blog\/2016\/06\/22\/shamku-fjalor-apo-mision-etnik\/","og_site_name":"Lajme nga Ulqini","article_published_time":"2016-06-22T14:33:40+00:00","og_image":[{"url":"http:\/\/www.visit-ulcinj.com\/blog\/wp-content\/uploads\/2016\/06\/Ledi-Shamku.jpg"}],"twitter_misc":{"Written by":"ulqini","Est. reading time":"2 minutes"},"schema":{"@context":"https:\/\/schema.org","@graph":[{"@type":"WebSite","@id":"https:\/\/www.visit-ulcinj.com\/blog\/#website","url":"https:\/\/www.visit-ulcinj.com\/blog\/","name":"Lajme nga Ulqini","description":"Lajme,Vijesti,Ulqini,Ulqin,Crna Gora,Mali i Zi","potentialAction":[{"@type":"SearchAction","target":{"@type":"EntryPoint","urlTemplate":"https:\/\/www.visit-ulcinj.com\/blog\/?s={search_term_string}"},"query-input":"required name=search_term_string"}],"inLanguage":"en-US"},{"@type":"ImageObject","inLanguage":"en-US","@id":"https:\/\/www.visit-ulcinj.com\/blog\/2016\/06\/22\/shamku-fjalor-apo-mision-etnik\/#primaryimage","url":"http:\/\/www.visit-ulcinj.com\/blog\/wp-content\/uploads\/2016\/06\/Ledi-Shamku.jpg","contentUrl":"http:\/\/www.visit-ulcinj.com\/blog\/wp-content\/uploads\/2016\/06\/Ledi-Shamku.jpg"},{"@type":"WebPage","@id":"https:\/\/www.visit-ulcinj.com\/blog\/2016\/06\/22\/shamku-fjalor-apo-mision-etnik\/#webpage","url":"https:\/\/www.visit-ulcinj.com\/blog\/2016\/06\/22\/shamku-fjalor-apo-mision-etnik\/","name":"Shamku: Fjalor apo Mision etnik?! - Lajme nga Ulqini","isPartOf":{"@id":"https:\/\/www.visit-ulcinj.com\/blog\/#website"},"primaryImageOfPage":{"@id":"https:\/\/www.visit-ulcinj.com\/blog\/2016\/06\/22\/shamku-fjalor-apo-mision-etnik\/#primaryimage"},"datePublished":"2016-06-22T14:33:40+00:00","dateModified":"2016-06-22T14:33:40+00:00","author":{"@id":"https:\/\/www.visit-ulcinj.com\/blog\/#\/schema\/person\/dcab619c614d3038751c63bc2aadc06d"},"description":"Nga Ledi Shamku Nes\u00ebr Kuvendi i Shqip\u00ebris\u00eb ratifikon Protokollin e Marr\u00ebveshjes p\u00ebr An\u00ebtar\u00ebsimin e Malit t\u00eb Zi n\u00eb Nato. Sigurisht duam m\u00eb tep\u00ebr vlera e","breadcrumb":{"@id":"https:\/\/www.visit-ulcinj.com\/blog\/2016\/06\/22\/shamku-fjalor-apo-mision-etnik\/#breadcrumb"},"inLanguage":"en-US","potentialAction":[{"@type":"ReadAction","target":["https:\/\/www.visit-ulcinj.com\/blog\/2016\/06\/22\/shamku-fjalor-apo-mision-etnik\/"]}]},{"@type":"BreadcrumbList","@id":"https:\/\/www.visit-ulcinj.com\/blog\/2016\/06\/22\/shamku-fjalor-apo-mision-etnik\/#breadcrumb","itemListElement":[{"@type":"ListItem","position":1,"name":"Shamku: Fjalor apo Mision etnik?!"}]},{"@type":"Person","@id":"https:\/\/www.visit-ulcinj.com\/blog\/#\/schema\/person\/dcab619c614d3038751c63bc2aadc06d","name":"ulqini","sameAs":["http:\/\/www.visit-ulcinj.com"],"url":"https:\/\/www.visit-ulcinj.com\/blog\/author\/admin\/"}]}},"jetpack_featured_media_url":"","jetpack_sharing_enabled":true,"jetpack_shortlink":"https:\/\/wp.me\/pe6lTn-prc","_links":{"self":[{"href":"https:\/\/www.visit-ulcinj.com\/blog\/wp-json\/wp\/v2\/posts\/97786"}],"collection":[{"href":"https:\/\/www.visit-ulcinj.com\/blog\/wp-json\/wp\/v2\/posts"}],"about":[{"href":"https:\/\/www.visit-ulcinj.com\/blog\/wp-json\/wp\/v2\/types\/post"}],"author":[{"embeddable":true,"href":"https:\/\/www.visit-ulcinj.com\/blog\/wp-json\/wp\/v2\/users\/1"}],"replies":[{"embeddable":true,"href":"https:\/\/www.visit-ulcinj.com\/blog\/wp-json\/wp\/v2\/comments?post=97786"}],"version-history":[{"count":1,"href":"https:\/\/www.visit-ulcinj.com\/blog\/wp-json\/wp\/v2\/posts\/97786\/revisions"}],"predecessor-version":[{"id":97788,"href":"https:\/\/www.visit-ulcinj.com\/blog\/wp-json\/wp\/v2\/posts\/97786\/revisions\/97788"}],"wp:attachment":[{"href":"https:\/\/www.visit-ulcinj.com\/blog\/wp-json\/wp\/v2\/media?parent=97786"}],"wp:term":[{"taxonomy":"category","embeddable":true,"href":"https:\/\/www.visit-ulcinj.com\/blog\/wp-json\/wp\/v2\/categories?post=97786"},{"taxonomy":"post_tag","embeddable":true,"href":"https:\/\/www.visit-ulcinj.com\/blog\/wp-json\/wp\/v2\/tags?post=97786"}],"curies":[{"name":"wp","href":"https:\/\/api.w.org\/{rel}","templated":true}]}}