{"id":97802,"date":"2016-06-23T15:14:24","date_gmt":"2016-06-23T14:14:24","guid":{"rendered":"http:\/\/www.visit-ulcinj.com\/blog\/?p=97802"},"modified":"2016-06-23T15:14:24","modified_gmt":"2016-06-23T14:14:24","slug":"mali-zi-gjobit-tifozet-ne-budva-flamurin-shqiptar-ne-makine","status":"publish","type":"post","link":"https:\/\/www.visit-ulcinj.com\/blog\/2016\/06\/23\/mali-zi-gjobit-tifozet-ne-budva-flamurin-shqiptar-ne-makine\/","title":{"rendered":"Mali i Zi gjobit tifoz\u00ebt n\u00eb Budva, me flamurin shqiptar n\u00eb makin\u00eb"},"content":{"rendered":"<p><a href=\"http:\/\/www.visit-ulcinj.com\/blog\/wp-content\/uploads\/2016\/06\/me-flamurin-shqiptar-n\u00eb-makin\u00eb.jpg\"><img loading=\"lazy\" class=\"alignleft wp-image-97803\" src=\"http:\/\/www.visit-ulcinj.com\/blog\/wp-content\/uploads\/2016\/06\/me-flamurin-shqiptar-n\u00eb-makin\u00eb.jpg\" alt=\"me flamurin shqiptar n\u00eb makin\u00eb\" width=\"508\" height=\"279\" srcset=\"https:\/\/www.visit-ulcinj.com\/blog\/wp-content\/uploads\/2016\/06\/me-flamurin-shqiptar-n\u00eb-makin\u00eb.jpg 547w, https:\/\/www.visit-ulcinj.com\/blog\/wp-content\/uploads\/2016\/06\/me-flamurin-shqiptar-n\u00eb-makin\u00eb-300x165.jpg 300w\" sizes=\"(max-width: 508px) 100vw, 508px\" \/><\/a>Rreth 250 euro u ka kushtuar shtetasve shqiptar t\u00eb cil\u00ebt po ktheheshin nga Franca dhe n\u00eb automjetin e tyre kishin t\u00eb stampuar flamurin komb\u00ebtar.<\/p>\n<p>Ngjarja e pa zakont\u00eb ka ndodhur n\u00eb qytetin bregdetar t\u00eb Budv\u00ebs. Sipas t\u00eb p\u00ebrditshmes Vijesti, ka qen\u00eb ky vendimi i gjykat\u00ebsit p\u00ebr vepra penale i cili e ka cil\u00ebsuar si provokim ndaj turist\u00ebve flamurin e Shqip\u00ebris\u00eb t\u00eb stampuar n\u00eb automjetin e tyre.<\/p>\n<p>Sipas k\u00ebsaj t\u00eb p\u00ebrdit\u00ebshme, k\u00ebta shtetas t\u00eb cil\u00ebt gjat\u00eb udh\u00ebtimit p\u00ebr n\u00eb vendlindje nga kampionati eurpoian q\u00eb po mbahet n\u00eb Franc\u00eb, jan\u00eb ndalur n\u00eb Budva. D\u00ebshmitar\u00ebt okular jan\u00eb shprehur se n\u00eb automjetin e tyre tip Golf, n\u00eb pjes\u00ebn e p\u00ebrparme t\u00eb mjetit dhe n\u00eb pjes\u00ebn e bagazhit ka qen\u00eb i\u00a0 stampuar flamuri i Shqip\u00ebris\u00eb.<\/p>\n<p>Dhe se gjat\u00eb kalimit n\u00ebp\u00ebr Budva ata kan\u00eb k\u00ebnduar dhe kan\u00eb shkaktuar zhurm\u00eb. Pas njoftimit n\u00eb policin\u00eb lokale t\u00eb Budv\u00ebs kjo e fundit ka ndaluar mjetin tip golf n\u00eb t\u00eb cilin ishin kat\u00ebr shtetas dhe kan\u00eb b\u00ebr\u00eb shoq\u00ebrimin e tyre p\u00ebr n\u00eb Komisariatin e Budvas. Dhe pas urdhrit t\u00eb policis\u00eb shtetasit shqiptar kan\u00eb hequr flamurin e stampuar n\u00eb automjet. Dhe pas vendimit t\u00eb Gjykat\u00ebsit dhe kryerjes s\u00eb pages\u00ebs jan\u00eb larguar p\u00ebr n\u00eb Shqip\u00ebri.<\/p>\n<p><strong>Lajmi i Fundit<\/strong><\/p>\n<div class=\"in-artad\"><\/div>\n","protected":false},"excerpt":{"rendered":"<p>Rreth 250 euro u ka kushtuar shtetasve shqiptar t\u00eb cil\u00ebt po ktheheshin nga Franca dhe n\u00eb automjetin e tyre kishin t\u00eb stampuar flamurin komb\u00ebtar. Ngjarja e pa zakont\u00eb ka ndodhur n\u00eb qytetin bregdetar t\u00eb Budv\u00ebs. Sipas t\u00eb p\u00ebrditshmes Vijesti, ka qen\u00eb ky vendimi i gjykat\u00ebsit p\u00ebr vepra penale i cili e ka cil\u00ebsuar si provokim [&hellip;]<\/p>\n","protected":false},"author":1,"featured_media":0,"comment_status":"closed","ping_status":"closed","sticky":false,"template":"","format":"standard","meta":{"spay_email":"","jetpack_publicize_message":"","jetpack_is_tweetstorm":false,"jetpack_publicize_feature_enabled":true},"categories":[6950],"tags":[],"jetpack_publicize_connections":[],"yoast_head":"<!-- This site is optimized with the Yoast SEO plugin v19.1 - https:\/\/yoast.com\/wordpress\/plugins\/seo\/ -->\n<title>Mali i Zi gjobit tifoz\u00ebt n\u00eb Budva, me flamurin shqiptar n\u00eb makin\u00eb - Lajme nga Ulqini<\/title>\n<meta name=\"description\" content=\"Rreth 250 euro u ka kushtuar shtetasve shqiptar t\u00eb cil\u00ebt po ktheheshin nga Franca dhe n\u00eb automjetin e tyre kishin t\u00eb stampuar flamurin komb\u00ebtar. Ngjarja e\" \/>\n<meta name=\"robots\" content=\"index, follow, max-snippet:-1, max-image-preview:large, max-video-preview:-1\" \/>\n<link rel=\"canonical\" href=\"https:\/\/www.visit-ulcinj.com\/blog\/2016\/06\/23\/mali-zi-gjobit-tifozet-ne-budva-flamurin-shqiptar-ne-makine\/\" \/>\n<meta property=\"og:locale\" content=\"en_US\" \/>\n<meta property=\"og:type\" content=\"article\" \/>\n<meta property=\"og:title\" content=\"Mali i Zi gjobit tifoz\u00ebt n\u00eb Budva, me flamurin shqiptar n\u00eb makin\u00eb - Lajme nga Ulqini\" \/>\n<meta property=\"og:description\" content=\"Rreth 250 euro u ka kushtuar shtetasve shqiptar t\u00eb cil\u00ebt po ktheheshin nga Franca dhe n\u00eb automjetin e tyre kishin t\u00eb stampuar flamurin komb\u00ebtar. Ngjarja e\" \/>\n<meta property=\"og:url\" content=\"https:\/\/www.visit-ulcinj.com\/blog\/2016\/06\/23\/mali-zi-gjobit-tifozet-ne-budva-flamurin-shqiptar-ne-makine\/\" \/>\n<meta property=\"og:site_name\" content=\"Lajme nga Ulqini\" \/>\n<meta property=\"article:published_time\" content=\"2016-06-23T14:14:24+00:00\" \/>\n<meta name=\"twitter:label1\" content=\"Written by\" \/>\n\t<meta name=\"twitter:data1\" content=\"ulqini\" \/>\n\t<meta name=\"twitter:label2\" content=\"Est. reading time\" \/>\n\t<meta name=\"twitter:data2\" content=\"1 minute\" \/>\n<script type=\"application\/ld+json\" class=\"yoast-schema-graph\">{\"@context\":\"https:\/\/schema.org\",\"@graph\":[{\"@type\":\"WebSite\",\"@id\":\"https:\/\/www.visit-ulcinj.com\/blog\/#website\",\"url\":\"https:\/\/www.visit-ulcinj.com\/blog\/\",\"name\":\"Lajme nga Ulqini\",\"description\":\"Lajme,Vijesti,Ulqini,Ulqin,Crna Gora,Mali i Zi\",\"potentialAction\":[{\"@type\":\"SearchAction\",\"target\":{\"@type\":\"EntryPoint\",\"urlTemplate\":\"https:\/\/www.visit-ulcinj.com\/blog\/?s={search_term_string}\"},\"query-input\":\"required name=search_term_string\"}],\"inLanguage\":\"en-US\"},{\"@type\":\"WebPage\",\"@id\":\"https:\/\/www.visit-ulcinj.com\/blog\/2016\/06\/23\/mali-zi-gjobit-tifozet-ne-budva-flamurin-shqiptar-ne-makine\/#webpage\",\"url\":\"https:\/\/www.visit-ulcinj.com\/blog\/2016\/06\/23\/mali-zi-gjobit-tifozet-ne-budva-flamurin-shqiptar-ne-makine\/\",\"name\":\"Mali i Zi gjobit tifoz\u00ebt n\u00eb Budva, me flamurin shqiptar n\u00eb makin\u00eb - Lajme nga Ulqini\",\"isPartOf\":{\"@id\":\"https:\/\/www.visit-ulcinj.com\/blog\/#website\"},\"datePublished\":\"2016-06-23T14:14:24+00:00\",\"dateModified\":\"2016-06-23T14:14:24+00:00\",\"author\":{\"@id\":\"https:\/\/www.visit-ulcinj.com\/blog\/#\/schema\/person\/dcab619c614d3038751c63bc2aadc06d\"},\"description\":\"Rreth 250 euro u ka kushtuar shtetasve shqiptar t\u00eb cil\u00ebt po ktheheshin nga Franca dhe n\u00eb automjetin e tyre kishin t\u00eb stampuar flamurin komb\u00ebtar. Ngjarja e\",\"breadcrumb\":{\"@id\":\"https:\/\/www.visit-ulcinj.com\/blog\/2016\/06\/23\/mali-zi-gjobit-tifozet-ne-budva-flamurin-shqiptar-ne-makine\/#breadcrumb\"},\"inLanguage\":\"en-US\",\"potentialAction\":[{\"@type\":\"ReadAction\",\"target\":[\"https:\/\/www.visit-ulcinj.com\/blog\/2016\/06\/23\/mali-zi-gjobit-tifozet-ne-budva-flamurin-shqiptar-ne-makine\/\"]}]},{\"@type\":\"BreadcrumbList\",\"@id\":\"https:\/\/www.visit-ulcinj.com\/blog\/2016\/06\/23\/mali-zi-gjobit-tifozet-ne-budva-flamurin-shqiptar-ne-makine\/#breadcrumb\",\"itemListElement\":[{\"@type\":\"ListItem\",\"position\":1,\"name\":\"Mali i Zi gjobit tifoz\u00ebt n\u00eb Budva, me flamurin shqiptar n\u00eb makin\u00eb\"}]},{\"@type\":\"Person\",\"@id\":\"https:\/\/www.visit-ulcinj.com\/blog\/#\/schema\/person\/dcab619c614d3038751c63bc2aadc06d\",\"name\":\"ulqini\",\"sameAs\":[\"http:\/\/www.visit-ulcinj.com\"],\"url\":\"https:\/\/www.visit-ulcinj.com\/blog\/author\/admin\/\"}]}<\/script>\n<!-- \/ Yoast SEO plugin. -->","yoast_head_json":{"title":"Mali i Zi gjobit tifoz\u00ebt n\u00eb Budva, me flamurin shqiptar n\u00eb makin\u00eb - Lajme nga Ulqini","description":"Rreth 250 euro u ka kushtuar shtetasve shqiptar t\u00eb cil\u00ebt po ktheheshin nga Franca dhe n\u00eb automjetin e tyre kishin t\u00eb stampuar flamurin komb\u00ebtar. Ngjarja e","robots":{"index":"index","follow":"follow","max-snippet":"max-snippet:-1","max-image-preview":"max-image-preview:large","max-video-preview":"max-video-preview:-1"},"canonical":"https:\/\/www.visit-ulcinj.com\/blog\/2016\/06\/23\/mali-zi-gjobit-tifozet-ne-budva-flamurin-shqiptar-ne-makine\/","og_locale":"en_US","og_type":"article","og_title":"Mali i Zi gjobit tifoz\u00ebt n\u00eb Budva, me flamurin shqiptar n\u00eb makin\u00eb - Lajme nga Ulqini","og_description":"Rreth 250 euro u ka kushtuar shtetasve shqiptar t\u00eb cil\u00ebt po ktheheshin nga Franca dhe n\u00eb automjetin e tyre kishin t\u00eb stampuar flamurin komb\u00ebtar. Ngjarja e","og_url":"https:\/\/www.visit-ulcinj.com\/blog\/2016\/06\/23\/mali-zi-gjobit-tifozet-ne-budva-flamurin-shqiptar-ne-makine\/","og_site_name":"Lajme nga Ulqini","article_published_time":"2016-06-23T14:14:24+00:00","twitter_misc":{"Written by":"ulqini","Est. reading time":"1 minute"},"schema":{"@context":"https:\/\/schema.org","@graph":[{"@type":"WebSite","@id":"https:\/\/www.visit-ulcinj.com\/blog\/#website","url":"https:\/\/www.visit-ulcinj.com\/blog\/","name":"Lajme nga Ulqini","description":"Lajme,Vijesti,Ulqini,Ulqin,Crna Gora,Mali i Zi","potentialAction":[{"@type":"SearchAction","target":{"@type":"EntryPoint","urlTemplate":"https:\/\/www.visit-ulcinj.com\/blog\/?s={search_term_string}"},"query-input":"required name=search_term_string"}],"inLanguage":"en-US"},{"@type":"WebPage","@id":"https:\/\/www.visit-ulcinj.com\/blog\/2016\/06\/23\/mali-zi-gjobit-tifozet-ne-budva-flamurin-shqiptar-ne-makine\/#webpage","url":"https:\/\/www.visit-ulcinj.com\/blog\/2016\/06\/23\/mali-zi-gjobit-tifozet-ne-budva-flamurin-shqiptar-ne-makine\/","name":"Mali i Zi gjobit tifoz\u00ebt n\u00eb Budva, me flamurin shqiptar n\u00eb makin\u00eb - Lajme nga Ulqini","isPartOf":{"@id":"https:\/\/www.visit-ulcinj.com\/blog\/#website"},"datePublished":"2016-06-23T14:14:24+00:00","dateModified":"2016-06-23T14:14:24+00:00","author":{"@id":"https:\/\/www.visit-ulcinj.com\/blog\/#\/schema\/person\/dcab619c614d3038751c63bc2aadc06d"},"description":"Rreth 250 euro u ka kushtuar shtetasve shqiptar t\u00eb cil\u00ebt po ktheheshin nga Franca dhe n\u00eb automjetin e tyre kishin t\u00eb stampuar flamurin komb\u00ebtar. Ngjarja e","breadcrumb":{"@id":"https:\/\/www.visit-ulcinj.com\/blog\/2016\/06\/23\/mali-zi-gjobit-tifozet-ne-budva-flamurin-shqiptar-ne-makine\/#breadcrumb"},"inLanguage":"en-US","potentialAction":[{"@type":"ReadAction","target":["https:\/\/www.visit-ulcinj.com\/blog\/2016\/06\/23\/mali-zi-gjobit-tifozet-ne-budva-flamurin-shqiptar-ne-makine\/"]}]},{"@type":"BreadcrumbList","@id":"https:\/\/www.visit-ulcinj.com\/blog\/2016\/06\/23\/mali-zi-gjobit-tifozet-ne-budva-flamurin-shqiptar-ne-makine\/#breadcrumb","itemListElement":[{"@type":"ListItem","position":1,"name":"Mali i Zi gjobit tifoz\u00ebt n\u00eb Budva, me flamurin shqiptar n\u00eb makin\u00eb"}]},{"@type":"Person","@id":"https:\/\/www.visit-ulcinj.com\/blog\/#\/schema\/person\/dcab619c614d3038751c63bc2aadc06d","name":"ulqini","sameAs":["http:\/\/www.visit-ulcinj.com"],"url":"https:\/\/www.visit-ulcinj.com\/blog\/author\/admin\/"}]}},"jetpack_featured_media_url":"","jetpack_sharing_enabled":true,"jetpack_shortlink":"https:\/\/wp.me\/pe6lTn-prs","_links":{"self":[{"href":"https:\/\/www.visit-ulcinj.com\/blog\/wp-json\/wp\/v2\/posts\/97802"}],"collection":[{"href":"https:\/\/www.visit-ulcinj.com\/blog\/wp-json\/wp\/v2\/posts"}],"about":[{"href":"https:\/\/www.visit-ulcinj.com\/blog\/wp-json\/wp\/v2\/types\/post"}],"author":[{"embeddable":true,"href":"https:\/\/www.visit-ulcinj.com\/blog\/wp-json\/wp\/v2\/users\/1"}],"replies":[{"embeddable":true,"href":"https:\/\/www.visit-ulcinj.com\/blog\/wp-json\/wp\/v2\/comments?post=97802"}],"version-history":[{"count":1,"href":"https:\/\/www.visit-ulcinj.com\/blog\/wp-json\/wp\/v2\/posts\/97802\/revisions"}],"predecessor-version":[{"id":97804,"href":"https:\/\/www.visit-ulcinj.com\/blog\/wp-json\/wp\/v2\/posts\/97802\/revisions\/97804"}],"wp:attachment":[{"href":"https:\/\/www.visit-ulcinj.com\/blog\/wp-json\/wp\/v2\/media?parent=97802"}],"wp:term":[{"taxonomy":"category","embeddable":true,"href":"https:\/\/www.visit-ulcinj.com\/blog\/wp-json\/wp\/v2\/categories?post=97802"},{"taxonomy":"post_tag","embeddable":true,"href":"https:\/\/www.visit-ulcinj.com\/blog\/wp-json\/wp\/v2\/tags?post=97802"}],"curies":[{"name":"wp","href":"https:\/\/api.w.org\/{rel}","templated":true}]}}