{"id":97808,"date":"2016-06-23T15:26:50","date_gmt":"2016-06-23T14:26:50","guid":{"rendered":"http:\/\/www.visit-ulcinj.com\/blog\/?p=97808"},"modified":"2016-06-24T07:43:41","modified_gmt":"2016-06-24T06:43:41","slug":"shqiperia-intensifikon-bashkepunimin-parlamentar-malin-e-zi","status":"publish","type":"post","link":"https:\/\/www.visit-ulcinj.com\/blog\/2016\/06\/23\/shqiperia-intensifikon-bashkepunimin-parlamentar-malin-e-zi\/","title":{"rendered":"Shqip\u00ebria intensifikon bashk\u00ebpunimin parlamentar me Malin e Zi"},"content":{"rendered":"<p><a href=\"http:\/\/www.visit-ulcinj.com\/blog\/wp-content\/uploads\/2016\/06\/Ilir-Meta-Darko-Pajovic-Tiran.jpg\"><img loading=\"lazy\" class=\"alignleft wp-image-97809\" src=\"http:\/\/www.visit-ulcinj.com\/blog\/wp-content\/uploads\/2016\/06\/Ilir-Meta-Darko-Pajovic-Tiran.jpg\" alt=\"Ilir Meta-Darko Pajovic-Tiran\" width=\"508\" height=\"256\" srcset=\"https:\/\/www.visit-ulcinj.com\/blog\/wp-content\/uploads\/2016\/06\/Ilir-Meta-Darko-Pajovic-Tiran.jpg 655w, https:\/\/www.visit-ulcinj.com\/blog\/wp-content\/uploads\/2016\/06\/Ilir-Meta-Darko-Pajovic-Tiran-300x151.jpg 300w\" sizes=\"(max-width: 508px) 100vw, 508px\" \/><\/a>Shqip\u00ebria dhe Mali i Zi kan\u00eb konfirmuar marr\u00ebdh\u00ebniet e fqinj\u00ebsis\u00eb s\u00eb mir\u00eb midis tyre dhe ve\u00e7mas bashk\u00ebpunimin parlamentar. Kjo u b\u00eb e ditur gjat\u00eb vizit\u00ebs q\u00eb po kryen n\u00eb Tiran\u00eb kryetari i sapozgjedhur i Kuvendit t\u00eb Malit t\u00eb Zi, Darko Pajovi\u00e7. Mikprit\u00ebsi i tij kreu i parlamentit shqiptar Ilir Meta u ndal ve\u00e7an\u00ebrisht tek pranimi i Malit t\u00eb Zi n\u00eb NATO dhe b\u00ebri t\u00eb ditur me k\u00ebt\u00eb rast se Shqip\u00ebria do t\u00eb ratifikoj\u00eb sot protokollin p\u00ebr aderimin e Malit t\u00eb Zi n\u00eb NATO. \u201cShqip\u00ebria ka mb\u00ebshtetur integrimin euroatlantik t\u00eb Malit t\u00eb Zi. Ndaj sot do t\u00eb votojm\u00eb n\u00eb Kuvend ratifikimin e protokollit p\u00ebr an\u00ebtar\u00ebsimin e Malit t\u00eb Zi n\u00eb NATO. Aderimi i Malit t\u00eb Zi n\u00eb NATO \u00ebsht\u00eb ky\u00e7 p\u00ebr stabilitetin e vendit dhe rajonit. Shqiptar\u00ebt e Malit t\u00eb Zi ur\u00eb solide p\u00ebr stabilitetin e Malit t\u00eb Zi\u201d tha zoti Meta.<br \/>\nNga ana e tij zoti Pajovi\u00e7 vler\u00ebsoi kontributin q\u00eb Shqip\u00ebria ka dh\u00ebn\u00eb p\u00ebr Malin e Zi, ve\u00e7mas miratimin e protokollit p\u00ebr an\u00ebtar\u00ebsim n\u00eb NATO. \u201cJeni shteti i 5 q\u00eb do t\u00eb ratifikoni protokollin p\u00ebr an\u00ebtar\u00ebsimin n\u00eb NATO. Me k\u00ebt\u00eb veprim ju i dergoni nj\u00eb mesazh t\u00eb mir\u00eb vendeve t\u00eb NATO-s q\u00eb ky poroces t\u00eb p\u00ebrshpejtohet dhe t\u00eb ec\u00eb n\u00eb rrug\u00ebn e duhur\u201d tha zoti Pajovi\u00e7. Ai b\u00ebri t\u00eb ditur p\u00ebr nj\u00eb vizit\u00eb t\u00eb af\u00ebrt t\u00eb zotit Meta n\u00eb Malin e Zi dhe premtoi n\u00eb t\u00eb ardhmen intesifikim t\u00eb bashk\u00ebpunimit. \u201cDera e parlamentit t\u00eb Malit t\u00eb Zi \u00ebsht\u00eb e hapur p\u00ebr iniciativat tuaja\u201d tha zoti Pajovi\u00e7. \u00a0Miku nga Mali i Zi ishte i ftuar nderi n\u00eb parlamentin shqiptar i cili ka\u00a0miratuar me 110 vota pro, asnj\u00eb kund\u00ebr \u00a0dhe asnj\u00eb abstenim,\u00a0ratifikimin e traktatit p\u00ebr aderimin e Malit t\u00eb Zi n\u00eb NATO. \u00a0Shqip\u00ebria \u00ebsht\u00eb vendi i par\u00eb q\u00eb miraton k\u00ebt\u00eb traktat.<\/p>\n<p>RTSH<\/p>\n<p><a href=\"http:\/\/www.visit-ulcinj.com\/blog\/wp-content\/uploads\/2016\/06\/Parlament-AL-Pajovic.jpg\"><img loading=\"lazy\" class=\"alignleft wp-image-97843\" src=\"http:\/\/www.visit-ulcinj.com\/blog\/wp-content\/uploads\/2016\/06\/Parlament-AL-Pajovic.jpg\" alt=\"Parlament-AL-Pajovic\" width=\"508\" height=\"286\" srcset=\"https:\/\/www.visit-ulcinj.com\/blog\/wp-content\/uploads\/2016\/06\/Parlament-AL-Pajovic.jpg 987w, https:\/\/www.visit-ulcinj.com\/blog\/wp-content\/uploads\/2016\/06\/Parlament-AL-Pajovic-300x169.jpg 300w, https:\/\/www.visit-ulcinj.com\/blog\/wp-content\/uploads\/2016\/06\/Parlament-AL-Pajovic-768x432.jpg 768w\" sizes=\"(max-width: 508px) 100vw, 508px\" \/><\/a><\/p>\n<p>Parlamenti miratoi n\u00eb unanimitet Protokollin e an\u00ebtar\u00ebsimit. N\u00eb seanc\u00eb i pranish\u00ebm kryetari i Parlamentit Malazez Darko Pajovi\u00e7<\/p>\n<p>N\u00eb Tiran\u00eb, parlamenti shqiptar miratoi sot n\u00eb unanimitet Protokollin e an\u00ebtar\u00ebsimit t\u00eb Malit t\u00eb zi n\u00eb Nato. Pas Island\u00ebs, Sllovenis\u00eb, Hungaris\u00eb dhe Sllovakis\u00eb, Shqip\u00ebria \u00ebsht\u00eb I pesti vend an\u00ebtar i Aleanc\u00ebs q\u00eb nd\u00ebrmerr k\u00ebt\u00eb hap<\/p>\n<p>Seanca ku u disktua dhe votua Protokolli i an\u00ebtar\u00ebsimit t\u00eb Malit t\u00eb Zi u ndoq nga kryetari i parlamentit malazez Darko Pajovi\u00e7. N\u00eb fjal\u00ebn e tij drejtuar deputet\u00ebve shqiptar\u00eb, menj\u00ebher\u00eb pas votimit, zoti Pajovi\u00e7 falenderoi Shqip\u00ebrin\u00eb p\u00ebr mb\u00ebshtetjen e vazhdueshme q\u00eb I ka dh\u00ebn\u00eb procesit t\u00eb an\u00ebtar\u00ebsimit t\u00eb vendit t\u00eb tij n\u00eb Aleanc\u00ebn e Atlantikut, nd\u00ebrsa e cil\u00ebsoi \u201cnj\u00eb hap historik dhe civilizues t\u00eb Malit t\u00eb Zi\u201d t\u00eb qenurit pjes\u00eb e Natos.<\/p>\n<p>N\u00eb fjal\u00ebn e tij ai vler\u00ebsoi edhe r\u00ebnd\u00ebsin\u00eb e rolit \u00eb shqiptar\u00ebve n\u00eb Malin e Zi. \u201cShqiptar\u00ebt gjithmon\u00eb kan\u00eb qen\u00eb shtetas luajal\u00eb t\u00eb Malit t\u00eb Zi. K\u00ebt\u00eb e kan\u00eb d\u00ebshmuar edhe n\u00eb vitin 2006 kur kan\u00eb dh\u00ebn\u00eb nj\u00eb kontribut t\u00eb madh n\u00eb pavar\u00ebsin\u00eb e Malit t\u00eb Zi dhe k\u00ebt\u00eb e tregojn\u00eb edhe n\u00eb dit\u00ebt e sotme me kontributin e tyre n\u00eb krijimin e Malit t\u00eb Zi si shtet evropian, qytetar dhe modern\u201d, u shpreh kryetari i parlamentit malazez Pajovi\u00e7.<\/p>\n<p>VAO<\/p>\n","protected":false},"excerpt":{"rendered":"<p>Shqip\u00ebria dhe Mali i Zi kan\u00eb konfirmuar marr\u00ebdh\u00ebniet e fqinj\u00ebsis\u00eb s\u00eb mir\u00eb midis tyre dhe ve\u00e7mas bashk\u00ebpunimin parlamentar. Kjo u b\u00eb e ditur gjat\u00eb vizit\u00ebs q\u00eb po kryen n\u00eb Tiran\u00eb kryetari i sapozgjedhur i Kuvendit t\u00eb Malit t\u00eb Zi, Darko Pajovi\u00e7. Mikprit\u00ebsi i tij kreu i parlamentit shqiptar Ilir Meta u ndal ve\u00e7an\u00ebrisht tek pranimi [&hellip;]<\/p>\n","protected":false},"author":1,"featured_media":0,"comment_status":"closed","ping_status":"closed","sticky":false,"template":"","format":"standard","meta":{"spay_email":"","jetpack_publicize_message":"","jetpack_is_tweetstorm":false,"jetpack_publicize_feature_enabled":true},"categories":[6],"tags":[],"jetpack_publicize_connections":[],"yoast_head":"<!-- This site is optimized with the Yoast SEO plugin v19.1 - https:\/\/yoast.com\/wordpress\/plugins\/seo\/ -->\n<title>Shqip\u00ebria intensifikon bashk\u00ebpunimin parlamentar me Malin e Zi - Lajme nga Ulqini<\/title>\n<meta name=\"description\" content=\"Shqip\u00ebria dhe Mali i Zi kan\u00eb konfirmuar marr\u00ebdh\u00ebniet e fqinj\u00ebsis\u00eb s\u00eb mir\u00eb midis tyre dhe ve\u00e7mas bashk\u00ebpunimin parlamentar. Kjo u b\u00eb e ditur gjat\u00eb vizit\u00ebs\" \/>\n<meta name=\"robots\" content=\"index, follow, max-snippet:-1, max-image-preview:large, max-video-preview:-1\" \/>\n<link rel=\"canonical\" href=\"https:\/\/www.visit-ulcinj.com\/blog\/2016\/06\/23\/shqiperia-intensifikon-bashkepunimin-parlamentar-malin-e-zi\/\" \/>\n<meta property=\"og:locale\" content=\"en_US\" \/>\n<meta property=\"og:type\" content=\"article\" \/>\n<meta property=\"og:title\" content=\"Shqip\u00ebria intensifikon bashk\u00ebpunimin parlamentar me Malin e Zi - Lajme nga Ulqini\" \/>\n<meta property=\"og:description\" content=\"Shqip\u00ebria dhe Mali i Zi kan\u00eb konfirmuar marr\u00ebdh\u00ebniet e fqinj\u00ebsis\u00eb s\u00eb mir\u00eb midis tyre dhe ve\u00e7mas bashk\u00ebpunimin parlamentar. Kjo u b\u00eb e ditur gjat\u00eb vizit\u00ebs\" \/>\n<meta property=\"og:url\" content=\"https:\/\/www.visit-ulcinj.com\/blog\/2016\/06\/23\/shqiperia-intensifikon-bashkepunimin-parlamentar-malin-e-zi\/\" \/>\n<meta property=\"og:site_name\" content=\"Lajme nga Ulqini\" \/>\n<meta property=\"article:published_time\" content=\"2016-06-23T14:26:50+00:00\" \/>\n<meta property=\"article:modified_time\" content=\"2016-06-24T06:43:41+00:00\" \/>\n<meta property=\"og:image\" content=\"http:\/\/www.visit-ulcinj.com\/blog\/wp-content\/uploads\/2016\/06\/Ilir-Meta-Darko-Pajovic-Tiran.jpg\" \/>\n<meta name=\"twitter:label1\" content=\"Written by\" \/>\n\t<meta name=\"twitter:data1\" content=\"ulqini\" \/>\n\t<meta name=\"twitter:label2\" content=\"Est. reading time\" \/>\n\t<meta name=\"twitter:data2\" content=\"3 minutes\" \/>\n<script type=\"application\/ld+json\" class=\"yoast-schema-graph\">{\"@context\":\"https:\/\/schema.org\",\"@graph\":[{\"@type\":\"WebSite\",\"@id\":\"https:\/\/www.visit-ulcinj.com\/blog\/#website\",\"url\":\"https:\/\/www.visit-ulcinj.com\/blog\/\",\"name\":\"Lajme nga Ulqini\",\"description\":\"Lajme,Vijesti,Ulqini,Ulqin,Crna Gora,Mali i Zi\",\"potentialAction\":[{\"@type\":\"SearchAction\",\"target\":{\"@type\":\"EntryPoint\",\"urlTemplate\":\"https:\/\/www.visit-ulcinj.com\/blog\/?s={search_term_string}\"},\"query-input\":\"required name=search_term_string\"}],\"inLanguage\":\"en-US\"},{\"@type\":\"ImageObject\",\"inLanguage\":\"en-US\",\"@id\":\"https:\/\/www.visit-ulcinj.com\/blog\/2016\/06\/23\/shqiperia-intensifikon-bashkepunimin-parlamentar-malin-e-zi\/#primaryimage\",\"url\":\"https:\/\/www.visit-ulcinj.com\/blog\/wp-content\/uploads\/2016\/06\/Ilir-Meta-Darko-Pajovic-Tiran.jpg\",\"contentUrl\":\"https:\/\/www.visit-ulcinj.com\/blog\/wp-content\/uploads\/2016\/06\/Ilir-Meta-Darko-Pajovic-Tiran.jpg\",\"width\":655,\"height\":330},{\"@type\":\"WebPage\",\"@id\":\"https:\/\/www.visit-ulcinj.com\/blog\/2016\/06\/23\/shqiperia-intensifikon-bashkepunimin-parlamentar-malin-e-zi\/#webpage\",\"url\":\"https:\/\/www.visit-ulcinj.com\/blog\/2016\/06\/23\/shqiperia-intensifikon-bashkepunimin-parlamentar-malin-e-zi\/\",\"name\":\"Shqip\u00ebria intensifikon bashk\u00ebpunimin parlamentar me Malin e Zi - Lajme nga Ulqini\",\"isPartOf\":{\"@id\":\"https:\/\/www.visit-ulcinj.com\/blog\/#website\"},\"primaryImageOfPage\":{\"@id\":\"https:\/\/www.visit-ulcinj.com\/blog\/2016\/06\/23\/shqiperia-intensifikon-bashkepunimin-parlamentar-malin-e-zi\/#primaryimage\"},\"datePublished\":\"2016-06-23T14:26:50+00:00\",\"dateModified\":\"2016-06-24T06:43:41+00:00\",\"author\":{\"@id\":\"https:\/\/www.visit-ulcinj.com\/blog\/#\/schema\/person\/dcab619c614d3038751c63bc2aadc06d\"},\"description\":\"Shqip\u00ebria dhe Mali i Zi kan\u00eb konfirmuar marr\u00ebdh\u00ebniet e fqinj\u00ebsis\u00eb s\u00eb mir\u00eb midis tyre dhe ve\u00e7mas bashk\u00ebpunimin parlamentar. Kjo u b\u00eb e ditur gjat\u00eb vizit\u00ebs\",\"breadcrumb\":{\"@id\":\"https:\/\/www.visit-ulcinj.com\/blog\/2016\/06\/23\/shqiperia-intensifikon-bashkepunimin-parlamentar-malin-e-zi\/#breadcrumb\"},\"inLanguage\":\"en-US\",\"potentialAction\":[{\"@type\":\"ReadAction\",\"target\":[\"https:\/\/www.visit-ulcinj.com\/blog\/2016\/06\/23\/shqiperia-intensifikon-bashkepunimin-parlamentar-malin-e-zi\/\"]}]},{\"@type\":\"BreadcrumbList\",\"@id\":\"https:\/\/www.visit-ulcinj.com\/blog\/2016\/06\/23\/shqiperia-intensifikon-bashkepunimin-parlamentar-malin-e-zi\/#breadcrumb\",\"itemListElement\":[{\"@type\":\"ListItem\",\"position\":1,\"name\":\"Shqip\u00ebria intensifikon bashk\u00ebpunimin parlamentar me Malin e Zi\"}]},{\"@type\":\"Person\",\"@id\":\"https:\/\/www.visit-ulcinj.com\/blog\/#\/schema\/person\/dcab619c614d3038751c63bc2aadc06d\",\"name\":\"ulqini\",\"sameAs\":[\"http:\/\/www.visit-ulcinj.com\"],\"url\":\"https:\/\/www.visit-ulcinj.com\/blog\/author\/admin\/\"}]}<\/script>\n<!-- \/ Yoast SEO plugin. -->","yoast_head_json":{"title":"Shqip\u00ebria intensifikon bashk\u00ebpunimin parlamentar me Malin e Zi - Lajme nga Ulqini","description":"Shqip\u00ebria dhe Mali i Zi kan\u00eb konfirmuar marr\u00ebdh\u00ebniet e fqinj\u00ebsis\u00eb s\u00eb mir\u00eb midis tyre dhe ve\u00e7mas bashk\u00ebpunimin parlamentar. Kjo u b\u00eb e ditur gjat\u00eb vizit\u00ebs","robots":{"index":"index","follow":"follow","max-snippet":"max-snippet:-1","max-image-preview":"max-image-preview:large","max-video-preview":"max-video-preview:-1"},"canonical":"https:\/\/www.visit-ulcinj.com\/blog\/2016\/06\/23\/shqiperia-intensifikon-bashkepunimin-parlamentar-malin-e-zi\/","og_locale":"en_US","og_type":"article","og_title":"Shqip\u00ebria intensifikon bashk\u00ebpunimin parlamentar me Malin e Zi - Lajme nga Ulqini","og_description":"Shqip\u00ebria dhe Mali i Zi kan\u00eb konfirmuar marr\u00ebdh\u00ebniet e fqinj\u00ebsis\u00eb s\u00eb mir\u00eb midis tyre dhe ve\u00e7mas bashk\u00ebpunimin parlamentar. Kjo u b\u00eb e ditur gjat\u00eb vizit\u00ebs","og_url":"https:\/\/www.visit-ulcinj.com\/blog\/2016\/06\/23\/shqiperia-intensifikon-bashkepunimin-parlamentar-malin-e-zi\/","og_site_name":"Lajme nga Ulqini","article_published_time":"2016-06-23T14:26:50+00:00","article_modified_time":"2016-06-24T06:43:41+00:00","og_image":[{"url":"http:\/\/www.visit-ulcinj.com\/blog\/wp-content\/uploads\/2016\/06\/Ilir-Meta-Darko-Pajovic-Tiran.jpg"}],"twitter_misc":{"Written by":"ulqini","Est. reading time":"3 minutes"},"schema":{"@context":"https:\/\/schema.org","@graph":[{"@type":"WebSite","@id":"https:\/\/www.visit-ulcinj.com\/blog\/#website","url":"https:\/\/www.visit-ulcinj.com\/blog\/","name":"Lajme nga Ulqini","description":"Lajme,Vijesti,Ulqini,Ulqin,Crna Gora,Mali i Zi","potentialAction":[{"@type":"SearchAction","target":{"@type":"EntryPoint","urlTemplate":"https:\/\/www.visit-ulcinj.com\/blog\/?s={search_term_string}"},"query-input":"required name=search_term_string"}],"inLanguage":"en-US"},{"@type":"ImageObject","inLanguage":"en-US","@id":"https:\/\/www.visit-ulcinj.com\/blog\/2016\/06\/23\/shqiperia-intensifikon-bashkepunimin-parlamentar-malin-e-zi\/#primaryimage","url":"https:\/\/www.visit-ulcinj.com\/blog\/wp-content\/uploads\/2016\/06\/Ilir-Meta-Darko-Pajovic-Tiran.jpg","contentUrl":"https:\/\/www.visit-ulcinj.com\/blog\/wp-content\/uploads\/2016\/06\/Ilir-Meta-Darko-Pajovic-Tiran.jpg","width":655,"height":330},{"@type":"WebPage","@id":"https:\/\/www.visit-ulcinj.com\/blog\/2016\/06\/23\/shqiperia-intensifikon-bashkepunimin-parlamentar-malin-e-zi\/#webpage","url":"https:\/\/www.visit-ulcinj.com\/blog\/2016\/06\/23\/shqiperia-intensifikon-bashkepunimin-parlamentar-malin-e-zi\/","name":"Shqip\u00ebria intensifikon bashk\u00ebpunimin parlamentar me Malin e Zi - Lajme nga Ulqini","isPartOf":{"@id":"https:\/\/www.visit-ulcinj.com\/blog\/#website"},"primaryImageOfPage":{"@id":"https:\/\/www.visit-ulcinj.com\/blog\/2016\/06\/23\/shqiperia-intensifikon-bashkepunimin-parlamentar-malin-e-zi\/#primaryimage"},"datePublished":"2016-06-23T14:26:50+00:00","dateModified":"2016-06-24T06:43:41+00:00","author":{"@id":"https:\/\/www.visit-ulcinj.com\/blog\/#\/schema\/person\/dcab619c614d3038751c63bc2aadc06d"},"description":"Shqip\u00ebria dhe Mali i Zi kan\u00eb konfirmuar marr\u00ebdh\u00ebniet e fqinj\u00ebsis\u00eb s\u00eb mir\u00eb midis tyre dhe ve\u00e7mas bashk\u00ebpunimin parlamentar. Kjo u b\u00eb e ditur gjat\u00eb vizit\u00ebs","breadcrumb":{"@id":"https:\/\/www.visit-ulcinj.com\/blog\/2016\/06\/23\/shqiperia-intensifikon-bashkepunimin-parlamentar-malin-e-zi\/#breadcrumb"},"inLanguage":"en-US","potentialAction":[{"@type":"ReadAction","target":["https:\/\/www.visit-ulcinj.com\/blog\/2016\/06\/23\/shqiperia-intensifikon-bashkepunimin-parlamentar-malin-e-zi\/"]}]},{"@type":"BreadcrumbList","@id":"https:\/\/www.visit-ulcinj.com\/blog\/2016\/06\/23\/shqiperia-intensifikon-bashkepunimin-parlamentar-malin-e-zi\/#breadcrumb","itemListElement":[{"@type":"ListItem","position":1,"name":"Shqip\u00ebria intensifikon bashk\u00ebpunimin parlamentar me Malin e Zi"}]},{"@type":"Person","@id":"https:\/\/www.visit-ulcinj.com\/blog\/#\/schema\/person\/dcab619c614d3038751c63bc2aadc06d","name":"ulqini","sameAs":["http:\/\/www.visit-ulcinj.com"],"url":"https:\/\/www.visit-ulcinj.com\/blog\/author\/admin\/"}]}},"jetpack_featured_media_url":"","jetpack_sharing_enabled":true,"jetpack_shortlink":"https:\/\/wp.me\/pe6lTn-pry","_links":{"self":[{"href":"https:\/\/www.visit-ulcinj.com\/blog\/wp-json\/wp\/v2\/posts\/97808"}],"collection":[{"href":"https:\/\/www.visit-ulcinj.com\/blog\/wp-json\/wp\/v2\/posts"}],"about":[{"href":"https:\/\/www.visit-ulcinj.com\/blog\/wp-json\/wp\/v2\/types\/post"}],"author":[{"embeddable":true,"href":"https:\/\/www.visit-ulcinj.com\/blog\/wp-json\/wp\/v2\/users\/1"}],"replies":[{"embeddable":true,"href":"https:\/\/www.visit-ulcinj.com\/blog\/wp-json\/wp\/v2\/comments?post=97808"}],"version-history":[{"count":3,"href":"https:\/\/www.visit-ulcinj.com\/blog\/wp-json\/wp\/v2\/posts\/97808\/revisions"}],"predecessor-version":[{"id":97845,"href":"https:\/\/www.visit-ulcinj.com\/blog\/wp-json\/wp\/v2\/posts\/97808\/revisions\/97845"}],"wp:attachment":[{"href":"https:\/\/www.visit-ulcinj.com\/blog\/wp-json\/wp\/v2\/media?parent=97808"}],"wp:term":[{"taxonomy":"category","embeddable":true,"href":"https:\/\/www.visit-ulcinj.com\/blog\/wp-json\/wp\/v2\/categories?post=97808"},{"taxonomy":"post_tag","embeddable":true,"href":"https:\/\/www.visit-ulcinj.com\/blog\/wp-json\/wp\/v2\/tags?post=97808"}],"curies":[{"name":"wp","href":"https:\/\/api.w.org\/{rel}","templated":true}]}}