{"id":97811,"date":"2016-06-23T15:29:51","date_gmt":"2016-06-23T14:29:51","guid":{"rendered":"http:\/\/www.visit-ulcinj.com\/blog\/?p=97811"},"modified":"2016-06-23T15:29:51","modified_gmt":"2016-06-23T14:29:51","slug":"gjeloshaj-mali-zi-ne-nato-tirana-te-mos-lejoje-anetaresimin","status":"publish","type":"post","link":"https:\/\/www.visit-ulcinj.com\/blog\/2016\/06\/23\/gjeloshaj-mali-zi-ne-nato-tirana-te-mos-lejoje-anetaresimin\/","title":{"rendered":"Gjeloshaj: Mali i Zi n\u00eb NATO, Tirana t\u00eb mos lejoj\u00eb an\u00ebtar\u00ebsimin"},"content":{"rendered":"<div><strong><a href=\"http:\/\/www.visit-ulcinj.com\/blog\/wp-content\/uploads\/2015\/01\/Nik-Gjeloshaj.jpg\"><img loading=\"lazy\" class=\"alignleft wp-image-88096\" src=\"http:\/\/www.visit-ulcinj.com\/blog\/wp-content\/uploads\/2015\/01\/Nik-Gjeloshaj.jpg\" alt=\"Nik-Gjeloshaj\" width=\"508\" height=\"339\" srcset=\"https:\/\/www.visit-ulcinj.com\/blog\/wp-content\/uploads\/2015\/01\/Nik-Gjeloshaj.jpg 960w, https:\/\/www.visit-ulcinj.com\/blog\/wp-content\/uploads\/2015\/01\/Nik-Gjeloshaj-300x200.jpg 300w\" sizes=\"(max-width: 508px) 100vw, 508px\" \/><\/a>Deputeti i Partis\u00eb Alternativa Shqiptare, Nik Gjeloshaj ka reaguar ashp\u00ebr ndaj publikimit q\u00eb ka b\u00ebr\u00eb koh\u00ebt e fundit Akedemia e Shkenc\u00ebs dhe Arteve n\u00eb Mal t\u00eb Zi, ku shqiptar\u00ebt parqiten si njer\u00ebz agresor\u00eb dhe t\u00eb huaj.<\/strong><\/div>\n<div><span class=\"arial14 linkszi \"><span class=\"arial14 linkszi \">Lidhur me k\u00ebt\u00eb \u00e7\u00ebshtje, q\u00eb p\u00ebr shqiptar\u00ebt n\u00eb Mal t\u00eb Zi \u00ebsht\u00eb shum\u00eb shqet\u00ebsuese, Gjeloshaj ka k\u00ebrkuar q\u00eb Tirana zyrtare t\u2019i b\u00ebj\u00eb presion qeveris\u00eb malazeze duke shtyre votimin e ratifikimit t\u00eb Malit t\u00eb Zi n\u00eb NATO, votim i cili pritet t\u00eb b\u00ebhet dit\u00ebn e enjte.<\/span><\/span>P\u00ebr k\u00ebt\u00eb, ai ka b\u00ebr\u00eb me dije se u ka d\u00ebrguar let\u00ebr gjith\u00eb deputet\u00ebve shqiptar\u00eb dhe \u00ebsht\u00eb shprehur se \u00ebsht\u00eb e papranueshme se si Akademia i prezanton shqiptar\u00ebt, n\u00eb ve\u00e7anti mysliman\u00ebt.<\/p>\n<p>Gjeloshaj ka k\u00ebrkuar q\u00eb Shqip\u00ebria t\u00eb tregohet aktive n\u00eb k\u00ebt\u00eb \u00e7\u00ebshtje dhe ka paralajm\u00ebruar se faktori politik shqiptar do vazhdoj\u00eb t\u00eb p\u00ebrshkall\u00ebzoj\u00eb veprimet.<\/p>\n<p>\/ Top Channel<\/p>\n<\/div>\n","protected":false},"excerpt":{"rendered":"<p>Deputeti i Partis\u00eb Alternativa Shqiptare, Nik Gjeloshaj ka reaguar ashp\u00ebr ndaj publikimit q\u00eb ka b\u00ebr\u00eb koh\u00ebt e fundit Akedemia e Shkenc\u00ebs dhe Arteve n\u00eb Mal t\u00eb Zi, ku shqiptar\u00ebt parqiten si njer\u00ebz agresor\u00eb dhe t\u00eb huaj. Lidhur me k\u00ebt\u00eb \u00e7\u00ebshtje, q\u00eb p\u00ebr shqiptar\u00ebt n\u00eb Mal t\u00eb Zi \u00ebsht\u00eb shum\u00eb shqet\u00ebsuese, Gjeloshaj ka k\u00ebrkuar q\u00eb Tirana [&hellip;]<\/p>\n","protected":false},"author":1,"featured_media":0,"comment_status":"closed","ping_status":"closed","sticky":false,"template":"","format":"standard","meta":{"spay_email":"","jetpack_publicize_message":"","jetpack_is_tweetstorm":false,"jetpack_publicize_feature_enabled":true},"categories":[6950],"tags":[],"jetpack_publicize_connections":[],"yoast_head":"<!-- This site is optimized with the Yoast SEO plugin v19.1 - https:\/\/yoast.com\/wordpress\/plugins\/seo\/ -->\n<title>Gjeloshaj: Mali i Zi n\u00eb NATO, Tirana t\u00eb mos lejoj\u00eb an\u00ebtar\u00ebsimin - Lajme nga Ulqini<\/title>\n<meta name=\"description\" content=\"Deputeti i Partis\u00eb Alternativa Shqiptare, Nik Gjeloshaj ka reaguar ashp\u00ebr ndaj publikimit q\u00eb ka b\u00ebr\u00eb koh\u00ebt e fundit Akedemia e Shkenc\u00ebs dhe Arteve n\u00eb Mal\" \/>\n<meta name=\"robots\" content=\"index, follow, max-snippet:-1, max-image-preview:large, max-video-preview:-1\" \/>\n<link rel=\"canonical\" href=\"https:\/\/www.visit-ulcinj.com\/blog\/2016\/06\/23\/gjeloshaj-mali-zi-ne-nato-tirana-te-mos-lejoje-anetaresimin\/\" \/>\n<meta property=\"og:locale\" content=\"en_US\" \/>\n<meta property=\"og:type\" content=\"article\" \/>\n<meta property=\"og:title\" content=\"Gjeloshaj: Mali i Zi n\u00eb NATO, Tirana t\u00eb mos lejoj\u00eb an\u00ebtar\u00ebsimin - Lajme nga Ulqini\" \/>\n<meta property=\"og:description\" content=\"Deputeti i Partis\u00eb Alternativa Shqiptare, Nik Gjeloshaj ka reaguar ashp\u00ebr ndaj publikimit q\u00eb ka b\u00ebr\u00eb koh\u00ebt e fundit Akedemia e Shkenc\u00ebs dhe Arteve n\u00eb Mal\" \/>\n<meta property=\"og:url\" content=\"https:\/\/www.visit-ulcinj.com\/blog\/2016\/06\/23\/gjeloshaj-mali-zi-ne-nato-tirana-te-mos-lejoje-anetaresimin\/\" \/>\n<meta property=\"og:site_name\" content=\"Lajme nga Ulqini\" \/>\n<meta property=\"article:published_time\" content=\"2016-06-23T14:29:51+00:00\" \/>\n<meta property=\"og:image\" content=\"http:\/\/www.visit-ulcinj.com\/blog\/wp-content\/uploads\/2015\/01\/Nik-Gjeloshaj.jpg\" \/>\n<meta name=\"twitter:label1\" content=\"Written by\" \/>\n\t<meta name=\"twitter:data1\" content=\"ulqini\" \/>\n\t<meta name=\"twitter:label2\" content=\"Est. reading time\" \/>\n\t<meta name=\"twitter:data2\" content=\"1 minute\" \/>\n<script type=\"application\/ld+json\" class=\"yoast-schema-graph\">{\"@context\":\"https:\/\/schema.org\",\"@graph\":[{\"@type\":\"WebSite\",\"@id\":\"https:\/\/www.visit-ulcinj.com\/blog\/#website\",\"url\":\"https:\/\/www.visit-ulcinj.com\/blog\/\",\"name\":\"Lajme nga Ulqini\",\"description\":\"Lajme,Vijesti,Ulqini,Ulqin,Crna Gora,Mali i Zi\",\"potentialAction\":[{\"@type\":\"SearchAction\",\"target\":{\"@type\":\"EntryPoint\",\"urlTemplate\":\"https:\/\/www.visit-ulcinj.com\/blog\/?s={search_term_string}\"},\"query-input\":\"required name=search_term_string\"}],\"inLanguage\":\"en-US\"},{\"@type\":\"ImageObject\",\"inLanguage\":\"en-US\",\"@id\":\"https:\/\/www.visit-ulcinj.com\/blog\/2016\/06\/23\/gjeloshaj-mali-zi-ne-nato-tirana-te-mos-lejoje-anetaresimin\/#primaryimage\",\"url\":\"https:\/\/www.visit-ulcinj.com\/blog\/wp-content\/uploads\/2015\/01\/Nik-Gjeloshaj.jpg\",\"contentUrl\":\"https:\/\/www.visit-ulcinj.com\/blog\/wp-content\/uploads\/2015\/01\/Nik-Gjeloshaj.jpg\",\"width\":960,\"height\":640},{\"@type\":\"WebPage\",\"@id\":\"https:\/\/www.visit-ulcinj.com\/blog\/2016\/06\/23\/gjeloshaj-mali-zi-ne-nato-tirana-te-mos-lejoje-anetaresimin\/#webpage\",\"url\":\"https:\/\/www.visit-ulcinj.com\/blog\/2016\/06\/23\/gjeloshaj-mali-zi-ne-nato-tirana-te-mos-lejoje-anetaresimin\/\",\"name\":\"Gjeloshaj: Mali i Zi n\u00eb NATO, Tirana t\u00eb mos lejoj\u00eb an\u00ebtar\u00ebsimin - Lajme nga Ulqini\",\"isPartOf\":{\"@id\":\"https:\/\/www.visit-ulcinj.com\/blog\/#website\"},\"primaryImageOfPage\":{\"@id\":\"https:\/\/www.visit-ulcinj.com\/blog\/2016\/06\/23\/gjeloshaj-mali-zi-ne-nato-tirana-te-mos-lejoje-anetaresimin\/#primaryimage\"},\"datePublished\":\"2016-06-23T14:29:51+00:00\",\"dateModified\":\"2016-06-23T14:29:51+00:00\",\"author\":{\"@id\":\"https:\/\/www.visit-ulcinj.com\/blog\/#\/schema\/person\/dcab619c614d3038751c63bc2aadc06d\"},\"description\":\"Deputeti i Partis\u00eb Alternativa Shqiptare, Nik Gjeloshaj ka reaguar ashp\u00ebr ndaj publikimit q\u00eb ka b\u00ebr\u00eb koh\u00ebt e fundit Akedemia e Shkenc\u00ebs dhe Arteve n\u00eb Mal\",\"breadcrumb\":{\"@id\":\"https:\/\/www.visit-ulcinj.com\/blog\/2016\/06\/23\/gjeloshaj-mali-zi-ne-nato-tirana-te-mos-lejoje-anetaresimin\/#breadcrumb\"},\"inLanguage\":\"en-US\",\"potentialAction\":[{\"@type\":\"ReadAction\",\"target\":[\"https:\/\/www.visit-ulcinj.com\/blog\/2016\/06\/23\/gjeloshaj-mali-zi-ne-nato-tirana-te-mos-lejoje-anetaresimin\/\"]}]},{\"@type\":\"BreadcrumbList\",\"@id\":\"https:\/\/www.visit-ulcinj.com\/blog\/2016\/06\/23\/gjeloshaj-mali-zi-ne-nato-tirana-te-mos-lejoje-anetaresimin\/#breadcrumb\",\"itemListElement\":[{\"@type\":\"ListItem\",\"position\":1,\"name\":\"Gjeloshaj: Mali i Zi n\u00eb NATO, Tirana t\u00eb mos lejoj\u00eb an\u00ebtar\u00ebsimin\"}]},{\"@type\":\"Person\",\"@id\":\"https:\/\/www.visit-ulcinj.com\/blog\/#\/schema\/person\/dcab619c614d3038751c63bc2aadc06d\",\"name\":\"ulqini\",\"sameAs\":[\"http:\/\/www.visit-ulcinj.com\"],\"url\":\"https:\/\/www.visit-ulcinj.com\/blog\/author\/admin\/\"}]}<\/script>\n<!-- \/ Yoast SEO plugin. -->","yoast_head_json":{"title":"Gjeloshaj: Mali i Zi n\u00eb NATO, Tirana t\u00eb mos lejoj\u00eb an\u00ebtar\u00ebsimin - Lajme nga Ulqini","description":"Deputeti i Partis\u00eb Alternativa Shqiptare, Nik Gjeloshaj ka reaguar ashp\u00ebr ndaj publikimit q\u00eb ka b\u00ebr\u00eb koh\u00ebt e fundit Akedemia e Shkenc\u00ebs dhe Arteve n\u00eb Mal","robots":{"index":"index","follow":"follow","max-snippet":"max-snippet:-1","max-image-preview":"max-image-preview:large","max-video-preview":"max-video-preview:-1"},"canonical":"https:\/\/www.visit-ulcinj.com\/blog\/2016\/06\/23\/gjeloshaj-mali-zi-ne-nato-tirana-te-mos-lejoje-anetaresimin\/","og_locale":"en_US","og_type":"article","og_title":"Gjeloshaj: Mali i Zi n\u00eb NATO, Tirana t\u00eb mos lejoj\u00eb an\u00ebtar\u00ebsimin - Lajme nga Ulqini","og_description":"Deputeti i Partis\u00eb Alternativa Shqiptare, Nik Gjeloshaj ka reaguar ashp\u00ebr ndaj publikimit q\u00eb ka b\u00ebr\u00eb koh\u00ebt e fundit Akedemia e Shkenc\u00ebs dhe Arteve n\u00eb Mal","og_url":"https:\/\/www.visit-ulcinj.com\/blog\/2016\/06\/23\/gjeloshaj-mali-zi-ne-nato-tirana-te-mos-lejoje-anetaresimin\/","og_site_name":"Lajme nga Ulqini","article_published_time":"2016-06-23T14:29:51+00:00","og_image":[{"url":"http:\/\/www.visit-ulcinj.com\/blog\/wp-content\/uploads\/2015\/01\/Nik-Gjeloshaj.jpg"}],"twitter_misc":{"Written by":"ulqini","Est. reading time":"1 minute"},"schema":{"@context":"https:\/\/schema.org","@graph":[{"@type":"WebSite","@id":"https:\/\/www.visit-ulcinj.com\/blog\/#website","url":"https:\/\/www.visit-ulcinj.com\/blog\/","name":"Lajme nga Ulqini","description":"Lajme,Vijesti,Ulqini,Ulqin,Crna Gora,Mali i Zi","potentialAction":[{"@type":"SearchAction","target":{"@type":"EntryPoint","urlTemplate":"https:\/\/www.visit-ulcinj.com\/blog\/?s={search_term_string}"},"query-input":"required name=search_term_string"}],"inLanguage":"en-US"},{"@type":"ImageObject","inLanguage":"en-US","@id":"https:\/\/www.visit-ulcinj.com\/blog\/2016\/06\/23\/gjeloshaj-mali-zi-ne-nato-tirana-te-mos-lejoje-anetaresimin\/#primaryimage","url":"https:\/\/www.visit-ulcinj.com\/blog\/wp-content\/uploads\/2015\/01\/Nik-Gjeloshaj.jpg","contentUrl":"https:\/\/www.visit-ulcinj.com\/blog\/wp-content\/uploads\/2015\/01\/Nik-Gjeloshaj.jpg","width":960,"height":640},{"@type":"WebPage","@id":"https:\/\/www.visit-ulcinj.com\/blog\/2016\/06\/23\/gjeloshaj-mali-zi-ne-nato-tirana-te-mos-lejoje-anetaresimin\/#webpage","url":"https:\/\/www.visit-ulcinj.com\/blog\/2016\/06\/23\/gjeloshaj-mali-zi-ne-nato-tirana-te-mos-lejoje-anetaresimin\/","name":"Gjeloshaj: Mali i Zi n\u00eb NATO, Tirana t\u00eb mos lejoj\u00eb an\u00ebtar\u00ebsimin - Lajme nga Ulqini","isPartOf":{"@id":"https:\/\/www.visit-ulcinj.com\/blog\/#website"},"primaryImageOfPage":{"@id":"https:\/\/www.visit-ulcinj.com\/blog\/2016\/06\/23\/gjeloshaj-mali-zi-ne-nato-tirana-te-mos-lejoje-anetaresimin\/#primaryimage"},"datePublished":"2016-06-23T14:29:51+00:00","dateModified":"2016-06-23T14:29:51+00:00","author":{"@id":"https:\/\/www.visit-ulcinj.com\/blog\/#\/schema\/person\/dcab619c614d3038751c63bc2aadc06d"},"description":"Deputeti i Partis\u00eb Alternativa Shqiptare, Nik Gjeloshaj ka reaguar ashp\u00ebr ndaj publikimit q\u00eb ka b\u00ebr\u00eb koh\u00ebt e fundit Akedemia e Shkenc\u00ebs dhe Arteve n\u00eb Mal","breadcrumb":{"@id":"https:\/\/www.visit-ulcinj.com\/blog\/2016\/06\/23\/gjeloshaj-mali-zi-ne-nato-tirana-te-mos-lejoje-anetaresimin\/#breadcrumb"},"inLanguage":"en-US","potentialAction":[{"@type":"ReadAction","target":["https:\/\/www.visit-ulcinj.com\/blog\/2016\/06\/23\/gjeloshaj-mali-zi-ne-nato-tirana-te-mos-lejoje-anetaresimin\/"]}]},{"@type":"BreadcrumbList","@id":"https:\/\/www.visit-ulcinj.com\/blog\/2016\/06\/23\/gjeloshaj-mali-zi-ne-nato-tirana-te-mos-lejoje-anetaresimin\/#breadcrumb","itemListElement":[{"@type":"ListItem","position":1,"name":"Gjeloshaj: Mali i Zi n\u00eb NATO, Tirana t\u00eb mos lejoj\u00eb an\u00ebtar\u00ebsimin"}]},{"@type":"Person","@id":"https:\/\/www.visit-ulcinj.com\/blog\/#\/schema\/person\/dcab619c614d3038751c63bc2aadc06d","name":"ulqini","sameAs":["http:\/\/www.visit-ulcinj.com"],"url":"https:\/\/www.visit-ulcinj.com\/blog\/author\/admin\/"}]}},"jetpack_featured_media_url":"","jetpack_sharing_enabled":true,"jetpack_shortlink":"https:\/\/wp.me\/pe6lTn-prB","_links":{"self":[{"href":"https:\/\/www.visit-ulcinj.com\/blog\/wp-json\/wp\/v2\/posts\/97811"}],"collection":[{"href":"https:\/\/www.visit-ulcinj.com\/blog\/wp-json\/wp\/v2\/posts"}],"about":[{"href":"https:\/\/www.visit-ulcinj.com\/blog\/wp-json\/wp\/v2\/types\/post"}],"author":[{"embeddable":true,"href":"https:\/\/www.visit-ulcinj.com\/blog\/wp-json\/wp\/v2\/users\/1"}],"replies":[{"embeddable":true,"href":"https:\/\/www.visit-ulcinj.com\/blog\/wp-json\/wp\/v2\/comments?post=97811"}],"version-history":[{"count":1,"href":"https:\/\/www.visit-ulcinj.com\/blog\/wp-json\/wp\/v2\/posts\/97811\/revisions"}],"predecessor-version":[{"id":97812,"href":"https:\/\/www.visit-ulcinj.com\/blog\/wp-json\/wp\/v2\/posts\/97811\/revisions\/97812"}],"wp:attachment":[{"href":"https:\/\/www.visit-ulcinj.com\/blog\/wp-json\/wp\/v2\/media?parent=97811"}],"wp:term":[{"taxonomy":"category","embeddable":true,"href":"https:\/\/www.visit-ulcinj.com\/blog\/wp-json\/wp\/v2\/categories?post=97811"},{"taxonomy":"post_tag","embeddable":true,"href":"https:\/\/www.visit-ulcinj.com\/blog\/wp-json\/wp\/v2\/tags?post=97811"}],"curies":[{"name":"wp","href":"https:\/\/api.w.org\/{rel}","templated":true}]}}