{"id":97825,"date":"2016-06-23T20:23:14","date_gmt":"2016-06-23T19:23:14","guid":{"rendered":"http:\/\/www.visit-ulcinj.com\/blog\/?p=97825"},"modified":"2016-06-23T20:23:59","modified_gmt":"2016-06-23T19:23:59","slug":"pajovic-uskoro-albanski-jezik-u-cg-parlamentu","status":"publish","type":"post","link":"https:\/\/www.visit-ulcinj.com\/blog\/2016\/06\/23\/pajovic-uskoro-albanski-jezik-u-cg-parlamentu\/","title":{"rendered":"Pajovic: Uskoro i albanski jezik u CG parlamentu"},"content":{"rendered":"<p><strong><a href=\"http:\/\/www.visit-ulcinj.com\/blog\/wp-content\/uploads\/2016\/06\/Meta-Pajovic.jpg\"><img loading=\"lazy\" class=\"alignleft wp-image-97826\" src=\"http:\/\/www.visit-ulcinj.com\/blog\/wp-content\/uploads\/2016\/06\/Meta-Pajovic.jpg\" alt=\"Meta-Pajovic\" width=\"508\" height=\"362\" srcset=\"https:\/\/www.visit-ulcinj.com\/blog\/wp-content\/uploads\/2016\/06\/Meta-Pajovic.jpg 673w, https:\/\/www.visit-ulcinj.com\/blog\/wp-content\/uploads\/2016\/06\/Meta-Pajovic-300x214.jpg 300w\" sizes=\"(max-width: 508px) 100vw, 508px\" \/><\/a>Predsjednik Skup\u0161tine Darko Pajovi\u0107, u razgovorima sa dr\u017eavnim \u010delnicima Albanije, u Tirani najavio da \u0107e crnogorski parlament pozitivno odgovoriti na inicijativu poslanika albanskih nacionalnih partija \u2013 da se poslanicima albanske nacionalnosti u Skup\u0161tini Crne Gore omogu\u0107i upotreba maternjeg jezika. Pajovi\u0107 se danas, nakon prisustva sjednici parlamenta u Tirani, na kojoj je ratifikovan Protokol o pristupanju na\u0161e zemlje NATO-u, sastao sa kolegom, Ilirom Metom, albanskim premijerom Edijem Ramom i predsjednikom Bujarom Ni\u0161anijem. <\/strong><\/p>\n<p>Albanski zvani\u010dnici \u010destitali su Pajovi\u0107u izbor na jednu od najva\u017enijih i najodgovornijih pozicija u dr\u017eavi i po\u017eeljeli mu uspjeh u radu. Tako\u0111e,<\/p>\n<p>Pajovi\u0107 i njegovi albanski sagovornici izrazili su zadovoljstvo odli\u010dnim dobrosusjedskim odnosima koje pro\u017eimaju uzajamno pomaganje, povjerenje i uva\u017eavanje, te dogovorili naredne aktivnosti koje \u0107e dodatno produbiti i obogatiti odnose Crne Gore i Albanije, saop\u0161teno je iz Skup\u0161tine Crne Gore.<\/p>\n<p>Pajovi\u0107 je pozvao Metu da posjeti Crnu Goru, a dogovoreno je i intenziviranje saradnje Odbora za me\u0111unarodne odnose dva parlamenta, posebno iz oblasti pristupanja EU, gdje crnogorska iskustva mogu biti od velikog zna\u010daja za Albaniju koja se nada skorijem otvaranju pregovora.<\/p>\n<p><strong>Rama: Albanski u CG parlamentu pokazuje veliko po\u0161tovanje <\/strong><\/p>\n<p><a href=\"http:\/\/www.visit-ulcinj.com\/blog\/wp-content\/uploads\/2016\/06\/Rama-Pajovic.jpg\"><img loading=\"lazy\" class=\"alignleft wp-image-97827\" src=\"http:\/\/www.visit-ulcinj.com\/blog\/wp-content\/uploads\/2016\/06\/Rama-Pajovic.jpg\" alt=\"Rama-Pajovic\" width=\"508\" height=\"354\" srcset=\"https:\/\/www.visit-ulcinj.com\/blog\/wp-content\/uploads\/2016\/06\/Rama-Pajovic.jpg 689w, https:\/\/www.visit-ulcinj.com\/blog\/wp-content\/uploads\/2016\/06\/Rama-Pajovic-300x209.jpg 300w\" sizes=\"(max-width: 508px) 100vw, 508px\" \/><\/a><\/p>\n<p>Pajovi\u0107 je, kako je saop\u0161teno, zahvalio albanskom premijeru Ediju Rami na kontinuiranoj podr\u0161ci Albanije u procesu na\u0161eg pristupanja NATO-u, istakav\u0161i da je podr\u0161ka susjeda dodatni podsticaj u integrativnim evropskim i evroatlantskim procesima.<\/p>\n<p>\u201ePajovi\u0107 je izrazio nadu da \u0107e Albanija, u \u0161to skorijem periodu, dobiti zeleno svjetlo od EU za otvaranje pregovora, jer pristupni pregovori donose nove odgovornosti, ali i podstrek za dinamiziranje evropskog integracijskog cilja. Pajovi\u0107 istakao da \u0107e Crna Gora, kao dobar kom\u0161ija i prijatelj, da podijeli svoja iskustva iz procesa vo\u0111enja pregovora sa EU, imaju\u0107i u vidu da je Crna Gora duboko zakora\u010dila u proces pregovora\u201c, navodi se u saop\u0161tenju.<\/p>\n<p>Rama je istakao da se posjeta Pajovi\u0107a doga\u0111a u jednom va\u017enom periodu, kako za na\u0161e dvije dr\u017eave, tako i za Sjevernoatlanski savez.<\/p>\n<p>\u201eNaglasio da \u0107e Albanija, kao veliki prijatelj i dobar susjed, dana\u0161njom ratifikacijom Protokola o pristupanju Crne Gore NATO-u poslati poruku i ostalim partnerima da u \u0161to skorijem periodu zavr\u0161e interne procedure ratifikacije, jer \u010dlanstvom Crne Gore u NATO ne dobijaju samo Crna Gora i region, ve\u0107 i cijela Alijansa\u201c, saop\u0161teno je nakon razgovora<\/p>\n<p><a href=\"http:\/\/www.visit-ulcinj.com\/blog\/wp-content\/uploads\/2016\/06\/Pajovic-Rama.jpg\"><img loading=\"lazy\" class=\"alignleft wp-image-97828\" src=\"http:\/\/www.visit-ulcinj.com\/blog\/wp-content\/uploads\/2016\/06\/Pajovic-Rama.jpg\" alt=\"Pajovic-Rama\" width=\"508\" height=\"373\" srcset=\"https:\/\/www.visit-ulcinj.com\/blog\/wp-content\/uploads\/2016\/06\/Pajovic-Rama.jpg 654w, https:\/\/www.visit-ulcinj.com\/blog\/wp-content\/uploads\/2016\/06\/Pajovic-Rama-300x220.jpg 300w\" sizes=\"(max-width: 508px) 100vw, 508px\" \/><\/a><\/p>\n<p>Isti\u010du\u0107i bliskost dvije dr\u017eave, Rama je izrazio posebno zadovoljstvo informacijom da \u0107e uskoro poslanicima albanskog porijekla u Skup\u0161tini Crne Gore omogu\u0107iti stalna komunikacija na maternjem jeziku.<\/p>\n<p>\u201eNaglasio da je to mo\u017eda mala tehni\u010dka stvar, koja ukazuje veliko po\u0161tovanje, a da \u0107e gra\u0111ani na\u0161e dvije dr\u017eave \u201eizme\u0111u po\u0161tovanja i hljeba, prije izabrati po\u0161tovanje\u201c, navodi se u saop\u0161tenju.<\/p>\n<p>Pajovi\u0107 i Rama saglasni su da Crna Gora i Albanija dijele zajedni\u010dku kulturu, istoriju, vrijednosti i me\u0111usobno povjerenje, te da postoji odli\u010dna osnova za dalje i produbljenije razvijanje odli\u010dnih bilaterlanih odnosa. Istaknuto je da su mogu\u0107nosti unaprje\u0111enja saradnje posebno velike u oblasti ekonomije i odr\u017eivog razvoja, odnosno zajedni\u010dkim odr\u017eivim projektima u oblasti Skadarskog jezera, rijeke Bojane i Prokletija.<\/p>\n<p><strong>Ni\u0161ani: Albanija, prva susjedna dr\u017eava koja je ratifikovala protokol <\/strong><\/p>\n<p><a href=\"http:\/\/www.visit-ulcinj.com\/blog\/wp-content\/uploads\/2016\/06\/Nishani-Pajoviq-Peroviq.jpg\"><img loading=\"lazy\" class=\"alignleft wp-image-97822\" src=\"http:\/\/www.visit-ulcinj.com\/blog\/wp-content\/uploads\/2016\/06\/Nishani-Pajoviq-Peroviq.jpg\" alt=\"Nishani-Pajoviq-Peroviq\" width=\"508\" height=\"363\" srcset=\"https:\/\/www.visit-ulcinj.com\/blog\/wp-content\/uploads\/2016\/06\/Nishani-Pajoviq-Peroviq.jpg 854w, https:\/\/www.visit-ulcinj.com\/blog\/wp-content\/uploads\/2016\/06\/Nishani-Pajoviq-Peroviq-300x215.jpg 300w, https:\/\/www.visit-ulcinj.com\/blog\/wp-content\/uploads\/2016\/06\/Nishani-Pajoviq-Peroviq-768x549.jpg 768w\" sizes=\"(max-width: 508px) 100vw, 508px\" \/><\/a><\/p>\n<p>Pajovi\u0107 se sastao i sa predsjednikom Albanije Bujarom Ni\u0161anijem i zahvalio na podr\u0161ci Albanije u procesu pristupanja Crne Gore NATO-u.<\/p>\n<p>\u201ePajovi\u0107 je istakao da je stupanjem na du\u017enost predsjednika Skup\u0161tine preuzeo veliku odgovornost, ali i obavezu kontinuiteta i dodatnog unapre\u0111enja dobrih bilateralnih odnosa izme\u0111u dvije dr\u017eave. Kao posebno pogodne oblasti, koje su od zna\u010daja za \u017eivot gra\u0111ana dvije dr\u017eave, ali i ja\u010danje me\u0111usobnog povjerenja, Pajovi\u0107 istakao oblasti ekonomije, s posebnim naglaskom na projekte odr\u017eivog razvoja i valorizacije prirodnih bogatstava koje Crna Gora i Albanija dijele prije svega u pograni\u010dnoj oblasti\u201c, saop\u0161tili su iz Skup\u0161tine.<\/p>\n<p><a href=\"http:\/\/www.visit-ulcinj.com\/blog\/wp-content\/uploads\/2016\/06\/Nishani-Pajoviq-Tirana.jpg\"><img loading=\"lazy\" class=\"alignleft wp-image-97823\" src=\"http:\/\/www.visit-ulcinj.com\/blog\/wp-content\/uploads\/2016\/06\/Nishani-Pajoviq-Tirana.jpg\" alt=\"Nishani-Pajoviq-Tirana\" width=\"508\" height=\"337\" srcset=\"https:\/\/www.visit-ulcinj.com\/blog\/wp-content\/uploads\/2016\/06\/Nishani-Pajoviq-Tirana.jpg 920w, https:\/\/www.visit-ulcinj.com\/blog\/wp-content\/uploads\/2016\/06\/Nishani-Pajoviq-Tirana-300x199.jpg 300w, https:\/\/www.visit-ulcinj.com\/blog\/wp-content\/uploads\/2016\/06\/Nishani-Pajoviq-Tirana-768x510.jpg 768w\" sizes=\"(max-width: 508px) 100vw, 508px\" \/><\/a><\/p>\n<p>Predsjednik Ni\u0161ani je, kako se navodi, istakao da je posebno zadovoljan \u0161to je Albanija prva susjedna dr\u017eava koja je ratifikovala Protokol o pristupanju Crne Gore NATO-u.<\/p>\n<p>U crnogorskoj delegaciji, pored Pajovi\u0107a, na sastancima i zasijedanju albanskog parlamenta, bili su i predsjednik Odbora za me\u0111unarodne odnose i iseljenike Miodrag Vukovi\u0107 i ambasador Crne Gore u Tirani Ferhat Dino\u0161a.<\/p>\n<p><strong>Izvor: RTCG<\/strong><\/p>\n","protected":false},"excerpt":{"rendered":"<p>Predsjednik Skup\u0161tine Darko Pajovi\u0107, u razgovorima sa dr\u017eavnim \u010delnicima Albanije, u Tirani najavio da \u0107e crnogorski parlament pozitivno odgovoriti na inicijativu poslanika albanskih nacionalnih partija \u2013 da se poslanicima albanske nacionalnosti u Skup\u0161tini Crne Gore omogu\u0107i upotreba maternjeg jezika. Pajovi\u0107 se danas, nakon prisustva sjednici parlamenta u Tirani, na kojoj je ratifikovan Protokol o pristupanju [&hellip;]<\/p>\n","protected":false},"author":1,"featured_media":0,"comment_status":"closed","ping_status":"closed","sticky":false,"template":"","format":"standard","meta":{"spay_email":"","jetpack_publicize_message":"","jetpack_is_tweetstorm":false,"jetpack_publicize_feature_enabled":true},"categories":[8337],"tags":[],"jetpack_publicize_connections":[],"yoast_head":"<!-- This site is optimized with the Yoast SEO plugin v19.1 - https:\/\/yoast.com\/wordpress\/plugins\/seo\/ -->\n<title>Pajovic: Uskoro i albanski jezik u CG parlamentu - Lajme nga Ulqini<\/title>\n<meta name=\"description\" content=\"Predsjednik Skup\u0161tine Darko Pajovi\u0107, u razgovorima sa dr\u017eavnim \u010delnicima Albanije, u Tirani najavio da \u0107e crnogorski parlament pozitivno odgovoriti na\" \/>\n<meta name=\"robots\" content=\"index, follow, max-snippet:-1, max-image-preview:large, max-video-preview:-1\" \/>\n<link rel=\"canonical\" href=\"https:\/\/www.visit-ulcinj.com\/blog\/2016\/06\/23\/pajovic-uskoro-albanski-jezik-u-cg-parlamentu\/\" \/>\n<meta property=\"og:locale\" content=\"en_US\" \/>\n<meta property=\"og:type\" content=\"article\" \/>\n<meta property=\"og:title\" content=\"Pajovic: Uskoro i albanski jezik u CG parlamentu - Lajme nga Ulqini\" \/>\n<meta property=\"og:description\" content=\"Predsjednik Skup\u0161tine Darko Pajovi\u0107, u razgovorima sa dr\u017eavnim \u010delnicima Albanije, u Tirani najavio da \u0107e crnogorski parlament pozitivno odgovoriti na\" \/>\n<meta property=\"og:url\" content=\"https:\/\/www.visit-ulcinj.com\/blog\/2016\/06\/23\/pajovic-uskoro-albanski-jezik-u-cg-parlamentu\/\" \/>\n<meta property=\"og:site_name\" content=\"Lajme nga Ulqini\" \/>\n<meta property=\"article:published_time\" content=\"2016-06-23T19:23:14+00:00\" \/>\n<meta property=\"article:modified_time\" content=\"2016-06-23T19:23:59+00:00\" \/>\n<meta property=\"og:image\" content=\"http:\/\/www.visit-ulcinj.com\/blog\/wp-content\/uploads\/2016\/06\/Meta-Pajovic.jpg\" \/>\n<meta name=\"twitter:label1\" content=\"Written by\" \/>\n\t<meta name=\"twitter:data1\" content=\"ulqini\" \/>\n\t<meta name=\"twitter:label2\" content=\"Est. reading time\" \/>\n\t<meta name=\"twitter:data2\" content=\"4 minutes\" \/>\n<script type=\"application\/ld+json\" class=\"yoast-schema-graph\">{\"@context\":\"https:\/\/schema.org\",\"@graph\":[{\"@type\":\"WebSite\",\"@id\":\"https:\/\/www.visit-ulcinj.com\/blog\/#website\",\"url\":\"https:\/\/www.visit-ulcinj.com\/blog\/\",\"name\":\"Lajme nga Ulqini\",\"description\":\"Lajme,Vijesti,Ulqini,Ulqin,Crna Gora,Mali i Zi\",\"potentialAction\":[{\"@type\":\"SearchAction\",\"target\":{\"@type\":\"EntryPoint\",\"urlTemplate\":\"https:\/\/www.visit-ulcinj.com\/blog\/?s={search_term_string}\"},\"query-input\":\"required name=search_term_string\"}],\"inLanguage\":\"en-US\"},{\"@type\":\"ImageObject\",\"inLanguage\":\"en-US\",\"@id\":\"https:\/\/www.visit-ulcinj.com\/blog\/2016\/06\/23\/pajovic-uskoro-albanski-jezik-u-cg-parlamentu\/#primaryimage\",\"url\":\"https:\/\/www.visit-ulcinj.com\/blog\/wp-content\/uploads\/2016\/06\/Meta-Pajovic.jpg\",\"contentUrl\":\"https:\/\/www.visit-ulcinj.com\/blog\/wp-content\/uploads\/2016\/06\/Meta-Pajovic.jpg\",\"width\":673,\"height\":480},{\"@type\":\"WebPage\",\"@id\":\"https:\/\/www.visit-ulcinj.com\/blog\/2016\/06\/23\/pajovic-uskoro-albanski-jezik-u-cg-parlamentu\/#webpage\",\"url\":\"https:\/\/www.visit-ulcinj.com\/blog\/2016\/06\/23\/pajovic-uskoro-albanski-jezik-u-cg-parlamentu\/\",\"name\":\"Pajovic: Uskoro i albanski jezik u CG parlamentu - Lajme nga Ulqini\",\"isPartOf\":{\"@id\":\"https:\/\/www.visit-ulcinj.com\/blog\/#website\"},\"primaryImageOfPage\":{\"@id\":\"https:\/\/www.visit-ulcinj.com\/blog\/2016\/06\/23\/pajovic-uskoro-albanski-jezik-u-cg-parlamentu\/#primaryimage\"},\"datePublished\":\"2016-06-23T19:23:14+00:00\",\"dateModified\":\"2016-06-23T19:23:59+00:00\",\"author\":{\"@id\":\"https:\/\/www.visit-ulcinj.com\/blog\/#\/schema\/person\/dcab619c614d3038751c63bc2aadc06d\"},\"description\":\"Predsjednik Skup\u0161tine Darko Pajovi\u0107, u razgovorima sa dr\u017eavnim \u010delnicima Albanije, u Tirani najavio da \u0107e crnogorski parlament pozitivno odgovoriti na\",\"breadcrumb\":{\"@id\":\"https:\/\/www.visit-ulcinj.com\/blog\/2016\/06\/23\/pajovic-uskoro-albanski-jezik-u-cg-parlamentu\/#breadcrumb\"},\"inLanguage\":\"en-US\",\"potentialAction\":[{\"@type\":\"ReadAction\",\"target\":[\"https:\/\/www.visit-ulcinj.com\/blog\/2016\/06\/23\/pajovic-uskoro-albanski-jezik-u-cg-parlamentu\/\"]}]},{\"@type\":\"BreadcrumbList\",\"@id\":\"https:\/\/www.visit-ulcinj.com\/blog\/2016\/06\/23\/pajovic-uskoro-albanski-jezik-u-cg-parlamentu\/#breadcrumb\",\"itemListElement\":[{\"@type\":\"ListItem\",\"position\":1,\"name\":\"Pajovic: Uskoro i albanski jezik u CG parlamentu\"}]},{\"@type\":\"Person\",\"@id\":\"https:\/\/www.visit-ulcinj.com\/blog\/#\/schema\/person\/dcab619c614d3038751c63bc2aadc06d\",\"name\":\"ulqini\",\"sameAs\":[\"http:\/\/www.visit-ulcinj.com\"],\"url\":\"https:\/\/www.visit-ulcinj.com\/blog\/author\/admin\/\"}]}<\/script>\n<!-- \/ Yoast SEO plugin. -->","yoast_head_json":{"title":"Pajovic: Uskoro i albanski jezik u CG parlamentu - Lajme nga Ulqini","description":"Predsjednik Skup\u0161tine Darko Pajovi\u0107, u razgovorima sa dr\u017eavnim \u010delnicima Albanije, u Tirani najavio da \u0107e crnogorski parlament pozitivno odgovoriti na","robots":{"index":"index","follow":"follow","max-snippet":"max-snippet:-1","max-image-preview":"max-image-preview:large","max-video-preview":"max-video-preview:-1"},"canonical":"https:\/\/www.visit-ulcinj.com\/blog\/2016\/06\/23\/pajovic-uskoro-albanski-jezik-u-cg-parlamentu\/","og_locale":"en_US","og_type":"article","og_title":"Pajovic: Uskoro i albanski jezik u CG parlamentu - Lajme nga Ulqini","og_description":"Predsjednik Skup\u0161tine Darko Pajovi\u0107, u razgovorima sa dr\u017eavnim \u010delnicima Albanije, u Tirani najavio da \u0107e crnogorski parlament pozitivno odgovoriti na","og_url":"https:\/\/www.visit-ulcinj.com\/blog\/2016\/06\/23\/pajovic-uskoro-albanski-jezik-u-cg-parlamentu\/","og_site_name":"Lajme nga Ulqini","article_published_time":"2016-06-23T19:23:14+00:00","article_modified_time":"2016-06-23T19:23:59+00:00","og_image":[{"url":"http:\/\/www.visit-ulcinj.com\/blog\/wp-content\/uploads\/2016\/06\/Meta-Pajovic.jpg"}],"twitter_misc":{"Written by":"ulqini","Est. reading time":"4 minutes"},"schema":{"@context":"https:\/\/schema.org","@graph":[{"@type":"WebSite","@id":"https:\/\/www.visit-ulcinj.com\/blog\/#website","url":"https:\/\/www.visit-ulcinj.com\/blog\/","name":"Lajme nga Ulqini","description":"Lajme,Vijesti,Ulqini,Ulqin,Crna Gora,Mali i Zi","potentialAction":[{"@type":"SearchAction","target":{"@type":"EntryPoint","urlTemplate":"https:\/\/www.visit-ulcinj.com\/blog\/?s={search_term_string}"},"query-input":"required name=search_term_string"}],"inLanguage":"en-US"},{"@type":"ImageObject","inLanguage":"en-US","@id":"https:\/\/www.visit-ulcinj.com\/blog\/2016\/06\/23\/pajovic-uskoro-albanski-jezik-u-cg-parlamentu\/#primaryimage","url":"https:\/\/www.visit-ulcinj.com\/blog\/wp-content\/uploads\/2016\/06\/Meta-Pajovic.jpg","contentUrl":"https:\/\/www.visit-ulcinj.com\/blog\/wp-content\/uploads\/2016\/06\/Meta-Pajovic.jpg","width":673,"height":480},{"@type":"WebPage","@id":"https:\/\/www.visit-ulcinj.com\/blog\/2016\/06\/23\/pajovic-uskoro-albanski-jezik-u-cg-parlamentu\/#webpage","url":"https:\/\/www.visit-ulcinj.com\/blog\/2016\/06\/23\/pajovic-uskoro-albanski-jezik-u-cg-parlamentu\/","name":"Pajovic: Uskoro i albanski jezik u CG parlamentu - Lajme nga Ulqini","isPartOf":{"@id":"https:\/\/www.visit-ulcinj.com\/blog\/#website"},"primaryImageOfPage":{"@id":"https:\/\/www.visit-ulcinj.com\/blog\/2016\/06\/23\/pajovic-uskoro-albanski-jezik-u-cg-parlamentu\/#primaryimage"},"datePublished":"2016-06-23T19:23:14+00:00","dateModified":"2016-06-23T19:23:59+00:00","author":{"@id":"https:\/\/www.visit-ulcinj.com\/blog\/#\/schema\/person\/dcab619c614d3038751c63bc2aadc06d"},"description":"Predsjednik Skup\u0161tine Darko Pajovi\u0107, u razgovorima sa dr\u017eavnim \u010delnicima Albanije, u Tirani najavio da \u0107e crnogorski parlament pozitivno odgovoriti na","breadcrumb":{"@id":"https:\/\/www.visit-ulcinj.com\/blog\/2016\/06\/23\/pajovic-uskoro-albanski-jezik-u-cg-parlamentu\/#breadcrumb"},"inLanguage":"en-US","potentialAction":[{"@type":"ReadAction","target":["https:\/\/www.visit-ulcinj.com\/blog\/2016\/06\/23\/pajovic-uskoro-albanski-jezik-u-cg-parlamentu\/"]}]},{"@type":"BreadcrumbList","@id":"https:\/\/www.visit-ulcinj.com\/blog\/2016\/06\/23\/pajovic-uskoro-albanski-jezik-u-cg-parlamentu\/#breadcrumb","itemListElement":[{"@type":"ListItem","position":1,"name":"Pajovic: Uskoro i albanski jezik u CG parlamentu"}]},{"@type":"Person","@id":"https:\/\/www.visit-ulcinj.com\/blog\/#\/schema\/person\/dcab619c614d3038751c63bc2aadc06d","name":"ulqini","sameAs":["http:\/\/www.visit-ulcinj.com"],"url":"https:\/\/www.visit-ulcinj.com\/blog\/author\/admin\/"}]}},"jetpack_featured_media_url":"","jetpack_sharing_enabled":true,"jetpack_shortlink":"https:\/\/wp.me\/pe6lTn-prP","_links":{"self":[{"href":"https:\/\/www.visit-ulcinj.com\/blog\/wp-json\/wp\/v2\/posts\/97825"}],"collection":[{"href":"https:\/\/www.visit-ulcinj.com\/blog\/wp-json\/wp\/v2\/posts"}],"about":[{"href":"https:\/\/www.visit-ulcinj.com\/blog\/wp-json\/wp\/v2\/types\/post"}],"author":[{"embeddable":true,"href":"https:\/\/www.visit-ulcinj.com\/blog\/wp-json\/wp\/v2\/users\/1"}],"replies":[{"embeddable":true,"href":"https:\/\/www.visit-ulcinj.com\/blog\/wp-json\/wp\/v2\/comments?post=97825"}],"version-history":[{"count":1,"href":"https:\/\/www.visit-ulcinj.com\/blog\/wp-json\/wp\/v2\/posts\/97825\/revisions"}],"predecessor-version":[{"id":97829,"href":"https:\/\/www.visit-ulcinj.com\/blog\/wp-json\/wp\/v2\/posts\/97825\/revisions\/97829"}],"wp:attachment":[{"href":"https:\/\/www.visit-ulcinj.com\/blog\/wp-json\/wp\/v2\/media?parent=97825"}],"wp:term":[{"taxonomy":"category","embeddable":true,"href":"https:\/\/www.visit-ulcinj.com\/blog\/wp-json\/wp\/v2\/categories?post=97825"},{"taxonomy":"post_tag","embeddable":true,"href":"https:\/\/www.visit-ulcinj.com\/blog\/wp-json\/wp\/v2\/tags?post=97825"}],"curies":[{"name":"wp","href":"https:\/\/api.w.org\/{rel}","templated":true}]}}