{"id":97847,"date":"2016-06-24T19:46:59","date_gmt":"2016-06-24T18:46:59","guid":{"rendered":"http:\/\/www.visit-ulcinj.com\/blog\/?p=97847"},"modified":"2016-06-24T19:57:04","modified_gmt":"2016-06-24T18:57:04","slug":"gjeloshaj-letra-e-derguar-te-gjithe-deputeteve-ne-parlamentin-shqiptar-para-votimit-per-ratifikimin-e-malit-te-zi-ne-nato","status":"publish","type":"post","link":"https:\/\/www.visit-ulcinj.com\/blog\/2016\/06\/24\/gjeloshaj-letra-e-derguar-te-gjithe-deputeteve-ne-parlamentin-shqiptar-para-votimit-per-ratifikimin-e-malit-te-zi-ne-nato\/","title":{"rendered":"Gjeloshaj: Letra e d\u00ebrguar t\u00eb gjith\u00eb deputet\u00ebve n\u00eb Parlamentin shqiptar para votimit p\u00ebr ratifikimin e Malit t\u00eb Zi n\u00eb NATO"},"content":{"rendered":"<p><strong><a href=\"http:\/\/www.visit-ulcinj.com\/blog\/wp-content\/uploads\/2016\/01\/Nik-Gjeloshaj1.jpg\"><img loading=\"lazy\" class=\"alignleft wp-image-94224\" src=\"http:\/\/www.visit-ulcinj.com\/blog\/wp-content\/uploads\/2016\/01\/Nik-Gjeloshaj1.jpg\" alt=\"Nik-Gjeloshaj\" width=\"508\" height=\"337\" srcset=\"https:\/\/www.visit-ulcinj.com\/blog\/wp-content\/uploads\/2016\/01\/Nik-Gjeloshaj1.jpg 580w, https:\/\/www.visit-ulcinj.com\/blog\/wp-content\/uploads\/2016\/01\/Nik-Gjeloshaj1-300x199.jpg 300w\" sizes=\"(max-width: 508px) 100vw, 508px\" \/><\/a>T\u00eb nderuar miq,<\/strong><\/p>\n<p><strong>Dua t\u00eb ndaj me Ju letr\u00ebn q\u00eb un\u00eb u kam d\u00ebrguar t\u00eb gjith\u00eb deputet\u00ebve n\u00eb Parlamentin shqiptar para votimit p\u00ebr ratifikimin e Malit t\u00eb Zi n\u00eb NATO&#8230;<\/strong><\/p>\n<p>1. Komuna e Tuzit<br \/>\n2. Ligji mbi t\u00eb mirat detare<br \/>\n3. Problemet rreth Kripores s\u00eb Ulqinit<br \/>\n4. Fjalori<br \/>\n5. P\u00ebrfaq\u00ebsimi politik n\u00eb qeveri, n\u00eb administrat\u00eb shtet\u00ebrore dhe mashtrimet politike me \u201cheqjen\u201d e ministrit shqiptar<br \/>\n6. Ligji p\u00ebr pakicat dhe Ligji mbi p\u00ebrdorimin e simboleve komb\u00ebtare<\/p>\n<p>Shpjegim:<\/p>\n<p>1. Prej viteve t\u00eb te 90-ta, k\u00ebrkes\u00eb politike e subjekteve shqiptare \u00ebsht\u00eb komuna e Tuzit. \u00cbsht\u00eb p\u00ebr momentin komune urbane, pjese e kryeqytetit, pa asnj\u00eb kompetenc\u00eb ekzekutive, \u00ebsht\u00eb prodhim i marr\u00ebveshjes Dinosha-Gjukanoviq, para referendumit p\u00ebr pavar\u00ebsi, ve\u00e7 sa t\u00eb thuhet se u l\u00ebviz di\u00e7ka.<br \/>\nN\u00eb praktik\u00eb \u00ebsht\u00eb tregua se ky koncept kur nuk ke asnj\u00eb kompetenc\u00eb ekzekutive, e posa\u00e7\u00ebrisht kur nuk ke buxhet, por p\u00ebr te ble nj\u00eb kimik duhet leja nga Kryeqyteti \u2013 Podgorica, \u00ebsht\u00eb kontraproduktiv .<\/p>\n<p>Ekziston refuzim konstant qe Mal\u00ebsia ta fitoj\u00eb statusin e komun\u00ebs. N\u00eb dy vitet e fundit, jan\u00eb formua dy komuna te reja, Petnica e cila \u00ebsht\u00eb me shumic\u00eb Boshnjake, ne veri te Malit te Zi. Komuna tjet\u00ebr e re e formuar \u00ebsht\u00eb Gucia, ish pjes\u00eb e Plav\u00ebs. Partit\u00eb shqiptare ishin kund\u00ebr ndarjes se Gucis\u00eb nga Plava, sepse n\u00eb Guci ka mbetur pjesa me e madhe e shqiptar\u00ebve t\u00eb atij rajoni, e me k\u00ebt\u00eb n\u00eb Plave mbetur rreth 5 %.<br \/>\nTani ne Guci ka rreth 40% shqiptar\u00eb. Formimi i komun\u00ebs se Gucis\u00eb b\u00ebhet p\u00ebr t\u2019i p\u00ebr\u00e7ar\u00eb edhe m\u00eb shum\u00eb shqiptar\u00ebt n\u00eb Plav\u00eb dhe Guci, ku ka mbet nj\u00eb num\u00ebr i vog\u00ebl, nga kjo komun\u00eb dikur me popullsi mbi 70% shqiptare. Aksioni i th\u00ebrrmimit t\u00eb indit shqiptar u realizua plot\u00ebsisht.<br \/>\nP\u00ebr Tuzin gjithmon\u00eb \u00ebsht\u00eb th\u00ebn\u00eb se, n\u00ebse ndahemi nga Podgorica, ekziston rreziku real q\u00eb kryeqyteti t\u00eb bien n\u00eb duart e opozit\u00ebs, q\u00eb \u00ebsht\u00eb nj\u00eb e g\u00ebnjesht\u00ebr e madhe, t\u00eb cil\u00ebn e p\u00ebrdorin p\u00ebr t\u00eb \u201cbindur\u201d nd\u00ebrkomb\u00ebtar\u00ebt dhe p\u00ebr ta mbuluar politiken antishqiptare.<br \/>\nN\u00eb fund t\u00eb vitit te kaluar n\u00eb parlament \u00ebsht\u00eb votuar qe komunave urbane n\u00eb kuad\u00ebr t\u00eb Podgoric\u00ebs tu rriten kompetencat, me k\u00ebto ligje do t\u00eb kishim diku rreth 70% te kompetencave q\u00eb kan\u00eb komunat aktuale, pra nuk duan t\u00eb na lejojn\u00eb statusin e komun\u00ebs si t\u00eb Ulqinit, por t\u00eb mbetemi t\u00eb varur nga Podgorica. Mir\u00ebpo, as k\u00ebto ligje nuk i zbatojn\u00eb. Hyrja n\u00eb fuqi \u00ebsht\u00eb dasht\u00eb t\u00eb jet\u00eb n\u00eb afat prej 90 dit\u00ebsh, q\u00eb kan\u00eb kaluar me 15 prill, dhe nuk ka l\u00ebvizje p\u00ebr nj\u00eb gj\u00eb t\u00eb till\u00eb. Po punohet me t\u00eb madhe n\u00eb Podgoric\u00eb p\u00ebr planet urbanistike t\u00eb Mal\u00ebsis\u00eb. Me ligj t\u00eb ri k\u00ebto kompetenca do t\u00eb duhej t\u2019i takojn\u00eb komun\u00ebs son\u00eb, por q\u00ebllimi i tyre \u00ebsht\u00eb t\u00eb p\u00ebrfitojn\u00eb nga situata, e ndoshta edhe t\u00eb japin far\u00eb leje nd\u00ebrtimi p\u00ebr ndonj\u00eb kompleks nd\u00ebrtesash, q\u00eb, her\u00ebt a von\u00eb do t\u00eb ndikonte n\u00eb ndryshimin e struktur\u00ebs s\u00eb popullsis\u00eb s\u00eb Tuzit. Projekte t\u00eb tilla presin n\u00ebp\u00ebr sirtar\u00ebt e pushtetar\u00ebve t\u00eb Podgoric\u00ebs, si\u00e7 \u00ebsht\u00eb ai p\u00ebr shembull p\u00ebr zgjedhjen e problemit t\u00eb banimit t\u00eb pun\u00ebtor\u00ebve n\u00eb nd\u00ebrmarrjet e kryeqytetit, dhe ato aktivizohen n\u00eb momentin e duhur.<br \/>\nNga fillimi i k\u00ebrkes\u00ebs p\u00ebr komune e deri tash kemi p\u00ebrjetuar ndryshimin e struktur\u00ebs nacionale t\u00eb popullsis\u00eb. Deri para 10 vjet\u00ebsh, shqiptare ne Mal\u00ebsi kishte 90%, sot jemi 70% dhe ky trend negativ do te vazhdoj\u00eb.<\/p>\n<p>2. Ligji mbi te mirat detare, definon m\u00ebnyr\u00ebn e menaxhimit te bregdetit, pra plazheve. Kjo nd\u00ebrmarrje p\u00ebr menaxhimin e plazheve e ka selin\u00eb n\u00eb Budva. Mbi 60 % ne plazheve qe i menaxhon nd\u00ebrmarrja i takojn\u00eb Ulqinit. Kjo nd\u00ebrmarrje 50% t\u00eb mjeteve t\u00eb bashkuara nga menaxhimi ua kthen komunave, tjerat i mban. E pasi pjes\u00ebn m\u00eb t\u00eb madhe i merr n\u00eb Ulqin, k\u00ebto mjete nga Ulqini kryesisht i investon n\u00eb Budva.<br \/>\nArgument tjet\u00ebr \u00ebsht\u00eb p\u00ebrcaktimi i linj\u00ebs s\u00eb te mirave detare, pra p\u00ebrcaktimi se cila sip\u00ebrfaqe \u00ebsht\u00eb n\u00ebn menaxhimin e T\u00eb Mirave Detare. Linja e menaxhimit \u00ebsht\u00eb p\u00ebrcaktuar me Ligj. Kjo linj\u00eb \u00ebsht\u00eb definuar n\u00eb 6 m nga fundi i plazhit. Ne Ulqin kjo linj\u00eb zgjatet deri n\u00eb 3 km nga p\u00ebrfundimi i plazhit. N\u00eb zon\u00ebn e menaxhimit t\u00eb k\u00ebsaj nd\u00ebrmarrje nuk lejohet nd\u00ebrtimi, dhe qindra hektar\u00eb t\u00eb pron\u00ebs se shqiptar\u00ebve, apo pjesa m\u00eb e bukur dhe m\u00eb me vler\u00eb \u00ebsht\u00eb pothuaj e bllokuare nga ky ligj. K\u00ebshtu q\u00eb shqiptar\u00ebt, n\u00eb vend t\u00eb investimeve n\u00eb k\u00ebt\u00eb pjes\u00eb t\u00eb tokave t\u00eb tyre, tok\u00ebn e vet mund ta p\u00ebrdorin vet\u00ebm p\u00ebr bujq\u00ebsi, e jo p\u00ebr nj\u00eb fush\u00eb shum\u00eb m\u00eb fitimprur\u00ebse, si\u00e7 \u00ebsht\u00eb turizmi.<br \/>\n3. Kriporja e Ulqinit si nd\u00ebrmarrje \u00ebsht\u00eb privatizuar, dhe n\u00eb k\u00ebt\u00eb m\u00ebnyr\u00eb trualli ka kaluar n\u00eb shfryt\u00ebzim t\u00eb \u201cbler\u00ebsit\u201d. Sip\u00ebrfaqja e truallit t\u00eb Kripores 15 milion m2. Nd\u00ebrmarrja \u00ebsht\u00eb shitur p\u00ebr 700 000 EURO, por Qeveria me \u00e7do kusht tenton q\u00eb t\u2019ia pranoj\u00eb \u201cbler\u00ebsit\u201d edhe pron\u00ebsin\u00eb mbi tok\u00ebn, q\u00eb gjendet n\u00eb pjes\u00ebn m\u00eb t\u00eb bukur t\u00eb Ulqinit, e q\u00eb m\u00eb von\u00eb truallit t\u2019i ndryshohet destinimi dhe t\u00eb b\u00ebhet zon\u00eb e nd\u00ebrtimit. Bashkimi Evropian ka b\u00ebr\u00eb shum\u00eb n\u00eb ruajtjen e mjedisit si t\u00eb till\u00eb n\u00eb zon\u00ebn e Kripores. K\u00ebtu ve\u00e7ohet ambasadorja e Gjermanis\u00eb, q\u00eb e ka paralajm\u00ebruar bllokimin e kapitullit 27 n\u00eb procesin e negociatave p\u00ebr an\u00ebtar\u00ebsim n\u00eb BE, n\u00ebse kjo nuk shpallet zon\u00eb e mbrojtur. Por edhe p\u00ebrkund\u00ebr q\u00ebndrimit t\u00eb prer\u00eb t\u00eb autoriteteve nd\u00ebrkomb\u00ebtare, Qeveria heziton (m\u00eb mir\u00eb refuzon) ta marr\u00eb nj\u00eb vendim t\u00eb till\u00eb.<br \/>\n4. Rasti m\u00eb i ri i Fjalorit t\u00eb Akademis\u00eb s\u00eb Shkencave dhe Arteve t\u00eb Malit t\u00eb Zi \u00ebsht\u00eb rast eklatant i mend\u00ebsis\u00eb m\u00eb t\u00eb lart\u00eb (akademike!) malaziase, q\u00eb provon se q\u00ebndrimi i tyre ndaj nesh si komb, dhe ndaj fes\u00eb islame (edhe k\u00ebtu na prek neve, gjegj\u00ebsisht shqiptar\u00ebt e fes\u00eb islame!) nuk \u00ebsht\u00eb shk\u00ebputur nga korpusi i q\u00ebndrimeve serbom\u00ebdha, q\u00eb ishin aq t\u00eb gjalla n\u00eb dekadat q\u00eb i lam\u00eb pas. P\u00ebr aq m\u00eb keq, shumica nga grupi i autor\u00ebve dhe redaktor\u00ebve t\u00eb k\u00ebtij Fjalori i takojn\u00eb \u201copozit\u00ebs promalaziase\u201d t\u00eb ky\u00e7ur n\u00eb l\u00ebvizjen qytetare ORA, e cila \u00ebsht\u00eb momentalisht nj\u00ebra nga tri strukturat politike q\u00eb imponuan krijimin e \u201cQeveris\u00eb s\u00eb Mir\u00ebbesimit Zgjedhor\u201d n\u00eb Mal t\u00eb Zi.<br \/>\nAkademik\u00ebt malazias si dhe grupi i autor\u00ebve dhe redaktor\u00ebve t\u00eb Fjalorit ende \u201cnuk e kan\u00eb t\u00eb qart\u00eb gabimin e b\u00ebr\u00eb\u201d, e jo m\u00eb t\u00eb gjejn\u00eb fuqi ta pranojn\u00eb at\u00eb dhe ta nd\u00ebrmarrin hapin e vet\u00ebm t\u00eb drejt\u00eb \u2013 t\u00ebrheqjen e Fjalorit nga qarkullimi.<br \/>\nE nj\u00ebjta gj\u00eb \u00ebsht\u00eb edhe me Parlamentin dhe Qeverin\u00eb e Malit t\u00eb Zi, q\u00eb absolutisht nuk po nd\u00ebrmarrin asnj\u00eb hap n\u00eb k\u00ebt\u00eb drejtim.<br \/>\n5. \u00cbsht\u00eb hera e par\u00eb nga viti 1997 q\u00eb shqiptar\u00ebve nuk u \u00ebsht\u00eb dh\u00ebn\u00eb posti i ministrit t\u00eb pakicave. N\u00eb mandatin e fundit posti i ministrit i \u00ebsht\u00eb dh\u00ebn\u00eb nj\u00eb boshnjaku nga partia n\u00eb pushtet.<br \/>\nSipas statistikave zyrtare, n\u00eb administrat\u00ebn shtet\u00ebrore shqiptar\u00ebt jan\u00eb t\u00eb p\u00ebrfaq\u00ebsuar vet\u00ebm me 1% t\u00eb t\u00eb pun\u00ebsuarve, nd\u00ebrkoh\u00eb q\u00eb n\u00eb nivelin e shtetit shqiptar\u00ebt p\u00ebrb\u00ebjm\u00eb 4,9% (p\u00ebr dallim nga viti 1991 kur ishim afro 7%).<br \/>\nEdhe n\u00eb rastin e fundit kur u k\u00ebrkua vot\u00ebbesimi i qeveris\u00eb, po e nj\u00ebjta s\u00ebrish i mashtroi p\u00ebrfaq\u00ebsuesit shqiptar\u00eb q\u00eb e mb\u00ebshtet\u00ebn at\u00eb, duke mos e realizuar as edhe nj\u00eb pik\u00eb nga marr\u00ebveshja politike q\u00eb pat\u00ebm me ta.<br \/>\nGjithashtu n\u00eb nd\u00ebrkoh\u00eb \u00ebsht\u00eb zvog\u00ebluar edhe numri i siguruar i deputet\u00ebve nga zonat shqiptare prej 5 n\u00eb 4.<\/p>\n<p>6. Me Ligjet rigide n\u00eb fush\u00ebn e mbrojtjes s\u00eb t\u00eb drejtave t\u00eb pakicave, n\u00eb nj\u00eb shtet q\u00eb deklarohet si shtet qytetar (sipas konceptit t\u00eb tyre t\u00eb qytetaris\u00eb!) ku nuk do t\u00eb duhej as t\u00eb ekzistonte problemi i pakicave, por i qytetar\u00ebve, shteti malazias nuk i pranon t\u00eb drejtat e kombeve autoktone, q\u00eb sipas t\u00eb drejt\u00ebs nd\u00ebrkomb\u00ebtare do t\u00eb duhej t\u00eb kishin mbrojtje maksimale t\u00eb identitetit t\u00eb tyre. P\u00ebr aq m\u00eb tep\u00ebr, edhe pse ekziston Ligji p\u00ebr p\u00ebrdorimin e simboleve komb\u00ebtare, ai lirisht mund t\u00eb riem\u00ebrohet n\u00eb Ligjin p\u00ebr ndalimin e p\u00ebrdorimit t\u00eb simboleve komb\u00ebtare, ve\u00e7an\u00ebrisht p\u00ebr ne shqiptar\u00ebt. Kjo \u00e7\u00ebshtje, si edhe shum\u00eb \u00e7\u00ebshtje tjera jetike jan\u00eb l\u00ebn\u00eb n\u00eb fush\u00ebn e vullnetit politik t\u00eb partis\u00eb n\u00eb pushtet, pra \u201cmund t\u00eb p\u00ebrdoren derisa t\u00eb mos pengojn\u00eb dike&#8230;\u201d<br \/>\nRasti i fundit i procedimit gjyq\u00ebsor t\u00eb nj\u00eb shqiptari nga Ulqini q\u00eb n\u00eb objektin e tij afarist ka lejuar p\u00ebrcjelljen e loj\u00ebs s\u00eb komb\u00ebtares shqiptare dhe tifozerin\u00eb p\u00ebr t\u00eb duke p\u00ebrdorur flamurin shqiptar, me \u00e7\u2019gj\u00eb \u201c&#8230;ka prishur rendin publik duke e p\u00ebrdorur flamurin e nj\u00eb shteti tjet\u00ebr, gj\u00eb q\u00eb sanksionohet me ligj\u201d tregon m\u00eb s\u00eb miri gjendjen alarmuese dhe n\u00ebn\u00e7muese t\u00eb shqiptar\u00ebve n\u00eb Mal t\u00eb Zi.<\/p>\n<p>S\u00eb fundmi, n\u00eb situat\u00ebn e till\u00eb politike dhe t\u00eb r\u00ebndimit t\u00eb pozit\u00ebs s\u00eb shqiptar\u00ebve n\u00eb Mal t\u00eb Zi, pritja e shumic\u00ebs absolute t\u00eb shqiptar\u00ebve \u00ebsht\u00eb q\u00eb ju si shtet am\u00eb t\u00eb k\u00ebrkoni p\u00ebrgjigje p\u00ebr k\u00ebto raste dhe rezultate konkrete para se ta \u201ckryeni pun\u00ebn\u201d. Edhe her\u00ebve tjera ia keni dh\u00ebn\u00eb Malit t\u00eb Zi flet\u00ebbesimin bianko, gjithmon\u00eb pa k\u00ebrkuar as m\u00eb t\u00eb voglin kusht lidhur me pozit\u00ebn ton\u00eb, gj\u00eb q\u00eb u obligon edhe neni 7 i Kushtetut\u00ebs s\u00eb Shqip\u00ebris\u00eb, por edhe konventat nd\u00ebrkomb\u00ebtare lidhur me \u00e7\u00ebshtjen e pakicave (ta p\u00ebrkujtojm\u00eb vet\u00ebm angazhimin e klas\u00ebs politike t\u00eb Republik\u00ebs s\u00eb Shqip\u00ebris\u00eb n\u00eb koh\u00ebn e Referendumit p\u00ebr pavar\u00ebsimin e Malit t\u00eb Zi, Ftes\u00ebs p\u00ebr NATO p\u00ebr te, e shum\u00eb raste tjera&#8230;).<br \/>\nPra shtyrja, p\u00ebr shembull p\u00ebr nj\u00eb muaj, e vendimit dhe pritja e reagimit t\u00eb tyre mendoj se do t\u00eb ishte nj\u00eb gjest dometh\u00ebn\u00ebs, t\u00eb cilin m\u00eb n\u00eb fund do ta kuptonte edhe nomenklatura udh\u00ebheq\u00ebse e Malit t\u00eb Zi.<br \/>\nQ\u00eb 26 vjet p\u00ebrfaq\u00ebsuesit politik\u00eb shqiptar\u00eb t\u00eb krejt spektrit politik u munduam n\u00eb m\u00ebnyra t\u00eb ndryshme t\u00eb shtyjm\u00eb sadopak p\u00ebrpara pozit\u00ebn ton\u00eb, por rezultatet jan\u00eb m\u00eb se dob\u00ebta. Jo se t\u00eb gjith\u00eb kishim vet\u00ebdije t\u00eb ul\u00ebt politike dhe munges\u00eb aksioni, por p\u00ebr arsye se kemi t\u00eb b\u00ebjm\u00eb me mashtrues ordiner\u00eb para t\u00eb cil\u00ebve po paraqitet e pafuqishme edhe diplomacia evropiane, e jo ne. Andaj, jemi m\u00eb se t\u00eb bindur se progresi aq i pritur i pozit\u00ebs son\u00eb kolektive \u00ebsht\u00eb i pamundur pa angazhimin serioz dhe k\u00ebmb\u00ebngul\u00ebs tuajin. P\u00ebrndryshe, trevat shqiptare n\u00eb Mal\u00ebsi (Tuz), Kraj\u00eb, Ulqin do ta ken\u00eb fatin e Rozhaj\u00ebs, q\u00eb ka mbetur vet\u00ebm si kujtim historik i prezenc\u00ebs son\u00eb komb\u00ebtare. P\u00ebrgjegj\u00ebsia juaj \u00ebsht\u00eb tep\u00ebr e madhe!<\/p>\n<p>Me respekt,<br \/>\nNik Gjeloshaj,<br \/>\nDeputet i Alternatives shqiptare ne parlamentin e Malit te Zi<\/p>\n<p id=\"js_2\" class=\"_5pbw\" data-ft=\"{&quot;tn&quot;:&quot;C&quot;}\"><strong><span class=\"fwn fcg\"><span class=\"fwb fcg\" data-ft=\"{&quot;tn&quot;:&quot;k&quot;}\"><a href=\"https:\/\/www.facebook.com\/Nik-Gjeloshaj-638633769597292\/?fref=nf\" data-hovercard=\"\/ajax\/hovercard\/page.php?id=638633769597292&amp;extragetparams=%7B%22fref%22%3A%22nf%22%7D\">Nik Gjeloshaj Facebook<\/a><\/span><\/span><\/strong><\/p>\n","protected":false},"excerpt":{"rendered":"<p>T\u00eb nderuar miq, Dua t\u00eb ndaj me Ju letr\u00ebn q\u00eb un\u00eb u kam d\u00ebrguar t\u00eb gjith\u00eb deputet\u00ebve n\u00eb Parlamentin shqiptar para votimit p\u00ebr ratifikimin e Malit t\u00eb Zi n\u00eb NATO&#8230; 1. Komuna e Tuzit 2. Ligji mbi t\u00eb mirat detare 3. Problemet rreth Kripores s\u00eb Ulqinit 4. Fjalori 5. P\u00ebrfaq\u00ebsimi politik n\u00eb qeveri, n\u00eb administrat\u00eb [&hellip;]<\/p>\n","protected":false},"author":1,"featured_media":0,"comment_status":"closed","ping_status":"closed","sticky":false,"template":"","format":"standard","meta":{"spay_email":"","jetpack_publicize_message":"","jetpack_is_tweetstorm":false,"jetpack_publicize_feature_enabled":true},"categories":[1,14],"tags":[],"jetpack_publicize_connections":[],"yoast_head":"<!-- This site is optimized with the Yoast SEO plugin v19.1 - https:\/\/yoast.com\/wordpress\/plugins\/seo\/ -->\n<title>Gjeloshaj: Letra e d\u00ebrguar t\u00eb gjith\u00eb deputet\u00ebve n\u00eb Parlamentin shqiptar para votimit p\u00ebr ratifikimin e Malit t\u00eb Zi n\u00eb NATO - Lajme nga Ulqini<\/title>\n<meta name=\"description\" content=\"T\u00eb nderuar miq, Dua t\u00eb ndaj me Ju letr\u00ebn q\u00eb un\u00eb u kam d\u00ebrguar t\u00eb gjith\u00eb deputet\u00ebve n\u00eb Parlamentin shqiptar para votimit p\u00ebr ratifikimin e Malit t\u00eb Zi n\u00eb\" \/>\n<meta name=\"robots\" content=\"index, follow, max-snippet:-1, max-image-preview:large, max-video-preview:-1\" \/>\n<link rel=\"canonical\" href=\"https:\/\/www.visit-ulcinj.com\/blog\/2016\/06\/24\/gjeloshaj-letra-e-derguar-te-gjithe-deputeteve-ne-parlamentin-shqiptar-para-votimit-per-ratifikimin-e-malit-te-zi-ne-nato\/\" \/>\n<meta property=\"og:locale\" content=\"en_US\" \/>\n<meta property=\"og:type\" content=\"article\" \/>\n<meta property=\"og:title\" content=\"Gjeloshaj: Letra e d\u00ebrguar t\u00eb gjith\u00eb deputet\u00ebve n\u00eb Parlamentin shqiptar para votimit p\u00ebr ratifikimin e Malit t\u00eb Zi n\u00eb NATO - Lajme nga Ulqini\" \/>\n<meta property=\"og:description\" content=\"T\u00eb nderuar miq, Dua t\u00eb ndaj me Ju letr\u00ebn q\u00eb un\u00eb u kam d\u00ebrguar t\u00eb gjith\u00eb deputet\u00ebve n\u00eb Parlamentin shqiptar para votimit p\u00ebr ratifikimin e Malit t\u00eb Zi n\u00eb\" \/>\n<meta property=\"og:url\" content=\"https:\/\/www.visit-ulcinj.com\/blog\/2016\/06\/24\/gjeloshaj-letra-e-derguar-te-gjithe-deputeteve-ne-parlamentin-shqiptar-para-votimit-per-ratifikimin-e-malit-te-zi-ne-nato\/\" \/>\n<meta property=\"og:site_name\" content=\"Lajme nga Ulqini\" \/>\n<meta property=\"article:published_time\" content=\"2016-06-24T18:46:59+00:00\" \/>\n<meta property=\"article:modified_time\" content=\"2016-06-24T18:57:04+00:00\" \/>\n<meta property=\"og:image\" content=\"http:\/\/www.visit-ulcinj.com\/blog\/wp-content\/uploads\/2016\/01\/Nik-Gjeloshaj1.jpg\" \/>\n<meta name=\"twitter:label1\" content=\"Written by\" \/>\n\t<meta name=\"twitter:data1\" content=\"ulqini\" \/>\n\t<meta name=\"twitter:label2\" content=\"Est. reading time\" \/>\n\t<meta name=\"twitter:data2\" content=\"10 minutes\" \/>\n<script type=\"application\/ld+json\" class=\"yoast-schema-graph\">{\"@context\":\"https:\/\/schema.org\",\"@graph\":[{\"@type\":\"WebSite\",\"@id\":\"https:\/\/www.visit-ulcinj.com\/blog\/#website\",\"url\":\"https:\/\/www.visit-ulcinj.com\/blog\/\",\"name\":\"Lajme nga Ulqini\",\"description\":\"Lajme,Vijesti,Ulqini,Ulqin,Crna Gora,Mali i Zi\",\"potentialAction\":[{\"@type\":\"SearchAction\",\"target\":{\"@type\":\"EntryPoint\",\"urlTemplate\":\"https:\/\/www.visit-ulcinj.com\/blog\/?s={search_term_string}\"},\"query-input\":\"required name=search_term_string\"}],\"inLanguage\":\"en-US\"},{\"@type\":\"ImageObject\",\"inLanguage\":\"en-US\",\"@id\":\"https:\/\/www.visit-ulcinj.com\/blog\/2016\/06\/24\/gjeloshaj-letra-e-derguar-te-gjithe-deputeteve-ne-parlamentin-shqiptar-para-votimit-per-ratifikimin-e-malit-te-zi-ne-nato\/#primaryimage\",\"url\":\"https:\/\/www.visit-ulcinj.com\/blog\/wp-content\/uploads\/2016\/01\/Nik-Gjeloshaj1.jpg\",\"contentUrl\":\"https:\/\/www.visit-ulcinj.com\/blog\/wp-content\/uploads\/2016\/01\/Nik-Gjeloshaj1.jpg\",\"width\":580,\"height\":385},{\"@type\":\"WebPage\",\"@id\":\"https:\/\/www.visit-ulcinj.com\/blog\/2016\/06\/24\/gjeloshaj-letra-e-derguar-te-gjithe-deputeteve-ne-parlamentin-shqiptar-para-votimit-per-ratifikimin-e-malit-te-zi-ne-nato\/#webpage\",\"url\":\"https:\/\/www.visit-ulcinj.com\/blog\/2016\/06\/24\/gjeloshaj-letra-e-derguar-te-gjithe-deputeteve-ne-parlamentin-shqiptar-para-votimit-per-ratifikimin-e-malit-te-zi-ne-nato\/\",\"name\":\"Gjeloshaj: Letra e d\u00ebrguar t\u00eb gjith\u00eb deputet\u00ebve n\u00eb Parlamentin shqiptar para votimit p\u00ebr ratifikimin e Malit t\u00eb Zi n\u00eb NATO - Lajme nga Ulqini\",\"isPartOf\":{\"@id\":\"https:\/\/www.visit-ulcinj.com\/blog\/#website\"},\"primaryImageOfPage\":{\"@id\":\"https:\/\/www.visit-ulcinj.com\/blog\/2016\/06\/24\/gjeloshaj-letra-e-derguar-te-gjithe-deputeteve-ne-parlamentin-shqiptar-para-votimit-per-ratifikimin-e-malit-te-zi-ne-nato\/#primaryimage\"},\"datePublished\":\"2016-06-24T18:46:59+00:00\",\"dateModified\":\"2016-06-24T18:57:04+00:00\",\"author\":{\"@id\":\"https:\/\/www.visit-ulcinj.com\/blog\/#\/schema\/person\/dcab619c614d3038751c63bc2aadc06d\"},\"description\":\"T\u00eb nderuar miq, Dua t\u00eb ndaj me Ju letr\u00ebn q\u00eb un\u00eb u kam d\u00ebrguar t\u00eb gjith\u00eb deputet\u00ebve n\u00eb Parlamentin shqiptar para votimit p\u00ebr ratifikimin e Malit t\u00eb Zi n\u00eb\",\"breadcrumb\":{\"@id\":\"https:\/\/www.visit-ulcinj.com\/blog\/2016\/06\/24\/gjeloshaj-letra-e-derguar-te-gjithe-deputeteve-ne-parlamentin-shqiptar-para-votimit-per-ratifikimin-e-malit-te-zi-ne-nato\/#breadcrumb\"},\"inLanguage\":\"en-US\",\"potentialAction\":[{\"@type\":\"ReadAction\",\"target\":[\"https:\/\/www.visit-ulcinj.com\/blog\/2016\/06\/24\/gjeloshaj-letra-e-derguar-te-gjithe-deputeteve-ne-parlamentin-shqiptar-para-votimit-per-ratifikimin-e-malit-te-zi-ne-nato\/\"]}]},{\"@type\":\"BreadcrumbList\",\"@id\":\"https:\/\/www.visit-ulcinj.com\/blog\/2016\/06\/24\/gjeloshaj-letra-e-derguar-te-gjithe-deputeteve-ne-parlamentin-shqiptar-para-votimit-per-ratifikimin-e-malit-te-zi-ne-nato\/#breadcrumb\",\"itemListElement\":[{\"@type\":\"ListItem\",\"position\":1,\"name\":\"Gjeloshaj: Letra e d\u00ebrguar t\u00eb gjith\u00eb deputet\u00ebve n\u00eb Parlamentin shqiptar para votimit p\u00ebr ratifikimin e Malit t\u00eb Zi n\u00eb NATO\"}]},{\"@type\":\"Person\",\"@id\":\"https:\/\/www.visit-ulcinj.com\/blog\/#\/schema\/person\/dcab619c614d3038751c63bc2aadc06d\",\"name\":\"ulqini\",\"sameAs\":[\"http:\/\/www.visit-ulcinj.com\"],\"url\":\"https:\/\/www.visit-ulcinj.com\/blog\/author\/admin\/\"}]}<\/script>\n<!-- \/ Yoast SEO plugin. -->","yoast_head_json":{"title":"Gjeloshaj: Letra e d\u00ebrguar t\u00eb gjith\u00eb deputet\u00ebve n\u00eb Parlamentin shqiptar para votimit p\u00ebr ratifikimin e Malit t\u00eb Zi n\u00eb NATO - Lajme nga Ulqini","description":"T\u00eb nderuar miq, Dua t\u00eb ndaj me Ju letr\u00ebn q\u00eb un\u00eb u kam d\u00ebrguar t\u00eb gjith\u00eb deputet\u00ebve n\u00eb Parlamentin shqiptar para votimit p\u00ebr ratifikimin e Malit t\u00eb Zi n\u00eb","robots":{"index":"index","follow":"follow","max-snippet":"max-snippet:-1","max-image-preview":"max-image-preview:large","max-video-preview":"max-video-preview:-1"},"canonical":"https:\/\/www.visit-ulcinj.com\/blog\/2016\/06\/24\/gjeloshaj-letra-e-derguar-te-gjithe-deputeteve-ne-parlamentin-shqiptar-para-votimit-per-ratifikimin-e-malit-te-zi-ne-nato\/","og_locale":"en_US","og_type":"article","og_title":"Gjeloshaj: Letra e d\u00ebrguar t\u00eb gjith\u00eb deputet\u00ebve n\u00eb Parlamentin shqiptar para votimit p\u00ebr ratifikimin e Malit t\u00eb Zi n\u00eb NATO - Lajme nga Ulqini","og_description":"T\u00eb nderuar miq, Dua t\u00eb ndaj me Ju letr\u00ebn q\u00eb un\u00eb u kam d\u00ebrguar t\u00eb gjith\u00eb deputet\u00ebve n\u00eb Parlamentin shqiptar para votimit p\u00ebr ratifikimin e Malit t\u00eb Zi n\u00eb","og_url":"https:\/\/www.visit-ulcinj.com\/blog\/2016\/06\/24\/gjeloshaj-letra-e-derguar-te-gjithe-deputeteve-ne-parlamentin-shqiptar-para-votimit-per-ratifikimin-e-malit-te-zi-ne-nato\/","og_site_name":"Lajme nga Ulqini","article_published_time":"2016-06-24T18:46:59+00:00","article_modified_time":"2016-06-24T18:57:04+00:00","og_image":[{"url":"http:\/\/www.visit-ulcinj.com\/blog\/wp-content\/uploads\/2016\/01\/Nik-Gjeloshaj1.jpg"}],"twitter_misc":{"Written by":"ulqini","Est. reading time":"10 minutes"},"schema":{"@context":"https:\/\/schema.org","@graph":[{"@type":"WebSite","@id":"https:\/\/www.visit-ulcinj.com\/blog\/#website","url":"https:\/\/www.visit-ulcinj.com\/blog\/","name":"Lajme nga Ulqini","description":"Lajme,Vijesti,Ulqini,Ulqin,Crna Gora,Mali i Zi","potentialAction":[{"@type":"SearchAction","target":{"@type":"EntryPoint","urlTemplate":"https:\/\/www.visit-ulcinj.com\/blog\/?s={search_term_string}"},"query-input":"required name=search_term_string"}],"inLanguage":"en-US"},{"@type":"ImageObject","inLanguage":"en-US","@id":"https:\/\/www.visit-ulcinj.com\/blog\/2016\/06\/24\/gjeloshaj-letra-e-derguar-te-gjithe-deputeteve-ne-parlamentin-shqiptar-para-votimit-per-ratifikimin-e-malit-te-zi-ne-nato\/#primaryimage","url":"https:\/\/www.visit-ulcinj.com\/blog\/wp-content\/uploads\/2016\/01\/Nik-Gjeloshaj1.jpg","contentUrl":"https:\/\/www.visit-ulcinj.com\/blog\/wp-content\/uploads\/2016\/01\/Nik-Gjeloshaj1.jpg","width":580,"height":385},{"@type":"WebPage","@id":"https:\/\/www.visit-ulcinj.com\/blog\/2016\/06\/24\/gjeloshaj-letra-e-derguar-te-gjithe-deputeteve-ne-parlamentin-shqiptar-para-votimit-per-ratifikimin-e-malit-te-zi-ne-nato\/#webpage","url":"https:\/\/www.visit-ulcinj.com\/blog\/2016\/06\/24\/gjeloshaj-letra-e-derguar-te-gjithe-deputeteve-ne-parlamentin-shqiptar-para-votimit-per-ratifikimin-e-malit-te-zi-ne-nato\/","name":"Gjeloshaj: Letra e d\u00ebrguar t\u00eb gjith\u00eb deputet\u00ebve n\u00eb Parlamentin shqiptar para votimit p\u00ebr ratifikimin e Malit t\u00eb Zi n\u00eb NATO - Lajme nga Ulqini","isPartOf":{"@id":"https:\/\/www.visit-ulcinj.com\/blog\/#website"},"primaryImageOfPage":{"@id":"https:\/\/www.visit-ulcinj.com\/blog\/2016\/06\/24\/gjeloshaj-letra-e-derguar-te-gjithe-deputeteve-ne-parlamentin-shqiptar-para-votimit-per-ratifikimin-e-malit-te-zi-ne-nato\/#primaryimage"},"datePublished":"2016-06-24T18:46:59+00:00","dateModified":"2016-06-24T18:57:04+00:00","author":{"@id":"https:\/\/www.visit-ulcinj.com\/blog\/#\/schema\/person\/dcab619c614d3038751c63bc2aadc06d"},"description":"T\u00eb nderuar miq, Dua t\u00eb ndaj me Ju letr\u00ebn q\u00eb un\u00eb u kam d\u00ebrguar t\u00eb gjith\u00eb deputet\u00ebve n\u00eb Parlamentin shqiptar para votimit p\u00ebr ratifikimin e Malit t\u00eb Zi n\u00eb","breadcrumb":{"@id":"https:\/\/www.visit-ulcinj.com\/blog\/2016\/06\/24\/gjeloshaj-letra-e-derguar-te-gjithe-deputeteve-ne-parlamentin-shqiptar-para-votimit-per-ratifikimin-e-malit-te-zi-ne-nato\/#breadcrumb"},"inLanguage":"en-US","potentialAction":[{"@type":"ReadAction","target":["https:\/\/www.visit-ulcinj.com\/blog\/2016\/06\/24\/gjeloshaj-letra-e-derguar-te-gjithe-deputeteve-ne-parlamentin-shqiptar-para-votimit-per-ratifikimin-e-malit-te-zi-ne-nato\/"]}]},{"@type":"BreadcrumbList","@id":"https:\/\/www.visit-ulcinj.com\/blog\/2016\/06\/24\/gjeloshaj-letra-e-derguar-te-gjithe-deputeteve-ne-parlamentin-shqiptar-para-votimit-per-ratifikimin-e-malit-te-zi-ne-nato\/#breadcrumb","itemListElement":[{"@type":"ListItem","position":1,"name":"Gjeloshaj: Letra e d\u00ebrguar t\u00eb gjith\u00eb deputet\u00ebve n\u00eb Parlamentin shqiptar para votimit p\u00ebr ratifikimin e Malit t\u00eb Zi n\u00eb NATO"}]},{"@type":"Person","@id":"https:\/\/www.visit-ulcinj.com\/blog\/#\/schema\/person\/dcab619c614d3038751c63bc2aadc06d","name":"ulqini","sameAs":["http:\/\/www.visit-ulcinj.com"],"url":"https:\/\/www.visit-ulcinj.com\/blog\/author\/admin\/"}]}},"jetpack_featured_media_url":"","jetpack_sharing_enabled":true,"jetpack_shortlink":"https:\/\/wp.me\/pe6lTn-psb","_links":{"self":[{"href":"https:\/\/www.visit-ulcinj.com\/blog\/wp-json\/wp\/v2\/posts\/97847"}],"collection":[{"href":"https:\/\/www.visit-ulcinj.com\/blog\/wp-json\/wp\/v2\/posts"}],"about":[{"href":"https:\/\/www.visit-ulcinj.com\/blog\/wp-json\/wp\/v2\/types\/post"}],"author":[{"embeddable":true,"href":"https:\/\/www.visit-ulcinj.com\/blog\/wp-json\/wp\/v2\/users\/1"}],"replies":[{"embeddable":true,"href":"https:\/\/www.visit-ulcinj.com\/blog\/wp-json\/wp\/v2\/comments?post=97847"}],"version-history":[{"count":1,"href":"https:\/\/www.visit-ulcinj.com\/blog\/wp-json\/wp\/v2\/posts\/97847\/revisions"}],"predecessor-version":[{"id":97848,"href":"https:\/\/www.visit-ulcinj.com\/blog\/wp-json\/wp\/v2\/posts\/97847\/revisions\/97848"}],"wp:attachment":[{"href":"https:\/\/www.visit-ulcinj.com\/blog\/wp-json\/wp\/v2\/media?parent=97847"}],"wp:term":[{"taxonomy":"category","embeddable":true,"href":"https:\/\/www.visit-ulcinj.com\/blog\/wp-json\/wp\/v2\/categories?post=97847"},{"taxonomy":"post_tag","embeddable":true,"href":"https:\/\/www.visit-ulcinj.com\/blog\/wp-json\/wp\/v2\/tags?post=97847"}],"curies":[{"name":"wp","href":"https:\/\/api.w.org\/{rel}","templated":true}]}}