{"id":97860,"date":"2016-06-24T20:45:24","date_gmt":"2016-06-24T19:45:24","guid":{"rendered":"http:\/\/www.visit-ulcinj.com\/blog\/?p=97860"},"modified":"2016-06-24T20:47:21","modified_gmt":"2016-06-24T19:47:21","slug":"ministri-malazez-pazhin-kunder-akademise-video","status":"publish","type":"post","link":"https:\/\/www.visit-ulcinj.com\/blog\/2016\/06\/24\/ministri-malazez-pazhin-kunder-akademise-video\/","title":{"rendered":"Ministri malazez Pazhin kund\u00ebr akademis\u00eb &#8211; Video"},"content":{"rendered":"<p><a href=\"http:\/\/www.visit-ulcinj.com\/blog\/wp-content\/uploads\/2016\/06\/Ministri-i-Drejt\u00ebsis\u00eb-i-Malit-t\u00eb-Zi-Zoran-Pazhin.jpg\"><img loading=\"lazy\" class=\"alignleft wp-image-97861\" src=\"http:\/\/www.visit-ulcinj.com\/blog\/wp-content\/uploads\/2016\/06\/Ministri-i-Drejt\u00ebsis\u00eb-i-Malit-t\u00eb-Zi-Zoran-Pazhin.jpg\" alt=\"Ministri i Drejt\u00ebsis\u00eb i Malit t\u00eb Zi, Zoran Pazhin\" width=\"508\" height=\"307\" srcset=\"https:\/\/www.visit-ulcinj.com\/blog\/wp-content\/uploads\/2016\/06\/Ministri-i-Drejt\u00ebsis\u00eb-i-Malit-t\u00eb-Zi-Zoran-Pazhin.jpg 999w, https:\/\/www.visit-ulcinj.com\/blog\/wp-content\/uploads\/2016\/06\/Ministri-i-Drejt\u00ebsis\u00eb-i-Malit-t\u00eb-Zi-Zoran-Pazhin-300x181.jpg 300w, https:\/\/www.visit-ulcinj.com\/blog\/wp-content\/uploads\/2016\/06\/Ministri-i-Drejt\u00ebsis\u00eb-i-Malit-t\u00eb-Zi-Zoran-Pazhin-768x464.jpg 768w\" sizes=\"(max-width: 508px) 100vw, 508px\" \/><\/a>Ministri i Drejt\u00ebsis\u00eb i Malit t\u00eb Zi, Zoran Pazhin, i ka cil\u00ebsuar t\u00eb tepruar dhe papranuesh\u00ebm p\u00ebrcaktimet si nj\u00ebrez agresiv dhe t\u00eb huaj q\u00eb u jan\u00eb b\u00ebr\u00eb shqiptar\u00ebve n\u00eb Enciklopedin\u00eb e Akademis\u00eb s\u00eb Shkencave.<\/p>\n<p>Zoran Pazhin tha se nuk \u00ebsht\u00eb dakord me at\u00eb p\u00ebrcaktim t\u00eb Akademis\u00eb malazeze, pasi realiteti \u00ebsht\u00eb krejt i kund\u00ebrt nd\u00ebrsa vendimi p\u00ebr ta t\u00ebrhequr i takon Akademis\u00eb.<\/p>\n<p><strong>Zoran Pazhin:<\/strong> \u201cAi fjalor duhet t\u00eb t\u00ebrhiqet, por i p\u00ebrket Akademis\u00eb ta b\u00ebj\u00eb k\u00ebt\u00eb gj\u00eb. Akademia e Shkencave malazeze ka gabuar me p\u00ebrcaktimin e shqiptar\u00ebve si agresiv\u00eb. Shqiptar\u00ebt e Malit t\u00eb Zi kan\u00eb kontribut n\u00eb zhvillimin e vendit dhe s\u00ebbashku me malazez\u00ebt jetojn\u00eb n\u00eb harmoni\u201d.<\/p>\n<p>Nd\u00ebrsa i pyetur n\u00eb lidhje me gjobitjen e tifozave shqiptar\u00eb t\u00eb cil\u00ebt po festonin me flamuj shqiptar, Ministri malazez u shpreh se nuk ka dijeni n\u00eb lidhje me k\u00ebt\u00eb fakt.<\/p>\n<p>Reagimi i Ministrit malazez t\u00eb Drejt\u00ebsis\u00eb u b\u00eb pas nj\u00eb takimi t\u00eb zhvilluar n\u00eb Tiran\u00eb p\u00ebr tortur\u00ebn.<\/p>\n<p><strong>Ora News<\/strong><\/p>\n<p><iframe loading=\"lazy\" width=\"508\" height=\"315\" src=\"https:\/\/www.youtube.com\/embed\/EuX07eldR6U\" frameborder=\"0\" allowfullscreen><\/iframe><\/p>\n","protected":false},"excerpt":{"rendered":"<p>Ministri i Drejt\u00ebsis\u00eb i Malit t\u00eb Zi, Zoran Pazhin, i ka cil\u00ebsuar t\u00eb tepruar dhe papranuesh\u00ebm p\u00ebrcaktimet si nj\u00ebrez agresiv dhe t\u00eb huaj q\u00eb u jan\u00eb b\u00ebr\u00eb shqiptar\u00ebve n\u00eb Enciklopedin\u00eb e Akademis\u00eb s\u00eb Shkencave. Zoran Pazhin tha se nuk \u00ebsht\u00eb dakord me at\u00eb p\u00ebrcaktim t\u00eb Akademis\u00eb malazeze, pasi realiteti \u00ebsht\u00eb krejt i kund\u00ebrt nd\u00ebrsa vendimi [&hellip;]<\/p>\n","protected":false},"author":1,"featured_media":0,"comment_status":"closed","ping_status":"closed","sticky":false,"template":"","format":"standard","meta":{"spay_email":"","jetpack_publicize_message":"","jetpack_is_tweetstorm":false,"jetpack_publicize_feature_enabled":true},"categories":[6950],"tags":[],"jetpack_publicize_connections":[],"yoast_head":"<!-- This site is optimized with the Yoast SEO plugin v19.1 - https:\/\/yoast.com\/wordpress\/plugins\/seo\/ -->\n<title>Ministri malazez Pazhin kund\u00ebr akademis\u00eb - Video - Lajme nga Ulqini<\/title>\n<meta name=\"description\" content=\"Ministri i Drejt\u00ebsis\u00eb i Malit t\u00eb Zi, Zoran Pazhin, i ka cil\u00ebsuar t\u00eb tepruar dhe papranuesh\u00ebm p\u00ebrcaktimet si nj\u00ebrez agresiv dhe t\u00eb huaj q\u00eb u jan\u00eb b\u00ebr\u00eb\" \/>\n<meta name=\"robots\" content=\"index, follow, max-snippet:-1, max-image-preview:large, max-video-preview:-1\" \/>\n<link rel=\"canonical\" href=\"https:\/\/www.visit-ulcinj.com\/blog\/2016\/06\/24\/ministri-malazez-pazhin-kunder-akademise-video\/\" \/>\n<meta property=\"og:locale\" content=\"en_US\" \/>\n<meta property=\"og:type\" content=\"article\" \/>\n<meta property=\"og:title\" content=\"Ministri malazez Pazhin kund\u00ebr akademis\u00eb - Video - Lajme nga Ulqini\" \/>\n<meta property=\"og:description\" content=\"Ministri i Drejt\u00ebsis\u00eb i Malit t\u00eb Zi, Zoran Pazhin, i ka cil\u00ebsuar t\u00eb tepruar dhe papranuesh\u00ebm p\u00ebrcaktimet si nj\u00ebrez agresiv dhe t\u00eb huaj q\u00eb u jan\u00eb b\u00ebr\u00eb\" \/>\n<meta property=\"og:url\" content=\"https:\/\/www.visit-ulcinj.com\/blog\/2016\/06\/24\/ministri-malazez-pazhin-kunder-akademise-video\/\" \/>\n<meta property=\"og:site_name\" content=\"Lajme nga Ulqini\" \/>\n<meta property=\"article:published_time\" content=\"2016-06-24T19:45:24+00:00\" \/>\n<meta property=\"article:modified_time\" content=\"2016-06-24T19:47:21+00:00\" \/>\n<meta name=\"twitter:label1\" content=\"Written by\" \/>\n\t<meta name=\"twitter:data1\" content=\"ulqini\" \/>\n\t<meta name=\"twitter:label2\" content=\"Est. reading time\" \/>\n\t<meta name=\"twitter:data2\" content=\"1 minute\" \/>\n<script type=\"application\/ld+json\" class=\"yoast-schema-graph\">{\"@context\":\"https:\/\/schema.org\",\"@graph\":[{\"@type\":\"WebSite\",\"@id\":\"https:\/\/www.visit-ulcinj.com\/blog\/#website\",\"url\":\"https:\/\/www.visit-ulcinj.com\/blog\/\",\"name\":\"Lajme nga Ulqini\",\"description\":\"Lajme,Vijesti,Ulqini,Ulqin,Crna Gora,Mali i Zi\",\"potentialAction\":[{\"@type\":\"SearchAction\",\"target\":{\"@type\":\"EntryPoint\",\"urlTemplate\":\"https:\/\/www.visit-ulcinj.com\/blog\/?s={search_term_string}\"},\"query-input\":\"required name=search_term_string\"}],\"inLanguage\":\"en-US\"},{\"@type\":\"WebPage\",\"@id\":\"https:\/\/www.visit-ulcinj.com\/blog\/2016\/06\/24\/ministri-malazez-pazhin-kunder-akademise-video\/#webpage\",\"url\":\"https:\/\/www.visit-ulcinj.com\/blog\/2016\/06\/24\/ministri-malazez-pazhin-kunder-akademise-video\/\",\"name\":\"Ministri malazez Pazhin kund\u00ebr akademis\u00eb - Video - Lajme nga Ulqini\",\"isPartOf\":{\"@id\":\"https:\/\/www.visit-ulcinj.com\/blog\/#website\"},\"datePublished\":\"2016-06-24T19:45:24+00:00\",\"dateModified\":\"2016-06-24T19:47:21+00:00\",\"author\":{\"@id\":\"https:\/\/www.visit-ulcinj.com\/blog\/#\/schema\/person\/dcab619c614d3038751c63bc2aadc06d\"},\"description\":\"Ministri i Drejt\u00ebsis\u00eb i Malit t\u00eb Zi, Zoran Pazhin, i ka cil\u00ebsuar t\u00eb tepruar dhe papranuesh\u00ebm p\u00ebrcaktimet si nj\u00ebrez agresiv dhe t\u00eb huaj q\u00eb u jan\u00eb b\u00ebr\u00eb\",\"breadcrumb\":{\"@id\":\"https:\/\/www.visit-ulcinj.com\/blog\/2016\/06\/24\/ministri-malazez-pazhin-kunder-akademise-video\/#breadcrumb\"},\"inLanguage\":\"en-US\",\"potentialAction\":[{\"@type\":\"ReadAction\",\"target\":[\"https:\/\/www.visit-ulcinj.com\/blog\/2016\/06\/24\/ministri-malazez-pazhin-kunder-akademise-video\/\"]}]},{\"@type\":\"BreadcrumbList\",\"@id\":\"https:\/\/www.visit-ulcinj.com\/blog\/2016\/06\/24\/ministri-malazez-pazhin-kunder-akademise-video\/#breadcrumb\",\"itemListElement\":[{\"@type\":\"ListItem\",\"position\":1,\"name\":\"Ministri malazez Pazhin kund\u00ebr akademis\u00eb &#8211; Video\"}]},{\"@type\":\"Person\",\"@id\":\"https:\/\/www.visit-ulcinj.com\/blog\/#\/schema\/person\/dcab619c614d3038751c63bc2aadc06d\",\"name\":\"ulqini\",\"sameAs\":[\"http:\/\/www.visit-ulcinj.com\"],\"url\":\"https:\/\/www.visit-ulcinj.com\/blog\/author\/admin\/\"}]}<\/script>\n<!-- \/ Yoast SEO plugin. -->","yoast_head_json":{"title":"Ministri malazez Pazhin kund\u00ebr akademis\u00eb - Video - Lajme nga Ulqini","description":"Ministri i Drejt\u00ebsis\u00eb i Malit t\u00eb Zi, Zoran Pazhin, i ka cil\u00ebsuar t\u00eb tepruar dhe papranuesh\u00ebm p\u00ebrcaktimet si nj\u00ebrez agresiv dhe t\u00eb huaj q\u00eb u jan\u00eb b\u00ebr\u00eb","robots":{"index":"index","follow":"follow","max-snippet":"max-snippet:-1","max-image-preview":"max-image-preview:large","max-video-preview":"max-video-preview:-1"},"canonical":"https:\/\/www.visit-ulcinj.com\/blog\/2016\/06\/24\/ministri-malazez-pazhin-kunder-akademise-video\/","og_locale":"en_US","og_type":"article","og_title":"Ministri malazez Pazhin kund\u00ebr akademis\u00eb - Video - Lajme nga Ulqini","og_description":"Ministri i Drejt\u00ebsis\u00eb i Malit t\u00eb Zi, Zoran Pazhin, i ka cil\u00ebsuar t\u00eb tepruar dhe papranuesh\u00ebm p\u00ebrcaktimet si nj\u00ebrez agresiv dhe t\u00eb huaj q\u00eb u jan\u00eb b\u00ebr\u00eb","og_url":"https:\/\/www.visit-ulcinj.com\/blog\/2016\/06\/24\/ministri-malazez-pazhin-kunder-akademise-video\/","og_site_name":"Lajme nga Ulqini","article_published_time":"2016-06-24T19:45:24+00:00","article_modified_time":"2016-06-24T19:47:21+00:00","twitter_misc":{"Written by":"ulqini","Est. reading time":"1 minute"},"schema":{"@context":"https:\/\/schema.org","@graph":[{"@type":"WebSite","@id":"https:\/\/www.visit-ulcinj.com\/blog\/#website","url":"https:\/\/www.visit-ulcinj.com\/blog\/","name":"Lajme nga Ulqini","description":"Lajme,Vijesti,Ulqini,Ulqin,Crna Gora,Mali i Zi","potentialAction":[{"@type":"SearchAction","target":{"@type":"EntryPoint","urlTemplate":"https:\/\/www.visit-ulcinj.com\/blog\/?s={search_term_string}"},"query-input":"required name=search_term_string"}],"inLanguage":"en-US"},{"@type":"WebPage","@id":"https:\/\/www.visit-ulcinj.com\/blog\/2016\/06\/24\/ministri-malazez-pazhin-kunder-akademise-video\/#webpage","url":"https:\/\/www.visit-ulcinj.com\/blog\/2016\/06\/24\/ministri-malazez-pazhin-kunder-akademise-video\/","name":"Ministri malazez Pazhin kund\u00ebr akademis\u00eb - Video - Lajme nga Ulqini","isPartOf":{"@id":"https:\/\/www.visit-ulcinj.com\/blog\/#website"},"datePublished":"2016-06-24T19:45:24+00:00","dateModified":"2016-06-24T19:47:21+00:00","author":{"@id":"https:\/\/www.visit-ulcinj.com\/blog\/#\/schema\/person\/dcab619c614d3038751c63bc2aadc06d"},"description":"Ministri i Drejt\u00ebsis\u00eb i Malit t\u00eb Zi, Zoran Pazhin, i ka cil\u00ebsuar t\u00eb tepruar dhe papranuesh\u00ebm p\u00ebrcaktimet si nj\u00ebrez agresiv dhe t\u00eb huaj q\u00eb u jan\u00eb b\u00ebr\u00eb","breadcrumb":{"@id":"https:\/\/www.visit-ulcinj.com\/blog\/2016\/06\/24\/ministri-malazez-pazhin-kunder-akademise-video\/#breadcrumb"},"inLanguage":"en-US","potentialAction":[{"@type":"ReadAction","target":["https:\/\/www.visit-ulcinj.com\/blog\/2016\/06\/24\/ministri-malazez-pazhin-kunder-akademise-video\/"]}]},{"@type":"BreadcrumbList","@id":"https:\/\/www.visit-ulcinj.com\/blog\/2016\/06\/24\/ministri-malazez-pazhin-kunder-akademise-video\/#breadcrumb","itemListElement":[{"@type":"ListItem","position":1,"name":"Ministri malazez Pazhin kund\u00ebr akademis\u00eb &#8211; Video"}]},{"@type":"Person","@id":"https:\/\/www.visit-ulcinj.com\/blog\/#\/schema\/person\/dcab619c614d3038751c63bc2aadc06d","name":"ulqini","sameAs":["http:\/\/www.visit-ulcinj.com"],"url":"https:\/\/www.visit-ulcinj.com\/blog\/author\/admin\/"}]}},"jetpack_featured_media_url":"","jetpack_sharing_enabled":true,"jetpack_shortlink":"https:\/\/wp.me\/pe6lTn-pso","_links":{"self":[{"href":"https:\/\/www.visit-ulcinj.com\/blog\/wp-json\/wp\/v2\/posts\/97860"}],"collection":[{"href":"https:\/\/www.visit-ulcinj.com\/blog\/wp-json\/wp\/v2\/posts"}],"about":[{"href":"https:\/\/www.visit-ulcinj.com\/blog\/wp-json\/wp\/v2\/types\/post"}],"author":[{"embeddable":true,"href":"https:\/\/www.visit-ulcinj.com\/blog\/wp-json\/wp\/v2\/users\/1"}],"replies":[{"embeddable":true,"href":"https:\/\/www.visit-ulcinj.com\/blog\/wp-json\/wp\/v2\/comments?post=97860"}],"version-history":[{"count":3,"href":"https:\/\/www.visit-ulcinj.com\/blog\/wp-json\/wp\/v2\/posts\/97860\/revisions"}],"predecessor-version":[{"id":97864,"href":"https:\/\/www.visit-ulcinj.com\/blog\/wp-json\/wp\/v2\/posts\/97860\/revisions\/97864"}],"wp:attachment":[{"href":"https:\/\/www.visit-ulcinj.com\/blog\/wp-json\/wp\/v2\/media?parent=97860"}],"wp:term":[{"taxonomy":"category","embeddable":true,"href":"https:\/\/www.visit-ulcinj.com\/blog\/wp-json\/wp\/v2\/categories?post=97860"},{"taxonomy":"post_tag","embeddable":true,"href":"https:\/\/www.visit-ulcinj.com\/blog\/wp-json\/wp\/v2\/tags?post=97860"}],"curies":[{"name":"wp","href":"https:\/\/api.w.org\/{rel}","templated":true}]}}