{"id":97880,"date":"2016-06-25T12:09:31","date_gmt":"2016-06-25T11:09:31","guid":{"rendered":"http:\/\/www.visit-ulcinj.com\/blog\/?p=97880"},"modified":"2016-06-25T12:09:31","modified_gmt":"2016-06-25T11:09:31","slug":"abazovic-slabljenja-eu-stete-procesima-u-crnoj-gori","status":"publish","type":"post","link":"https:\/\/www.visit-ulcinj.com\/blog\/2016\/06\/25\/abazovic-slabljenja-eu-stete-procesima-u-crnoj-gori\/","title":{"rendered":"Abazovic: Slabljenja EU \u0161tete procesima u Crnoj Gori"},"content":{"rendered":"<p><a href=\"http:\/\/www.visit-ulcinj.com\/blog\/wp-content\/uploads\/2016\/06\/Dritan-Abazovic-URA.jpg\"><img loading=\"lazy\" class=\"alignleft wp-image-97462\" src=\"http:\/\/www.visit-ulcinj.com\/blog\/wp-content\/uploads\/2016\/06\/Dritan-Abazovic-URA.jpg\" alt=\"Dritan-Abazovic-URA\" width=\"508\" height=\"313\" srcset=\"https:\/\/www.visit-ulcinj.com\/blog\/wp-content\/uploads\/2016\/06\/Dritan-Abazovic-URA.jpg 900w, https:\/\/www.visit-ulcinj.com\/blog\/wp-content\/uploads\/2016\/06\/Dritan-Abazovic-URA-300x185.jpg 300w, https:\/\/www.visit-ulcinj.com\/blog\/wp-content\/uploads\/2016\/06\/Dritan-Abazovic-URA-768x473.jpg 768w\" sizes=\"(max-width: 508px) 100vw, 508px\" \/><\/a>Sve aktivnosti koje idu u pravcu slabljenja EU \u0161tete procesima u Crnoj Gori i otvaraju prostor za djelovanje onih kojima vladavina prava nije primarna i koji su navikli da svoju vlast baziraju na nedemokratskim metodama, rekao je potredsjednik URA Dritan Abazovi\u0107. Upitan kako bi izlazak Velike Britanije iz EU mogao uticati na Crnu Goru, Abazovi\u0107 je rekao da je Crnoj Gori potreban pritisak me\u0111unarodnog faktora kako bi sprovodila reforme.<\/p>\n<p>\u201eSve mogu\u0107e aktivnosti koje idu u pravcu slabljenja EU zapravo \u0161tete procesima u Crnoj Gori. Dokazano je kroz na\u0161u istoriju, a naro\u010dito od kada je DPS na vlasti, da bez nekog spoljnjeg pritiska, kakav god on bio i bez obzira da li smo mi zadovoljni stepenom tog pritiska, mi nismo sposobni da sami sprovedemo zna\u010dajnije reforme\u201d, kazao je Abazovi\u0107 \u201cVijestima\u201d.<\/p>\n<p><strong>Izvor: Vijesti Online<\/strong><\/p>\n","protected":false},"excerpt":{"rendered":"<p>Sve aktivnosti koje idu u pravcu slabljenja EU \u0161tete procesima u Crnoj Gori i otvaraju prostor za djelovanje onih kojima vladavina prava nije primarna i koji su navikli da svoju vlast baziraju na nedemokratskim metodama, rekao je potredsjednik URA Dritan Abazovi\u0107. Upitan kako bi izlazak Velike Britanije iz EU mogao uticati na Crnu Goru, Abazovi\u0107 [&hellip;]<\/p>\n","protected":false},"author":1,"featured_media":0,"comment_status":"closed","ping_status":"closed","sticky":false,"template":"","format":"standard","meta":{"spay_email":"","jetpack_publicize_message":"","jetpack_is_tweetstorm":false,"jetpack_publicize_feature_enabled":true},"categories":[8337],"tags":[],"jetpack_publicize_connections":[],"yoast_head":"<!-- This site is optimized with the Yoast SEO plugin v19.1 - https:\/\/yoast.com\/wordpress\/plugins\/seo\/ -->\n<title>Abazovic: Slabljenja EU \u0161tete procesima u Crnoj Gori - Lajme nga Ulqini<\/title>\n<meta name=\"description\" content=\"Sve aktivnosti koje idu u pravcu slabljenja EU \u0161tete procesima u Crnoj Gori i otvaraju prostor za djelovanje onih kojima vladavina prava nije primarna i\" \/>\n<meta name=\"robots\" content=\"index, follow, max-snippet:-1, max-image-preview:large, max-video-preview:-1\" \/>\n<link rel=\"canonical\" href=\"https:\/\/www.visit-ulcinj.com\/blog\/2016\/06\/25\/abazovic-slabljenja-eu-stete-procesima-u-crnoj-gori\/\" \/>\n<meta property=\"og:locale\" content=\"en_US\" \/>\n<meta property=\"og:type\" content=\"article\" \/>\n<meta property=\"og:title\" content=\"Abazovic: Slabljenja EU \u0161tete procesima u Crnoj Gori - Lajme nga Ulqini\" \/>\n<meta property=\"og:description\" content=\"Sve aktivnosti koje idu u pravcu slabljenja EU \u0161tete procesima u Crnoj Gori i otvaraju prostor za djelovanje onih kojima vladavina prava nije primarna i\" \/>\n<meta property=\"og:url\" content=\"https:\/\/www.visit-ulcinj.com\/blog\/2016\/06\/25\/abazovic-slabljenja-eu-stete-procesima-u-crnoj-gori\/\" \/>\n<meta property=\"og:site_name\" content=\"Lajme nga Ulqini\" \/>\n<meta property=\"article:published_time\" content=\"2016-06-25T11:09:31+00:00\" \/>\n<meta property=\"og:image\" content=\"http:\/\/www.visit-ulcinj.com\/blog\/wp-content\/uploads\/2016\/06\/Dritan-Abazovic-URA.jpg\" \/>\n<meta name=\"twitter:label1\" content=\"Written by\" \/>\n\t<meta name=\"twitter:data1\" content=\"ulqini\" \/>\n\t<meta name=\"twitter:label2\" content=\"Est. reading time\" \/>\n\t<meta name=\"twitter:data2\" content=\"1 minute\" \/>\n<script type=\"application\/ld+json\" class=\"yoast-schema-graph\">{\"@context\":\"https:\/\/schema.org\",\"@graph\":[{\"@type\":\"WebSite\",\"@id\":\"https:\/\/www.visit-ulcinj.com\/blog\/#website\",\"url\":\"https:\/\/www.visit-ulcinj.com\/blog\/\",\"name\":\"Lajme nga Ulqini\",\"description\":\"Lajme,Vijesti,Ulqini,Ulqin,Crna Gora,Mali i Zi\",\"potentialAction\":[{\"@type\":\"SearchAction\",\"target\":{\"@type\":\"EntryPoint\",\"urlTemplate\":\"https:\/\/www.visit-ulcinj.com\/blog\/?s={search_term_string}\"},\"query-input\":\"required name=search_term_string\"}],\"inLanguage\":\"en-US\"},{\"@type\":\"ImageObject\",\"inLanguage\":\"en-US\",\"@id\":\"https:\/\/www.visit-ulcinj.com\/blog\/2016\/06\/25\/abazovic-slabljenja-eu-stete-procesima-u-crnoj-gori\/#primaryimage\",\"url\":\"https:\/\/www.visit-ulcinj.com\/blog\/wp-content\/uploads\/2016\/06\/Dritan-Abazovic-URA.jpg\",\"contentUrl\":\"https:\/\/www.visit-ulcinj.com\/blog\/wp-content\/uploads\/2016\/06\/Dritan-Abazovic-URA.jpg\",\"width\":900,\"height\":554},{\"@type\":\"WebPage\",\"@id\":\"https:\/\/www.visit-ulcinj.com\/blog\/2016\/06\/25\/abazovic-slabljenja-eu-stete-procesima-u-crnoj-gori\/#webpage\",\"url\":\"https:\/\/www.visit-ulcinj.com\/blog\/2016\/06\/25\/abazovic-slabljenja-eu-stete-procesima-u-crnoj-gori\/\",\"name\":\"Abazovic: Slabljenja EU \u0161tete procesima u Crnoj Gori - Lajme nga Ulqini\",\"isPartOf\":{\"@id\":\"https:\/\/www.visit-ulcinj.com\/blog\/#website\"},\"primaryImageOfPage\":{\"@id\":\"https:\/\/www.visit-ulcinj.com\/blog\/2016\/06\/25\/abazovic-slabljenja-eu-stete-procesima-u-crnoj-gori\/#primaryimage\"},\"datePublished\":\"2016-06-25T11:09:31+00:00\",\"dateModified\":\"2016-06-25T11:09:31+00:00\",\"author\":{\"@id\":\"https:\/\/www.visit-ulcinj.com\/blog\/#\/schema\/person\/dcab619c614d3038751c63bc2aadc06d\"},\"description\":\"Sve aktivnosti koje idu u pravcu slabljenja EU \u0161tete procesima u Crnoj Gori i otvaraju prostor za djelovanje onih kojima vladavina prava nije primarna i\",\"breadcrumb\":{\"@id\":\"https:\/\/www.visit-ulcinj.com\/blog\/2016\/06\/25\/abazovic-slabljenja-eu-stete-procesima-u-crnoj-gori\/#breadcrumb\"},\"inLanguage\":\"en-US\",\"potentialAction\":[{\"@type\":\"ReadAction\",\"target\":[\"https:\/\/www.visit-ulcinj.com\/blog\/2016\/06\/25\/abazovic-slabljenja-eu-stete-procesima-u-crnoj-gori\/\"]}]},{\"@type\":\"BreadcrumbList\",\"@id\":\"https:\/\/www.visit-ulcinj.com\/blog\/2016\/06\/25\/abazovic-slabljenja-eu-stete-procesima-u-crnoj-gori\/#breadcrumb\",\"itemListElement\":[{\"@type\":\"ListItem\",\"position\":1,\"name\":\"Abazovic: Slabljenja EU \u0161tete procesima u Crnoj Gori\"}]},{\"@type\":\"Person\",\"@id\":\"https:\/\/www.visit-ulcinj.com\/blog\/#\/schema\/person\/dcab619c614d3038751c63bc2aadc06d\",\"name\":\"ulqini\",\"sameAs\":[\"http:\/\/www.visit-ulcinj.com\"],\"url\":\"https:\/\/www.visit-ulcinj.com\/blog\/author\/admin\/\"}]}<\/script>\n<!-- \/ Yoast SEO plugin. -->","yoast_head_json":{"title":"Abazovic: Slabljenja EU \u0161tete procesima u Crnoj Gori - Lajme nga Ulqini","description":"Sve aktivnosti koje idu u pravcu slabljenja EU \u0161tete procesima u Crnoj Gori i otvaraju prostor za djelovanje onih kojima vladavina prava nije primarna i","robots":{"index":"index","follow":"follow","max-snippet":"max-snippet:-1","max-image-preview":"max-image-preview:large","max-video-preview":"max-video-preview:-1"},"canonical":"https:\/\/www.visit-ulcinj.com\/blog\/2016\/06\/25\/abazovic-slabljenja-eu-stete-procesima-u-crnoj-gori\/","og_locale":"en_US","og_type":"article","og_title":"Abazovic: Slabljenja EU \u0161tete procesima u Crnoj Gori - Lajme nga Ulqini","og_description":"Sve aktivnosti koje idu u pravcu slabljenja EU \u0161tete procesima u Crnoj Gori i otvaraju prostor za djelovanje onih kojima vladavina prava nije primarna i","og_url":"https:\/\/www.visit-ulcinj.com\/blog\/2016\/06\/25\/abazovic-slabljenja-eu-stete-procesima-u-crnoj-gori\/","og_site_name":"Lajme nga Ulqini","article_published_time":"2016-06-25T11:09:31+00:00","og_image":[{"url":"http:\/\/www.visit-ulcinj.com\/blog\/wp-content\/uploads\/2016\/06\/Dritan-Abazovic-URA.jpg"}],"twitter_misc":{"Written by":"ulqini","Est. reading time":"1 minute"},"schema":{"@context":"https:\/\/schema.org","@graph":[{"@type":"WebSite","@id":"https:\/\/www.visit-ulcinj.com\/blog\/#website","url":"https:\/\/www.visit-ulcinj.com\/blog\/","name":"Lajme nga Ulqini","description":"Lajme,Vijesti,Ulqini,Ulqin,Crna Gora,Mali i Zi","potentialAction":[{"@type":"SearchAction","target":{"@type":"EntryPoint","urlTemplate":"https:\/\/www.visit-ulcinj.com\/blog\/?s={search_term_string}"},"query-input":"required name=search_term_string"}],"inLanguage":"en-US"},{"@type":"ImageObject","inLanguage":"en-US","@id":"https:\/\/www.visit-ulcinj.com\/blog\/2016\/06\/25\/abazovic-slabljenja-eu-stete-procesima-u-crnoj-gori\/#primaryimage","url":"https:\/\/www.visit-ulcinj.com\/blog\/wp-content\/uploads\/2016\/06\/Dritan-Abazovic-URA.jpg","contentUrl":"https:\/\/www.visit-ulcinj.com\/blog\/wp-content\/uploads\/2016\/06\/Dritan-Abazovic-URA.jpg","width":900,"height":554},{"@type":"WebPage","@id":"https:\/\/www.visit-ulcinj.com\/blog\/2016\/06\/25\/abazovic-slabljenja-eu-stete-procesima-u-crnoj-gori\/#webpage","url":"https:\/\/www.visit-ulcinj.com\/blog\/2016\/06\/25\/abazovic-slabljenja-eu-stete-procesima-u-crnoj-gori\/","name":"Abazovic: Slabljenja EU \u0161tete procesima u Crnoj Gori - Lajme nga Ulqini","isPartOf":{"@id":"https:\/\/www.visit-ulcinj.com\/blog\/#website"},"primaryImageOfPage":{"@id":"https:\/\/www.visit-ulcinj.com\/blog\/2016\/06\/25\/abazovic-slabljenja-eu-stete-procesima-u-crnoj-gori\/#primaryimage"},"datePublished":"2016-06-25T11:09:31+00:00","dateModified":"2016-06-25T11:09:31+00:00","author":{"@id":"https:\/\/www.visit-ulcinj.com\/blog\/#\/schema\/person\/dcab619c614d3038751c63bc2aadc06d"},"description":"Sve aktivnosti koje idu u pravcu slabljenja EU \u0161tete procesima u Crnoj Gori i otvaraju prostor za djelovanje onih kojima vladavina prava nije primarna i","breadcrumb":{"@id":"https:\/\/www.visit-ulcinj.com\/blog\/2016\/06\/25\/abazovic-slabljenja-eu-stete-procesima-u-crnoj-gori\/#breadcrumb"},"inLanguage":"en-US","potentialAction":[{"@type":"ReadAction","target":["https:\/\/www.visit-ulcinj.com\/blog\/2016\/06\/25\/abazovic-slabljenja-eu-stete-procesima-u-crnoj-gori\/"]}]},{"@type":"BreadcrumbList","@id":"https:\/\/www.visit-ulcinj.com\/blog\/2016\/06\/25\/abazovic-slabljenja-eu-stete-procesima-u-crnoj-gori\/#breadcrumb","itemListElement":[{"@type":"ListItem","position":1,"name":"Abazovic: Slabljenja EU \u0161tete procesima u Crnoj Gori"}]},{"@type":"Person","@id":"https:\/\/www.visit-ulcinj.com\/blog\/#\/schema\/person\/dcab619c614d3038751c63bc2aadc06d","name":"ulqini","sameAs":["http:\/\/www.visit-ulcinj.com"],"url":"https:\/\/www.visit-ulcinj.com\/blog\/author\/admin\/"}]}},"jetpack_featured_media_url":"","jetpack_sharing_enabled":true,"jetpack_shortlink":"https:\/\/wp.me\/pe6lTn-psI","_links":{"self":[{"href":"https:\/\/www.visit-ulcinj.com\/blog\/wp-json\/wp\/v2\/posts\/97880"}],"collection":[{"href":"https:\/\/www.visit-ulcinj.com\/blog\/wp-json\/wp\/v2\/posts"}],"about":[{"href":"https:\/\/www.visit-ulcinj.com\/blog\/wp-json\/wp\/v2\/types\/post"}],"author":[{"embeddable":true,"href":"https:\/\/www.visit-ulcinj.com\/blog\/wp-json\/wp\/v2\/users\/1"}],"replies":[{"embeddable":true,"href":"https:\/\/www.visit-ulcinj.com\/blog\/wp-json\/wp\/v2\/comments?post=97880"}],"version-history":[{"count":1,"href":"https:\/\/www.visit-ulcinj.com\/blog\/wp-json\/wp\/v2\/posts\/97880\/revisions"}],"predecessor-version":[{"id":97881,"href":"https:\/\/www.visit-ulcinj.com\/blog\/wp-json\/wp\/v2\/posts\/97880\/revisions\/97881"}],"wp:attachment":[{"href":"https:\/\/www.visit-ulcinj.com\/blog\/wp-json\/wp\/v2\/media?parent=97880"}],"wp:term":[{"taxonomy":"category","embeddable":true,"href":"https:\/\/www.visit-ulcinj.com\/blog\/wp-json\/wp\/v2\/categories?post=97880"},{"taxonomy":"post_tag","embeddable":true,"href":"https:\/\/www.visit-ulcinj.com\/blog\/wp-json\/wp\/v2\/tags?post=97880"}],"curies":[{"name":"wp","href":"https:\/\/api.w.org\/{rel}","templated":true}]}}