{"id":97882,"date":"2016-06-25T18:05:27","date_gmt":"2016-06-25T17:05:27","guid":{"rendered":"http:\/\/www.visit-ulcinj.com\/blog\/?p=97882"},"modified":"2016-06-26T14:12:59","modified_gmt":"2016-06-26T13:12:59","slug":"gjuha-shqipe-zyrtare-edhe-ne-komunat-ku-jetojne-5-shqiptare","status":"publish","type":"post","link":"https:\/\/www.visit-ulcinj.com\/blog\/2016\/06\/25\/gjuha-shqipe-zyrtare-edhe-ne-komunat-ku-jetojne-5-shqiptare\/","title":{"rendered":"Gjuha shqipe, zyrtare edhe n\u00eb komunat ku jetojn\u00eb 5% shqiptar\u00eb"},"content":{"rendered":"<div class=\"post-content\">\n<p><strong><a href=\"http:\/\/www.visit-ulcinj.com\/blog\/wp-content\/uploads\/2014\/08\/ulqini-sot-1.jpg\"><img loading=\"lazy\" class=\"alignleft wp-image-84609\" src=\"http:\/\/www.visit-ulcinj.com\/blog\/wp-content\/uploads\/2014\/08\/ulqini-sot-1.jpg\" alt=\"ulqini-sot-1\" width=\"508\" height=\"508\" srcset=\"https:\/\/www.visit-ulcinj.com\/blog\/wp-content\/uploads\/2014\/08\/ulqini-sot-1.jpg 960w, https:\/\/www.visit-ulcinj.com\/blog\/wp-content\/uploads\/2014\/08\/ulqini-sot-1-150x150.jpg 150w, https:\/\/www.visit-ulcinj.com\/blog\/wp-content\/uploads\/2014\/08\/ulqini-sot-1-300x300.jpg 300w\" sizes=\"(max-width: 508px) 100vw, 508px\" \/><\/a>Propozimi p\u00ebr ndryshimin dhe plot\u00ebsimin e Ligjit p\u00ebr t\u00eb drejtat dhe lirit\u00eb e pakicave parashikon zyrtarizimin e gjuh\u00ebs s\u00eb pakicave n\u00eb zonat ku ato p\u00ebrb\u00ebjn\u00eb pes\u00eb p\u00ebrqind t\u00eb popullsis\u00eb.<\/strong><\/p>\n<p>Me k\u00ebt\u00eb rast n\u00eb Podgoric\u00eb jan\u00eb mbajtur konsultimet p\u00ebrfundimtare publike p\u00ebr tekstin e ndryshimeve dhe plot\u00ebsimeve t\u00eb propozuara, t\u00eb organizuar nga Ministria p\u00ebr t\u00eb Drejtat e Njeriut dhe t\u00eb Pakicave.<\/p>\n<p>Leon Gjokaj, drejtori i p\u00ebrgjithsh\u00ebm p\u00ebr mbrojtjen dhe avancimin e pakicave n\u00eb Ministrin\u00eb p\u00ebr t\u00eb Drejtat e Njeriut dhe Minoriteteve t\u00eb Malit t\u00eb Zi, tha se ndryshimet dhe plot\u00ebsimet n\u00eb Ligjin p\u00ebr t\u00eb drejtat e minoriteteve jan\u00eb n\u00eb pajtim t\u00eb plot\u00eb me miratimin e Komisionit Evropian dhe t\u00eb Venecias.<\/p>\n<p>&#8220;N\u00eb k\u00ebt\u00eb projekt ligj ekziston nj\u00eb propozim q\u00eb do t\u00eb thot\u00eb n\u00eb t\u00eb gjitha ato komuna ku popullata shqiptare, ajo pakic\u00eb q\u00eb p\u00ebrb\u00ebn pes\u00eb p\u00ebrqind n\u00eb nivelin e nj\u00eb komune, kjo gjuh\u00eb duhet t\u00eb jet\u00eb n\u00eb p\u00ebrdorimin zyrtar&#8221;, tha Gjokaj p\u00ebr RTK.<\/p>\n<p>Pra, Gjokaj gjithashtu deklaron se gjuha shqipe do t\u00eb jet\u00eb e zyrtare edhe n\u00eb komuna tjera t\u00eb Malit t\u00eb Zi.<\/p>\n<p>&#8221; K\u00ebshtu fal\u00eb k\u00ebsaj gjuha shqipe, me nuk do t\u00eb jet\u00eb n\u00eb p\u00ebrdorim vet\u00ebm n\u00eb Ulqin, Plave, Guci apo Tuz, por do t\u00eb jet\u00eb edhe gjuh\u00eb e p\u00ebrdorimit zyrtar\u00eb edhe n\u00eb Podgoric\u00eb, Tivar, Guci dhe Rozhaj\u00eb&#8221;, theksoi ai.<\/p>\n<p>Gjithashtu, ligji i ri parashikon formimin e nj\u00eb k\u00ebshilli i cili do t\u00eb p\u00ebrfaq\u00ebsonte institucionin kryesor t\u00eb t\u00eb gjitha pakicave komb\u00ebtare, e cila do t\u00eb formohej nga Qeveria e Malit te Zi.<\/p>\n<p>&nbsp;<\/p>\n<p><i>Autor: Ilirijana Markashi<\/i><\/p>\n<p><strong>RTK<\/strong><\/p>\n<\/div>\n","protected":false},"excerpt":{"rendered":"<p>Propozimi p\u00ebr ndryshimin dhe plot\u00ebsimin e Ligjit p\u00ebr t\u00eb drejtat dhe lirit\u00eb e pakicave parashikon zyrtarizimin e gjuh\u00ebs s\u00eb pakicave n\u00eb zonat ku ato p\u00ebrb\u00ebjn\u00eb pes\u00eb p\u00ebrqind t\u00eb popullsis\u00eb. Me k\u00ebt\u00eb rast n\u00eb Podgoric\u00eb jan\u00eb mbajtur konsultimet p\u00ebrfundimtare publike p\u00ebr tekstin e ndryshimeve dhe plot\u00ebsimeve t\u00eb propozuara, t\u00eb organizuar nga Ministria p\u00ebr t\u00eb Drejtat e [&hellip;]<\/p>\n","protected":false},"author":1,"featured_media":0,"comment_status":"closed","ping_status":"closed","sticky":false,"template":"","format":"standard","meta":{"spay_email":"","jetpack_publicize_message":"","jetpack_is_tweetstorm":false,"jetpack_publicize_feature_enabled":true},"categories":[4,1],"tags":[],"jetpack_publicize_connections":[],"yoast_head":"<!-- This site is optimized with the Yoast SEO plugin v19.1 - https:\/\/yoast.com\/wordpress\/plugins\/seo\/ -->\n<title>Gjuha shqipe, zyrtare edhe n\u00eb komunat ku jetojn\u00eb 5% shqiptar\u00eb - Lajme nga Ulqini<\/title>\n<meta name=\"description\" content=\"Propozimi p\u00ebr ndryshimin dhe plot\u00ebsimin e Ligjit p\u00ebr t\u00eb drejtat dhe lirit\u00eb e pakicave parashikon zyrtarizimin e gjuh\u00ebs s\u00eb pakicave n\u00eb zonat ku ato\" \/>\n<meta name=\"robots\" content=\"index, follow, max-snippet:-1, max-image-preview:large, max-video-preview:-1\" \/>\n<link rel=\"canonical\" href=\"https:\/\/www.visit-ulcinj.com\/blog\/2016\/06\/25\/gjuha-shqipe-zyrtare-edhe-ne-komunat-ku-jetojne-5-shqiptare\/\" \/>\n<meta property=\"og:locale\" content=\"en_US\" \/>\n<meta property=\"og:type\" content=\"article\" \/>\n<meta property=\"og:title\" content=\"Gjuha shqipe, zyrtare edhe n\u00eb komunat ku jetojn\u00eb 5% shqiptar\u00eb - Lajme nga Ulqini\" \/>\n<meta property=\"og:description\" content=\"Propozimi p\u00ebr ndryshimin dhe plot\u00ebsimin e Ligjit p\u00ebr t\u00eb drejtat dhe lirit\u00eb e pakicave parashikon zyrtarizimin e gjuh\u00ebs s\u00eb pakicave n\u00eb zonat ku ato\" \/>\n<meta property=\"og:url\" content=\"https:\/\/www.visit-ulcinj.com\/blog\/2016\/06\/25\/gjuha-shqipe-zyrtare-edhe-ne-komunat-ku-jetojne-5-shqiptare\/\" \/>\n<meta property=\"og:site_name\" content=\"Lajme nga Ulqini\" \/>\n<meta property=\"article:published_time\" content=\"2016-06-25T17:05:27+00:00\" \/>\n<meta property=\"article:modified_time\" content=\"2016-06-26T13:12:59+00:00\" \/>\n<meta property=\"og:image\" content=\"http:\/\/www.visit-ulcinj.com\/blog\/wp-content\/uploads\/2014\/08\/ulqini-sot-1.jpg\" \/>\n<meta name=\"twitter:label1\" content=\"Written by\" \/>\n\t<meta name=\"twitter:data1\" content=\"ulqini\" \/>\n\t<meta name=\"twitter:label2\" content=\"Est. reading time\" \/>\n\t<meta name=\"twitter:data2\" content=\"1 minute\" \/>\n<script type=\"application\/ld+json\" class=\"yoast-schema-graph\">{\"@context\":\"https:\/\/schema.org\",\"@graph\":[{\"@type\":\"WebSite\",\"@id\":\"https:\/\/www.visit-ulcinj.com\/blog\/#website\",\"url\":\"https:\/\/www.visit-ulcinj.com\/blog\/\",\"name\":\"Lajme nga Ulqini\",\"description\":\"Lajme,Vijesti,Ulqini,Ulqin,Crna Gora,Mali i Zi\",\"potentialAction\":[{\"@type\":\"SearchAction\",\"target\":{\"@type\":\"EntryPoint\",\"urlTemplate\":\"https:\/\/www.visit-ulcinj.com\/blog\/?s={search_term_string}\"},\"query-input\":\"required name=search_term_string\"}],\"inLanguage\":\"en-US\"},{\"@type\":\"ImageObject\",\"inLanguage\":\"en-US\",\"@id\":\"https:\/\/www.visit-ulcinj.com\/blog\/2016\/06\/25\/gjuha-shqipe-zyrtare-edhe-ne-komunat-ku-jetojne-5-shqiptare\/#primaryimage\",\"url\":\"https:\/\/www.visit-ulcinj.com\/blog\/wp-content\/uploads\/2014\/08\/ulqini-sot-1.jpg\",\"contentUrl\":\"https:\/\/www.visit-ulcinj.com\/blog\/wp-content\/uploads\/2014\/08\/ulqini-sot-1.jpg\",\"width\":960,\"height\":960},{\"@type\":\"WebPage\",\"@id\":\"https:\/\/www.visit-ulcinj.com\/blog\/2016\/06\/25\/gjuha-shqipe-zyrtare-edhe-ne-komunat-ku-jetojne-5-shqiptare\/#webpage\",\"url\":\"https:\/\/www.visit-ulcinj.com\/blog\/2016\/06\/25\/gjuha-shqipe-zyrtare-edhe-ne-komunat-ku-jetojne-5-shqiptare\/\",\"name\":\"Gjuha shqipe, zyrtare edhe n\u00eb komunat ku jetojn\u00eb 5% shqiptar\u00eb - Lajme nga Ulqini\",\"isPartOf\":{\"@id\":\"https:\/\/www.visit-ulcinj.com\/blog\/#website\"},\"primaryImageOfPage\":{\"@id\":\"https:\/\/www.visit-ulcinj.com\/blog\/2016\/06\/25\/gjuha-shqipe-zyrtare-edhe-ne-komunat-ku-jetojne-5-shqiptare\/#primaryimage\"},\"datePublished\":\"2016-06-25T17:05:27+00:00\",\"dateModified\":\"2016-06-26T13:12:59+00:00\",\"author\":{\"@id\":\"https:\/\/www.visit-ulcinj.com\/blog\/#\/schema\/person\/dcab619c614d3038751c63bc2aadc06d\"},\"description\":\"Propozimi p\u00ebr ndryshimin dhe plot\u00ebsimin e Ligjit p\u00ebr t\u00eb drejtat dhe lirit\u00eb e pakicave parashikon zyrtarizimin e gjuh\u00ebs s\u00eb pakicave n\u00eb zonat ku ato\",\"breadcrumb\":{\"@id\":\"https:\/\/www.visit-ulcinj.com\/blog\/2016\/06\/25\/gjuha-shqipe-zyrtare-edhe-ne-komunat-ku-jetojne-5-shqiptare\/#breadcrumb\"},\"inLanguage\":\"en-US\",\"potentialAction\":[{\"@type\":\"ReadAction\",\"target\":[\"https:\/\/www.visit-ulcinj.com\/blog\/2016\/06\/25\/gjuha-shqipe-zyrtare-edhe-ne-komunat-ku-jetojne-5-shqiptare\/\"]}]},{\"@type\":\"BreadcrumbList\",\"@id\":\"https:\/\/www.visit-ulcinj.com\/blog\/2016\/06\/25\/gjuha-shqipe-zyrtare-edhe-ne-komunat-ku-jetojne-5-shqiptare\/#breadcrumb\",\"itemListElement\":[{\"@type\":\"ListItem\",\"position\":1,\"name\":\"Gjuha shqipe, zyrtare edhe n\u00eb komunat ku jetojn\u00eb 5% shqiptar\u00eb\"}]},{\"@type\":\"Person\",\"@id\":\"https:\/\/www.visit-ulcinj.com\/blog\/#\/schema\/person\/dcab619c614d3038751c63bc2aadc06d\",\"name\":\"ulqini\",\"sameAs\":[\"http:\/\/www.visit-ulcinj.com\"],\"url\":\"https:\/\/www.visit-ulcinj.com\/blog\/author\/admin\/\"}]}<\/script>\n<!-- \/ Yoast SEO plugin. -->","yoast_head_json":{"title":"Gjuha shqipe, zyrtare edhe n\u00eb komunat ku jetojn\u00eb 5% shqiptar\u00eb - Lajme nga Ulqini","description":"Propozimi p\u00ebr ndryshimin dhe plot\u00ebsimin e Ligjit p\u00ebr t\u00eb drejtat dhe lirit\u00eb e pakicave parashikon zyrtarizimin e gjuh\u00ebs s\u00eb pakicave n\u00eb zonat ku ato","robots":{"index":"index","follow":"follow","max-snippet":"max-snippet:-1","max-image-preview":"max-image-preview:large","max-video-preview":"max-video-preview:-1"},"canonical":"https:\/\/www.visit-ulcinj.com\/blog\/2016\/06\/25\/gjuha-shqipe-zyrtare-edhe-ne-komunat-ku-jetojne-5-shqiptare\/","og_locale":"en_US","og_type":"article","og_title":"Gjuha shqipe, zyrtare edhe n\u00eb komunat ku jetojn\u00eb 5% shqiptar\u00eb - Lajme nga Ulqini","og_description":"Propozimi p\u00ebr ndryshimin dhe plot\u00ebsimin e Ligjit p\u00ebr t\u00eb drejtat dhe lirit\u00eb e pakicave parashikon zyrtarizimin e gjuh\u00ebs s\u00eb pakicave n\u00eb zonat ku ato","og_url":"https:\/\/www.visit-ulcinj.com\/blog\/2016\/06\/25\/gjuha-shqipe-zyrtare-edhe-ne-komunat-ku-jetojne-5-shqiptare\/","og_site_name":"Lajme nga Ulqini","article_published_time":"2016-06-25T17:05:27+00:00","article_modified_time":"2016-06-26T13:12:59+00:00","og_image":[{"url":"http:\/\/www.visit-ulcinj.com\/blog\/wp-content\/uploads\/2014\/08\/ulqini-sot-1.jpg"}],"twitter_misc":{"Written by":"ulqini","Est. reading time":"1 minute"},"schema":{"@context":"https:\/\/schema.org","@graph":[{"@type":"WebSite","@id":"https:\/\/www.visit-ulcinj.com\/blog\/#website","url":"https:\/\/www.visit-ulcinj.com\/blog\/","name":"Lajme nga Ulqini","description":"Lajme,Vijesti,Ulqini,Ulqin,Crna Gora,Mali i Zi","potentialAction":[{"@type":"SearchAction","target":{"@type":"EntryPoint","urlTemplate":"https:\/\/www.visit-ulcinj.com\/blog\/?s={search_term_string}"},"query-input":"required name=search_term_string"}],"inLanguage":"en-US"},{"@type":"ImageObject","inLanguage":"en-US","@id":"https:\/\/www.visit-ulcinj.com\/blog\/2016\/06\/25\/gjuha-shqipe-zyrtare-edhe-ne-komunat-ku-jetojne-5-shqiptare\/#primaryimage","url":"https:\/\/www.visit-ulcinj.com\/blog\/wp-content\/uploads\/2014\/08\/ulqini-sot-1.jpg","contentUrl":"https:\/\/www.visit-ulcinj.com\/blog\/wp-content\/uploads\/2014\/08\/ulqini-sot-1.jpg","width":960,"height":960},{"@type":"WebPage","@id":"https:\/\/www.visit-ulcinj.com\/blog\/2016\/06\/25\/gjuha-shqipe-zyrtare-edhe-ne-komunat-ku-jetojne-5-shqiptare\/#webpage","url":"https:\/\/www.visit-ulcinj.com\/blog\/2016\/06\/25\/gjuha-shqipe-zyrtare-edhe-ne-komunat-ku-jetojne-5-shqiptare\/","name":"Gjuha shqipe, zyrtare edhe n\u00eb komunat ku jetojn\u00eb 5% shqiptar\u00eb - Lajme nga Ulqini","isPartOf":{"@id":"https:\/\/www.visit-ulcinj.com\/blog\/#website"},"primaryImageOfPage":{"@id":"https:\/\/www.visit-ulcinj.com\/blog\/2016\/06\/25\/gjuha-shqipe-zyrtare-edhe-ne-komunat-ku-jetojne-5-shqiptare\/#primaryimage"},"datePublished":"2016-06-25T17:05:27+00:00","dateModified":"2016-06-26T13:12:59+00:00","author":{"@id":"https:\/\/www.visit-ulcinj.com\/blog\/#\/schema\/person\/dcab619c614d3038751c63bc2aadc06d"},"description":"Propozimi p\u00ebr ndryshimin dhe plot\u00ebsimin e Ligjit p\u00ebr t\u00eb drejtat dhe lirit\u00eb e pakicave parashikon zyrtarizimin e gjuh\u00ebs s\u00eb pakicave n\u00eb zonat ku ato","breadcrumb":{"@id":"https:\/\/www.visit-ulcinj.com\/blog\/2016\/06\/25\/gjuha-shqipe-zyrtare-edhe-ne-komunat-ku-jetojne-5-shqiptare\/#breadcrumb"},"inLanguage":"en-US","potentialAction":[{"@type":"ReadAction","target":["https:\/\/www.visit-ulcinj.com\/blog\/2016\/06\/25\/gjuha-shqipe-zyrtare-edhe-ne-komunat-ku-jetojne-5-shqiptare\/"]}]},{"@type":"BreadcrumbList","@id":"https:\/\/www.visit-ulcinj.com\/blog\/2016\/06\/25\/gjuha-shqipe-zyrtare-edhe-ne-komunat-ku-jetojne-5-shqiptare\/#breadcrumb","itemListElement":[{"@type":"ListItem","position":1,"name":"Gjuha shqipe, zyrtare edhe n\u00eb komunat ku jetojn\u00eb 5% shqiptar\u00eb"}]},{"@type":"Person","@id":"https:\/\/www.visit-ulcinj.com\/blog\/#\/schema\/person\/dcab619c614d3038751c63bc2aadc06d","name":"ulqini","sameAs":["http:\/\/www.visit-ulcinj.com"],"url":"https:\/\/www.visit-ulcinj.com\/blog\/author\/admin\/"}]}},"jetpack_featured_media_url":"","jetpack_sharing_enabled":true,"jetpack_shortlink":"https:\/\/wp.me\/pe6lTn-psK","_links":{"self":[{"href":"https:\/\/www.visit-ulcinj.com\/blog\/wp-json\/wp\/v2\/posts\/97882"}],"collection":[{"href":"https:\/\/www.visit-ulcinj.com\/blog\/wp-json\/wp\/v2\/posts"}],"about":[{"href":"https:\/\/www.visit-ulcinj.com\/blog\/wp-json\/wp\/v2\/types\/post"}],"author":[{"embeddable":true,"href":"https:\/\/www.visit-ulcinj.com\/blog\/wp-json\/wp\/v2\/users\/1"}],"replies":[{"embeddable":true,"href":"https:\/\/www.visit-ulcinj.com\/blog\/wp-json\/wp\/v2\/comments?post=97882"}],"version-history":[{"count":1,"href":"https:\/\/www.visit-ulcinj.com\/blog\/wp-json\/wp\/v2\/posts\/97882\/revisions"}],"predecessor-version":[{"id":97883,"href":"https:\/\/www.visit-ulcinj.com\/blog\/wp-json\/wp\/v2\/posts\/97882\/revisions\/97883"}],"wp:attachment":[{"href":"https:\/\/www.visit-ulcinj.com\/blog\/wp-json\/wp\/v2\/media?parent=97882"}],"wp:term":[{"taxonomy":"category","embeddable":true,"href":"https:\/\/www.visit-ulcinj.com\/blog\/wp-json\/wp\/v2\/categories?post=97882"},{"taxonomy":"post_tag","embeddable":true,"href":"https:\/\/www.visit-ulcinj.com\/blog\/wp-json\/wp\/v2\/tags?post=97882"}],"curies":[{"name":"wp","href":"https:\/\/api.w.org\/{rel}","templated":true}]}}