{"id":97889,"date":"2016-06-27T14:54:42","date_gmt":"2016-06-27T13:54:42","guid":{"rendered":"http:\/\/www.visit-ulcinj.com\/blog\/?p=97889"},"modified":"2016-06-29T17:43:14","modified_gmt":"2016-06-29T16:43:14","slug":"iftari-i-bashkon-te-gjithe-ne-ulqin-pozite-e-opozite-myslimane-e-krishtere-foto","status":"publish","type":"post","link":"https:\/\/www.visit-ulcinj.com\/blog\/2016\/06\/27\/iftari-i-bashkon-te-gjithe-ne-ulqin-pozite-e-opozite-myslimane-e-krishtere-foto\/","title":{"rendered":"Iftari i bashkon t\u00eb gjith\u00eb n\u00eb Ulqin, pozit\u00eb e opozit\u00eb, mysliman\u00eb e krishter\u00eb + Video"},"content":{"rendered":"<p><strong><a href=\"http:\/\/www.visit-ulcinj.com\/blog\/wp-content\/uploads\/2016\/06\/Iftari-bashkon-ne-Ulqin-musliman-dhe-krishter-.jpg\"><img loading=\"lazy\" class=\"alignleft wp-image-97890\" src=\"http:\/\/www.visit-ulcinj.com\/blog\/wp-content\/uploads\/2016\/06\/Iftari-bashkon-ne-Ulqin-musliman-dhe-krishter-.jpg\" alt=\"Iftari bashkon ne Ulqin-musliman dhe krishter-\" width=\"508\" height=\"381\" srcset=\"https:\/\/www.visit-ulcinj.com\/blog\/wp-content\/uploads\/2016\/06\/Iftari-bashkon-ne-Ulqin-musliman-dhe-krishter-.jpg 960w, https:\/\/www.visit-ulcinj.com\/blog\/wp-content\/uploads\/2016\/06\/Iftari-bashkon-ne-Ulqin-musliman-dhe-krishter--300x225.jpg 300w, https:\/\/www.visit-ulcinj.com\/blog\/wp-content\/uploads\/2016\/06\/Iftari-bashkon-ne-Ulqin-musliman-dhe-krishter--768x576.jpg 768w\" sizes=\"(max-width: 508px) 100vw, 508px\" \/><\/a><\/strong><\/p>\n<p><strong>Luigj Shkreli i PDS-s\u00eb ka postuar nj\u00eb fotografi n\u00eb facebook, ku shihet s\u00eb bashku me Nazif Cungun, kryetari i Forc\u00ebs dhe kryetari aktual i Ulqinit,\u00a0kryeimami i Ulqinit mr. Ali ef. Bardhi si dhe kryetari i parlamentit t\u00eb Ulqinit Loro Ndrekiqi.<br \/>\n<\/strong><\/p>\n<p><strong>N\u00eb hotel Mediteran Ulqin me 25.06.2016. t\u00eb shtun\u00ebn n\u00eb mbr\u00ebmje Mexhlisi i Bashk\u00ebsis\u00eb islame n\u00eb Ulqin shtroi iftar p\u00ebr rreth 650 agjerues. Mes xhematlinjve nga Ulqini e rrethina si dhe Ana e Malit t\u00eb prir\u00eb nga imam\u00ebt e tyre, \u00a0ishin edhe personalitete te shquara t\u00eb jet\u00ebs kulturore e politike n\u00eb vend, raporton portali Islam-Ul.com.<br \/>\n<\/strong><\/p>\n<p>N\u00eb iftar ishte i pranishem reisi i Bashk\u00ebsis\u00eb islame n\u00eb Mal t\u00eb Zi Rifat ef. Fejziq, kryetari i komun\u00ebs Nazif Cungu, p\u00ebrfaq\u00ebsues nga Bashk\u00ebsia islame e Turqis\u00eb n\u00eb v\u00ebndin ton\u00eb Tevfik Juxhesoj, koordinatori i TIKA-s Mustafa Jazexhe, drejtori i shoqat\u00ebs ISKED z. Salih Gyzel me bashk\u00ebpun\u00ebtor\u00eb, deputeti n\u00eb Parlamentin e Malit t\u00eb Zi z. Luigj Shkrela, p\u00ebrfaq\u00ebsues nga Myftinia e Shkodres dhe K\u00ebshilli i Bashk\u00ebsis\u00eb islame n\u00eb Prizren e t\u00eb tjer\u00eb mysafir t\u00eb cil\u00ebt hijeshuan k\u00ebt\u00eb iftar.<\/p>\n<p>T\u00eb pranishmit i p\u00ebrshendeti kryeimami i Ulqinit mr. Ali ef. Bardhi i cili u d\u00ebshiroi mir\u00ebseardhjen n\u00eb k\u00ebt\u00eb iftar. T\u00eb pranishmit i p\u00ebrshendeti edhe z. Salih Gyzel shoqata e t\u00eb cilit po nderton medresen\u00eb e vajzave n\u00eb Ulqin. Poashtu edhe kryetari i komun\u00ebs z. Nazif Cungu p\u00ebrshendeti t\u00eb pranishmit dhe n\u00eb fund reisi i Bashk\u00ebsis\u00eb islame n\u00eb Ulqin p\u00ebrshendeti t\u00eb pranishmit dhe foli p\u00ebr vler\u00ebn e projekt\u00ebve t\u00eb Bashk\u00ebsis\u00eb islame n\u00eb arsim e kulture si dhe r\u00ebnd\u00ebsin\u00eb e kultivimit t\u00eb vlerave njer\u00ebzore t\u00eb mir\u00ebsjeljes, respektit dhe dashuris\u00eb n\u00eb tok\u00ebn, ajrin, diellin dhe buk\u00ebn q\u00eb ndajm\u00eb se bashku.<\/p>\n<p>Iftari kaloi n\u00eb nj\u00eb atmosfer\u00eb jasht\u00ebzakonisht v\u00ebllaz\u00ebrore.<\/p>\n<p><iframe loading=\"lazy\" frameborder=\"0\" width=\"508\" height=\"340\" src=\"\/\/www.dailymotion.com\/embed\/video\/x4irxjq?autoPlay=1\" allowfullscreen><\/iframe><br \/>\n\n\t\t<style type=\"text\/css\">\n\t\t\t#gallery-1 {\n\t\t\t\tmargin: auto;\n\t\t\t}\n\t\t\t#gallery-1 .gallery-item {\n\t\t\t\tfloat: left;\n\t\t\t\tmargin-top: 10px;\n\t\t\t\ttext-align: center;\n\t\t\t\twidth: 33%;\n\t\t\t}\n\t\t\t#gallery-1 img {\n\t\t\t\tborder: 2px solid #cfcfcf;\n\t\t\t}\n\t\t\t#gallery-1 .gallery-caption {\n\t\t\t\tmargin-left: 0;\n\t\t\t}\n\t\t\t\/* see gallery_shortcode() in wp-includes\/media.php *\/\n\t\t<\/style>\n\t\t<div id='gallery-1' class='gallery galleryid-97889 gallery-columns-3 gallery-size-thumbnail'><dl class='gallery-item'>\n\t\t\t<dt class='gallery-icon portrait'>\n\t\t\t\t<a href='https:\/\/www.visit-ulcinj.com\/blog\/2016\/06\/27\/iftari-i-bashkon-te-gjithe-ne-ulqin-pozite-e-opozite-myslimane-e-krishtere-foto\/iftari-bashkon-ne-ulqin-musliman-dhe-krishter-1\/'><img width=\"150\" height=\"150\" src=\"https:\/\/www.visit-ulcinj.com\/blog\/wp-content\/uploads\/2016\/06\/Iftari-bashkon-ne-Ulqin-musliman-dhe-krishter-1-150x150.jpg\" class=\"attachment-thumbnail size-thumbnail\" alt=\"\" loading=\"lazy\" \/><\/a>\n\t\t\t<\/dt><\/dl><dl class='gallery-item'>\n\t\t\t<dt class='gallery-icon landscape'>\n\t\t\t\t<a href='https:\/\/www.visit-ulcinj.com\/blog\/2016\/06\/27\/iftari-i-bashkon-te-gjithe-ne-ulqin-pozite-e-opozite-myslimane-e-krishtere-foto\/iftari-bashkon-ne-ulqin-musliman-dhe-krishter-2\/'><img width=\"150\" height=\"150\" src=\"https:\/\/www.visit-ulcinj.com\/blog\/wp-content\/uploads\/2016\/06\/Iftari-bashkon-ne-Ulqin-musliman-dhe-krishter-2-150x150.jpg\" class=\"attachment-thumbnail size-thumbnail\" alt=\"\" loading=\"lazy\" \/><\/a>\n\t\t\t<\/dt><\/dl><dl class='gallery-item'>\n\t\t\t<dt class='gallery-icon landscape'>\n\t\t\t\t<a href='https:\/\/www.visit-ulcinj.com\/blog\/2016\/06\/27\/iftari-i-bashkon-te-gjithe-ne-ulqin-pozite-e-opozite-myslimane-e-krishtere-foto\/iftari-bashkon-ne-ulqin-musliman-dhe-krishter-3\/'><img width=\"150\" height=\"150\" src=\"https:\/\/www.visit-ulcinj.com\/blog\/wp-content\/uploads\/2016\/06\/Iftari-bashkon-ne-Ulqin-musliman-dhe-krishter-3-150x150.jpg\" class=\"attachment-thumbnail size-thumbnail\" alt=\"\" loading=\"lazy\" \/><\/a>\n\t\t\t<\/dt><\/dl><br style=\"clear: both\" \/><dl class='gallery-item'>\n\t\t\t<dt class='gallery-icon landscape'>\n\t\t\t\t<a href='https:\/\/www.visit-ulcinj.com\/blog\/2016\/06\/27\/iftari-i-bashkon-te-gjithe-ne-ulqin-pozite-e-opozite-myslimane-e-krishtere-foto\/iftari-bashkon-ne-ulqin-musliman-dhe-krishter-4\/'><img width=\"150\" height=\"150\" src=\"https:\/\/www.visit-ulcinj.com\/blog\/wp-content\/uploads\/2016\/06\/Iftari-bashkon-ne-Ulqin-musliman-dhe-krishter-4-150x150.jpg\" class=\"attachment-thumbnail size-thumbnail\" alt=\"\" loading=\"lazy\" \/><\/a>\n\t\t\t<\/dt><\/dl><dl class='gallery-item'>\n\t\t\t<dt class='gallery-icon landscape'>\n\t\t\t\t<a href='https:\/\/www.visit-ulcinj.com\/blog\/2016\/06\/27\/iftari-i-bashkon-te-gjithe-ne-ulqin-pozite-e-opozite-myslimane-e-krishtere-foto\/iftari-bashkon-ne-ulqin-musliman-dhe-krishter-5\/'><img width=\"150\" height=\"150\" src=\"https:\/\/www.visit-ulcinj.com\/blog\/wp-content\/uploads\/2016\/06\/Iftari-bashkon-ne-Ulqin-musliman-dhe-krishter-5-150x150.jpg\" class=\"attachment-thumbnail size-thumbnail\" alt=\"\" loading=\"lazy\" \/><\/a>\n\t\t\t<\/dt><\/dl><dl class='gallery-item'>\n\t\t\t<dt class='gallery-icon landscape'>\n\t\t\t\t<a href='https:\/\/www.visit-ulcinj.com\/blog\/2016\/06\/27\/iftari-i-bashkon-te-gjithe-ne-ulqin-pozite-e-opozite-myslimane-e-krishtere-foto\/iftari-bashkon-ne-ulqin-musliman-dhe-krishter-6\/'><img width=\"150\" height=\"150\" src=\"https:\/\/www.visit-ulcinj.com\/blog\/wp-content\/uploads\/2016\/06\/Iftari-bashkon-ne-Ulqin-musliman-dhe-krishter-6-150x150.jpg\" class=\"attachment-thumbnail size-thumbnail\" alt=\"\" loading=\"lazy\" \/><\/a>\n\t\t\t<\/dt><\/dl><br style=\"clear: both\" \/><dl class='gallery-item'>\n\t\t\t<dt class='gallery-icon landscape'>\n\t\t\t\t<a href='https:\/\/www.visit-ulcinj.com\/blog\/2016\/06\/27\/iftari-i-bashkon-te-gjithe-ne-ulqin-pozite-e-opozite-myslimane-e-krishtere-foto\/iftari-bashkon-ne-ulqin-musliman-dhe-krishter-7\/'><img width=\"150\" height=\"150\" src=\"https:\/\/www.visit-ulcinj.com\/blog\/wp-content\/uploads\/2016\/06\/Iftari-bashkon-ne-Ulqin-musliman-dhe-krishter-7-150x150.jpg\" class=\"attachment-thumbnail size-thumbnail\" alt=\"\" loading=\"lazy\" \/><\/a>\n\t\t\t<\/dt><\/dl><dl class='gallery-item'>\n\t\t\t<dt class='gallery-icon landscape'>\n\t\t\t\t<a href='https:\/\/www.visit-ulcinj.com\/blog\/2016\/06\/27\/iftari-i-bashkon-te-gjithe-ne-ulqin-pozite-e-opozite-myslimane-e-krishtere-foto\/iftari-bashkon-ne-ulqin-musliman-dhe-krishter-8\/'><img width=\"150\" height=\"150\" src=\"https:\/\/www.visit-ulcinj.com\/blog\/wp-content\/uploads\/2016\/06\/Iftari-bashkon-ne-Ulqin-musliman-dhe-krishter-8-150x150.jpg\" class=\"attachment-thumbnail size-thumbnail\" alt=\"\" loading=\"lazy\" \/><\/a>\n\t\t\t<\/dt><\/dl><dl class='gallery-item'>\n\t\t\t<dt class='gallery-icon landscape'>\n\t\t\t\t<a href='https:\/\/www.visit-ulcinj.com\/blog\/2016\/06\/27\/iftari-i-bashkon-te-gjithe-ne-ulqin-pozite-e-opozite-myslimane-e-krishtere-foto\/iftari-bashkon-ne-ulqin-musliman-dhe-krishter-9\/'><img width=\"150\" height=\"150\" src=\"https:\/\/www.visit-ulcinj.com\/blog\/wp-content\/uploads\/2016\/06\/Iftari-bashkon-ne-Ulqin-musliman-dhe-krishter-9-150x150.jpg\" class=\"attachment-thumbnail size-thumbnail\" alt=\"\" loading=\"lazy\" \/><\/a>\n\t\t\t<\/dt><\/dl><br style=\"clear: both\" \/>\n\t\t<\/div>\n<\/p>\n","protected":false},"excerpt":{"rendered":"<p>Luigj Shkreli i PDS-s\u00eb ka postuar nj\u00eb fotografi n\u00eb facebook, ku shihet s\u00eb bashku me Nazif Cungun, kryetari i Forc\u00ebs dhe kryetari aktual i Ulqinit,\u00a0kryeimami i Ulqinit mr. Ali ef. Bardhi si dhe kryetari i parlamentit t\u00eb Ulqinit Loro Ndrekiqi. N\u00eb hotel Mediteran Ulqin me 25.06.2016. t\u00eb shtun\u00ebn n\u00eb mbr\u00ebmje Mexhlisi i Bashk\u00ebsis\u00eb islame n\u00eb [&hellip;]<\/p>\n","protected":false},"author":1,"featured_media":0,"comment_status":"closed","ping_status":"closed","sticky":false,"template":"","format":"standard","meta":{"spay_email":"","jetpack_publicize_message":"","jetpack_is_tweetstorm":false,"jetpack_publicize_feature_enabled":true},"categories":[1,13],"tags":[],"jetpack_publicize_connections":[],"yoast_head":"<!-- This site is optimized with the Yoast SEO plugin v19.1 - https:\/\/yoast.com\/wordpress\/plugins\/seo\/ -->\n<title>Iftari i bashkon t\u00eb gjith\u00eb n\u00eb Ulqin, pozit\u00eb e opozit\u00eb, mysliman\u00eb e krishter\u00eb + Video - Lajme nga Ulqini<\/title>\n<meta name=\"description\" content=\"Luigj Shkreli i PDS-s\u00eb ka postuar nj\u00eb fotografi n\u00eb facebook, ku shihet s\u00eb bashku me Nazif Cungun, kryetari i Forc\u00ebs dhe kryetari aktual i\" \/>\n<meta name=\"robots\" content=\"index, follow, max-snippet:-1, max-image-preview:large, max-video-preview:-1\" \/>\n<link rel=\"canonical\" href=\"https:\/\/www.visit-ulcinj.com\/blog\/2016\/06\/27\/iftari-i-bashkon-te-gjithe-ne-ulqin-pozite-e-opozite-myslimane-e-krishtere-foto\/\" \/>\n<meta property=\"og:locale\" content=\"en_US\" \/>\n<meta property=\"og:type\" content=\"article\" \/>\n<meta property=\"og:title\" content=\"Iftari i bashkon t\u00eb gjith\u00eb n\u00eb Ulqin, pozit\u00eb e opozit\u00eb, mysliman\u00eb e krishter\u00eb + Video - Lajme nga Ulqini\" \/>\n<meta property=\"og:description\" content=\"Luigj Shkreli i PDS-s\u00eb ka postuar nj\u00eb fotografi n\u00eb facebook, ku shihet s\u00eb bashku me Nazif Cungun, kryetari i Forc\u00ebs dhe kryetari aktual i\" \/>\n<meta property=\"og:url\" content=\"https:\/\/www.visit-ulcinj.com\/blog\/2016\/06\/27\/iftari-i-bashkon-te-gjithe-ne-ulqin-pozite-e-opozite-myslimane-e-krishtere-foto\/\" \/>\n<meta property=\"og:site_name\" content=\"Lajme nga Ulqini\" \/>\n<meta property=\"article:published_time\" content=\"2016-06-27T13:54:42+00:00\" \/>\n<meta property=\"article:modified_time\" content=\"2016-06-29T16:43:14+00:00\" \/>\n<meta property=\"og:image\" content=\"https:\/\/www.visit-ulcinj.com\/blog\/wp-content\/uploads\/2016\/06\/Iftari-bashkon-ne-Ulqin-musliman-dhe-krishter-1-150x150.jpg\" \/>\n<meta name=\"twitter:label1\" content=\"Written by\" \/>\n\t<meta name=\"twitter:data1\" content=\"ulqini\" \/>\n\t<meta name=\"twitter:label2\" content=\"Est. reading time\" \/>\n\t<meta name=\"twitter:data2\" content=\"2 minutes\" \/>\n<script type=\"application\/ld+json\" class=\"yoast-schema-graph\">{\"@context\":\"https:\/\/schema.org\",\"@graph\":[{\"@type\":\"WebSite\",\"@id\":\"https:\/\/www.visit-ulcinj.com\/blog\/#website\",\"url\":\"https:\/\/www.visit-ulcinj.com\/blog\/\",\"name\":\"Lajme nga Ulqini\",\"description\":\"Lajme,Vijesti,Ulqini,Ulqin,Crna Gora,Mali i Zi\",\"potentialAction\":[{\"@type\":\"SearchAction\",\"target\":{\"@type\":\"EntryPoint\",\"urlTemplate\":\"https:\/\/www.visit-ulcinj.com\/blog\/?s={search_term_string}\"},\"query-input\":\"required name=search_term_string\"}],\"inLanguage\":\"en-US\"},{\"@type\":\"ImageObject\",\"inLanguage\":\"en-US\",\"@id\":\"https:\/\/www.visit-ulcinj.com\/blog\/2016\/06\/27\/iftari-i-bashkon-te-gjithe-ne-ulqin-pozite-e-opozite-myslimane-e-krishtere-foto\/#primaryimage\",\"url\":\"https:\/\/www.visit-ulcinj.com\/blog\/wp-content\/uploads\/2016\/06\/Iftari-bashkon-ne-Ulqin-musliman-dhe-krishter-.jpg\",\"contentUrl\":\"https:\/\/www.visit-ulcinj.com\/blog\/wp-content\/uploads\/2016\/06\/Iftari-bashkon-ne-Ulqin-musliman-dhe-krishter-.jpg\",\"width\":960,\"height\":720},{\"@type\":\"WebPage\",\"@id\":\"https:\/\/www.visit-ulcinj.com\/blog\/2016\/06\/27\/iftari-i-bashkon-te-gjithe-ne-ulqin-pozite-e-opozite-myslimane-e-krishtere-foto\/#webpage\",\"url\":\"https:\/\/www.visit-ulcinj.com\/blog\/2016\/06\/27\/iftari-i-bashkon-te-gjithe-ne-ulqin-pozite-e-opozite-myslimane-e-krishtere-foto\/\",\"name\":\"Iftari i bashkon t\u00eb gjith\u00eb n\u00eb Ulqin, pozit\u00eb e opozit\u00eb, mysliman\u00eb e krishter\u00eb + Video - Lajme nga Ulqini\",\"isPartOf\":{\"@id\":\"https:\/\/www.visit-ulcinj.com\/blog\/#website\"},\"primaryImageOfPage\":{\"@id\":\"https:\/\/www.visit-ulcinj.com\/blog\/2016\/06\/27\/iftari-i-bashkon-te-gjithe-ne-ulqin-pozite-e-opozite-myslimane-e-krishtere-foto\/#primaryimage\"},\"datePublished\":\"2016-06-27T13:54:42+00:00\",\"dateModified\":\"2016-06-29T16:43:14+00:00\",\"author\":{\"@id\":\"https:\/\/www.visit-ulcinj.com\/blog\/#\/schema\/person\/dcab619c614d3038751c63bc2aadc06d\"},\"description\":\"Luigj Shkreli i PDS-s\u00eb ka postuar nj\u00eb fotografi n\u00eb facebook, ku shihet s\u00eb bashku me Nazif Cungun, kryetari i Forc\u00ebs dhe kryetari aktual i\",\"breadcrumb\":{\"@id\":\"https:\/\/www.visit-ulcinj.com\/blog\/2016\/06\/27\/iftari-i-bashkon-te-gjithe-ne-ulqin-pozite-e-opozite-myslimane-e-krishtere-foto\/#breadcrumb\"},\"inLanguage\":\"en-US\",\"potentialAction\":[{\"@type\":\"ReadAction\",\"target\":[\"https:\/\/www.visit-ulcinj.com\/blog\/2016\/06\/27\/iftari-i-bashkon-te-gjithe-ne-ulqin-pozite-e-opozite-myslimane-e-krishtere-foto\/\"]}]},{\"@type\":\"BreadcrumbList\",\"@id\":\"https:\/\/www.visit-ulcinj.com\/blog\/2016\/06\/27\/iftari-i-bashkon-te-gjithe-ne-ulqin-pozite-e-opozite-myslimane-e-krishtere-foto\/#breadcrumb\",\"itemListElement\":[{\"@type\":\"ListItem\",\"position\":1,\"name\":\"Iftari i bashkon t\u00eb gjith\u00eb n\u00eb Ulqin, pozit\u00eb e opozit\u00eb, mysliman\u00eb e krishter\u00eb + Video\"}]},{\"@type\":\"Person\",\"@id\":\"https:\/\/www.visit-ulcinj.com\/blog\/#\/schema\/person\/dcab619c614d3038751c63bc2aadc06d\",\"name\":\"ulqini\",\"sameAs\":[\"http:\/\/www.visit-ulcinj.com\"],\"url\":\"https:\/\/www.visit-ulcinj.com\/blog\/author\/admin\/\"}]}<\/script>\n<!-- \/ Yoast SEO plugin. -->","yoast_head_json":{"title":"Iftari i bashkon t\u00eb gjith\u00eb n\u00eb Ulqin, pozit\u00eb e opozit\u00eb, mysliman\u00eb e krishter\u00eb + Video - Lajme nga Ulqini","description":"Luigj Shkreli i PDS-s\u00eb ka postuar nj\u00eb fotografi n\u00eb facebook, ku shihet s\u00eb bashku me Nazif Cungun, kryetari i Forc\u00ebs dhe kryetari aktual i","robots":{"index":"index","follow":"follow","max-snippet":"max-snippet:-1","max-image-preview":"max-image-preview:large","max-video-preview":"max-video-preview:-1"},"canonical":"https:\/\/www.visit-ulcinj.com\/blog\/2016\/06\/27\/iftari-i-bashkon-te-gjithe-ne-ulqin-pozite-e-opozite-myslimane-e-krishtere-foto\/","og_locale":"en_US","og_type":"article","og_title":"Iftari i bashkon t\u00eb gjith\u00eb n\u00eb Ulqin, pozit\u00eb e opozit\u00eb, mysliman\u00eb e krishter\u00eb + Video - Lajme nga Ulqini","og_description":"Luigj Shkreli i PDS-s\u00eb ka postuar nj\u00eb fotografi n\u00eb facebook, ku shihet s\u00eb bashku me Nazif Cungun, kryetari i Forc\u00ebs dhe kryetari aktual i","og_url":"https:\/\/www.visit-ulcinj.com\/blog\/2016\/06\/27\/iftari-i-bashkon-te-gjithe-ne-ulqin-pozite-e-opozite-myslimane-e-krishtere-foto\/","og_site_name":"Lajme nga Ulqini","article_published_time":"2016-06-27T13:54:42+00:00","article_modified_time":"2016-06-29T16:43:14+00:00","og_image":[{"url":"https:\/\/www.visit-ulcinj.com\/blog\/wp-content\/uploads\/2016\/06\/Iftari-bashkon-ne-Ulqin-musliman-dhe-krishter-1-150x150.jpg"}],"twitter_misc":{"Written by":"ulqini","Est. reading time":"2 minutes"},"schema":{"@context":"https:\/\/schema.org","@graph":[{"@type":"WebSite","@id":"https:\/\/www.visit-ulcinj.com\/blog\/#website","url":"https:\/\/www.visit-ulcinj.com\/blog\/","name":"Lajme nga Ulqini","description":"Lajme,Vijesti,Ulqini,Ulqin,Crna Gora,Mali i Zi","potentialAction":[{"@type":"SearchAction","target":{"@type":"EntryPoint","urlTemplate":"https:\/\/www.visit-ulcinj.com\/blog\/?s={search_term_string}"},"query-input":"required name=search_term_string"}],"inLanguage":"en-US"},{"@type":"ImageObject","inLanguage":"en-US","@id":"https:\/\/www.visit-ulcinj.com\/blog\/2016\/06\/27\/iftari-i-bashkon-te-gjithe-ne-ulqin-pozite-e-opozite-myslimane-e-krishtere-foto\/#primaryimage","url":"https:\/\/www.visit-ulcinj.com\/blog\/wp-content\/uploads\/2016\/06\/Iftari-bashkon-ne-Ulqin-musliman-dhe-krishter-.jpg","contentUrl":"https:\/\/www.visit-ulcinj.com\/blog\/wp-content\/uploads\/2016\/06\/Iftari-bashkon-ne-Ulqin-musliman-dhe-krishter-.jpg","width":960,"height":720},{"@type":"WebPage","@id":"https:\/\/www.visit-ulcinj.com\/blog\/2016\/06\/27\/iftari-i-bashkon-te-gjithe-ne-ulqin-pozite-e-opozite-myslimane-e-krishtere-foto\/#webpage","url":"https:\/\/www.visit-ulcinj.com\/blog\/2016\/06\/27\/iftari-i-bashkon-te-gjithe-ne-ulqin-pozite-e-opozite-myslimane-e-krishtere-foto\/","name":"Iftari i bashkon t\u00eb gjith\u00eb n\u00eb Ulqin, pozit\u00eb e opozit\u00eb, mysliman\u00eb e krishter\u00eb + Video - Lajme nga Ulqini","isPartOf":{"@id":"https:\/\/www.visit-ulcinj.com\/blog\/#website"},"primaryImageOfPage":{"@id":"https:\/\/www.visit-ulcinj.com\/blog\/2016\/06\/27\/iftari-i-bashkon-te-gjithe-ne-ulqin-pozite-e-opozite-myslimane-e-krishtere-foto\/#primaryimage"},"datePublished":"2016-06-27T13:54:42+00:00","dateModified":"2016-06-29T16:43:14+00:00","author":{"@id":"https:\/\/www.visit-ulcinj.com\/blog\/#\/schema\/person\/dcab619c614d3038751c63bc2aadc06d"},"description":"Luigj Shkreli i PDS-s\u00eb ka postuar nj\u00eb fotografi n\u00eb facebook, ku shihet s\u00eb bashku me Nazif Cungun, kryetari i Forc\u00ebs dhe kryetari aktual i","breadcrumb":{"@id":"https:\/\/www.visit-ulcinj.com\/blog\/2016\/06\/27\/iftari-i-bashkon-te-gjithe-ne-ulqin-pozite-e-opozite-myslimane-e-krishtere-foto\/#breadcrumb"},"inLanguage":"en-US","potentialAction":[{"@type":"ReadAction","target":["https:\/\/www.visit-ulcinj.com\/blog\/2016\/06\/27\/iftari-i-bashkon-te-gjithe-ne-ulqin-pozite-e-opozite-myslimane-e-krishtere-foto\/"]}]},{"@type":"BreadcrumbList","@id":"https:\/\/www.visit-ulcinj.com\/blog\/2016\/06\/27\/iftari-i-bashkon-te-gjithe-ne-ulqin-pozite-e-opozite-myslimane-e-krishtere-foto\/#breadcrumb","itemListElement":[{"@type":"ListItem","position":1,"name":"Iftari i bashkon t\u00eb gjith\u00eb n\u00eb Ulqin, pozit\u00eb e opozit\u00eb, mysliman\u00eb e krishter\u00eb + Video"}]},{"@type":"Person","@id":"https:\/\/www.visit-ulcinj.com\/blog\/#\/schema\/person\/dcab619c614d3038751c63bc2aadc06d","name":"ulqini","sameAs":["http:\/\/www.visit-ulcinj.com"],"url":"https:\/\/www.visit-ulcinj.com\/blog\/author\/admin\/"}]}},"jetpack_featured_media_url":"","jetpack_sharing_enabled":true,"jetpack_shortlink":"https:\/\/wp.me\/pe6lTn-psR","_links":{"self":[{"href":"https:\/\/www.visit-ulcinj.com\/blog\/wp-json\/wp\/v2\/posts\/97889"}],"collection":[{"href":"https:\/\/www.visit-ulcinj.com\/blog\/wp-json\/wp\/v2\/posts"}],"about":[{"href":"https:\/\/www.visit-ulcinj.com\/blog\/wp-json\/wp\/v2\/types\/post"}],"author":[{"embeddable":true,"href":"https:\/\/www.visit-ulcinj.com\/blog\/wp-json\/wp\/v2\/users\/1"}],"replies":[{"embeddable":true,"href":"https:\/\/www.visit-ulcinj.com\/blog\/wp-json\/wp\/v2\/comments?post=97889"}],"version-history":[{"count":6,"href":"https:\/\/www.visit-ulcinj.com\/blog\/wp-json\/wp\/v2\/posts\/97889\/revisions"}],"predecessor-version":[{"id":97990,"href":"https:\/\/www.visit-ulcinj.com\/blog\/wp-json\/wp\/v2\/posts\/97889\/revisions\/97990"}],"wp:attachment":[{"href":"https:\/\/www.visit-ulcinj.com\/blog\/wp-json\/wp\/v2\/media?parent=97889"}],"wp:term":[{"taxonomy":"category","embeddable":true,"href":"https:\/\/www.visit-ulcinj.com\/blog\/wp-json\/wp\/v2\/categories?post=97889"},{"taxonomy":"post_tag","embeddable":true,"href":"https:\/\/www.visit-ulcinj.com\/blog\/wp-json\/wp\/v2\/tags?post=97889"}],"curies":[{"name":"wp","href":"https:\/\/api.w.org\/{rel}","templated":true}]}}