{"id":97905,"date":"2016-06-27T15:13:12","date_gmt":"2016-06-27T14:13:12","guid":{"rendered":"http:\/\/www.visit-ulcinj.com\/blog\/?p=97905"},"modified":"2016-06-29T16:33:39","modified_gmt":"2016-06-29T15:33:39","slug":"jo-denim-per-flamur-thot-nimanbegu-por-te-ndryshohet-ligji","status":"publish","type":"post","link":"https:\/\/www.visit-ulcinj.com\/blog\/2016\/06\/27\/jo-denim-per-flamur-thot-nimanbegu-por-te-ndryshohet-ligji\/","title":{"rendered":"Jo d\u00ebnim p\u00ebr flamur thot Nimanbegu por t\u00eb ndryshohet ligji"},"content":{"rendered":"<p><a href=\"http:\/\/www.visit-ulcinj.com\/blog\/wp-content\/uploads\/2014\/12\/Genci-Nimanbegu-1.jpg\"><img loading=\"lazy\" class=\"alignleft wp-image-86889\" src=\"http:\/\/www.visit-ulcinj.com\/blog\/wp-content\/uploads\/2014\/12\/Genci-Nimanbegu-1.jpg\" alt=\"Genci-Nimanbegu-1\" width=\"508\" height=\"370\" srcset=\"https:\/\/www.visit-ulcinj.com\/blog\/wp-content\/uploads\/2014\/12\/Genci-Nimanbegu-1.jpg 768w, https:\/\/www.visit-ulcinj.com\/blog\/wp-content\/uploads\/2014\/12\/Genci-Nimanbegu-1-300x218.jpg 300w\" sizes=\"(max-width: 508px) 100vw, 508px\" \/><\/a>Deputeti i Forc\u00ebs s\u00eb re demokratike dhe kryetari i K\u00ebshillit komb\u00ebtar t\u00eb Shqiptar\u00ebve Genci Nimanbegu ka propozuar ndryshimet e Ligjit p\u00ebr rendin dhe qet\u00ebsin\u00eb publike, me t\u00eb cilin do t\u00eb hiqeshin d\u00ebnimet p\u00ebr mbajtjen e flamujve t\u00eb shteteve t\u00eb huaja, shkruan \u201cDan\u201d, raporton portali Ul.info.<\/p>\n<p>Si\u00e7 thuhet n\u00eb arsyetim, ndryshimet i ka propozuar duke p\u00ebrcjell implementimin e k\u00ebtij ligj, sidomos t\u00eb nenit 23. Thuhet se turist\u00ebt n\u00eb Budv\u00eb jan\u00eb d\u00ebnuar n\u00eb baz\u00eb t\u00eb padis\u00eb s\u00eb policis\u00eb p\u00ebr shkak se kan\u00eb mbajt flamurin.<\/p>\n<p>\u201cN\u00eb Mal t\u00eb Zi si vend turistik me dhjet\u00ebra flamuj kan\u00eb mbajtur si personat juridik ashtu edhe turist\u00ebt. Me respektim t\u00eb p\u00ebrpikt\u00eb t\u00eb Ligjit p\u00ebr rendin dhe qet\u00ebsin publike t\u00eb gjith\u00eb ato duhej t\u00eb d\u00ebnoheshin. Meq\u00eb kjo dispozit\u00eb e ligjit \u00ebsht\u00eb diskriminuese, duhet t\u00eb fshihet\u201d, theksoi Nimanbegu.<\/p>\n<p>Rikujton se me rastin e miratimi t\u00eb k\u00ebtij Ligji n\u00eb vitin 2011 kan\u00eb paralajm\u00ebruar se pika e p\u00ebrmendur \u00ebsht\u00eb kontestuese dhe do t\u00eb implementohet selektivisht.<\/p>\n<p>\u201eSjellja e k\u00ebtij ligji do t\u00eb mund\u00ebsoj\u00eb shkall\u00eb m\u00eb t\u00eb madhe t\u00eb realizimit t\u00eb t\u00eb drejtave dhe lirive t\u00eb njeriut n\u00eb Mal t\u00eb Zi\u201c, p\u00ebrfundon Nimanbegu.<\/p>\n","protected":false},"excerpt":{"rendered":"<p>Deputeti i Forc\u00ebs s\u00eb re demokratike dhe kryetari i K\u00ebshillit komb\u00ebtar t\u00eb Shqiptar\u00ebve Genci Nimanbegu ka propozuar ndryshimet e Ligjit p\u00ebr rendin dhe qet\u00ebsin\u00eb publike, me t\u00eb cilin do t\u00eb hiqeshin d\u00ebnimet p\u00ebr mbajtjen e flamujve t\u00eb shteteve t\u00eb huaja, shkruan \u201cDan\u201d, raporton portali Ul.info. Si\u00e7 thuhet n\u00eb arsyetim, ndryshimet i ka propozuar duke p\u00ebrcjell [&hellip;]<\/p>\n","protected":false},"author":1,"featured_media":0,"comment_status":"closed","ping_status":"closed","sticky":false,"template":"","format":"standard","meta":{"spay_email":"","jetpack_publicize_message":"","jetpack_is_tweetstorm":false,"jetpack_publicize_feature_enabled":true},"categories":[6,11],"tags":[],"jetpack_publicize_connections":[],"yoast_head":"<!-- This site is optimized with the Yoast SEO plugin v19.1 - https:\/\/yoast.com\/wordpress\/plugins\/seo\/ -->\n<title>Jo d\u00ebnim p\u00ebr flamur thot Nimanbegu por t\u00eb ndryshohet ligji - Lajme nga Ulqini<\/title>\n<meta name=\"description\" content=\"Deputeti i Forc\u00ebs s\u00eb re demokratike dhe kryetari i K\u00ebshillit komb\u00ebtar t\u00eb Shqiptar\u00ebve Genci Nimanbegu ka propozuar ndryshimet e Ligjit p\u00ebr rendin dhe\" \/>\n<meta name=\"robots\" content=\"index, follow, max-snippet:-1, max-image-preview:large, max-video-preview:-1\" \/>\n<link rel=\"canonical\" href=\"https:\/\/www.visit-ulcinj.com\/blog\/2016\/06\/27\/jo-denim-per-flamur-thot-nimanbegu-por-te-ndryshohet-ligji\/\" \/>\n<meta property=\"og:locale\" content=\"en_US\" \/>\n<meta property=\"og:type\" content=\"article\" \/>\n<meta property=\"og:title\" content=\"Jo d\u00ebnim p\u00ebr flamur thot Nimanbegu por t\u00eb ndryshohet ligji - Lajme nga Ulqini\" \/>\n<meta property=\"og:description\" content=\"Deputeti i Forc\u00ebs s\u00eb re demokratike dhe kryetari i K\u00ebshillit komb\u00ebtar t\u00eb Shqiptar\u00ebve Genci Nimanbegu ka propozuar ndryshimet e Ligjit p\u00ebr rendin dhe\" \/>\n<meta property=\"og:url\" content=\"https:\/\/www.visit-ulcinj.com\/blog\/2016\/06\/27\/jo-denim-per-flamur-thot-nimanbegu-por-te-ndryshohet-ligji\/\" \/>\n<meta property=\"og:site_name\" content=\"Lajme nga Ulqini\" \/>\n<meta property=\"article:published_time\" content=\"2016-06-27T14:13:12+00:00\" \/>\n<meta property=\"article:modified_time\" content=\"2016-06-29T15:33:39+00:00\" \/>\n<meta property=\"og:image\" content=\"http:\/\/www.visit-ulcinj.com\/blog\/wp-content\/uploads\/2014\/12\/Genci-Nimanbegu-1.jpg\" \/>\n<meta name=\"twitter:label1\" content=\"Written by\" \/>\n\t<meta name=\"twitter:data1\" content=\"ulqini\" \/>\n\t<meta name=\"twitter:label2\" content=\"Est. reading time\" \/>\n\t<meta name=\"twitter:data2\" content=\"1 minute\" \/>\n<script type=\"application\/ld+json\" class=\"yoast-schema-graph\">{\"@context\":\"https:\/\/schema.org\",\"@graph\":[{\"@type\":\"WebSite\",\"@id\":\"https:\/\/www.visit-ulcinj.com\/blog\/#website\",\"url\":\"https:\/\/www.visit-ulcinj.com\/blog\/\",\"name\":\"Lajme nga Ulqini\",\"description\":\"Lajme,Vijesti,Ulqini,Ulqin,Crna Gora,Mali i Zi\",\"potentialAction\":[{\"@type\":\"SearchAction\",\"target\":{\"@type\":\"EntryPoint\",\"urlTemplate\":\"https:\/\/www.visit-ulcinj.com\/blog\/?s={search_term_string}\"},\"query-input\":\"required name=search_term_string\"}],\"inLanguage\":\"en-US\"},{\"@type\":\"ImageObject\",\"inLanguage\":\"en-US\",\"@id\":\"https:\/\/www.visit-ulcinj.com\/blog\/2016\/06\/27\/jo-denim-per-flamur-thot-nimanbegu-por-te-ndryshohet-ligji\/#primaryimage\",\"url\":\"https:\/\/www.visit-ulcinj.com\/blog\/wp-content\/uploads\/2014\/12\/Genci-Nimanbegu-1.jpg\",\"contentUrl\":\"https:\/\/www.visit-ulcinj.com\/blog\/wp-content\/uploads\/2014\/12\/Genci-Nimanbegu-1.jpg\",\"width\":768,\"height\":559},{\"@type\":\"WebPage\",\"@id\":\"https:\/\/www.visit-ulcinj.com\/blog\/2016\/06\/27\/jo-denim-per-flamur-thot-nimanbegu-por-te-ndryshohet-ligji\/#webpage\",\"url\":\"https:\/\/www.visit-ulcinj.com\/blog\/2016\/06\/27\/jo-denim-per-flamur-thot-nimanbegu-por-te-ndryshohet-ligji\/\",\"name\":\"Jo d\u00ebnim p\u00ebr flamur thot Nimanbegu por t\u00eb ndryshohet ligji - Lajme nga Ulqini\",\"isPartOf\":{\"@id\":\"https:\/\/www.visit-ulcinj.com\/blog\/#website\"},\"primaryImageOfPage\":{\"@id\":\"https:\/\/www.visit-ulcinj.com\/blog\/2016\/06\/27\/jo-denim-per-flamur-thot-nimanbegu-por-te-ndryshohet-ligji\/#primaryimage\"},\"datePublished\":\"2016-06-27T14:13:12+00:00\",\"dateModified\":\"2016-06-29T15:33:39+00:00\",\"author\":{\"@id\":\"https:\/\/www.visit-ulcinj.com\/blog\/#\/schema\/person\/dcab619c614d3038751c63bc2aadc06d\"},\"description\":\"Deputeti i Forc\u00ebs s\u00eb re demokratike dhe kryetari i K\u00ebshillit komb\u00ebtar t\u00eb Shqiptar\u00ebve Genci Nimanbegu ka propozuar ndryshimet e Ligjit p\u00ebr rendin dhe\",\"breadcrumb\":{\"@id\":\"https:\/\/www.visit-ulcinj.com\/blog\/2016\/06\/27\/jo-denim-per-flamur-thot-nimanbegu-por-te-ndryshohet-ligji\/#breadcrumb\"},\"inLanguage\":\"en-US\",\"potentialAction\":[{\"@type\":\"ReadAction\",\"target\":[\"https:\/\/www.visit-ulcinj.com\/blog\/2016\/06\/27\/jo-denim-per-flamur-thot-nimanbegu-por-te-ndryshohet-ligji\/\"]}]},{\"@type\":\"BreadcrumbList\",\"@id\":\"https:\/\/www.visit-ulcinj.com\/blog\/2016\/06\/27\/jo-denim-per-flamur-thot-nimanbegu-por-te-ndryshohet-ligji\/#breadcrumb\",\"itemListElement\":[{\"@type\":\"ListItem\",\"position\":1,\"name\":\"Jo d\u00ebnim p\u00ebr flamur thot Nimanbegu por t\u00eb ndryshohet ligji\"}]},{\"@type\":\"Person\",\"@id\":\"https:\/\/www.visit-ulcinj.com\/blog\/#\/schema\/person\/dcab619c614d3038751c63bc2aadc06d\",\"name\":\"ulqini\",\"sameAs\":[\"http:\/\/www.visit-ulcinj.com\"],\"url\":\"https:\/\/www.visit-ulcinj.com\/blog\/author\/admin\/\"}]}<\/script>\n<!-- \/ Yoast SEO plugin. -->","yoast_head_json":{"title":"Jo d\u00ebnim p\u00ebr flamur thot Nimanbegu por t\u00eb ndryshohet ligji - Lajme nga Ulqini","description":"Deputeti i Forc\u00ebs s\u00eb re demokratike dhe kryetari i K\u00ebshillit komb\u00ebtar t\u00eb Shqiptar\u00ebve Genci Nimanbegu ka propozuar ndryshimet e Ligjit p\u00ebr rendin dhe","robots":{"index":"index","follow":"follow","max-snippet":"max-snippet:-1","max-image-preview":"max-image-preview:large","max-video-preview":"max-video-preview:-1"},"canonical":"https:\/\/www.visit-ulcinj.com\/blog\/2016\/06\/27\/jo-denim-per-flamur-thot-nimanbegu-por-te-ndryshohet-ligji\/","og_locale":"en_US","og_type":"article","og_title":"Jo d\u00ebnim p\u00ebr flamur thot Nimanbegu por t\u00eb ndryshohet ligji - Lajme nga Ulqini","og_description":"Deputeti i Forc\u00ebs s\u00eb re demokratike dhe kryetari i K\u00ebshillit komb\u00ebtar t\u00eb Shqiptar\u00ebve Genci Nimanbegu ka propozuar ndryshimet e Ligjit p\u00ebr rendin dhe","og_url":"https:\/\/www.visit-ulcinj.com\/blog\/2016\/06\/27\/jo-denim-per-flamur-thot-nimanbegu-por-te-ndryshohet-ligji\/","og_site_name":"Lajme nga Ulqini","article_published_time":"2016-06-27T14:13:12+00:00","article_modified_time":"2016-06-29T15:33:39+00:00","og_image":[{"url":"http:\/\/www.visit-ulcinj.com\/blog\/wp-content\/uploads\/2014\/12\/Genci-Nimanbegu-1.jpg"}],"twitter_misc":{"Written by":"ulqini","Est. reading time":"1 minute"},"schema":{"@context":"https:\/\/schema.org","@graph":[{"@type":"WebSite","@id":"https:\/\/www.visit-ulcinj.com\/blog\/#website","url":"https:\/\/www.visit-ulcinj.com\/blog\/","name":"Lajme nga Ulqini","description":"Lajme,Vijesti,Ulqini,Ulqin,Crna Gora,Mali i Zi","potentialAction":[{"@type":"SearchAction","target":{"@type":"EntryPoint","urlTemplate":"https:\/\/www.visit-ulcinj.com\/blog\/?s={search_term_string}"},"query-input":"required name=search_term_string"}],"inLanguage":"en-US"},{"@type":"ImageObject","inLanguage":"en-US","@id":"https:\/\/www.visit-ulcinj.com\/blog\/2016\/06\/27\/jo-denim-per-flamur-thot-nimanbegu-por-te-ndryshohet-ligji\/#primaryimage","url":"https:\/\/www.visit-ulcinj.com\/blog\/wp-content\/uploads\/2014\/12\/Genci-Nimanbegu-1.jpg","contentUrl":"https:\/\/www.visit-ulcinj.com\/blog\/wp-content\/uploads\/2014\/12\/Genci-Nimanbegu-1.jpg","width":768,"height":559},{"@type":"WebPage","@id":"https:\/\/www.visit-ulcinj.com\/blog\/2016\/06\/27\/jo-denim-per-flamur-thot-nimanbegu-por-te-ndryshohet-ligji\/#webpage","url":"https:\/\/www.visit-ulcinj.com\/blog\/2016\/06\/27\/jo-denim-per-flamur-thot-nimanbegu-por-te-ndryshohet-ligji\/","name":"Jo d\u00ebnim p\u00ebr flamur thot Nimanbegu por t\u00eb ndryshohet ligji - Lajme nga Ulqini","isPartOf":{"@id":"https:\/\/www.visit-ulcinj.com\/blog\/#website"},"primaryImageOfPage":{"@id":"https:\/\/www.visit-ulcinj.com\/blog\/2016\/06\/27\/jo-denim-per-flamur-thot-nimanbegu-por-te-ndryshohet-ligji\/#primaryimage"},"datePublished":"2016-06-27T14:13:12+00:00","dateModified":"2016-06-29T15:33:39+00:00","author":{"@id":"https:\/\/www.visit-ulcinj.com\/blog\/#\/schema\/person\/dcab619c614d3038751c63bc2aadc06d"},"description":"Deputeti i Forc\u00ebs s\u00eb re demokratike dhe kryetari i K\u00ebshillit komb\u00ebtar t\u00eb Shqiptar\u00ebve Genci Nimanbegu ka propozuar ndryshimet e Ligjit p\u00ebr rendin dhe","breadcrumb":{"@id":"https:\/\/www.visit-ulcinj.com\/blog\/2016\/06\/27\/jo-denim-per-flamur-thot-nimanbegu-por-te-ndryshohet-ligji\/#breadcrumb"},"inLanguage":"en-US","potentialAction":[{"@type":"ReadAction","target":["https:\/\/www.visit-ulcinj.com\/blog\/2016\/06\/27\/jo-denim-per-flamur-thot-nimanbegu-por-te-ndryshohet-ligji\/"]}]},{"@type":"BreadcrumbList","@id":"https:\/\/www.visit-ulcinj.com\/blog\/2016\/06\/27\/jo-denim-per-flamur-thot-nimanbegu-por-te-ndryshohet-ligji\/#breadcrumb","itemListElement":[{"@type":"ListItem","position":1,"name":"Jo d\u00ebnim p\u00ebr flamur thot Nimanbegu por t\u00eb ndryshohet ligji"}]},{"@type":"Person","@id":"https:\/\/www.visit-ulcinj.com\/blog\/#\/schema\/person\/dcab619c614d3038751c63bc2aadc06d","name":"ulqini","sameAs":["http:\/\/www.visit-ulcinj.com"],"url":"https:\/\/www.visit-ulcinj.com\/blog\/author\/admin\/"}]}},"jetpack_featured_media_url":"","jetpack_sharing_enabled":true,"jetpack_shortlink":"https:\/\/wp.me\/pe6lTn-pt7","_links":{"self":[{"href":"https:\/\/www.visit-ulcinj.com\/blog\/wp-json\/wp\/v2\/posts\/97905"}],"collection":[{"href":"https:\/\/www.visit-ulcinj.com\/blog\/wp-json\/wp\/v2\/posts"}],"about":[{"href":"https:\/\/www.visit-ulcinj.com\/blog\/wp-json\/wp\/v2\/types\/post"}],"author":[{"embeddable":true,"href":"https:\/\/www.visit-ulcinj.com\/blog\/wp-json\/wp\/v2\/users\/1"}],"replies":[{"embeddable":true,"href":"https:\/\/www.visit-ulcinj.com\/blog\/wp-json\/wp\/v2\/comments?post=97905"}],"version-history":[{"count":1,"href":"https:\/\/www.visit-ulcinj.com\/blog\/wp-json\/wp\/v2\/posts\/97905\/revisions"}],"predecessor-version":[{"id":97906,"href":"https:\/\/www.visit-ulcinj.com\/blog\/wp-json\/wp\/v2\/posts\/97905\/revisions\/97906"}],"wp:attachment":[{"href":"https:\/\/www.visit-ulcinj.com\/blog\/wp-json\/wp\/v2\/media?parent=97905"}],"wp:term":[{"taxonomy":"category","embeddable":true,"href":"https:\/\/www.visit-ulcinj.com\/blog\/wp-json\/wp\/v2\/categories?post=97905"},{"taxonomy":"post_tag","embeddable":true,"href":"https:\/\/www.visit-ulcinj.com\/blog\/wp-json\/wp\/v2\/tags?post=97905"}],"curies":[{"name":"wp","href":"https:\/\/api.w.org\/{rel}","templated":true}]}}