{"id":97907,"date":"2016-06-27T15:44:04","date_gmt":"2016-06-27T14:44:04","guid":{"rendered":"http:\/\/www.visit-ulcinj.com\/blog\/?p=97907"},"modified":"2016-06-27T16:22:58","modified_gmt":"2016-06-27T15:22:58","slug":"vjollca-haxhiu-ne-qender-te-vemendjes-ne-plazhin-e-ulqinit","status":"publish","type":"post","link":"https:\/\/www.visit-ulcinj.com\/blog\/2016\/06\/27\/vjollca-haxhiu-ne-qender-te-vemendjes-ne-plazhin-e-ulqinit\/","title":{"rendered":"Vjollca Haxhiu n\u00eb qend\u00ebr t\u00eb v\u00ebmendjes n\u00eb plazhin e Ulqinit"},"content":{"rendered":"<p><a href=\"http:\/\/www.visit-ulcinj.com\/blog\/wp-content\/uploads\/2016\/06\/Vjollca.jpg\"><img loading=\"lazy\" class=\"alignleft wp-image-97918\" src=\"http:\/\/www.visit-ulcinj.com\/blog\/wp-content\/uploads\/2016\/06\/Vjollca.jpg\" alt=\"Vjollca\" width=\"508\" height=\"828\" \/><\/a>N\u00eb Ulqin megjith\u00ebse sezoni veror shenon fillimin e axhend\u00ebs artistike t\u00eb k\u00ebng\u00ebtar\u00ebve shqiptare, p\u00ebr shkak t\u00eb koncerteve brenda dhe jasht\u00eb vendit, duket se kjo nuk e ka penguar aspak k\u00ebng\u00ebtaren Vjollca Haxhiun q\u00eb t\u2019i dor\u00ebzohej oazit t\u00eb relaksit n\u00eb nj\u00eb nga plazhet e ve\u00e7anta t\u00eb Ulqinit, si\u00e7 \u00ebsht\u00eb edhe plazhi Cabo Beach n\u00eb plazhin e madh\u00eb t\u00eb Ulqinit.<\/p>\n<p>Edhe Vjollca nuk ka shp\u00ebtuar syrit t\u00eb v\u00ebmendsh\u00ebm t\u00eb paparac\u00ebve, t\u00eb cil\u00ebt kan\u00eb fokusuar disa nga momentet m\u00eb t\u00eb nxehta t\u00eb performanc\u00ebs trupore t\u00eb k\u00ebng\u00ebtares, shtrir\u00eb n\u00eb bregun e detit pa u shqet\u00ebsuar p\u00ebr v\u00ebmendjen e plazhist\u00ebve rrotull, apo duke u lar\u00eb n\u00eb det.<\/p>\n<p><iframe loading=\"lazy\" width=\"508\" height=\"335\" src=\"https:\/\/www.youtube.com\/embed\/zqgIgNdQwuM\" frameborder=\"0\" allowfullscreen><\/iframe><\/p>\n","protected":false},"excerpt":{"rendered":"<p>N\u00eb Ulqin megjith\u00ebse sezoni veror shenon fillimin e axhend\u00ebs artistike t\u00eb k\u00ebng\u00ebtar\u00ebve shqiptare, p\u00ebr shkak t\u00eb koncerteve brenda dhe jasht\u00eb vendit, duket se kjo nuk e ka penguar aspak k\u00ebng\u00ebtaren Vjollca Haxhiun q\u00eb t\u2019i dor\u00ebzohej oazit t\u00eb relaksit n\u00eb nj\u00eb nga plazhet e ve\u00e7anta t\u00eb Ulqinit, si\u00e7 \u00ebsht\u00eb edhe plazhi Cabo Beach n\u00eb plazhin e [&hellip;]<\/p>\n","protected":false},"author":1,"featured_media":0,"comment_status":"closed","ping_status":"closed","sticky":false,"template":"","format":"standard","meta":{"spay_email":"","jetpack_publicize_message":"","jetpack_is_tweetstorm":false,"jetpack_publicize_feature_enabled":true},"categories":[1],"tags":[],"jetpack_publicize_connections":[],"yoast_head":"<!-- This site is optimized with the Yoast SEO plugin v19.1 - https:\/\/yoast.com\/wordpress\/plugins\/seo\/ -->\n<title>Vjollca Haxhiu n\u00eb qend\u00ebr t\u00eb v\u00ebmendjes n\u00eb plazhin e Ulqinit - Lajme nga Ulqini<\/title>\n<meta name=\"description\" content=\"N\u00eb Ulqin megjith\u00ebse sezoni veror shenon fillimin e axhend\u00ebs artistike t\u00eb k\u00ebng\u00ebtar\u00ebve shqiptare, p\u00ebr shkak t\u00eb koncerteve brenda dhe jasht\u00eb vendit, duket se\" \/>\n<meta name=\"robots\" content=\"index, follow, max-snippet:-1, max-image-preview:large, max-video-preview:-1\" \/>\n<link rel=\"canonical\" href=\"https:\/\/www.visit-ulcinj.com\/blog\/2016\/06\/27\/vjollca-haxhiu-ne-qender-te-vemendjes-ne-plazhin-e-ulqinit\/\" \/>\n<meta property=\"og:locale\" content=\"en_US\" \/>\n<meta property=\"og:type\" content=\"article\" \/>\n<meta property=\"og:title\" content=\"Vjollca Haxhiu n\u00eb qend\u00ebr t\u00eb v\u00ebmendjes n\u00eb plazhin e Ulqinit - Lajme nga Ulqini\" \/>\n<meta property=\"og:description\" content=\"N\u00eb Ulqin megjith\u00ebse sezoni veror shenon fillimin e axhend\u00ebs artistike t\u00eb k\u00ebng\u00ebtar\u00ebve shqiptare, p\u00ebr shkak t\u00eb koncerteve brenda dhe jasht\u00eb vendit, duket se\" \/>\n<meta property=\"og:url\" content=\"https:\/\/www.visit-ulcinj.com\/blog\/2016\/06\/27\/vjollca-haxhiu-ne-qender-te-vemendjes-ne-plazhin-e-ulqinit\/\" \/>\n<meta property=\"og:site_name\" content=\"Lajme nga Ulqini\" \/>\n<meta property=\"article:published_time\" content=\"2016-06-27T14:44:04+00:00\" \/>\n<meta property=\"article:modified_time\" content=\"2016-06-27T15:22:58+00:00\" \/>\n<meta property=\"og:image\" content=\"http:\/\/www.visit-ulcinj.com\/blog\/wp-content\/uploads\/2016\/06\/Vjollca.jpg\" \/>\n<meta name=\"twitter:label1\" content=\"Written by\" \/>\n\t<meta name=\"twitter:data1\" content=\"ulqini\" \/>\n\t<meta name=\"twitter:label2\" content=\"Est. reading time\" \/>\n\t<meta name=\"twitter:data2\" content=\"1 minute\" \/>\n<script type=\"application\/ld+json\" class=\"yoast-schema-graph\">{\"@context\":\"https:\/\/schema.org\",\"@graph\":[{\"@type\":\"WebSite\",\"@id\":\"https:\/\/www.visit-ulcinj.com\/blog\/#website\",\"url\":\"https:\/\/www.visit-ulcinj.com\/blog\/\",\"name\":\"Lajme nga Ulqini\",\"description\":\"Lajme,Vijesti,Ulqini,Ulqin,Crna Gora,Mali i Zi\",\"potentialAction\":[{\"@type\":\"SearchAction\",\"target\":{\"@type\":\"EntryPoint\",\"urlTemplate\":\"https:\/\/www.visit-ulcinj.com\/blog\/?s={search_term_string}\"},\"query-input\":\"required name=search_term_string\"}],\"inLanguage\":\"en-US\"},{\"@type\":\"ImageObject\",\"inLanguage\":\"en-US\",\"@id\":\"https:\/\/www.visit-ulcinj.com\/blog\/2016\/06\/27\/vjollca-haxhiu-ne-qender-te-vemendjes-ne-plazhin-e-ulqinit\/#primaryimage\",\"url\":\"http:\/\/www.visit-ulcinj.com\/blog\/wp-content\/uploads\/2016\/06\/Vjollca.jpg\",\"contentUrl\":\"http:\/\/www.visit-ulcinj.com\/blog\/wp-content\/uploads\/2016\/06\/Vjollca.jpg\"},{\"@type\":\"WebPage\",\"@id\":\"https:\/\/www.visit-ulcinj.com\/blog\/2016\/06\/27\/vjollca-haxhiu-ne-qender-te-vemendjes-ne-plazhin-e-ulqinit\/#webpage\",\"url\":\"https:\/\/www.visit-ulcinj.com\/blog\/2016\/06\/27\/vjollca-haxhiu-ne-qender-te-vemendjes-ne-plazhin-e-ulqinit\/\",\"name\":\"Vjollca Haxhiu n\u00eb qend\u00ebr t\u00eb v\u00ebmendjes n\u00eb plazhin e Ulqinit - Lajme nga Ulqini\",\"isPartOf\":{\"@id\":\"https:\/\/www.visit-ulcinj.com\/blog\/#website\"},\"primaryImageOfPage\":{\"@id\":\"https:\/\/www.visit-ulcinj.com\/blog\/2016\/06\/27\/vjollca-haxhiu-ne-qender-te-vemendjes-ne-plazhin-e-ulqinit\/#primaryimage\"},\"datePublished\":\"2016-06-27T14:44:04+00:00\",\"dateModified\":\"2016-06-27T15:22:58+00:00\",\"author\":{\"@id\":\"https:\/\/www.visit-ulcinj.com\/blog\/#\/schema\/person\/dcab619c614d3038751c63bc2aadc06d\"},\"description\":\"N\u00eb Ulqin megjith\u00ebse sezoni veror shenon fillimin e axhend\u00ebs artistike t\u00eb k\u00ebng\u00ebtar\u00ebve shqiptare, p\u00ebr shkak t\u00eb koncerteve brenda dhe jasht\u00eb vendit, duket se\",\"breadcrumb\":{\"@id\":\"https:\/\/www.visit-ulcinj.com\/blog\/2016\/06\/27\/vjollca-haxhiu-ne-qender-te-vemendjes-ne-plazhin-e-ulqinit\/#breadcrumb\"},\"inLanguage\":\"en-US\",\"potentialAction\":[{\"@type\":\"ReadAction\",\"target\":[\"https:\/\/www.visit-ulcinj.com\/blog\/2016\/06\/27\/vjollca-haxhiu-ne-qender-te-vemendjes-ne-plazhin-e-ulqinit\/\"]}]},{\"@type\":\"BreadcrumbList\",\"@id\":\"https:\/\/www.visit-ulcinj.com\/blog\/2016\/06\/27\/vjollca-haxhiu-ne-qender-te-vemendjes-ne-plazhin-e-ulqinit\/#breadcrumb\",\"itemListElement\":[{\"@type\":\"ListItem\",\"position\":1,\"name\":\"Vjollca Haxhiu n\u00eb qend\u00ebr t\u00eb v\u00ebmendjes n\u00eb plazhin e Ulqinit\"}]},{\"@type\":\"Person\",\"@id\":\"https:\/\/www.visit-ulcinj.com\/blog\/#\/schema\/person\/dcab619c614d3038751c63bc2aadc06d\",\"name\":\"ulqini\",\"sameAs\":[\"http:\/\/www.visit-ulcinj.com\"],\"url\":\"https:\/\/www.visit-ulcinj.com\/blog\/author\/admin\/\"}]}<\/script>\n<!-- \/ Yoast SEO plugin. -->","yoast_head_json":{"title":"Vjollca Haxhiu n\u00eb qend\u00ebr t\u00eb v\u00ebmendjes n\u00eb plazhin e Ulqinit - Lajme nga Ulqini","description":"N\u00eb Ulqin megjith\u00ebse sezoni veror shenon fillimin e axhend\u00ebs artistike t\u00eb k\u00ebng\u00ebtar\u00ebve shqiptare, p\u00ebr shkak t\u00eb koncerteve brenda dhe jasht\u00eb vendit, duket se","robots":{"index":"index","follow":"follow","max-snippet":"max-snippet:-1","max-image-preview":"max-image-preview:large","max-video-preview":"max-video-preview:-1"},"canonical":"https:\/\/www.visit-ulcinj.com\/blog\/2016\/06\/27\/vjollca-haxhiu-ne-qender-te-vemendjes-ne-plazhin-e-ulqinit\/","og_locale":"en_US","og_type":"article","og_title":"Vjollca Haxhiu n\u00eb qend\u00ebr t\u00eb v\u00ebmendjes n\u00eb plazhin e Ulqinit - Lajme nga Ulqini","og_description":"N\u00eb Ulqin megjith\u00ebse sezoni veror shenon fillimin e axhend\u00ebs artistike t\u00eb k\u00ebng\u00ebtar\u00ebve shqiptare, p\u00ebr shkak t\u00eb koncerteve brenda dhe jasht\u00eb vendit, duket se","og_url":"https:\/\/www.visit-ulcinj.com\/blog\/2016\/06\/27\/vjollca-haxhiu-ne-qender-te-vemendjes-ne-plazhin-e-ulqinit\/","og_site_name":"Lajme nga Ulqini","article_published_time":"2016-06-27T14:44:04+00:00","article_modified_time":"2016-06-27T15:22:58+00:00","og_image":[{"url":"http:\/\/www.visit-ulcinj.com\/blog\/wp-content\/uploads\/2016\/06\/Vjollca.jpg"}],"twitter_misc":{"Written by":"ulqini","Est. reading time":"1 minute"},"schema":{"@context":"https:\/\/schema.org","@graph":[{"@type":"WebSite","@id":"https:\/\/www.visit-ulcinj.com\/blog\/#website","url":"https:\/\/www.visit-ulcinj.com\/blog\/","name":"Lajme nga Ulqini","description":"Lajme,Vijesti,Ulqini,Ulqin,Crna Gora,Mali i Zi","potentialAction":[{"@type":"SearchAction","target":{"@type":"EntryPoint","urlTemplate":"https:\/\/www.visit-ulcinj.com\/blog\/?s={search_term_string}"},"query-input":"required name=search_term_string"}],"inLanguage":"en-US"},{"@type":"ImageObject","inLanguage":"en-US","@id":"https:\/\/www.visit-ulcinj.com\/blog\/2016\/06\/27\/vjollca-haxhiu-ne-qender-te-vemendjes-ne-plazhin-e-ulqinit\/#primaryimage","url":"http:\/\/www.visit-ulcinj.com\/blog\/wp-content\/uploads\/2016\/06\/Vjollca.jpg","contentUrl":"http:\/\/www.visit-ulcinj.com\/blog\/wp-content\/uploads\/2016\/06\/Vjollca.jpg"},{"@type":"WebPage","@id":"https:\/\/www.visit-ulcinj.com\/blog\/2016\/06\/27\/vjollca-haxhiu-ne-qender-te-vemendjes-ne-plazhin-e-ulqinit\/#webpage","url":"https:\/\/www.visit-ulcinj.com\/blog\/2016\/06\/27\/vjollca-haxhiu-ne-qender-te-vemendjes-ne-plazhin-e-ulqinit\/","name":"Vjollca Haxhiu n\u00eb qend\u00ebr t\u00eb v\u00ebmendjes n\u00eb plazhin e Ulqinit - Lajme nga Ulqini","isPartOf":{"@id":"https:\/\/www.visit-ulcinj.com\/blog\/#website"},"primaryImageOfPage":{"@id":"https:\/\/www.visit-ulcinj.com\/blog\/2016\/06\/27\/vjollca-haxhiu-ne-qender-te-vemendjes-ne-plazhin-e-ulqinit\/#primaryimage"},"datePublished":"2016-06-27T14:44:04+00:00","dateModified":"2016-06-27T15:22:58+00:00","author":{"@id":"https:\/\/www.visit-ulcinj.com\/blog\/#\/schema\/person\/dcab619c614d3038751c63bc2aadc06d"},"description":"N\u00eb Ulqin megjith\u00ebse sezoni veror shenon fillimin e axhend\u00ebs artistike t\u00eb k\u00ebng\u00ebtar\u00ebve shqiptare, p\u00ebr shkak t\u00eb koncerteve brenda dhe jasht\u00eb vendit, duket se","breadcrumb":{"@id":"https:\/\/www.visit-ulcinj.com\/blog\/2016\/06\/27\/vjollca-haxhiu-ne-qender-te-vemendjes-ne-plazhin-e-ulqinit\/#breadcrumb"},"inLanguage":"en-US","potentialAction":[{"@type":"ReadAction","target":["https:\/\/www.visit-ulcinj.com\/blog\/2016\/06\/27\/vjollca-haxhiu-ne-qender-te-vemendjes-ne-plazhin-e-ulqinit\/"]}]},{"@type":"BreadcrumbList","@id":"https:\/\/www.visit-ulcinj.com\/blog\/2016\/06\/27\/vjollca-haxhiu-ne-qender-te-vemendjes-ne-plazhin-e-ulqinit\/#breadcrumb","itemListElement":[{"@type":"ListItem","position":1,"name":"Vjollca Haxhiu n\u00eb qend\u00ebr t\u00eb v\u00ebmendjes n\u00eb plazhin e Ulqinit"}]},{"@type":"Person","@id":"https:\/\/www.visit-ulcinj.com\/blog\/#\/schema\/person\/dcab619c614d3038751c63bc2aadc06d","name":"ulqini","sameAs":["http:\/\/www.visit-ulcinj.com"],"url":"https:\/\/www.visit-ulcinj.com\/blog\/author\/admin\/"}]}},"jetpack_featured_media_url":"","jetpack_sharing_enabled":true,"jetpack_shortlink":"https:\/\/wp.me\/pe6lTn-pt9","_links":{"self":[{"href":"https:\/\/www.visit-ulcinj.com\/blog\/wp-json\/wp\/v2\/posts\/97907"}],"collection":[{"href":"https:\/\/www.visit-ulcinj.com\/blog\/wp-json\/wp\/v2\/posts"}],"about":[{"href":"https:\/\/www.visit-ulcinj.com\/blog\/wp-json\/wp\/v2\/types\/post"}],"author":[{"embeddable":true,"href":"https:\/\/www.visit-ulcinj.com\/blog\/wp-json\/wp\/v2\/users\/1"}],"replies":[{"embeddable":true,"href":"https:\/\/www.visit-ulcinj.com\/blog\/wp-json\/wp\/v2\/comments?post=97907"}],"version-history":[{"count":2,"href":"https:\/\/www.visit-ulcinj.com\/blog\/wp-json\/wp\/v2\/posts\/97907\/revisions"}],"predecessor-version":[{"id":97920,"href":"https:\/\/www.visit-ulcinj.com\/blog\/wp-json\/wp\/v2\/posts\/97907\/revisions\/97920"}],"wp:attachment":[{"href":"https:\/\/www.visit-ulcinj.com\/blog\/wp-json\/wp\/v2\/media?parent=97907"}],"wp:term":[{"taxonomy":"category","embeddable":true,"href":"https:\/\/www.visit-ulcinj.com\/blog\/wp-json\/wp\/v2\/categories?post=97907"},{"taxonomy":"post_tag","embeddable":true,"href":"https:\/\/www.visit-ulcinj.com\/blog\/wp-json\/wp\/v2\/tags?post=97907"}],"curies":[{"name":"wp","href":"https:\/\/api.w.org\/{rel}","templated":true}]}}