{"id":97939,"date":"2016-06-28T16:01:18","date_gmt":"2016-06-28T15:01:18","guid":{"rendered":"http:\/\/www.visit-ulcinj.com\/blog\/?p=97939"},"modified":"2016-07-01T21:46:38","modified_gmt":"2016-07-01T20:46:38","slug":"turqit-te-interesuar-per-investime-ne-ulqin","status":"publish","type":"post","link":"https:\/\/www.visit-ulcinj.com\/blog\/2016\/06\/28\/turqit-te-interesuar-per-investime-ne-ulqin\/","title":{"rendered":"Turqit t\u00eb interesuar p\u00ebr investime n\u00eb Ulqin &#8211; Video"},"content":{"rendered":"<p><a href=\"http:\/\/www.visit-ulcinj.com\/blog\/wp-content\/uploads\/2016\/06\/Cungu-kompania-Polin-Ulqin.jpg\"><img loading=\"lazy\" class=\"alignleft wp-image-97940\" src=\"http:\/\/www.visit-ulcinj.com\/blog\/wp-content\/uploads\/2016\/06\/Cungu-kompania-Polin-Ulqin.jpg\" alt=\"Cungu-kompania-Polin-Ulqin\" width=\"508\" height=\"381\" srcset=\"https:\/\/www.visit-ulcinj.com\/blog\/wp-content\/uploads\/2016\/06\/Cungu-kompania-Polin-Ulqin.jpg 664w, https:\/\/www.visit-ulcinj.com\/blog\/wp-content\/uploads\/2016\/06\/Cungu-kompania-Polin-Ulqin-300x225.jpg 300w\" sizes=\"(max-width: 508px) 100vw, 508px\" \/><\/a><\/p>\n<p class=\"col-sm-7 col-xl-8\"><strong><span id=\"video_title\" class=\"font-xl \" title=\"Vazhdojne bisedimet per ndertimin e Akuaparkut ne Ulqin\">Vazhdojne bisedimet per ndertimin e Akuaparkut ne Ulqin <\/span><\/strong><\/p>\n<p>\u201c\u00a0 Kryetari i Ulqinit Nazif Cungu dhe bashk\u00ebpun\u00ebtor\u00ebt e tij\u00a0 u takuan me\u00a0 investitor\u00ebt turq\u00a0 t\u00eb Kompanis\u00eb ,,Polin,, t\u00eb cil\u00ebt jan\u00eb tejet t\u00eb interesuar q\u00eb n\u00eb qytetin ton\u00eb t\u00eb nd\u00ebrtojn\u00eb nj\u00eb Akva Park t\u00eb p\u00ebrmasave\u00a0 t\u00eb m\u00ebdha.<\/p>\n<p>Z. Cungu edhe n\u00eb takimin me gazetar\u00eb tha q\u00eb komuna \u00ebsht\u00eb shum\u00eb e interesuar p\u00ebr k\u00ebt\u00eb investim dhe \u00ebsht\u00eb duke u anagazhuar n\u00eb eleminimin e t\u00eb gjithave pengesave\u00a0 me q\u00ebllim q\u00eb projekti t\u00eb jet\u00ebsohet.<\/p>\n<p>Hapat jan\u00eb duke shkuar n\u00eb k\u00ebt\u00eb drejtim dhe\u00a0 Akva Parku do t\u00eb jet\u00eb nj\u00eb realitet p\u00ebr Ulqinin dhe do t\u00eb shtoj\u00eb oferten turistike t\u00eb tij. Krahas k\u00ebsaj\u00a0 aty do t\u00eb pun\u00ebsohen dhe disa dhjetra pun\u00ebtor\u00eb.\u00a0 \u201d<\/p>\n<p><iframe loading=\"lazy\" frameborder=\"0\" width=\"508\" height=\"340\" src=\"\/\/www.dailymotion.com\/embed\/video\/x4irxjo?autoPlay=1\" allowfullscreen><\/iframe><\/p>\n","protected":false},"excerpt":{"rendered":"<p>Vazhdojne bisedimet per ndertimin e Akuaparkut ne Ulqin \u201c\u00a0 Kryetari i Ulqinit Nazif Cungu dhe bashk\u00ebpun\u00ebtor\u00ebt e tij\u00a0 u takuan me\u00a0 investitor\u00ebt turq\u00a0 t\u00eb Kompanis\u00eb ,,Polin,, t\u00eb cil\u00ebt jan\u00eb tejet t\u00eb interesuar q\u00eb n\u00eb qytetin ton\u00eb t\u00eb nd\u00ebrtojn\u00eb nj\u00eb Akva Park t\u00eb p\u00ebrmasave\u00a0 t\u00eb m\u00ebdha. Z. Cungu edhe n\u00eb takimin me gazetar\u00eb tha q\u00eb komuna [&hellip;]<\/p>\n","protected":false},"author":1,"featured_media":0,"comment_status":"closed","ping_status":"closed","sticky":false,"template":"","format":"standard","meta":{"spay_email":"","jetpack_publicize_message":"","jetpack_is_tweetstorm":false,"jetpack_publicize_feature_enabled":true},"categories":[10],"tags":[],"jetpack_publicize_connections":[],"yoast_head":"<!-- This site is optimized with the Yoast SEO plugin v19.1 - https:\/\/yoast.com\/wordpress\/plugins\/seo\/ -->\n<title>Turqit t\u00eb interesuar p\u00ebr investime n\u00eb Ulqin - Video - Lajme nga Ulqini<\/title>\n<meta name=\"description\" content=\"Vazhdojne bisedimet per ndertimin e Akuaparkut ne Ulqin \u201c\u00a0 Kryetari i Ulqinit Nazif Cungu dhe bashk\u00ebpun\u00ebtor\u00ebt e tij\u00a0 u takuan me\u00a0 investitor\u00ebt turq\u00a0 t\u00eb\" \/>\n<meta name=\"robots\" content=\"index, follow, max-snippet:-1, max-image-preview:large, max-video-preview:-1\" \/>\n<link rel=\"canonical\" href=\"https:\/\/www.visit-ulcinj.com\/blog\/2016\/06\/28\/turqit-te-interesuar-per-investime-ne-ulqin\/\" \/>\n<meta property=\"og:locale\" content=\"en_US\" \/>\n<meta property=\"og:type\" content=\"article\" \/>\n<meta property=\"og:title\" content=\"Turqit t\u00eb interesuar p\u00ebr investime n\u00eb Ulqin - Video - Lajme nga Ulqini\" \/>\n<meta property=\"og:description\" content=\"Vazhdojne bisedimet per ndertimin e Akuaparkut ne Ulqin \u201c\u00a0 Kryetari i Ulqinit Nazif Cungu dhe bashk\u00ebpun\u00ebtor\u00ebt e tij\u00a0 u takuan me\u00a0 investitor\u00ebt turq\u00a0 t\u00eb\" \/>\n<meta property=\"og:url\" content=\"https:\/\/www.visit-ulcinj.com\/blog\/2016\/06\/28\/turqit-te-interesuar-per-investime-ne-ulqin\/\" \/>\n<meta property=\"og:site_name\" content=\"Lajme nga Ulqini\" \/>\n<meta property=\"article:published_time\" content=\"2016-06-28T15:01:18+00:00\" \/>\n<meta property=\"article:modified_time\" content=\"2016-07-01T20:46:38+00:00\" \/>\n<meta property=\"og:image\" content=\"http:\/\/www.visit-ulcinj.com\/blog\/wp-content\/uploads\/2016\/06\/Cungu-kompania-Polin-Ulqin.jpg\" \/>\n<meta name=\"twitter:label1\" content=\"Written by\" \/>\n\t<meta name=\"twitter:data1\" content=\"ulqini\" \/>\n\t<meta name=\"twitter:label2\" content=\"Est. reading time\" \/>\n\t<meta name=\"twitter:data2\" content=\"1 minute\" \/>\n<script type=\"application\/ld+json\" class=\"yoast-schema-graph\">{\"@context\":\"https:\/\/schema.org\",\"@graph\":[{\"@type\":\"WebSite\",\"@id\":\"https:\/\/www.visit-ulcinj.com\/blog\/#website\",\"url\":\"https:\/\/www.visit-ulcinj.com\/blog\/\",\"name\":\"Lajme nga Ulqini\",\"description\":\"Lajme,Vijesti,Ulqini,Ulqin,Crna Gora,Mali i Zi\",\"potentialAction\":[{\"@type\":\"SearchAction\",\"target\":{\"@type\":\"EntryPoint\",\"urlTemplate\":\"https:\/\/www.visit-ulcinj.com\/blog\/?s={search_term_string}\"},\"query-input\":\"required name=search_term_string\"}],\"inLanguage\":\"en-US\"},{\"@type\":\"ImageObject\",\"inLanguage\":\"en-US\",\"@id\":\"https:\/\/www.visit-ulcinj.com\/blog\/2016\/06\/28\/turqit-te-interesuar-per-investime-ne-ulqin\/#primaryimage\",\"url\":\"https:\/\/www.visit-ulcinj.com\/blog\/wp-content\/uploads\/2016\/06\/Cungu-kompania-Polin-Ulqin.jpg\",\"contentUrl\":\"https:\/\/www.visit-ulcinj.com\/blog\/wp-content\/uploads\/2016\/06\/Cungu-kompania-Polin-Ulqin.jpg\",\"width\":664,\"height\":498},{\"@type\":\"WebPage\",\"@id\":\"https:\/\/www.visit-ulcinj.com\/blog\/2016\/06\/28\/turqit-te-interesuar-per-investime-ne-ulqin\/#webpage\",\"url\":\"https:\/\/www.visit-ulcinj.com\/blog\/2016\/06\/28\/turqit-te-interesuar-per-investime-ne-ulqin\/\",\"name\":\"Turqit t\u00eb interesuar p\u00ebr investime n\u00eb Ulqin - Video - Lajme nga Ulqini\",\"isPartOf\":{\"@id\":\"https:\/\/www.visit-ulcinj.com\/blog\/#website\"},\"primaryImageOfPage\":{\"@id\":\"https:\/\/www.visit-ulcinj.com\/blog\/2016\/06\/28\/turqit-te-interesuar-per-investime-ne-ulqin\/#primaryimage\"},\"datePublished\":\"2016-06-28T15:01:18+00:00\",\"dateModified\":\"2016-07-01T20:46:38+00:00\",\"author\":{\"@id\":\"https:\/\/www.visit-ulcinj.com\/blog\/#\/schema\/person\/dcab619c614d3038751c63bc2aadc06d\"},\"description\":\"Vazhdojne bisedimet per ndertimin e Akuaparkut ne Ulqin \u201c\u00a0 Kryetari i Ulqinit Nazif Cungu dhe bashk\u00ebpun\u00ebtor\u00ebt e tij\u00a0 u takuan me\u00a0 investitor\u00ebt turq\u00a0 t\u00eb\",\"breadcrumb\":{\"@id\":\"https:\/\/www.visit-ulcinj.com\/blog\/2016\/06\/28\/turqit-te-interesuar-per-investime-ne-ulqin\/#breadcrumb\"},\"inLanguage\":\"en-US\",\"potentialAction\":[{\"@type\":\"ReadAction\",\"target\":[\"https:\/\/www.visit-ulcinj.com\/blog\/2016\/06\/28\/turqit-te-interesuar-per-investime-ne-ulqin\/\"]}]},{\"@type\":\"BreadcrumbList\",\"@id\":\"https:\/\/www.visit-ulcinj.com\/blog\/2016\/06\/28\/turqit-te-interesuar-per-investime-ne-ulqin\/#breadcrumb\",\"itemListElement\":[{\"@type\":\"ListItem\",\"position\":1,\"name\":\"Turqit t\u00eb interesuar p\u00ebr investime n\u00eb Ulqin &#8211; Video\"}]},{\"@type\":\"Person\",\"@id\":\"https:\/\/www.visit-ulcinj.com\/blog\/#\/schema\/person\/dcab619c614d3038751c63bc2aadc06d\",\"name\":\"ulqini\",\"sameAs\":[\"http:\/\/www.visit-ulcinj.com\"],\"url\":\"https:\/\/www.visit-ulcinj.com\/blog\/author\/admin\/\"}]}<\/script>\n<!-- \/ Yoast SEO plugin. -->","yoast_head_json":{"title":"Turqit t\u00eb interesuar p\u00ebr investime n\u00eb Ulqin - Video - Lajme nga Ulqini","description":"Vazhdojne bisedimet per ndertimin e Akuaparkut ne Ulqin \u201c\u00a0 Kryetari i Ulqinit Nazif Cungu dhe bashk\u00ebpun\u00ebtor\u00ebt e tij\u00a0 u takuan me\u00a0 investitor\u00ebt turq\u00a0 t\u00eb","robots":{"index":"index","follow":"follow","max-snippet":"max-snippet:-1","max-image-preview":"max-image-preview:large","max-video-preview":"max-video-preview:-1"},"canonical":"https:\/\/www.visit-ulcinj.com\/blog\/2016\/06\/28\/turqit-te-interesuar-per-investime-ne-ulqin\/","og_locale":"en_US","og_type":"article","og_title":"Turqit t\u00eb interesuar p\u00ebr investime n\u00eb Ulqin - Video - Lajme nga Ulqini","og_description":"Vazhdojne bisedimet per ndertimin e Akuaparkut ne Ulqin \u201c\u00a0 Kryetari i Ulqinit Nazif Cungu dhe bashk\u00ebpun\u00ebtor\u00ebt e tij\u00a0 u takuan me\u00a0 investitor\u00ebt turq\u00a0 t\u00eb","og_url":"https:\/\/www.visit-ulcinj.com\/blog\/2016\/06\/28\/turqit-te-interesuar-per-investime-ne-ulqin\/","og_site_name":"Lajme nga Ulqini","article_published_time":"2016-06-28T15:01:18+00:00","article_modified_time":"2016-07-01T20:46:38+00:00","og_image":[{"url":"http:\/\/www.visit-ulcinj.com\/blog\/wp-content\/uploads\/2016\/06\/Cungu-kompania-Polin-Ulqin.jpg"}],"twitter_misc":{"Written by":"ulqini","Est. reading time":"1 minute"},"schema":{"@context":"https:\/\/schema.org","@graph":[{"@type":"WebSite","@id":"https:\/\/www.visit-ulcinj.com\/blog\/#website","url":"https:\/\/www.visit-ulcinj.com\/blog\/","name":"Lajme nga Ulqini","description":"Lajme,Vijesti,Ulqini,Ulqin,Crna Gora,Mali i Zi","potentialAction":[{"@type":"SearchAction","target":{"@type":"EntryPoint","urlTemplate":"https:\/\/www.visit-ulcinj.com\/blog\/?s={search_term_string}"},"query-input":"required name=search_term_string"}],"inLanguage":"en-US"},{"@type":"ImageObject","inLanguage":"en-US","@id":"https:\/\/www.visit-ulcinj.com\/blog\/2016\/06\/28\/turqit-te-interesuar-per-investime-ne-ulqin\/#primaryimage","url":"https:\/\/www.visit-ulcinj.com\/blog\/wp-content\/uploads\/2016\/06\/Cungu-kompania-Polin-Ulqin.jpg","contentUrl":"https:\/\/www.visit-ulcinj.com\/blog\/wp-content\/uploads\/2016\/06\/Cungu-kompania-Polin-Ulqin.jpg","width":664,"height":498},{"@type":"WebPage","@id":"https:\/\/www.visit-ulcinj.com\/blog\/2016\/06\/28\/turqit-te-interesuar-per-investime-ne-ulqin\/#webpage","url":"https:\/\/www.visit-ulcinj.com\/blog\/2016\/06\/28\/turqit-te-interesuar-per-investime-ne-ulqin\/","name":"Turqit t\u00eb interesuar p\u00ebr investime n\u00eb Ulqin - Video - Lajme nga Ulqini","isPartOf":{"@id":"https:\/\/www.visit-ulcinj.com\/blog\/#website"},"primaryImageOfPage":{"@id":"https:\/\/www.visit-ulcinj.com\/blog\/2016\/06\/28\/turqit-te-interesuar-per-investime-ne-ulqin\/#primaryimage"},"datePublished":"2016-06-28T15:01:18+00:00","dateModified":"2016-07-01T20:46:38+00:00","author":{"@id":"https:\/\/www.visit-ulcinj.com\/blog\/#\/schema\/person\/dcab619c614d3038751c63bc2aadc06d"},"description":"Vazhdojne bisedimet per ndertimin e Akuaparkut ne Ulqin \u201c\u00a0 Kryetari i Ulqinit Nazif Cungu dhe bashk\u00ebpun\u00ebtor\u00ebt e tij\u00a0 u takuan me\u00a0 investitor\u00ebt turq\u00a0 t\u00eb","breadcrumb":{"@id":"https:\/\/www.visit-ulcinj.com\/blog\/2016\/06\/28\/turqit-te-interesuar-per-investime-ne-ulqin\/#breadcrumb"},"inLanguage":"en-US","potentialAction":[{"@type":"ReadAction","target":["https:\/\/www.visit-ulcinj.com\/blog\/2016\/06\/28\/turqit-te-interesuar-per-investime-ne-ulqin\/"]}]},{"@type":"BreadcrumbList","@id":"https:\/\/www.visit-ulcinj.com\/blog\/2016\/06\/28\/turqit-te-interesuar-per-investime-ne-ulqin\/#breadcrumb","itemListElement":[{"@type":"ListItem","position":1,"name":"Turqit t\u00eb interesuar p\u00ebr investime n\u00eb Ulqin &#8211; Video"}]},{"@type":"Person","@id":"https:\/\/www.visit-ulcinj.com\/blog\/#\/schema\/person\/dcab619c614d3038751c63bc2aadc06d","name":"ulqini","sameAs":["http:\/\/www.visit-ulcinj.com"],"url":"https:\/\/www.visit-ulcinj.com\/blog\/author\/admin\/"}]}},"jetpack_featured_media_url":"","jetpack_sharing_enabled":true,"jetpack_shortlink":"https:\/\/wp.me\/pe6lTn-ptF","_links":{"self":[{"href":"https:\/\/www.visit-ulcinj.com\/blog\/wp-json\/wp\/v2\/posts\/97939"}],"collection":[{"href":"https:\/\/www.visit-ulcinj.com\/blog\/wp-json\/wp\/v2\/posts"}],"about":[{"href":"https:\/\/www.visit-ulcinj.com\/blog\/wp-json\/wp\/v2\/types\/post"}],"author":[{"embeddable":true,"href":"https:\/\/www.visit-ulcinj.com\/blog\/wp-json\/wp\/v2\/users\/1"}],"replies":[{"embeddable":true,"href":"https:\/\/www.visit-ulcinj.com\/blog\/wp-json\/wp\/v2\/comments?post=97939"}],"version-history":[{"count":4,"href":"https:\/\/www.visit-ulcinj.com\/blog\/wp-json\/wp\/v2\/posts\/97939\/revisions"}],"predecessor-version":[{"id":98043,"href":"https:\/\/www.visit-ulcinj.com\/blog\/wp-json\/wp\/v2\/posts\/97939\/revisions\/98043"}],"wp:attachment":[{"href":"https:\/\/www.visit-ulcinj.com\/blog\/wp-json\/wp\/v2\/media?parent=97939"}],"wp:term":[{"taxonomy":"category","embeddable":true,"href":"https:\/\/www.visit-ulcinj.com\/blog\/wp-json\/wp\/v2\/categories?post=97939"},{"taxonomy":"post_tag","embeddable":true,"href":"https:\/\/www.visit-ulcinj.com\/blog\/wp-json\/wp\/v2\/tags?post=97939"}],"curies":[{"name":"wp","href":"https:\/\/api.w.org\/{rel}","templated":true}]}}