{"id":97942,"date":"2016-06-28T17:54:18","date_gmt":"2016-06-28T16:54:18","guid":{"rendered":"http:\/\/www.visit-ulcinj.com\/blog\/?p=97942"},"modified":"2016-06-28T17:54:54","modified_gmt":"2016-06-28T16:54:54","slug":"milan-knezheviq-nenshkruan-deklarate-per-bashkepunim-me-partine-e-putinit","status":"publish","type":"post","link":"https:\/\/www.visit-ulcinj.com\/blog\/2016\/06\/28\/milan-knezheviq-nenshkruan-deklarate-per-bashkepunim-me-partine-e-putinit\/","title":{"rendered":"Milan Knezheviq n\u00ebnshkruan deklarat\u00eb p\u00ebr bashk\u00ebpunim me partin\u00eb e Putinit"},"content":{"rendered":"<p><a href=\"http:\/\/www.visit-ulcinj.com\/blog\/wp-content\/uploads\/2016\/06\/Deklaracija-Jedinstvene-Rusije.jpg\"><img loading=\"lazy\" class=\"alignleft wp-image-97943\" src=\"http:\/\/www.visit-ulcinj.com\/blog\/wp-content\/uploads\/2016\/06\/Deklaracija-Jedinstvene-Rusije.jpg\" alt=\"Deklaracija Jedinstvene Rusije\" width=\"508\" height=\"560\" srcset=\"https:\/\/www.visit-ulcinj.com\/blog\/wp-content\/uploads\/2016\/06\/Deklaracija-Jedinstvene-Rusije.jpg 450w, https:\/\/www.visit-ulcinj.com\/blog\/wp-content\/uploads\/2016\/06\/Deklaracija-Jedinstvene-Rusije-272x300.jpg 272w\" sizes=\"(max-width: 508px) 100vw, 508px\" \/><\/a>Foto: RTCG<\/p>\n<p>Partia ruse n\u00eb pushtet \u201cRusia Unike\u201d ka njoftuar t\u00eb ket\u00eb n\u00ebnshkruar dje nj\u00eb deklarat\u00eb p\u00ebr bashk\u00ebpunim me p\u00ebrfaq\u00ebsues t\u00eb partive politike nga Maqedonia, Serbia, Mali i Zi, BeH dhe Bullgaria, me t\u00eb cil\u00ebn n\u00ebnshkruesit zotohen p\u00ebr formim t\u00eb territorit ushtarak neutral n\u00eb Ballkan.<\/p>\n<p>Nga Maqedonia,n\u00ebnshkrues ishte Kryetari Partis\u00eb Demokratike Serbe Ivan Stoilkoviq, parti e cila \u00ebhst\u00eb pjes\u00eb e koalicionit qeveritar n\u00eb pushtet<\/p>\n<p>N\u00ebnshkruesit e deklarat\u00ebs theksojn\u00eb se n\u00eb suaza t\u00eb tensioneve t\u00eb zvog\u00ebluara nd\u00ebrkomb\u00ebtare r\u00ebnd\u00ebsi t\u00eb posa\u00e7me p\u00ebr EJL-n\u00eb paraqet zhvillimi i iniciativ\u00ebs\u2013\u201cdisa politikan\u00eb ballkanik p\u00ebr formim t\u00eb territorit t\u00eb shteteve sovrane dhe neutrale, n\u00eb t\u00eb cilat do t\u00eb ishin Maqedonia, Serbia, Mali i Zi, BeH\u201d, theksohet n\u00eb sajtin e partis\u00eb \u201cRusia Unike\u201d.<br \/>\n\u201cKy projekt ka p\u00ebr q\u00ebllim t\u00eb b\u00ebhet doktrin\u00eb strategjike rajonale dhe n\u00eb t\u00eb ardhmen t\u00eb inkorporohet n\u00eb shqyrtim t\u00eb p\u00ebrgjithsh\u00ebm evropian p\u00ebr arkitektur\u00ebn e re kontinentale t\u00eb siguris\u00eb\u201d,\u2013 thekson partia.<br \/>\nN\u00ebnshkruesit e deklarat\u00ebs shprehin nevoj\u00eb nga k\u00ebrkesa p\u00ebr \u201czgjidhje t\u00eb p\u00ebrbashk\u00ebta jasht\u00eb blloqeve\u201d.<br \/>\nN\u00eb deklarat\u00eb theksohet interesi p\u00ebr bashk\u00ebpunim zhvillimor t\u00eb shteteve ballkanike me vendet nga Lidhja Ekonomike Euroaziatike, si dhe p\u00ebrhapja e bashk\u00ebpunimit tregtar-ekonomik, financiar, energjetik dhe sfera t\u00eb tjera.<br \/>\nDeklarat\u00ebn nga ana ruse e n\u00ebnshkroi Sergej Zheleznjak, p\u00ebrfaq\u00ebsues i lart\u00eb i RU-s\u00eb, n\u00eb margjina t\u00eb Kongresit t\u00eb 15-t\u00eb t\u00eb partis\u00eb n\u00eb Mosk\u00eb.<\/p>\n<p>Bota Sot<\/p>\n","protected":false},"excerpt":{"rendered":"<p>Foto: RTCG Partia ruse n\u00eb pushtet \u201cRusia Unike\u201d ka njoftuar t\u00eb ket\u00eb n\u00ebnshkruar dje nj\u00eb deklarat\u00eb p\u00ebr bashk\u00ebpunim me p\u00ebrfaq\u00ebsues t\u00eb partive politike nga Maqedonia, Serbia, Mali i Zi, BeH dhe Bullgaria, me t\u00eb cil\u00ebn n\u00ebnshkruesit zotohen p\u00ebr formim t\u00eb territorit ushtarak neutral n\u00eb Ballkan. Nga Maqedonia,n\u00ebnshkrues ishte Kryetari Partis\u00eb Demokratike Serbe Ivan Stoilkoviq, parti [&hellip;]<\/p>\n","protected":false},"author":1,"featured_media":0,"comment_status":"closed","ping_status":"closed","sticky":false,"template":"","format":"standard","meta":{"spay_email":"","jetpack_publicize_message":"","jetpack_is_tweetstorm":false,"jetpack_publicize_feature_enabled":true},"categories":[6950],"tags":[],"jetpack_publicize_connections":[],"yoast_head":"<!-- This site is optimized with the Yoast SEO plugin v19.1 - https:\/\/yoast.com\/wordpress\/plugins\/seo\/ -->\n<title>Milan Knezheviq n\u00ebnshkruan deklarat\u00eb p\u00ebr bashk\u00ebpunim me partin\u00eb e Putinit - Lajme nga Ulqini<\/title>\n<meta name=\"description\" content=\"Foto: RTCG Partia ruse n\u00eb pushtet \u201cRusia Unike\u201d ka njoftuar t\u00eb ket\u00eb n\u00ebnshkruar dje nj\u00eb deklarat\u00eb p\u00ebr bashk\u00ebpunim me p\u00ebrfaq\u00ebsues t\u00eb partive politike nga\" \/>\n<meta name=\"robots\" content=\"index, follow, max-snippet:-1, max-image-preview:large, max-video-preview:-1\" \/>\n<link rel=\"canonical\" href=\"https:\/\/www.visit-ulcinj.com\/blog\/2016\/06\/28\/milan-knezheviq-nenshkruan-deklarate-per-bashkepunim-me-partine-e-putinit\/\" \/>\n<meta property=\"og:locale\" content=\"en_US\" \/>\n<meta property=\"og:type\" content=\"article\" \/>\n<meta property=\"og:title\" content=\"Milan Knezheviq n\u00ebnshkruan deklarat\u00eb p\u00ebr bashk\u00ebpunim me partin\u00eb e Putinit - Lajme nga Ulqini\" \/>\n<meta property=\"og:description\" content=\"Foto: RTCG Partia ruse n\u00eb pushtet \u201cRusia Unike\u201d ka njoftuar t\u00eb ket\u00eb n\u00ebnshkruar dje nj\u00eb deklarat\u00eb p\u00ebr bashk\u00ebpunim me p\u00ebrfaq\u00ebsues t\u00eb partive politike nga\" \/>\n<meta property=\"og:url\" content=\"https:\/\/www.visit-ulcinj.com\/blog\/2016\/06\/28\/milan-knezheviq-nenshkruan-deklarate-per-bashkepunim-me-partine-e-putinit\/\" \/>\n<meta property=\"og:site_name\" content=\"Lajme nga Ulqini\" \/>\n<meta property=\"article:published_time\" content=\"2016-06-28T16:54:18+00:00\" \/>\n<meta property=\"article:modified_time\" content=\"2016-06-28T16:54:54+00:00\" \/>\n<meta property=\"og:image\" content=\"http:\/\/www.visit-ulcinj.com\/blog\/wp-content\/uploads\/2016\/06\/Deklaracija-Jedinstvene-Rusije.jpg\" \/>\n<meta name=\"twitter:label1\" content=\"Written by\" \/>\n\t<meta name=\"twitter:data1\" content=\"ulqini\" \/>\n\t<meta name=\"twitter:label2\" content=\"Est. reading time\" \/>\n\t<meta name=\"twitter:data2\" content=\"1 minute\" \/>\n<script type=\"application\/ld+json\" class=\"yoast-schema-graph\">{\"@context\":\"https:\/\/schema.org\",\"@graph\":[{\"@type\":\"WebSite\",\"@id\":\"https:\/\/www.visit-ulcinj.com\/blog\/#website\",\"url\":\"https:\/\/www.visit-ulcinj.com\/blog\/\",\"name\":\"Lajme nga Ulqini\",\"description\":\"Lajme,Vijesti,Ulqini,Ulqin,Crna Gora,Mali i Zi\",\"potentialAction\":[{\"@type\":\"SearchAction\",\"target\":{\"@type\":\"EntryPoint\",\"urlTemplate\":\"https:\/\/www.visit-ulcinj.com\/blog\/?s={search_term_string}\"},\"query-input\":\"required name=search_term_string\"}],\"inLanguage\":\"en-US\"},{\"@type\":\"ImageObject\",\"inLanguage\":\"en-US\",\"@id\":\"https:\/\/www.visit-ulcinj.com\/blog\/2016\/06\/28\/milan-knezheviq-nenshkruan-deklarate-per-bashkepunim-me-partine-e-putinit\/#primaryimage\",\"url\":\"https:\/\/www.visit-ulcinj.com\/blog\/wp-content\/uploads\/2016\/06\/Deklaracija-Jedinstvene-Rusije.jpg\",\"contentUrl\":\"https:\/\/www.visit-ulcinj.com\/blog\/wp-content\/uploads\/2016\/06\/Deklaracija-Jedinstvene-Rusije.jpg\",\"width\":450,\"height\":496},{\"@type\":\"WebPage\",\"@id\":\"https:\/\/www.visit-ulcinj.com\/blog\/2016\/06\/28\/milan-knezheviq-nenshkruan-deklarate-per-bashkepunim-me-partine-e-putinit\/#webpage\",\"url\":\"https:\/\/www.visit-ulcinj.com\/blog\/2016\/06\/28\/milan-knezheviq-nenshkruan-deklarate-per-bashkepunim-me-partine-e-putinit\/\",\"name\":\"Milan Knezheviq n\u00ebnshkruan deklarat\u00eb p\u00ebr bashk\u00ebpunim me partin\u00eb e Putinit - Lajme nga Ulqini\",\"isPartOf\":{\"@id\":\"https:\/\/www.visit-ulcinj.com\/blog\/#website\"},\"primaryImageOfPage\":{\"@id\":\"https:\/\/www.visit-ulcinj.com\/blog\/2016\/06\/28\/milan-knezheviq-nenshkruan-deklarate-per-bashkepunim-me-partine-e-putinit\/#primaryimage\"},\"datePublished\":\"2016-06-28T16:54:18+00:00\",\"dateModified\":\"2016-06-28T16:54:54+00:00\",\"author\":{\"@id\":\"https:\/\/www.visit-ulcinj.com\/blog\/#\/schema\/person\/dcab619c614d3038751c63bc2aadc06d\"},\"description\":\"Foto: RTCG Partia ruse n\u00eb pushtet \u201cRusia Unike\u201d ka njoftuar t\u00eb ket\u00eb n\u00ebnshkruar dje nj\u00eb deklarat\u00eb p\u00ebr bashk\u00ebpunim me p\u00ebrfaq\u00ebsues t\u00eb partive politike nga\",\"breadcrumb\":{\"@id\":\"https:\/\/www.visit-ulcinj.com\/blog\/2016\/06\/28\/milan-knezheviq-nenshkruan-deklarate-per-bashkepunim-me-partine-e-putinit\/#breadcrumb\"},\"inLanguage\":\"en-US\",\"potentialAction\":[{\"@type\":\"ReadAction\",\"target\":[\"https:\/\/www.visit-ulcinj.com\/blog\/2016\/06\/28\/milan-knezheviq-nenshkruan-deklarate-per-bashkepunim-me-partine-e-putinit\/\"]}]},{\"@type\":\"BreadcrumbList\",\"@id\":\"https:\/\/www.visit-ulcinj.com\/blog\/2016\/06\/28\/milan-knezheviq-nenshkruan-deklarate-per-bashkepunim-me-partine-e-putinit\/#breadcrumb\",\"itemListElement\":[{\"@type\":\"ListItem\",\"position\":1,\"name\":\"Milan Knezheviq n\u00ebnshkruan deklarat\u00eb p\u00ebr bashk\u00ebpunim me partin\u00eb e Putinit\"}]},{\"@type\":\"Person\",\"@id\":\"https:\/\/www.visit-ulcinj.com\/blog\/#\/schema\/person\/dcab619c614d3038751c63bc2aadc06d\",\"name\":\"ulqini\",\"sameAs\":[\"http:\/\/www.visit-ulcinj.com\"],\"url\":\"https:\/\/www.visit-ulcinj.com\/blog\/author\/admin\/\"}]}<\/script>\n<!-- \/ Yoast SEO plugin. -->","yoast_head_json":{"title":"Milan Knezheviq n\u00ebnshkruan deklarat\u00eb p\u00ebr bashk\u00ebpunim me partin\u00eb e Putinit - Lajme nga Ulqini","description":"Foto: RTCG Partia ruse n\u00eb pushtet \u201cRusia Unike\u201d ka njoftuar t\u00eb ket\u00eb n\u00ebnshkruar dje nj\u00eb deklarat\u00eb p\u00ebr bashk\u00ebpunim me p\u00ebrfaq\u00ebsues t\u00eb partive politike nga","robots":{"index":"index","follow":"follow","max-snippet":"max-snippet:-1","max-image-preview":"max-image-preview:large","max-video-preview":"max-video-preview:-1"},"canonical":"https:\/\/www.visit-ulcinj.com\/blog\/2016\/06\/28\/milan-knezheviq-nenshkruan-deklarate-per-bashkepunim-me-partine-e-putinit\/","og_locale":"en_US","og_type":"article","og_title":"Milan Knezheviq n\u00ebnshkruan deklarat\u00eb p\u00ebr bashk\u00ebpunim me partin\u00eb e Putinit - Lajme nga Ulqini","og_description":"Foto: RTCG Partia ruse n\u00eb pushtet \u201cRusia Unike\u201d ka njoftuar t\u00eb ket\u00eb n\u00ebnshkruar dje nj\u00eb deklarat\u00eb p\u00ebr bashk\u00ebpunim me p\u00ebrfaq\u00ebsues t\u00eb partive politike nga","og_url":"https:\/\/www.visit-ulcinj.com\/blog\/2016\/06\/28\/milan-knezheviq-nenshkruan-deklarate-per-bashkepunim-me-partine-e-putinit\/","og_site_name":"Lajme nga Ulqini","article_published_time":"2016-06-28T16:54:18+00:00","article_modified_time":"2016-06-28T16:54:54+00:00","og_image":[{"url":"http:\/\/www.visit-ulcinj.com\/blog\/wp-content\/uploads\/2016\/06\/Deklaracija-Jedinstvene-Rusije.jpg"}],"twitter_misc":{"Written by":"ulqini","Est. reading time":"1 minute"},"schema":{"@context":"https:\/\/schema.org","@graph":[{"@type":"WebSite","@id":"https:\/\/www.visit-ulcinj.com\/blog\/#website","url":"https:\/\/www.visit-ulcinj.com\/blog\/","name":"Lajme nga Ulqini","description":"Lajme,Vijesti,Ulqini,Ulqin,Crna Gora,Mali i Zi","potentialAction":[{"@type":"SearchAction","target":{"@type":"EntryPoint","urlTemplate":"https:\/\/www.visit-ulcinj.com\/blog\/?s={search_term_string}"},"query-input":"required name=search_term_string"}],"inLanguage":"en-US"},{"@type":"ImageObject","inLanguage":"en-US","@id":"https:\/\/www.visit-ulcinj.com\/blog\/2016\/06\/28\/milan-knezheviq-nenshkruan-deklarate-per-bashkepunim-me-partine-e-putinit\/#primaryimage","url":"https:\/\/www.visit-ulcinj.com\/blog\/wp-content\/uploads\/2016\/06\/Deklaracija-Jedinstvene-Rusije.jpg","contentUrl":"https:\/\/www.visit-ulcinj.com\/blog\/wp-content\/uploads\/2016\/06\/Deklaracija-Jedinstvene-Rusije.jpg","width":450,"height":496},{"@type":"WebPage","@id":"https:\/\/www.visit-ulcinj.com\/blog\/2016\/06\/28\/milan-knezheviq-nenshkruan-deklarate-per-bashkepunim-me-partine-e-putinit\/#webpage","url":"https:\/\/www.visit-ulcinj.com\/blog\/2016\/06\/28\/milan-knezheviq-nenshkruan-deklarate-per-bashkepunim-me-partine-e-putinit\/","name":"Milan Knezheviq n\u00ebnshkruan deklarat\u00eb p\u00ebr bashk\u00ebpunim me partin\u00eb e Putinit - Lajme nga Ulqini","isPartOf":{"@id":"https:\/\/www.visit-ulcinj.com\/blog\/#website"},"primaryImageOfPage":{"@id":"https:\/\/www.visit-ulcinj.com\/blog\/2016\/06\/28\/milan-knezheviq-nenshkruan-deklarate-per-bashkepunim-me-partine-e-putinit\/#primaryimage"},"datePublished":"2016-06-28T16:54:18+00:00","dateModified":"2016-06-28T16:54:54+00:00","author":{"@id":"https:\/\/www.visit-ulcinj.com\/blog\/#\/schema\/person\/dcab619c614d3038751c63bc2aadc06d"},"description":"Foto: RTCG Partia ruse n\u00eb pushtet \u201cRusia Unike\u201d ka njoftuar t\u00eb ket\u00eb n\u00ebnshkruar dje nj\u00eb deklarat\u00eb p\u00ebr bashk\u00ebpunim me p\u00ebrfaq\u00ebsues t\u00eb partive politike nga","breadcrumb":{"@id":"https:\/\/www.visit-ulcinj.com\/blog\/2016\/06\/28\/milan-knezheviq-nenshkruan-deklarate-per-bashkepunim-me-partine-e-putinit\/#breadcrumb"},"inLanguage":"en-US","potentialAction":[{"@type":"ReadAction","target":["https:\/\/www.visit-ulcinj.com\/blog\/2016\/06\/28\/milan-knezheviq-nenshkruan-deklarate-per-bashkepunim-me-partine-e-putinit\/"]}]},{"@type":"BreadcrumbList","@id":"https:\/\/www.visit-ulcinj.com\/blog\/2016\/06\/28\/milan-knezheviq-nenshkruan-deklarate-per-bashkepunim-me-partine-e-putinit\/#breadcrumb","itemListElement":[{"@type":"ListItem","position":1,"name":"Milan Knezheviq n\u00ebnshkruan deklarat\u00eb p\u00ebr bashk\u00ebpunim me partin\u00eb e Putinit"}]},{"@type":"Person","@id":"https:\/\/www.visit-ulcinj.com\/blog\/#\/schema\/person\/dcab619c614d3038751c63bc2aadc06d","name":"ulqini","sameAs":["http:\/\/www.visit-ulcinj.com"],"url":"https:\/\/www.visit-ulcinj.com\/blog\/author\/admin\/"}]}},"jetpack_featured_media_url":"","jetpack_sharing_enabled":true,"jetpack_shortlink":"https:\/\/wp.me\/pe6lTn-ptI","_links":{"self":[{"href":"https:\/\/www.visit-ulcinj.com\/blog\/wp-json\/wp\/v2\/posts\/97942"}],"collection":[{"href":"https:\/\/www.visit-ulcinj.com\/blog\/wp-json\/wp\/v2\/posts"}],"about":[{"href":"https:\/\/www.visit-ulcinj.com\/blog\/wp-json\/wp\/v2\/types\/post"}],"author":[{"embeddable":true,"href":"https:\/\/www.visit-ulcinj.com\/blog\/wp-json\/wp\/v2\/users\/1"}],"replies":[{"embeddable":true,"href":"https:\/\/www.visit-ulcinj.com\/blog\/wp-json\/wp\/v2\/comments?post=97942"}],"version-history":[{"count":2,"href":"https:\/\/www.visit-ulcinj.com\/blog\/wp-json\/wp\/v2\/posts\/97942\/revisions"}],"predecessor-version":[{"id":97945,"href":"https:\/\/www.visit-ulcinj.com\/blog\/wp-json\/wp\/v2\/posts\/97942\/revisions\/97945"}],"wp:attachment":[{"href":"https:\/\/www.visit-ulcinj.com\/blog\/wp-json\/wp\/v2\/media?parent=97942"}],"wp:term":[{"taxonomy":"category","embeddable":true,"href":"https:\/\/www.visit-ulcinj.com\/blog\/wp-json\/wp\/v2\/categories?post=97942"},{"taxonomy":"post_tag","embeddable":true,"href":"https:\/\/www.visit-ulcinj.com\/blog\/wp-json\/wp\/v2\/tags?post=97942"}],"curies":[{"name":"wp","href":"https:\/\/api.w.org\/{rel}","templated":true}]}}