{"id":9795,"date":"2009-01-26T20:17:32","date_gmt":"2009-01-26T19:17:32","guid":{"rendered":"http:\/\/www.visit-ulcinj.com\/blog\/?p=9795"},"modified":"2009-01-26T20:17:46","modified_gmt":"2009-01-26T19:17:46","slug":"sinishtaj-te-gjithe-se-bashku-ne-zgjedhje","status":"publish","type":"post","link":"https:\/\/www.visit-ulcinj.com\/blog\/2009\/01\/26\/sinishtaj-te-gjithe-se-bashku-ne-zgjedhje\/","title":{"rendered":"Sinishtaj: T\u00eb gjith\u00eb s\u00eb bashku n\u00eb zgjedhje"},"content":{"rendered":"<p><strong><a rel=\"attachment wp-att-9796\" href=\"http:\/\/www.visit-ulcinj.com\/blog\/2009\/01\/26\/sinishtaj-te-gjithe-se-bashku-ne-zgjedhje\/vasel-sinishtaj-2\/\"><img loading=\"lazy\" class=\"alignleft size-full wp-image-9796\" title=\"vasel-sinishtaj\" src=\"http:\/\/www.visit-ulcinj.com\/blog\/wp-content\/uploads\/2009\/01\/vasel-sinishtaj.jpg\" alt=\"vasel-sinishtaj\" width=\"344\" height=\"249\" \/><\/a>Deputeti i alternativ\u00ebs shqiptare, Vasel Sinishtaj, propozon q\u00eb para zgjedhjeve t\u00eb parakohshme parlamentare n\u00eb mal t\u00eb zi t\u00eb unifikohet trungu shqipta.<\/strong><br \/>\nTuz- Sipas t\u00eb gjitha gjasave, zgjedhjet e parakohshme parlamentare n\u00eb Mal t\u00eb Zi do t\u00eb mbahen n\u00eb fund t\u00eb muajit mars.<br \/>\nDeputeti i ASH n\u00eb Parlamentin e Malit t\u00eb Zi, Vasel Sinishtaj, ka deklaruar p\u00ebr &#8220;Koh\u00ebn javore&#8221; se partia s\u00eb cil\u00ebs i takon ai, nuk \u00ebsht\u00eb e interesuar t\u00eb jet\u00eb pjes\u00eb e Qeveris\u00eb s\u00eb ardhshme, por atij m\u00eb tep\u00ebr i intereson q\u00eb t\u00eb ket\u00eb sa m\u00eb tep\u00ebr shqiptar\u00eb t\u00eb pun\u00ebsuar n\u00eb institucionet shtet\u00ebrore. Sinishtaj njofton se deri m\u00eb tani ai nuk ka pasur ndonj\u00eb ofert\u00eb nga pushteti i Malit t\u00eb Zi, por shprehet &#8220;Me opozit\u00ebn kemi pasur kontakte jozyrtare&#8221;.<br \/>\n&#8220;Edhe me opozit\u00ebn e kemi ndryshuar q\u00ebndrimin. Kemi kontakte, por q\u00ebndrimet i kemi me rezerv\u00eb, sidomos ndaj atyre q\u00eb nuk e njohin Kosov\u00ebn si shtet&#8221;, thot\u00eb deputeti Sinishtaj duke i treguar edhe arsyet. Sipas tij, opozita deri m\u00eb tani nuk e ka respektuar Marr\u00ebveshjen q\u00eb ka pasur me ASH, kurse n\u00eb an\u00ebn tjet\u00ebr ai akuzon pushtetin aktual p\u00ebr mosrespekimin e Kushtetut\u00ebs.<br \/>\nVasel Sinishtaj propozon q\u00eb para organizimit t\u00eb zgjedhjeve t\u00eb parakohshme parlamentare n\u00eb Mal t\u00eb Zi, p\u00ebr t\u00eb mir\u00ebn e shqiptar\u00ebve, subjektet shqiptare t\u00eb dalin t\u00eb bashkuar. Ai k\u00ebt\u00eb e arsyeton, duke u mund\u00ebsuar LD n\u00eb MZ, UDSH-s\u00eb, ASH dhe Forc\u00ebs se Re Demokratike nga nj\u00eb deputet, kurse mandati i pest\u00eb k\u00ebrkon tzi takoj\u00eb Plav\u00ebs dhe Gucis\u00eb, apo si\u00e7 thot\u00eb ai &#8220;sipas rezultatit t\u00eb zgjedhjeve, An\u00ebs s\u00eb Malit, ose Mal\u00ebsis\u00eb.<br \/>\nGjithashtu Vaseli propozon q\u00eb p\u00ebrfaq\u00ebsuesit shqiptar\u00eb n\u00eb Kuvendin e Malit t\u00eb Zi, mos ta japin vot\u00ebn p\u00ebr zgjedhjet e parakohshme, derisa Kuvendi t\u00eb mos miratoj\u00eb vendimin paraprak, q\u00eb pes\u00eb mandatet tzu takojn\u00eb subjekteve nacionale shqiptare, si nj\u00ebsi e posa\u00e7me zgjedhore.<br \/>\nPo ashtu Sinishtaj propozon edhe Marr\u00ebveshjen p\u00ebr formimin e grupit parlamentar, i cili sipas tij do t\u00eb vepronte nj\u00ebz\u00ebri, kur jan\u00eb n\u00eb pyetje lirit\u00eb dhe t\u00eb drejtat e shqiptar\u00ebve n\u00eb Mal t\u00eb Zi. Propozimi i k\u00ebtill\u00eb sipas deputetit Sinishtaj do t\u00eb ishte gj\u00ebja m\u00eb e mir\u00eb dhe hapi i par\u00eb drejt unifikimit t\u00eb gjith\u00eb trungut shqiptar.<br \/>\n<strong><br \/>\nRr.D.<br \/>\nKoha Javore<\/strong><\/p>\n","protected":false},"excerpt":{"rendered":"<p>Deputeti i alternativ\u00ebs shqiptare, Vasel Sinishtaj, propozon q\u00eb para zgjedhjeve t\u00eb parakohshme parlamentare n\u00eb mal t\u00eb zi t\u00eb unifikohet trungu shqipta. Tuz- Sipas t\u00eb gjitha gjasave, zgjedhjet e parakohshme parlamentare n\u00eb Mal t\u00eb Zi do t\u00eb mbahen n\u00eb fund t\u00eb muajit mars. Deputeti i ASH n\u00eb Parlamentin e Malit t\u00eb Zi, Vasel Sinishtaj, ka deklaruar [&hellip;]<\/p>\n","protected":false},"author":1,"featured_media":0,"comment_status":"open","ping_status":"closed","sticky":false,"template":"","format":"standard","meta":{"spay_email":"","jetpack_publicize_message":"","jetpack_is_tweetstorm":false,"jetpack_publicize_feature_enabled":true},"categories":[6],"tags":[2830,6098,6099,348],"jetpack_publicize_connections":[],"yoast_head":"<!-- This site is optimized with the Yoast SEO plugin v19.1 - https:\/\/yoast.com\/wordpress\/plugins\/seo\/ -->\n<title>Sinishtaj: T\u00eb gjith\u00eb s\u00eb bashku n\u00eb zgjedhje - Lajme nga Ulqini<\/title>\n<meta name=\"description\" content=\"Deputeti i alternativ\u00ebs shqiptare, Vasel Sinishtaj, propozon q\u00eb para zgjedhjeve t\u00eb parakohshme parlamentare n\u00eb mal t\u00eb zi t\u00eb unifikohet trungu shqipta.\" \/>\n<meta name=\"robots\" content=\"index, follow, max-snippet:-1, max-image-preview:large, max-video-preview:-1\" \/>\n<link rel=\"canonical\" href=\"https:\/\/www.visit-ulcinj.com\/blog\/2009\/01\/26\/sinishtaj-te-gjithe-se-bashku-ne-zgjedhje\/\" \/>\n<meta property=\"og:locale\" content=\"en_US\" \/>\n<meta property=\"og:type\" content=\"article\" \/>\n<meta property=\"og:title\" content=\"Sinishtaj: T\u00eb gjith\u00eb s\u00eb bashku n\u00eb zgjedhje - Lajme nga Ulqini\" \/>\n<meta property=\"og:description\" content=\"Deputeti i alternativ\u00ebs shqiptare, Vasel Sinishtaj, propozon q\u00eb para zgjedhjeve t\u00eb parakohshme parlamentare n\u00eb mal t\u00eb zi t\u00eb unifikohet trungu shqipta.\" \/>\n<meta property=\"og:url\" content=\"https:\/\/www.visit-ulcinj.com\/blog\/2009\/01\/26\/sinishtaj-te-gjithe-se-bashku-ne-zgjedhje\/\" \/>\n<meta property=\"og:site_name\" content=\"Lajme nga Ulqini\" \/>\n<meta property=\"article:published_time\" content=\"2009-01-26T19:17:32+00:00\" \/>\n<meta property=\"article:modified_time\" content=\"2009-01-26T19:17:46+00:00\" \/>\n<meta property=\"og:image\" content=\"http:\/\/www.visit-ulcinj.com\/blog\/wp-content\/uploads\/2009\/01\/vasel-sinishtaj.jpg\" \/>\n<meta name=\"twitter:label1\" content=\"Written by\" \/>\n\t<meta name=\"twitter:data1\" content=\"ulqini\" \/>\n\t<meta name=\"twitter:label2\" content=\"Est. reading time\" \/>\n\t<meta name=\"twitter:data2\" content=\"2 minutes\" \/>\n<script type=\"application\/ld+json\" class=\"yoast-schema-graph\">{\"@context\":\"https:\/\/schema.org\",\"@graph\":[{\"@type\":\"WebSite\",\"@id\":\"https:\/\/www.visit-ulcinj.com\/blog\/#website\",\"url\":\"https:\/\/www.visit-ulcinj.com\/blog\/\",\"name\":\"Lajme nga Ulqini\",\"description\":\"Lajme,Vijesti,Ulqini,Ulqin,Crna Gora,Mali i Zi\",\"potentialAction\":[{\"@type\":\"SearchAction\",\"target\":{\"@type\":\"EntryPoint\",\"urlTemplate\":\"https:\/\/www.visit-ulcinj.com\/blog\/?s={search_term_string}\"},\"query-input\":\"required name=search_term_string\"}],\"inLanguage\":\"en-US\"},{\"@type\":\"ImageObject\",\"inLanguage\":\"en-US\",\"@id\":\"https:\/\/www.visit-ulcinj.com\/blog\/2009\/01\/26\/sinishtaj-te-gjithe-se-bashku-ne-zgjedhje\/#primaryimage\",\"url\":\"https:\/\/www.visit-ulcinj.com\/blog\/wp-content\/uploads\/2009\/01\/vasel-sinishtaj.jpg\",\"contentUrl\":\"https:\/\/www.visit-ulcinj.com\/blog\/wp-content\/uploads\/2009\/01\/vasel-sinishtaj.jpg\",\"width\":\"300\",\"height\":\"225\"},{\"@type\":\"WebPage\",\"@id\":\"https:\/\/www.visit-ulcinj.com\/blog\/2009\/01\/26\/sinishtaj-te-gjithe-se-bashku-ne-zgjedhje\/#webpage\",\"url\":\"https:\/\/www.visit-ulcinj.com\/blog\/2009\/01\/26\/sinishtaj-te-gjithe-se-bashku-ne-zgjedhje\/\",\"name\":\"Sinishtaj: T\u00eb gjith\u00eb s\u00eb bashku n\u00eb zgjedhje - Lajme nga Ulqini\",\"isPartOf\":{\"@id\":\"https:\/\/www.visit-ulcinj.com\/blog\/#website\"},\"primaryImageOfPage\":{\"@id\":\"https:\/\/www.visit-ulcinj.com\/blog\/2009\/01\/26\/sinishtaj-te-gjithe-se-bashku-ne-zgjedhje\/#primaryimage\"},\"datePublished\":\"2009-01-26T19:17:32+00:00\",\"dateModified\":\"2009-01-26T19:17:46+00:00\",\"author\":{\"@id\":\"https:\/\/www.visit-ulcinj.com\/blog\/#\/schema\/person\/dcab619c614d3038751c63bc2aadc06d\"},\"description\":\"Deputeti i alternativ\u00ebs shqiptare, Vasel Sinishtaj, propozon q\u00eb para zgjedhjeve t\u00eb parakohshme parlamentare n\u00eb mal t\u00eb zi t\u00eb unifikohet trungu shqipta.\",\"breadcrumb\":{\"@id\":\"https:\/\/www.visit-ulcinj.com\/blog\/2009\/01\/26\/sinishtaj-te-gjithe-se-bashku-ne-zgjedhje\/#breadcrumb\"},\"inLanguage\":\"en-US\",\"potentialAction\":[{\"@type\":\"ReadAction\",\"target\":[\"https:\/\/www.visit-ulcinj.com\/blog\/2009\/01\/26\/sinishtaj-te-gjithe-se-bashku-ne-zgjedhje\/\"]}]},{\"@type\":\"BreadcrumbList\",\"@id\":\"https:\/\/www.visit-ulcinj.com\/blog\/2009\/01\/26\/sinishtaj-te-gjithe-se-bashku-ne-zgjedhje\/#breadcrumb\",\"itemListElement\":[{\"@type\":\"ListItem\",\"position\":1,\"name\":\"Sinishtaj: T\u00eb gjith\u00eb s\u00eb bashku n\u00eb zgjedhje\"}]},{\"@type\":\"Person\",\"@id\":\"https:\/\/www.visit-ulcinj.com\/blog\/#\/schema\/person\/dcab619c614d3038751c63bc2aadc06d\",\"name\":\"ulqini\",\"sameAs\":[\"http:\/\/www.visit-ulcinj.com\"],\"url\":\"https:\/\/www.visit-ulcinj.com\/blog\/author\/admin\/\"}]}<\/script>\n<!-- \/ Yoast SEO plugin. -->","yoast_head_json":{"title":"Sinishtaj: T\u00eb gjith\u00eb s\u00eb bashku n\u00eb zgjedhje - Lajme nga Ulqini","description":"Deputeti i alternativ\u00ebs shqiptare, Vasel Sinishtaj, propozon q\u00eb para zgjedhjeve t\u00eb parakohshme parlamentare n\u00eb mal t\u00eb zi t\u00eb unifikohet trungu shqipta.","robots":{"index":"index","follow":"follow","max-snippet":"max-snippet:-1","max-image-preview":"max-image-preview:large","max-video-preview":"max-video-preview:-1"},"canonical":"https:\/\/www.visit-ulcinj.com\/blog\/2009\/01\/26\/sinishtaj-te-gjithe-se-bashku-ne-zgjedhje\/","og_locale":"en_US","og_type":"article","og_title":"Sinishtaj: T\u00eb gjith\u00eb s\u00eb bashku n\u00eb zgjedhje - Lajme nga Ulqini","og_description":"Deputeti i alternativ\u00ebs shqiptare, Vasel Sinishtaj, propozon q\u00eb para zgjedhjeve t\u00eb parakohshme parlamentare n\u00eb mal t\u00eb zi t\u00eb unifikohet trungu shqipta.","og_url":"https:\/\/www.visit-ulcinj.com\/blog\/2009\/01\/26\/sinishtaj-te-gjithe-se-bashku-ne-zgjedhje\/","og_site_name":"Lajme nga Ulqini","article_published_time":"2009-01-26T19:17:32+00:00","article_modified_time":"2009-01-26T19:17:46+00:00","og_image":[{"url":"http:\/\/www.visit-ulcinj.com\/blog\/wp-content\/uploads\/2009\/01\/vasel-sinishtaj.jpg"}],"twitter_misc":{"Written by":"ulqini","Est. reading time":"2 minutes"},"schema":{"@context":"https:\/\/schema.org","@graph":[{"@type":"WebSite","@id":"https:\/\/www.visit-ulcinj.com\/blog\/#website","url":"https:\/\/www.visit-ulcinj.com\/blog\/","name":"Lajme nga Ulqini","description":"Lajme,Vijesti,Ulqini,Ulqin,Crna Gora,Mali i Zi","potentialAction":[{"@type":"SearchAction","target":{"@type":"EntryPoint","urlTemplate":"https:\/\/www.visit-ulcinj.com\/blog\/?s={search_term_string}"},"query-input":"required name=search_term_string"}],"inLanguage":"en-US"},{"@type":"ImageObject","inLanguage":"en-US","@id":"https:\/\/www.visit-ulcinj.com\/blog\/2009\/01\/26\/sinishtaj-te-gjithe-se-bashku-ne-zgjedhje\/#primaryimage","url":"https:\/\/www.visit-ulcinj.com\/blog\/wp-content\/uploads\/2009\/01\/vasel-sinishtaj.jpg","contentUrl":"https:\/\/www.visit-ulcinj.com\/blog\/wp-content\/uploads\/2009\/01\/vasel-sinishtaj.jpg","width":"300","height":"225"},{"@type":"WebPage","@id":"https:\/\/www.visit-ulcinj.com\/blog\/2009\/01\/26\/sinishtaj-te-gjithe-se-bashku-ne-zgjedhje\/#webpage","url":"https:\/\/www.visit-ulcinj.com\/blog\/2009\/01\/26\/sinishtaj-te-gjithe-se-bashku-ne-zgjedhje\/","name":"Sinishtaj: T\u00eb gjith\u00eb s\u00eb bashku n\u00eb zgjedhje - Lajme nga Ulqini","isPartOf":{"@id":"https:\/\/www.visit-ulcinj.com\/blog\/#website"},"primaryImageOfPage":{"@id":"https:\/\/www.visit-ulcinj.com\/blog\/2009\/01\/26\/sinishtaj-te-gjithe-se-bashku-ne-zgjedhje\/#primaryimage"},"datePublished":"2009-01-26T19:17:32+00:00","dateModified":"2009-01-26T19:17:46+00:00","author":{"@id":"https:\/\/www.visit-ulcinj.com\/blog\/#\/schema\/person\/dcab619c614d3038751c63bc2aadc06d"},"description":"Deputeti i alternativ\u00ebs shqiptare, Vasel Sinishtaj, propozon q\u00eb para zgjedhjeve t\u00eb parakohshme parlamentare n\u00eb mal t\u00eb zi t\u00eb unifikohet trungu shqipta.","breadcrumb":{"@id":"https:\/\/www.visit-ulcinj.com\/blog\/2009\/01\/26\/sinishtaj-te-gjithe-se-bashku-ne-zgjedhje\/#breadcrumb"},"inLanguage":"en-US","potentialAction":[{"@type":"ReadAction","target":["https:\/\/www.visit-ulcinj.com\/blog\/2009\/01\/26\/sinishtaj-te-gjithe-se-bashku-ne-zgjedhje\/"]}]},{"@type":"BreadcrumbList","@id":"https:\/\/www.visit-ulcinj.com\/blog\/2009\/01\/26\/sinishtaj-te-gjithe-se-bashku-ne-zgjedhje\/#breadcrumb","itemListElement":[{"@type":"ListItem","position":1,"name":"Sinishtaj: T\u00eb gjith\u00eb s\u00eb bashku n\u00eb zgjedhje"}]},{"@type":"Person","@id":"https:\/\/www.visit-ulcinj.com\/blog\/#\/schema\/person\/dcab619c614d3038751c63bc2aadc06d","name":"ulqini","sameAs":["http:\/\/www.visit-ulcinj.com"],"url":"https:\/\/www.visit-ulcinj.com\/blog\/author\/admin\/"}]}},"jetpack_featured_media_url":"","jetpack_sharing_enabled":true,"jetpack_shortlink":"https:\/\/wp.me\/pe6lTn-2xZ","_links":{"self":[{"href":"https:\/\/www.visit-ulcinj.com\/blog\/wp-json\/wp\/v2\/posts\/9795"}],"collection":[{"href":"https:\/\/www.visit-ulcinj.com\/blog\/wp-json\/wp\/v2\/posts"}],"about":[{"href":"https:\/\/www.visit-ulcinj.com\/blog\/wp-json\/wp\/v2\/types\/post"}],"author":[{"embeddable":true,"href":"https:\/\/www.visit-ulcinj.com\/blog\/wp-json\/wp\/v2\/users\/1"}],"replies":[{"embeddable":true,"href":"https:\/\/www.visit-ulcinj.com\/blog\/wp-json\/wp\/v2\/comments?post=9795"}],"version-history":[{"count":0,"href":"https:\/\/www.visit-ulcinj.com\/blog\/wp-json\/wp\/v2\/posts\/9795\/revisions"}],"wp:attachment":[{"href":"https:\/\/www.visit-ulcinj.com\/blog\/wp-json\/wp\/v2\/media?parent=9795"}],"wp:term":[{"taxonomy":"category","embeddable":true,"href":"https:\/\/www.visit-ulcinj.com\/blog\/wp-json\/wp\/v2\/categories?post=9795"},{"taxonomy":"post_tag","embeddable":true,"href":"https:\/\/www.visit-ulcinj.com\/blog\/wp-json\/wp\/v2\/tags?post=9795"}],"curies":[{"name":"wp","href":"https:\/\/api.w.org\/{rel}","templated":true}]}}