{"id":97968,"date":"2016-06-29T16:18:09","date_gmt":"2016-06-29T15:18:09","guid":{"rendered":"http:\/\/www.visit-ulcinj.com\/blog\/?p=97968"},"modified":"2016-06-29T19:01:59","modified_gmt":"2016-06-29T18:01:59","slug":"kryetari-cungu-ngushellon-ambasadorin-e-turqise-ne-podgorice","status":"publish","type":"post","link":"https:\/\/www.visit-ulcinj.com\/blog\/2016\/06\/29\/kryetari-cungu-ngushellon-ambasadorin-e-turqise-ne-podgorice\/","title":{"rendered":"Kryetari Cungu ngush\u00ebllon Ambasadorin e Turqis\u00eb n\u00eb Podgoric\u00eb"},"content":{"rendered":"<p><strong><a href=\"http:\/\/www.visit-ulcinj.com\/blog\/wp-content\/uploads\/2016\/06\/Kryetari-Cungu-ngush\u00ebllon-Ambasadorin-e-Turqis\u00eb.jpg\"><img loading=\"lazy\" class=\"alignleft wp-image-97969\" src=\"http:\/\/www.visit-ulcinj.com\/blog\/wp-content\/uploads\/2016\/06\/Kryetari-Cungu-ngush\u00ebllon-Ambasadorin-e-Turqis\u00eb.jpg\" alt=\"Kryetari Cungu ngush\u00ebllon Ambasadorin e Turqis\u00eb\" width=\"508\" height=\"207\" srcset=\"https:\/\/www.visit-ulcinj.com\/blog\/wp-content\/uploads\/2016\/06\/Kryetari-Cungu-ngush\u00ebllon-Ambasadorin-e-Turqis\u00eb.jpg 552w, https:\/\/www.visit-ulcinj.com\/blog\/wp-content\/uploads\/2016\/06\/Kryetari-Cungu-ngush\u00ebllon-Ambasadorin-e-Turqis\u00eb-300x122.jpg 300w\" sizes=\"(max-width: 508px) 100vw, 508px\" \/><\/a>Kryetari i Ulqinit ngush\u00ebllon Ambasadorin\u00a0 e Turqis\u00eb n\u00eb Podgoric\u00eb <\/strong><\/p>\n<p>Kryetari i Ulqinit z. Nazif Cungu\u00a0 i ka d\u00ebrguar nj\u00eb telegram\u00a0 ngush\u00ebllimi Ambasadorit t\u00eb Turqis\u00eb n\u00eb Podgoric\u00eb , SHk\u00eblqesis\u00eb s\u00eb Tij\u00a0 Serhat Galip,\u00a0 me rastin\u00a0 e ngjarjes tragjike\u00a0 n\u00eb aeroportin ,,Ataturk,, n\u00eb Stamboll, ku\u00a0 si pasoj\u00eb e sulmeve teroriste, humb\u00ebn jet\u00ebn disa dhjetra\u00a0 njer\u00ebz t\u00eb pafajsh\u00ebm , dhe shum\u00eb t\u00eb tjer\u00eb u plagos\u00ebn.<\/p>\n<p>N\u00eb telegram nd\u00ebr t\u00eb tjera thuhet. N\u00eb k\u00ebto momente\u00a0 t\u00eb v\u00ebshtira\u00a0\u00a0 i shpreh ngush\u00ebllimet\u00a0 e sinqerta\u00a0 familjar\u00ebve t\u00eb viktimave dhe t\u00eb plagosurve i urojm\u00eb\u00a0 sh\u00ebrim t\u00eb shpejt\u00eb.<\/p>\n<p>T\u00eb gjith\u00eb qytetar\u00ebt e Ulqinit n\u00eb k\u00ebto momente jane pran\u00eb Jush dhe kan\u00eb besim t\u00eb plot\u00eb\u00a0 se autoritetet turke\u00a0 do t\u00eb gjejn\u00eb forc\u00eb\u00a0 q\u00eb t\u00eb p\u00ebrballojn\u00eb\u00a0 situata t\u00eb tilla\u00a0 me maturi dhe pjekuri.<\/p>\n<p>Sinqerisht i Jujai<\/p>\n<p>Nazif Cungu<\/p>\n<p>Kryetar i Komun\u00ebs s\u00eb Ulqinit<\/p>\n","protected":false},"excerpt":{"rendered":"<p>Kryetari i Ulqinit ngush\u00ebllon Ambasadorin\u00a0 e Turqis\u00eb n\u00eb Podgoric\u00eb Kryetari i Ulqinit z. Nazif Cungu\u00a0 i ka d\u00ebrguar nj\u00eb telegram\u00a0 ngush\u00ebllimi Ambasadorit t\u00eb Turqis\u00eb n\u00eb Podgoric\u00eb , SHk\u00eblqesis\u00eb s\u00eb Tij\u00a0 Serhat Galip,\u00a0 me rastin\u00a0 e ngjarjes tragjike\u00a0 n\u00eb aeroportin ,,Ataturk,, n\u00eb Stamboll, ku\u00a0 si pasoj\u00eb e sulmeve teroriste, humb\u00ebn jet\u00ebn disa dhjetra\u00a0 njer\u00ebz t\u00eb pafajsh\u00ebm [&hellip;]<\/p>\n","protected":false},"author":1,"featured_media":0,"comment_status":"closed","ping_status":"closed","sticky":false,"template":"","format":"standard","meta":{"spay_email":"","jetpack_publicize_message":"","jetpack_is_tweetstorm":false,"jetpack_publicize_feature_enabled":true},"categories":[6950],"tags":[],"jetpack_publicize_connections":[],"yoast_head":"<!-- This site is optimized with the Yoast SEO plugin v19.1 - https:\/\/yoast.com\/wordpress\/plugins\/seo\/ -->\n<title>Kryetari Cungu ngush\u00ebllon Ambasadorin e Turqis\u00eb n\u00eb Podgoric\u00eb - Lajme nga Ulqini<\/title>\n<meta name=\"description\" content=\"Kryetari i Ulqinit ngush\u00ebllon Ambasadorin\u00a0 e Turqis\u00eb n\u00eb Podgoric\u00eb Kryetari i Ulqinit z. Nazif Cungu\u00a0 i ka d\u00ebrguar nj\u00eb telegram\u00a0 ngush\u00ebllimi Ambasadorit t\u00eb\" \/>\n<meta name=\"robots\" content=\"index, follow, max-snippet:-1, max-image-preview:large, max-video-preview:-1\" \/>\n<link rel=\"canonical\" href=\"https:\/\/www.visit-ulcinj.com\/blog\/2016\/06\/29\/kryetari-cungu-ngushellon-ambasadorin-e-turqise-ne-podgorice\/\" \/>\n<meta property=\"og:locale\" content=\"en_US\" \/>\n<meta property=\"og:type\" content=\"article\" \/>\n<meta property=\"og:title\" content=\"Kryetari Cungu ngush\u00ebllon Ambasadorin e Turqis\u00eb n\u00eb Podgoric\u00eb - Lajme nga Ulqini\" \/>\n<meta property=\"og:description\" content=\"Kryetari i Ulqinit ngush\u00ebllon Ambasadorin\u00a0 e Turqis\u00eb n\u00eb Podgoric\u00eb Kryetari i Ulqinit z. Nazif Cungu\u00a0 i ka d\u00ebrguar nj\u00eb telegram\u00a0 ngush\u00ebllimi Ambasadorit t\u00eb\" \/>\n<meta property=\"og:url\" content=\"https:\/\/www.visit-ulcinj.com\/blog\/2016\/06\/29\/kryetari-cungu-ngushellon-ambasadorin-e-turqise-ne-podgorice\/\" \/>\n<meta property=\"og:site_name\" content=\"Lajme nga Ulqini\" \/>\n<meta property=\"article:published_time\" content=\"2016-06-29T15:18:09+00:00\" \/>\n<meta property=\"article:modified_time\" content=\"2016-06-29T18:01:59+00:00\" \/>\n<meta name=\"twitter:label1\" content=\"Written by\" \/>\n\t<meta name=\"twitter:data1\" content=\"ulqini\" \/>\n\t<meta name=\"twitter:label2\" content=\"Est. reading time\" \/>\n\t<meta name=\"twitter:data2\" content=\"1 minute\" \/>\n<script type=\"application\/ld+json\" class=\"yoast-schema-graph\">{\"@context\":\"https:\/\/schema.org\",\"@graph\":[{\"@type\":\"WebSite\",\"@id\":\"https:\/\/www.visit-ulcinj.com\/blog\/#website\",\"url\":\"https:\/\/www.visit-ulcinj.com\/blog\/\",\"name\":\"Lajme nga Ulqini\",\"description\":\"Lajme,Vijesti,Ulqini,Ulqin,Crna Gora,Mali i Zi\",\"potentialAction\":[{\"@type\":\"SearchAction\",\"target\":{\"@type\":\"EntryPoint\",\"urlTemplate\":\"https:\/\/www.visit-ulcinj.com\/blog\/?s={search_term_string}\"},\"query-input\":\"required name=search_term_string\"}],\"inLanguage\":\"en-US\"},{\"@type\":\"WebPage\",\"@id\":\"https:\/\/www.visit-ulcinj.com\/blog\/2016\/06\/29\/kryetari-cungu-ngushellon-ambasadorin-e-turqise-ne-podgorice\/#webpage\",\"url\":\"https:\/\/www.visit-ulcinj.com\/blog\/2016\/06\/29\/kryetari-cungu-ngushellon-ambasadorin-e-turqise-ne-podgorice\/\",\"name\":\"Kryetari Cungu ngush\u00ebllon Ambasadorin e Turqis\u00eb n\u00eb Podgoric\u00eb - Lajme nga Ulqini\",\"isPartOf\":{\"@id\":\"https:\/\/www.visit-ulcinj.com\/blog\/#website\"},\"datePublished\":\"2016-06-29T15:18:09+00:00\",\"dateModified\":\"2016-06-29T18:01:59+00:00\",\"author\":{\"@id\":\"https:\/\/www.visit-ulcinj.com\/blog\/#\/schema\/person\/dcab619c614d3038751c63bc2aadc06d\"},\"description\":\"Kryetari i Ulqinit ngush\u00ebllon Ambasadorin\u00a0 e Turqis\u00eb n\u00eb Podgoric\u00eb Kryetari i Ulqinit z. Nazif Cungu\u00a0 i ka d\u00ebrguar nj\u00eb telegram\u00a0 ngush\u00ebllimi Ambasadorit t\u00eb\",\"breadcrumb\":{\"@id\":\"https:\/\/www.visit-ulcinj.com\/blog\/2016\/06\/29\/kryetari-cungu-ngushellon-ambasadorin-e-turqise-ne-podgorice\/#breadcrumb\"},\"inLanguage\":\"en-US\",\"potentialAction\":[{\"@type\":\"ReadAction\",\"target\":[\"https:\/\/www.visit-ulcinj.com\/blog\/2016\/06\/29\/kryetari-cungu-ngushellon-ambasadorin-e-turqise-ne-podgorice\/\"]}]},{\"@type\":\"BreadcrumbList\",\"@id\":\"https:\/\/www.visit-ulcinj.com\/blog\/2016\/06\/29\/kryetari-cungu-ngushellon-ambasadorin-e-turqise-ne-podgorice\/#breadcrumb\",\"itemListElement\":[{\"@type\":\"ListItem\",\"position\":1,\"name\":\"Kryetari Cungu ngush\u00ebllon Ambasadorin e Turqis\u00eb n\u00eb Podgoric\u00eb\"}]},{\"@type\":\"Person\",\"@id\":\"https:\/\/www.visit-ulcinj.com\/blog\/#\/schema\/person\/dcab619c614d3038751c63bc2aadc06d\",\"name\":\"ulqini\",\"sameAs\":[\"http:\/\/www.visit-ulcinj.com\"],\"url\":\"https:\/\/www.visit-ulcinj.com\/blog\/author\/admin\/\"}]}<\/script>\n<!-- \/ Yoast SEO plugin. -->","yoast_head_json":{"title":"Kryetari Cungu ngush\u00ebllon Ambasadorin e Turqis\u00eb n\u00eb Podgoric\u00eb - Lajme nga Ulqini","description":"Kryetari i Ulqinit ngush\u00ebllon Ambasadorin\u00a0 e Turqis\u00eb n\u00eb Podgoric\u00eb Kryetari i Ulqinit z. Nazif Cungu\u00a0 i ka d\u00ebrguar nj\u00eb telegram\u00a0 ngush\u00ebllimi Ambasadorit t\u00eb","robots":{"index":"index","follow":"follow","max-snippet":"max-snippet:-1","max-image-preview":"max-image-preview:large","max-video-preview":"max-video-preview:-1"},"canonical":"https:\/\/www.visit-ulcinj.com\/blog\/2016\/06\/29\/kryetari-cungu-ngushellon-ambasadorin-e-turqise-ne-podgorice\/","og_locale":"en_US","og_type":"article","og_title":"Kryetari Cungu ngush\u00ebllon Ambasadorin e Turqis\u00eb n\u00eb Podgoric\u00eb - Lajme nga Ulqini","og_description":"Kryetari i Ulqinit ngush\u00ebllon Ambasadorin\u00a0 e Turqis\u00eb n\u00eb Podgoric\u00eb Kryetari i Ulqinit z. Nazif Cungu\u00a0 i ka d\u00ebrguar nj\u00eb telegram\u00a0 ngush\u00ebllimi Ambasadorit t\u00eb","og_url":"https:\/\/www.visit-ulcinj.com\/blog\/2016\/06\/29\/kryetari-cungu-ngushellon-ambasadorin-e-turqise-ne-podgorice\/","og_site_name":"Lajme nga Ulqini","article_published_time":"2016-06-29T15:18:09+00:00","article_modified_time":"2016-06-29T18:01:59+00:00","twitter_misc":{"Written by":"ulqini","Est. reading time":"1 minute"},"schema":{"@context":"https:\/\/schema.org","@graph":[{"@type":"WebSite","@id":"https:\/\/www.visit-ulcinj.com\/blog\/#website","url":"https:\/\/www.visit-ulcinj.com\/blog\/","name":"Lajme nga Ulqini","description":"Lajme,Vijesti,Ulqini,Ulqin,Crna Gora,Mali i Zi","potentialAction":[{"@type":"SearchAction","target":{"@type":"EntryPoint","urlTemplate":"https:\/\/www.visit-ulcinj.com\/blog\/?s={search_term_string}"},"query-input":"required name=search_term_string"}],"inLanguage":"en-US"},{"@type":"WebPage","@id":"https:\/\/www.visit-ulcinj.com\/blog\/2016\/06\/29\/kryetari-cungu-ngushellon-ambasadorin-e-turqise-ne-podgorice\/#webpage","url":"https:\/\/www.visit-ulcinj.com\/blog\/2016\/06\/29\/kryetari-cungu-ngushellon-ambasadorin-e-turqise-ne-podgorice\/","name":"Kryetari Cungu ngush\u00ebllon Ambasadorin e Turqis\u00eb n\u00eb Podgoric\u00eb - Lajme nga Ulqini","isPartOf":{"@id":"https:\/\/www.visit-ulcinj.com\/blog\/#website"},"datePublished":"2016-06-29T15:18:09+00:00","dateModified":"2016-06-29T18:01:59+00:00","author":{"@id":"https:\/\/www.visit-ulcinj.com\/blog\/#\/schema\/person\/dcab619c614d3038751c63bc2aadc06d"},"description":"Kryetari i Ulqinit ngush\u00ebllon Ambasadorin\u00a0 e Turqis\u00eb n\u00eb Podgoric\u00eb Kryetari i Ulqinit z. Nazif Cungu\u00a0 i ka d\u00ebrguar nj\u00eb telegram\u00a0 ngush\u00ebllimi Ambasadorit t\u00eb","breadcrumb":{"@id":"https:\/\/www.visit-ulcinj.com\/blog\/2016\/06\/29\/kryetari-cungu-ngushellon-ambasadorin-e-turqise-ne-podgorice\/#breadcrumb"},"inLanguage":"en-US","potentialAction":[{"@type":"ReadAction","target":["https:\/\/www.visit-ulcinj.com\/blog\/2016\/06\/29\/kryetari-cungu-ngushellon-ambasadorin-e-turqise-ne-podgorice\/"]}]},{"@type":"BreadcrumbList","@id":"https:\/\/www.visit-ulcinj.com\/blog\/2016\/06\/29\/kryetari-cungu-ngushellon-ambasadorin-e-turqise-ne-podgorice\/#breadcrumb","itemListElement":[{"@type":"ListItem","position":1,"name":"Kryetari Cungu ngush\u00ebllon Ambasadorin e Turqis\u00eb n\u00eb Podgoric\u00eb"}]},{"@type":"Person","@id":"https:\/\/www.visit-ulcinj.com\/blog\/#\/schema\/person\/dcab619c614d3038751c63bc2aadc06d","name":"ulqini","sameAs":["http:\/\/www.visit-ulcinj.com"],"url":"https:\/\/www.visit-ulcinj.com\/blog\/author\/admin\/"}]}},"jetpack_featured_media_url":"","jetpack_sharing_enabled":true,"jetpack_shortlink":"https:\/\/wp.me\/pe6lTn-pu8","_links":{"self":[{"href":"https:\/\/www.visit-ulcinj.com\/blog\/wp-json\/wp\/v2\/posts\/97968"}],"collection":[{"href":"https:\/\/www.visit-ulcinj.com\/blog\/wp-json\/wp\/v2\/posts"}],"about":[{"href":"https:\/\/www.visit-ulcinj.com\/blog\/wp-json\/wp\/v2\/types\/post"}],"author":[{"embeddable":true,"href":"https:\/\/www.visit-ulcinj.com\/blog\/wp-json\/wp\/v2\/users\/1"}],"replies":[{"embeddable":true,"href":"https:\/\/www.visit-ulcinj.com\/blog\/wp-json\/wp\/v2\/comments?post=97968"}],"version-history":[{"count":1,"href":"https:\/\/www.visit-ulcinj.com\/blog\/wp-json\/wp\/v2\/posts\/97968\/revisions"}],"predecessor-version":[{"id":97970,"href":"https:\/\/www.visit-ulcinj.com\/blog\/wp-json\/wp\/v2\/posts\/97968\/revisions\/97970"}],"wp:attachment":[{"href":"https:\/\/www.visit-ulcinj.com\/blog\/wp-json\/wp\/v2\/media?parent=97968"}],"wp:term":[{"taxonomy":"category","embeddable":true,"href":"https:\/\/www.visit-ulcinj.com\/blog\/wp-json\/wp\/v2\/categories?post=97968"},{"taxonomy":"post_tag","embeddable":true,"href":"https:\/\/www.visit-ulcinj.com\/blog\/wp-json\/wp\/v2\/tags?post=97968"}],"curies":[{"name":"wp","href":"https:\/\/api.w.org\/{rel}","templated":true}]}}