{"id":97989,"date":"2016-06-29T17:46:40","date_gmt":"2016-06-29T16:46:40","guid":{"rendered":"http:\/\/www.visit-ulcinj.com\/blog\/?p=97989"},"modified":"2016-06-29T17:47:46","modified_gmt":"2016-06-29T16:47:46","slug":"parkingjet-publike-ne-ulqin-mbesin-problem-per-qytetin-video","status":"publish","type":"post","link":"https:\/\/www.visit-ulcinj.com\/blog\/2016\/06\/29\/parkingjet-publike-ne-ulqin-mbesin-problem-per-qytetin-video\/","title":{"rendered":"Parkingjet publike n\u00eb Ulqin mbesin problem p\u00ebr qytetin &#8211; Video"},"content":{"rendered":"<p><a href=\"http:\/\/www.visit-ulcinj.com\/blog\/wp-content\/uploads\/2016\/06\/Parkingjet-publike-n\u00eb-Ulqin-mbesin-problem.jpg\"><img loading=\"lazy\" class=\"alignleft wp-image-97991\" src=\"http:\/\/www.visit-ulcinj.com\/blog\/wp-content\/uploads\/2016\/06\/Parkingjet-publike-n\u00eb-Ulqin-mbesin-problem.jpg\" alt=\"Parkingjet publike n\u00eb Ulqin mbesin problem\" width=\"508\" height=\"253\" srcset=\"https:\/\/www.visit-ulcinj.com\/blog\/wp-content\/uploads\/2016\/06\/Parkingjet-publike-n\u00eb-Ulqin-mbesin-problem.jpg 848w, https:\/\/www.visit-ulcinj.com\/blog\/wp-content\/uploads\/2016\/06\/Parkingjet-publike-n\u00eb-Ulqin-mbesin-problem-300x150.jpg 300w, https:\/\/www.visit-ulcinj.com\/blog\/wp-content\/uploads\/2016\/06\/Parkingjet-publike-n\u00eb-Ulqin-mbesin-problem-768x383.jpg 768w\" sizes=\"(max-width: 508px) 100vw, 508px\" \/><\/a>Problemi i parkingut n\u00eb Ran\u00eb t\u00eb Ulqinit \u00ebsht\u00eb i theksuar edhe k\u00ebt\u00eb vit dhe shkakton shamata t\u00eb shpeshta t\u00eb vendasve dhe qiramarr\u00ebsve t\u00eb lokaleve dhe polic\u00ebve komunal, shkruan e p\u00ebrditshmja \u201cVijesti\u201d, kurse n\u00eb gjuhen shqipe rapoton portali Ul.info.<\/p>\n<p>Problem i ve\u00e7ant\u00eb, thon\u00eb vendasit, paraqet pjesa e sh\u00ebtitores kah Kacemja dhe Kalaja ku parkimi \u00ebsht\u00eb ndaluar.<\/p>\n<p>Derisa nga Policia komunale pohojn\u00eb se punojn\u00eb sipas ligjit, hotelieri Januz Elezagiq thot\u00eb se \u00ebsht\u00eb i hidh\u00ebruar me sjelljen e tyre. Thekson se deri tani ka marr\u00eb disa d\u00ebnime p\u00ebr parkim t\u00eb parregullt dhe se polic\u00ebt komunal selektivisht d\u00ebnojn\u00eb. Ai pohon se vendparkimi para lokalit t\u00eb tij \u00ebsht\u00eb shnd\u00ebrruar n\u00eb vend parkim.<\/p>\n<p>Edhe banori i Kalas\u00eb Ismet Karamanaga \u00ebsht\u00eb i pak\u00ebnaqur q\u00eb Rana nuk ka m\u00eb shum\u00eb vendparkime m\u00eb shum\u00eb p\u00ebr Ranacak\u00ebt dhe banor\u00ebt e qytetit t\u00eb vjet\u00ebr. Ai thot\u00eb se \u00ebsht\u00eb i detyruar ta parkoj\u00eb makin\u00ebn posht\u00eb Kalas\u00eb, p\u00ebrball\u00eb kish\u00ebs, ku, si\u00e7 pohon, hajdut\u00ebt pak koh\u00eb m\u00eb par\u00eb ja kan\u00eb vjedhur drit\u00ebn e makin\u00ebs.<\/p>\n<p>\u201cPrishjet n\u00eb makin\u00ebs jan\u00eb t\u00eb shpeshta. Mua ma vodh\u00ebn, e pronarit t\u00eb makin\u00ebs af\u00ebr meje ja thyen\u201d, thekson Karamanaga.<\/p>\n<p>Drejtuesi i Policis\u00eb komunale Saubih Mehmeti ka th\u00ebn\u00eb se e kupton pak\u00ebnaq\u00ebsin\u00eb p\u00ebr shkak t\u00eb aksionit por q\u00eb ato veprojn\u00eb sipas ligjit.<\/p>\n<p>\u201cDy vite kemi punuar n\u00eb m\u00ebnyr\u00eb preventive, kemi paralajm\u00ebruar, kemi biseduar me ato q\u00eb parkojn\u00eb makina. Tani duhet t\u00eb punojm\u00eb n\u00eb m\u00ebnyr\u00eb represive, jemi t\u00eb detyruar, sepse n\u00ebse i l\u00ebshojm\u00eb t\u00eb parkohen, rruga drejt mol\u00ebs do t\u00eb ishte e pal\u00ebvizshme dhe do t\u00eb shkaktonim bllokad\u00eb. K\u00ebt\u00eb nuk do ta lejojm\u00eb, e kjo \u00ebsht\u00eb n\u00eb interes edhe t\u00eb atyre q\u00eb ankohen\u201d, tha Mehmeti.<\/p>\n<p>Ai mohoi se punonj\u00ebsit e tij sillen n\u00eb m\u00ebnyr\u00eb joprofesionale. \u201cKjo nuk \u00ebsht\u00eb e sakt\u00eb. P\u00ebrkundrazi, shpesh jemi n\u00eb situat\u00eb t\u00eb pak\u00ebndshme sepse nuk na respektojn\u00eb dhe na ofendojn\u00eb\u201d.<\/p>\n<p><iframe loading=\"lazy\" frameborder=\"0\" width=\"508\" height=\"340\" src=\"\/\/www.dailymotion.com\/embed\/video\/x4irxjv?autoPlay=1\" allowfullscreen><\/p>\n","protected":false},"excerpt":{"rendered":"<p>Problemi i parkingut n\u00eb Ran\u00eb t\u00eb Ulqinit \u00ebsht\u00eb i theksuar edhe k\u00ebt\u00eb vit dhe shkakton shamata t\u00eb shpeshta t\u00eb vendasve dhe qiramarr\u00ebsve t\u00eb lokaleve dhe polic\u00ebve komunal, shkruan e p\u00ebrditshmja \u201cVijesti\u201d, kurse n\u00eb gjuhen shqipe rapoton portali Ul.info. Problem i ve\u00e7ant\u00eb, thon\u00eb vendasit, paraqet pjesa e sh\u00ebtitores kah Kacemja dhe Kalaja ku parkimi \u00ebsht\u00eb ndaluar. [&hellip;]<\/p>\n","protected":false},"author":1,"featured_media":0,"comment_status":"closed","ping_status":"closed","sticky":false,"template":"","format":"standard","meta":{"spay_email":"","jetpack_publicize_message":"","jetpack_is_tweetstorm":false,"jetpack_publicize_feature_enabled":true},"categories":[12],"tags":[],"jetpack_publicize_connections":[],"yoast_head":"<!-- This site is optimized with the Yoast SEO plugin v19.1 - https:\/\/yoast.com\/wordpress\/plugins\/seo\/ -->\n<title>Parkingjet publike n\u00eb Ulqin mbesin problem p\u00ebr qytetin - Video - Lajme nga Ulqini<\/title>\n<meta name=\"description\" content=\"Problemi i parkingut n\u00eb Ran\u00eb t\u00eb Ulqinit \u00ebsht\u00eb i theksuar edhe k\u00ebt\u00eb vit dhe shkakton shamata t\u00eb shpeshta t\u00eb vendasve dhe qiramarr\u00ebsve t\u00eb lokaleve dhe\" \/>\n<meta name=\"robots\" content=\"index, follow, max-snippet:-1, max-image-preview:large, max-video-preview:-1\" \/>\n<link rel=\"canonical\" href=\"https:\/\/www.visit-ulcinj.com\/blog\/2016\/06\/29\/parkingjet-publike-ne-ulqin-mbesin-problem-per-qytetin-video\/\" \/>\n<meta property=\"og:locale\" content=\"en_US\" \/>\n<meta property=\"og:type\" content=\"article\" \/>\n<meta property=\"og:title\" content=\"Parkingjet publike n\u00eb Ulqin mbesin problem p\u00ebr qytetin - Video - Lajme nga Ulqini\" \/>\n<meta property=\"og:description\" content=\"Problemi i parkingut n\u00eb Ran\u00eb t\u00eb Ulqinit \u00ebsht\u00eb i theksuar edhe k\u00ebt\u00eb vit dhe shkakton shamata t\u00eb shpeshta t\u00eb vendasve dhe qiramarr\u00ebsve t\u00eb lokaleve dhe\" \/>\n<meta property=\"og:url\" content=\"https:\/\/www.visit-ulcinj.com\/blog\/2016\/06\/29\/parkingjet-publike-ne-ulqin-mbesin-problem-per-qytetin-video\/\" \/>\n<meta property=\"og:site_name\" content=\"Lajme nga Ulqini\" \/>\n<meta property=\"article:published_time\" content=\"2016-06-29T16:46:40+00:00\" \/>\n<meta property=\"article:modified_time\" content=\"2016-06-29T16:47:46+00:00\" \/>\n<meta name=\"twitter:label1\" content=\"Written by\" \/>\n\t<meta name=\"twitter:data1\" content=\"ulqini\" \/>\n\t<meta name=\"twitter:label2\" content=\"Est. reading time\" \/>\n\t<meta name=\"twitter:data2\" content=\"2 minutes\" \/>\n<script type=\"application\/ld+json\" class=\"yoast-schema-graph\">{\"@context\":\"https:\/\/schema.org\",\"@graph\":[{\"@type\":\"WebSite\",\"@id\":\"https:\/\/www.visit-ulcinj.com\/blog\/#website\",\"url\":\"https:\/\/www.visit-ulcinj.com\/blog\/\",\"name\":\"Lajme nga Ulqini\",\"description\":\"Lajme,Vijesti,Ulqini,Ulqin,Crna Gora,Mali i Zi\",\"potentialAction\":[{\"@type\":\"SearchAction\",\"target\":{\"@type\":\"EntryPoint\",\"urlTemplate\":\"https:\/\/www.visit-ulcinj.com\/blog\/?s={search_term_string}\"},\"query-input\":\"required name=search_term_string\"}],\"inLanguage\":\"en-US\"},{\"@type\":\"WebPage\",\"@id\":\"https:\/\/www.visit-ulcinj.com\/blog\/2016\/06\/29\/parkingjet-publike-ne-ulqin-mbesin-problem-per-qytetin-video\/#webpage\",\"url\":\"https:\/\/www.visit-ulcinj.com\/blog\/2016\/06\/29\/parkingjet-publike-ne-ulqin-mbesin-problem-per-qytetin-video\/\",\"name\":\"Parkingjet publike n\u00eb Ulqin mbesin problem p\u00ebr qytetin - Video - Lajme nga Ulqini\",\"isPartOf\":{\"@id\":\"https:\/\/www.visit-ulcinj.com\/blog\/#website\"},\"datePublished\":\"2016-06-29T16:46:40+00:00\",\"dateModified\":\"2016-06-29T16:47:46+00:00\",\"author\":{\"@id\":\"https:\/\/www.visit-ulcinj.com\/blog\/#\/schema\/person\/dcab619c614d3038751c63bc2aadc06d\"},\"description\":\"Problemi i parkingut n\u00eb Ran\u00eb t\u00eb Ulqinit \u00ebsht\u00eb i theksuar edhe k\u00ebt\u00eb vit dhe shkakton shamata t\u00eb shpeshta t\u00eb vendasve dhe qiramarr\u00ebsve t\u00eb lokaleve dhe\",\"breadcrumb\":{\"@id\":\"https:\/\/www.visit-ulcinj.com\/blog\/2016\/06\/29\/parkingjet-publike-ne-ulqin-mbesin-problem-per-qytetin-video\/#breadcrumb\"},\"inLanguage\":\"en-US\",\"potentialAction\":[{\"@type\":\"ReadAction\",\"target\":[\"https:\/\/www.visit-ulcinj.com\/blog\/2016\/06\/29\/parkingjet-publike-ne-ulqin-mbesin-problem-per-qytetin-video\/\"]}]},{\"@type\":\"BreadcrumbList\",\"@id\":\"https:\/\/www.visit-ulcinj.com\/blog\/2016\/06\/29\/parkingjet-publike-ne-ulqin-mbesin-problem-per-qytetin-video\/#breadcrumb\",\"itemListElement\":[{\"@type\":\"ListItem\",\"position\":1,\"name\":\"Parkingjet publike n\u00eb Ulqin mbesin problem p\u00ebr qytetin &#8211; Video\"}]},{\"@type\":\"Person\",\"@id\":\"https:\/\/www.visit-ulcinj.com\/blog\/#\/schema\/person\/dcab619c614d3038751c63bc2aadc06d\",\"name\":\"ulqini\",\"sameAs\":[\"http:\/\/www.visit-ulcinj.com\"],\"url\":\"https:\/\/www.visit-ulcinj.com\/blog\/author\/admin\/\"}]}<\/script>\n<!-- \/ Yoast SEO plugin. -->","yoast_head_json":{"title":"Parkingjet publike n\u00eb Ulqin mbesin problem p\u00ebr qytetin - Video - Lajme nga Ulqini","description":"Problemi i parkingut n\u00eb Ran\u00eb t\u00eb Ulqinit \u00ebsht\u00eb i theksuar edhe k\u00ebt\u00eb vit dhe shkakton shamata t\u00eb shpeshta t\u00eb vendasve dhe qiramarr\u00ebsve t\u00eb lokaleve dhe","robots":{"index":"index","follow":"follow","max-snippet":"max-snippet:-1","max-image-preview":"max-image-preview:large","max-video-preview":"max-video-preview:-1"},"canonical":"https:\/\/www.visit-ulcinj.com\/blog\/2016\/06\/29\/parkingjet-publike-ne-ulqin-mbesin-problem-per-qytetin-video\/","og_locale":"en_US","og_type":"article","og_title":"Parkingjet publike n\u00eb Ulqin mbesin problem p\u00ebr qytetin - Video - Lajme nga Ulqini","og_description":"Problemi i parkingut n\u00eb Ran\u00eb t\u00eb Ulqinit \u00ebsht\u00eb i theksuar edhe k\u00ebt\u00eb vit dhe shkakton shamata t\u00eb shpeshta t\u00eb vendasve dhe qiramarr\u00ebsve t\u00eb lokaleve dhe","og_url":"https:\/\/www.visit-ulcinj.com\/blog\/2016\/06\/29\/parkingjet-publike-ne-ulqin-mbesin-problem-per-qytetin-video\/","og_site_name":"Lajme nga Ulqini","article_published_time":"2016-06-29T16:46:40+00:00","article_modified_time":"2016-06-29T16:47:46+00:00","twitter_misc":{"Written by":"ulqini","Est. reading time":"2 minutes"},"schema":{"@context":"https:\/\/schema.org","@graph":[{"@type":"WebSite","@id":"https:\/\/www.visit-ulcinj.com\/blog\/#website","url":"https:\/\/www.visit-ulcinj.com\/blog\/","name":"Lajme nga Ulqini","description":"Lajme,Vijesti,Ulqini,Ulqin,Crna Gora,Mali i Zi","potentialAction":[{"@type":"SearchAction","target":{"@type":"EntryPoint","urlTemplate":"https:\/\/www.visit-ulcinj.com\/blog\/?s={search_term_string}"},"query-input":"required name=search_term_string"}],"inLanguage":"en-US"},{"@type":"WebPage","@id":"https:\/\/www.visit-ulcinj.com\/blog\/2016\/06\/29\/parkingjet-publike-ne-ulqin-mbesin-problem-per-qytetin-video\/#webpage","url":"https:\/\/www.visit-ulcinj.com\/blog\/2016\/06\/29\/parkingjet-publike-ne-ulqin-mbesin-problem-per-qytetin-video\/","name":"Parkingjet publike n\u00eb Ulqin mbesin problem p\u00ebr qytetin - Video - Lajme nga Ulqini","isPartOf":{"@id":"https:\/\/www.visit-ulcinj.com\/blog\/#website"},"datePublished":"2016-06-29T16:46:40+00:00","dateModified":"2016-06-29T16:47:46+00:00","author":{"@id":"https:\/\/www.visit-ulcinj.com\/blog\/#\/schema\/person\/dcab619c614d3038751c63bc2aadc06d"},"description":"Problemi i parkingut n\u00eb Ran\u00eb t\u00eb Ulqinit \u00ebsht\u00eb i theksuar edhe k\u00ebt\u00eb vit dhe shkakton shamata t\u00eb shpeshta t\u00eb vendasve dhe qiramarr\u00ebsve t\u00eb lokaleve dhe","breadcrumb":{"@id":"https:\/\/www.visit-ulcinj.com\/blog\/2016\/06\/29\/parkingjet-publike-ne-ulqin-mbesin-problem-per-qytetin-video\/#breadcrumb"},"inLanguage":"en-US","potentialAction":[{"@type":"ReadAction","target":["https:\/\/www.visit-ulcinj.com\/blog\/2016\/06\/29\/parkingjet-publike-ne-ulqin-mbesin-problem-per-qytetin-video\/"]}]},{"@type":"BreadcrumbList","@id":"https:\/\/www.visit-ulcinj.com\/blog\/2016\/06\/29\/parkingjet-publike-ne-ulqin-mbesin-problem-per-qytetin-video\/#breadcrumb","itemListElement":[{"@type":"ListItem","position":1,"name":"Parkingjet publike n\u00eb Ulqin mbesin problem p\u00ebr qytetin &#8211; Video"}]},{"@type":"Person","@id":"https:\/\/www.visit-ulcinj.com\/blog\/#\/schema\/person\/dcab619c614d3038751c63bc2aadc06d","name":"ulqini","sameAs":["http:\/\/www.visit-ulcinj.com"],"url":"https:\/\/www.visit-ulcinj.com\/blog\/author\/admin\/"}]}},"jetpack_featured_media_url":"","jetpack_sharing_enabled":true,"jetpack_shortlink":"https:\/\/wp.me\/pe6lTn-put","_links":{"self":[{"href":"https:\/\/www.visit-ulcinj.com\/blog\/wp-json\/wp\/v2\/posts\/97989"}],"collection":[{"href":"https:\/\/www.visit-ulcinj.com\/blog\/wp-json\/wp\/v2\/posts"}],"about":[{"href":"https:\/\/www.visit-ulcinj.com\/blog\/wp-json\/wp\/v2\/types\/post"}],"author":[{"embeddable":true,"href":"https:\/\/www.visit-ulcinj.com\/blog\/wp-json\/wp\/v2\/users\/1"}],"replies":[{"embeddable":true,"href":"https:\/\/www.visit-ulcinj.com\/blog\/wp-json\/wp\/v2\/comments?post=97989"}],"version-history":[{"count":2,"href":"https:\/\/www.visit-ulcinj.com\/blog\/wp-json\/wp\/v2\/posts\/97989\/revisions"}],"predecessor-version":[{"id":97993,"href":"https:\/\/www.visit-ulcinj.com\/blog\/wp-json\/wp\/v2\/posts\/97989\/revisions\/97993"}],"wp:attachment":[{"href":"https:\/\/www.visit-ulcinj.com\/blog\/wp-json\/wp\/v2\/media?parent=97989"}],"wp:term":[{"taxonomy":"category","embeddable":true,"href":"https:\/\/www.visit-ulcinj.com\/blog\/wp-json\/wp\/v2\/categories?post=97989"},{"taxonomy":"post_tag","embeddable":true,"href":"https:\/\/www.visit-ulcinj.com\/blog\/wp-json\/wp\/v2\/tags?post=97989"}],"curies":[{"name":"wp","href":"https:\/\/api.w.org\/{rel}","templated":true}]}}