{"id":9800,"date":"2009-01-26T20:59:35","date_gmt":"2009-01-26T19:59:35","guid":{"rendered":"http:\/\/www.visit-ulcinj.com\/blog\/?p=9800"},"modified":"2009-01-26T20:59:41","modified_gmt":"2009-01-26T19:59:41","slug":"komuna-urbane-e-tuzit-koalicioni-eshte-stabil","status":"publish","type":"post","link":"https:\/\/www.visit-ulcinj.com\/blog\/2009\/01\/26\/komuna-urbane-e-tuzit-koalicioni-eshte-stabil\/","title":{"rendered":"Komuna Urbane e Tuzit: Koalicioni \u00ebsht\u00eb stabil"},"content":{"rendered":"<p><strong><a rel=\"attachment wp-att-9801\" href=\"http:\/\/www.visit-ulcinj.com\/blog\/2009\/01\/26\/komuna-urbane-e-tuzit-koalicioni-eshte-stabil\/cunmulaj_camaj\/\"><img loading=\"lazy\" class=\"alignleft size-full wp-image-9801\" title=\"cunmulaj_camaj\" src=\"http:\/\/www.visit-ulcinj.com\/blog\/wp-content\/uploads\/2009\/01\/cunmulaj_camaj.jpg\" alt=\"cunmulaj_camaj\" width=\"281\" height=\"282\" srcset=\"https:\/\/www.visit-ulcinj.com\/blog\/wp-content\/uploads\/2009\/01\/cunmulaj_camaj.jpg 242w, https:\/\/www.visit-ulcinj.com\/blog\/wp-content\/uploads\/2009\/01\/cunmulaj_camaj-150x150.jpg 150w\" sizes=\"(max-width: 281px) 100vw, 281px\" \/><\/a>T\u00eb mart\u00ebn jan\u00eb takuar k\u00ebshilltar\u00ebt e koalicionit qeveris\u00ebs t\u00eb komun\u00ebs urbane t\u00eb Tuzit<br \/>\nKoalicioni \u00ebsht\u00eb stabil<\/strong><br \/>\nTuz- K\u00ebshilltar\u00ebt e koalicionit q\u00eb p\u00ebrb\u00ebjn\u00eb shumic\u00ebn n\u00eb qeverisjen e KU t\u00eb Tuzit (LD n\u00eb MZ dhe ASH) jan\u00eb takuar t\u00eb mart\u00ebn p\u00ebr t\u00eb diskutuar lidhur me Planin finaciar p\u00ebr vitin 2009. Sipas kryetarit t\u00eb Kuvendit t\u00eb KU t\u00eb Tuzit, Nikoll\u00eb Camaj, dhjet\u00ebshi i koalicionit nuk ka pasur kund\u00ebrshtime lidhur me Planin Financiar, por megjithat\u00eb t\u00eb dy pal\u00ebt kan\u00eb shprehur pak\u00ebnaq\u00ebsi p\u00ebr k\u00ebt\u00eb Plan.<br \/>\nSido q\u00eb t\u00eb jet\u00eb, Plani finaciar pritet q\u00eb t\u00eb jet\u00eb n\u00eb diskutim n\u00eb seanc\u00ebn e ardhshme t\u00eb muajit shkurt, ku k\u00ebshtillltar\u00ebt e Kuvendit t\u00eb KU t\u00eb Tuzit do t\u00eb ken\u00eb mund\u00ebsi q\u00eb p\u00ebr t\u00eb edhe t\u00eb japin mendimet dhe sugjerimet e veta.<br \/>\nGjat\u00eb k\u00ebtyre dit\u00ebve n\u00eb mediat malazeze \u00ebsht\u00eb shkruar n\u00eb forma t\u00eb ndryshme rreth funksionimit t\u00eb koalicionit n\u00eb Tuz, gjoja se brenda koalicionit ekzistojn\u00eb mosmarr\u00ebveshje.<br \/>\n&#8220;Ato q\u00eb jan\u00eb shkruar n\u00eb media dhe ato q\u00eb flitet se gjoja koalicioni nuk funksionon, jan\u00eb vet\u00ebm floskula. Koalicioni \u00ebsht\u00eb shum\u00eb stabil dhe nuk ka pse t\u00eb shqet\u00ebsohet askush&#8221;, \u00ebsht\u00eb shprehur Nikoll\u00eb Camaj.<br \/>\nLidhur me procedur\u00ebn e Planit finaciar ka pasur pak\u00ebnaq\u00ebsi midis dy kryetar\u00ebve, \u00c7umulaj dhe Camaj. &#8220;Kjo gj\u00eb n\u00eb politik\u00eb \u00ebsht\u00eb e r\u00ebndomt\u00eb dhe p\u00ebr k\u00ebto gj\u00ebra nuk b\u00ebn t\u00eb shqet\u00ebsohemi&#8221;, deklaron Camaj.<br \/>\nEdhe kryetari i KU t\u00eb Tuzit, Smajl \u00c7unmulaj, e v\u00ebrteton se midis ti dhe kryetari t\u00eb Kuvendit Camaj ka pasur mospajtime n\u00eb disa sfera t\u00eb veprimtaris\u00eb s\u00eb KU.<br \/>\n&#8220;Pun\u00ebt e komun\u00ebs dhe t\u00eb vet\u00eb kryetarit jan\u00eb t\u00eb p\u00ebrcaktuara me ligj dhe zbatimi i ligjshm\u00ebris\u00eb p\u00ebrcillet nga Kryeqyteti me nj\u00eb vigjilenc\u00eb do t\u00eb thoja shum\u00eb t\u00eb madhe&#8221;, shprehet \u00c7unmulaj duke sqaruar se &#8220;z. Camaj harron nga nj\u00eb her\u00eb se KU e Tuzit \u00ebsht\u00eb pjes\u00eb e Kryeqytetit dhe si e till\u00eb nuk na lejohet t\u00eb veprojm\u00eb n\u00eb m\u00ebnyr\u00eb autonome, sidomos kur jan\u00eb n\u00eb pyetje pun\u00ebt kruciale, sikur \u00ebsht\u00eb fjala p\u00ebr hartimin e Planit financiar, etj.<br \/>\nAi gjithashtu b\u00ebn t\u00eb ditur se ai s\u00eb bashku me bashk\u00ebpuntor\u00ebt e tij e ka hartuar Planin financiar p\u00ebr vitin 2009.<br \/>\n<strong>Rr.D.<br \/>\nKoha Javore<\/strong><\/p>\n","protected":false},"excerpt":{"rendered":"<p>T\u00eb mart\u00ebn jan\u00eb takuar k\u00ebshilltar\u00ebt e koalicionit qeveris\u00ebs t\u00eb komun\u00ebs urbane t\u00eb Tuzit Koalicioni \u00ebsht\u00eb stabil Tuz- K\u00ebshilltar\u00ebt e koalicionit q\u00eb p\u00ebrb\u00ebjn\u00eb shumic\u00ebn n\u00eb qeverisjen e KU t\u00eb Tuzit (LD n\u00eb MZ dhe ASH) jan\u00eb takuar t\u00eb mart\u00ebn p\u00ebr t\u00eb diskutuar lidhur me Planin finaciar p\u00ebr vitin 2009. Sipas kryetarit t\u00eb Kuvendit t\u00eb KU t\u00eb [&hellip;]<\/p>\n","protected":false},"author":1,"featured_media":0,"comment_status":"open","ping_status":"closed","sticky":false,"template":"","format":"standard","meta":{"spay_email":"","jetpack_publicize_message":"","jetpack_is_tweetstorm":false,"jetpack_publicize_feature_enabled":true},"categories":[1],"tags":[6102,6100,6101,189],"jetpack_publicize_connections":[],"yoast_head":"<!-- This site is optimized with the Yoast SEO plugin v19.1 - https:\/\/yoast.com\/wordpress\/plugins\/seo\/ -->\n<title>Komuna Urbane e Tuzit: Koalicioni \u00ebsht\u00eb stabil - Lajme nga Ulqini<\/title>\n<meta name=\"description\" content=\"T\u00eb mart\u00ebn jan\u00eb takuar k\u00ebshilltar\u00ebt e koalicionit qeveris\u00ebs t\u00eb komun\u00ebs urbane t\u00eb Tuzit Koalicioni \u00ebsht\u00eb stabil Tuz- K\u00ebshilltar\u00ebt e koalicionit q\u00eb p\u00ebrb\u00ebjn\u00eb\" \/>\n<meta name=\"robots\" content=\"index, follow, max-snippet:-1, max-image-preview:large, max-video-preview:-1\" \/>\n<link rel=\"canonical\" href=\"https:\/\/www.visit-ulcinj.com\/blog\/2009\/01\/26\/komuna-urbane-e-tuzit-koalicioni-eshte-stabil\/\" \/>\n<meta property=\"og:locale\" content=\"en_US\" \/>\n<meta property=\"og:type\" content=\"article\" \/>\n<meta property=\"og:title\" content=\"Komuna Urbane e Tuzit: Koalicioni \u00ebsht\u00eb stabil - Lajme nga Ulqini\" \/>\n<meta property=\"og:description\" content=\"T\u00eb mart\u00ebn jan\u00eb takuar k\u00ebshilltar\u00ebt e koalicionit qeveris\u00ebs t\u00eb komun\u00ebs urbane t\u00eb Tuzit Koalicioni \u00ebsht\u00eb stabil Tuz- K\u00ebshilltar\u00ebt e koalicionit q\u00eb p\u00ebrb\u00ebjn\u00eb\" \/>\n<meta property=\"og:url\" content=\"https:\/\/www.visit-ulcinj.com\/blog\/2009\/01\/26\/komuna-urbane-e-tuzit-koalicioni-eshte-stabil\/\" \/>\n<meta property=\"og:site_name\" content=\"Lajme nga Ulqini\" \/>\n<meta property=\"article:published_time\" content=\"2009-01-26T19:59:35+00:00\" \/>\n<meta property=\"article:modified_time\" content=\"2009-01-26T19:59:41+00:00\" \/>\n<meta property=\"og:image\" content=\"http:\/\/www.visit-ulcinj.com\/blog\/wp-content\/uploads\/2009\/01\/cunmulaj_camaj.jpg\" \/>\n<meta name=\"twitter:label1\" content=\"Written by\" \/>\n\t<meta name=\"twitter:data1\" content=\"ulqini\" \/>\n\t<meta name=\"twitter:label2\" content=\"Est. reading time\" \/>\n\t<meta name=\"twitter:data2\" content=\"2 minutes\" \/>\n<script type=\"application\/ld+json\" class=\"yoast-schema-graph\">{\"@context\":\"https:\/\/schema.org\",\"@graph\":[{\"@type\":\"WebSite\",\"@id\":\"https:\/\/www.visit-ulcinj.com\/blog\/#website\",\"url\":\"https:\/\/www.visit-ulcinj.com\/blog\/\",\"name\":\"Lajme nga Ulqini\",\"description\":\"Lajme,Vijesti,Ulqini,Ulqin,Crna Gora,Mali i Zi\",\"potentialAction\":[{\"@type\":\"SearchAction\",\"target\":{\"@type\":\"EntryPoint\",\"urlTemplate\":\"https:\/\/www.visit-ulcinj.com\/blog\/?s={search_term_string}\"},\"query-input\":\"required name=search_term_string\"}],\"inLanguage\":\"en-US\"},{\"@type\":\"ImageObject\",\"inLanguage\":\"en-US\",\"@id\":\"https:\/\/www.visit-ulcinj.com\/blog\/2009\/01\/26\/komuna-urbane-e-tuzit-koalicioni-eshte-stabil\/#primaryimage\",\"url\":\"https:\/\/www.visit-ulcinj.com\/blog\/wp-content\/uploads\/2009\/01\/cunmulaj_camaj.jpg\",\"contentUrl\":\"https:\/\/www.visit-ulcinj.com\/blog\/wp-content\/uploads\/2009\/01\/cunmulaj_camaj.jpg\",\"width\":\"242\",\"height\":\"243\"},{\"@type\":\"WebPage\",\"@id\":\"https:\/\/www.visit-ulcinj.com\/blog\/2009\/01\/26\/komuna-urbane-e-tuzit-koalicioni-eshte-stabil\/#webpage\",\"url\":\"https:\/\/www.visit-ulcinj.com\/blog\/2009\/01\/26\/komuna-urbane-e-tuzit-koalicioni-eshte-stabil\/\",\"name\":\"Komuna Urbane e Tuzit: Koalicioni \u00ebsht\u00eb stabil - Lajme nga Ulqini\",\"isPartOf\":{\"@id\":\"https:\/\/www.visit-ulcinj.com\/blog\/#website\"},\"primaryImageOfPage\":{\"@id\":\"https:\/\/www.visit-ulcinj.com\/blog\/2009\/01\/26\/komuna-urbane-e-tuzit-koalicioni-eshte-stabil\/#primaryimage\"},\"datePublished\":\"2009-01-26T19:59:35+00:00\",\"dateModified\":\"2009-01-26T19:59:41+00:00\",\"author\":{\"@id\":\"https:\/\/www.visit-ulcinj.com\/blog\/#\/schema\/person\/dcab619c614d3038751c63bc2aadc06d\"},\"description\":\"T\u00eb mart\u00ebn jan\u00eb takuar k\u00ebshilltar\u00ebt e koalicionit qeveris\u00ebs t\u00eb komun\u00ebs urbane t\u00eb Tuzit Koalicioni \u00ebsht\u00eb stabil Tuz- K\u00ebshilltar\u00ebt e koalicionit q\u00eb p\u00ebrb\u00ebjn\u00eb\",\"breadcrumb\":{\"@id\":\"https:\/\/www.visit-ulcinj.com\/blog\/2009\/01\/26\/komuna-urbane-e-tuzit-koalicioni-eshte-stabil\/#breadcrumb\"},\"inLanguage\":\"en-US\",\"potentialAction\":[{\"@type\":\"ReadAction\",\"target\":[\"https:\/\/www.visit-ulcinj.com\/blog\/2009\/01\/26\/komuna-urbane-e-tuzit-koalicioni-eshte-stabil\/\"]}]},{\"@type\":\"BreadcrumbList\",\"@id\":\"https:\/\/www.visit-ulcinj.com\/blog\/2009\/01\/26\/komuna-urbane-e-tuzit-koalicioni-eshte-stabil\/#breadcrumb\",\"itemListElement\":[{\"@type\":\"ListItem\",\"position\":1,\"name\":\"Komuna Urbane e Tuzit: Koalicioni \u00ebsht\u00eb stabil\"}]},{\"@type\":\"Person\",\"@id\":\"https:\/\/www.visit-ulcinj.com\/blog\/#\/schema\/person\/dcab619c614d3038751c63bc2aadc06d\",\"name\":\"ulqini\",\"sameAs\":[\"http:\/\/www.visit-ulcinj.com\"],\"url\":\"https:\/\/www.visit-ulcinj.com\/blog\/author\/admin\/\"}]}<\/script>\n<!-- \/ Yoast SEO plugin. -->","yoast_head_json":{"title":"Komuna Urbane e Tuzit: Koalicioni \u00ebsht\u00eb stabil - Lajme nga Ulqini","description":"T\u00eb mart\u00ebn jan\u00eb takuar k\u00ebshilltar\u00ebt e koalicionit qeveris\u00ebs t\u00eb komun\u00ebs urbane t\u00eb Tuzit Koalicioni \u00ebsht\u00eb stabil Tuz- K\u00ebshilltar\u00ebt e koalicionit q\u00eb p\u00ebrb\u00ebjn\u00eb","robots":{"index":"index","follow":"follow","max-snippet":"max-snippet:-1","max-image-preview":"max-image-preview:large","max-video-preview":"max-video-preview:-1"},"canonical":"https:\/\/www.visit-ulcinj.com\/blog\/2009\/01\/26\/komuna-urbane-e-tuzit-koalicioni-eshte-stabil\/","og_locale":"en_US","og_type":"article","og_title":"Komuna Urbane e Tuzit: Koalicioni \u00ebsht\u00eb stabil - Lajme nga Ulqini","og_description":"T\u00eb mart\u00ebn jan\u00eb takuar k\u00ebshilltar\u00ebt e koalicionit qeveris\u00ebs t\u00eb komun\u00ebs urbane t\u00eb Tuzit Koalicioni \u00ebsht\u00eb stabil Tuz- K\u00ebshilltar\u00ebt e koalicionit q\u00eb p\u00ebrb\u00ebjn\u00eb","og_url":"https:\/\/www.visit-ulcinj.com\/blog\/2009\/01\/26\/komuna-urbane-e-tuzit-koalicioni-eshte-stabil\/","og_site_name":"Lajme nga Ulqini","article_published_time":"2009-01-26T19:59:35+00:00","article_modified_time":"2009-01-26T19:59:41+00:00","og_image":[{"url":"http:\/\/www.visit-ulcinj.com\/blog\/wp-content\/uploads\/2009\/01\/cunmulaj_camaj.jpg"}],"twitter_misc":{"Written by":"ulqini","Est. reading time":"2 minutes"},"schema":{"@context":"https:\/\/schema.org","@graph":[{"@type":"WebSite","@id":"https:\/\/www.visit-ulcinj.com\/blog\/#website","url":"https:\/\/www.visit-ulcinj.com\/blog\/","name":"Lajme nga Ulqini","description":"Lajme,Vijesti,Ulqini,Ulqin,Crna Gora,Mali i Zi","potentialAction":[{"@type":"SearchAction","target":{"@type":"EntryPoint","urlTemplate":"https:\/\/www.visit-ulcinj.com\/blog\/?s={search_term_string}"},"query-input":"required name=search_term_string"}],"inLanguage":"en-US"},{"@type":"ImageObject","inLanguage":"en-US","@id":"https:\/\/www.visit-ulcinj.com\/blog\/2009\/01\/26\/komuna-urbane-e-tuzit-koalicioni-eshte-stabil\/#primaryimage","url":"https:\/\/www.visit-ulcinj.com\/blog\/wp-content\/uploads\/2009\/01\/cunmulaj_camaj.jpg","contentUrl":"https:\/\/www.visit-ulcinj.com\/blog\/wp-content\/uploads\/2009\/01\/cunmulaj_camaj.jpg","width":"242","height":"243"},{"@type":"WebPage","@id":"https:\/\/www.visit-ulcinj.com\/blog\/2009\/01\/26\/komuna-urbane-e-tuzit-koalicioni-eshte-stabil\/#webpage","url":"https:\/\/www.visit-ulcinj.com\/blog\/2009\/01\/26\/komuna-urbane-e-tuzit-koalicioni-eshte-stabil\/","name":"Komuna Urbane e Tuzit: Koalicioni \u00ebsht\u00eb stabil - Lajme nga Ulqini","isPartOf":{"@id":"https:\/\/www.visit-ulcinj.com\/blog\/#website"},"primaryImageOfPage":{"@id":"https:\/\/www.visit-ulcinj.com\/blog\/2009\/01\/26\/komuna-urbane-e-tuzit-koalicioni-eshte-stabil\/#primaryimage"},"datePublished":"2009-01-26T19:59:35+00:00","dateModified":"2009-01-26T19:59:41+00:00","author":{"@id":"https:\/\/www.visit-ulcinj.com\/blog\/#\/schema\/person\/dcab619c614d3038751c63bc2aadc06d"},"description":"T\u00eb mart\u00ebn jan\u00eb takuar k\u00ebshilltar\u00ebt e koalicionit qeveris\u00ebs t\u00eb komun\u00ebs urbane t\u00eb Tuzit Koalicioni \u00ebsht\u00eb stabil Tuz- K\u00ebshilltar\u00ebt e koalicionit q\u00eb p\u00ebrb\u00ebjn\u00eb","breadcrumb":{"@id":"https:\/\/www.visit-ulcinj.com\/blog\/2009\/01\/26\/komuna-urbane-e-tuzit-koalicioni-eshte-stabil\/#breadcrumb"},"inLanguage":"en-US","potentialAction":[{"@type":"ReadAction","target":["https:\/\/www.visit-ulcinj.com\/blog\/2009\/01\/26\/komuna-urbane-e-tuzit-koalicioni-eshte-stabil\/"]}]},{"@type":"BreadcrumbList","@id":"https:\/\/www.visit-ulcinj.com\/blog\/2009\/01\/26\/komuna-urbane-e-tuzit-koalicioni-eshte-stabil\/#breadcrumb","itemListElement":[{"@type":"ListItem","position":1,"name":"Komuna Urbane e Tuzit: Koalicioni \u00ebsht\u00eb stabil"}]},{"@type":"Person","@id":"https:\/\/www.visit-ulcinj.com\/blog\/#\/schema\/person\/dcab619c614d3038751c63bc2aadc06d","name":"ulqini","sameAs":["http:\/\/www.visit-ulcinj.com"],"url":"https:\/\/www.visit-ulcinj.com\/blog\/author\/admin\/"}]}},"jetpack_featured_media_url":"","jetpack_sharing_enabled":true,"jetpack_shortlink":"https:\/\/wp.me\/pe6lTn-2y4","_links":{"self":[{"href":"https:\/\/www.visit-ulcinj.com\/blog\/wp-json\/wp\/v2\/posts\/9800"}],"collection":[{"href":"https:\/\/www.visit-ulcinj.com\/blog\/wp-json\/wp\/v2\/posts"}],"about":[{"href":"https:\/\/www.visit-ulcinj.com\/blog\/wp-json\/wp\/v2\/types\/post"}],"author":[{"embeddable":true,"href":"https:\/\/www.visit-ulcinj.com\/blog\/wp-json\/wp\/v2\/users\/1"}],"replies":[{"embeddable":true,"href":"https:\/\/www.visit-ulcinj.com\/blog\/wp-json\/wp\/v2\/comments?post=9800"}],"version-history":[{"count":0,"href":"https:\/\/www.visit-ulcinj.com\/blog\/wp-json\/wp\/v2\/posts\/9800\/revisions"}],"wp:attachment":[{"href":"https:\/\/www.visit-ulcinj.com\/blog\/wp-json\/wp\/v2\/media?parent=9800"}],"wp:term":[{"taxonomy":"category","embeddable":true,"href":"https:\/\/www.visit-ulcinj.com\/blog\/wp-json\/wp\/v2\/categories?post=9800"},{"taxonomy":"post_tag","embeddable":true,"href":"https:\/\/www.visit-ulcinj.com\/blog\/wp-json\/wp\/v2\/tags?post=9800"}],"curies":[{"name":"wp","href":"https:\/\/api.w.org\/{rel}","templated":true}]}}