{"id":98005,"date":"2016-06-30T07:11:29","date_gmt":"2016-06-30T06:11:29","guid":{"rendered":"http:\/\/www.visit-ulcinj.com\/blog\/?p=98005"},"modified":"2016-06-30T07:11:29","modified_gmt":"2016-06-30T06:11:29","slug":"bardhi-dergoi-telegram-ngushellimi-ambasadorit-te-turqise-ne-podgorice","status":"publish","type":"post","link":"https:\/\/www.visit-ulcinj.com\/blog\/2016\/06\/30\/bardhi-dergoi-telegram-ngushellimi-ambasadorit-te-turqise-ne-podgorice\/","title":{"rendered":"Bardhi i d\u00ebrgoi telegram ngush\u00ebllimi ambasadorit t\u00eb Turqis\u00eb n\u00eb Podgoric\u00eb"},"content":{"rendered":"<p><strong><a href=\"http:\/\/www.visit-ulcinj.com\/blog\/wp-content\/uploads\/2013\/02\/mehmetbardhi.jpg\"><img loading=\"lazy\" class=\"alignleft wp-image-68615\" src=\"http:\/\/www.visit-ulcinj.com\/blog\/wp-content\/uploads\/2013\/02\/mehmetbardhi.jpg\" alt=\"mehmetbardhi\" width=\"508\" height=\"377\" srcset=\"https:\/\/www.visit-ulcinj.com\/blog\/wp-content\/uploads\/2013\/02\/mehmetbardhi.jpg 407w, https:\/\/www.visit-ulcinj.com\/blog\/wp-content\/uploads\/2013\/02\/mehmetbardhi-300x222.jpg 300w\" sizes=\"(max-width: 508px) 100vw, 508px\" \/><\/a>BARDHI I D\u00cbRGOI TELEGRAM NGUSH\u00cbLLIMI\u00a0\u00a0 AMBASADORIT T\u00cb TURQIS\u00cb N\u00cb PODGORIC\u00cb, <\/strong><\/p>\n<p><strong>SHK\u00cbLQESIS\u00cb S\u00cb TIJ, <\/strong>\u00a0<strong>ZOT\u00cbRI<\/strong> <strong>Serhat Galip<\/strong><\/p>\n<p>&nbsp;<\/p>\n<p><strong>me rastin e sulmit terrorist n\u00eb aeroportit ATATURK t\u00eb Stambollit<\/strong><\/p>\n<p><strong>\u00a0<\/strong><\/p>\n<p><strong>\u00a0<\/strong><\/p>\n<p><strong>\u00a0<\/strong><\/p>\n<p><strong>AMBASADA E\u00a0 REPUBLIK<\/strong><strong>\u00cbS S\u00cb TURQIS\u00cb N\u00cb PODGORIC\u00cb<\/strong><\/p>\n<p><strong>Ambasadorit Shkelqesis\u00eb s\u00eb Tij,\u00a0 zot\u00ebri<\/strong> <strong>Serhat Galip<\/strong><\/p>\n<p><strong>\u00a0<\/strong><\/p>\n<p><strong>I nderuari Shk\u00eblqesia e Juaj Ambasador, \u00a0zot\u00ebri<\/strong> <strong>Serhat Galip, <\/strong><\/p>\n<p>&nbsp;<\/p>\n<p>Ngjarja e r\u00ebnd\u00eb q\u00eb ndodhi dje, t\u00eb mart\u00ebn (m\u00eb 28.6.2016) n\u00eb or\u00ebt e mbasdit\u00ebs s\u00eb von\u00eb n\u00eb aeroportin ATATURK t\u00eb Stambollit, ku sipas informatave, n\u00eb sulmin terrorist u shkaktuan shum\u00eb viktima t\u00eb pafajshme: 41 persona t\u00eb vrar\u00eb dhe 239 t\u00eb plagosur, sulm ky i cili \u00ebsht\u00eb i shtatti me radh\u00eb nga fillimi i k\u00ebtij viti, na shqet\u00ebsoi pa mas\u00eb dhe na pik\u00eblloi t\u00eb gjith\u00ebve. Ky sulm brutal terorrist tronditi jo vet\u00ebm Stambollin e Turqin\u00eb, por edhe m\u00eb gjer\u00eb, t\u00eb gjith\u00eb njer\u00ebzit liridash\u00ebs e paq\u00ebdash\u00ebs, pra edhe ne, shqiptar\u00ebt n\u00eb trojet e veta shekullore, sot n\u00eb Malin e Zi<\/p>\n<p><strong>\u00a0<\/strong><\/p>\n<p><strong>Zot\u00ebri<\/strong> <strong>Ambasador, \u00a0Serhat Galip,<\/strong> duke\u00a0 e d\u00ebnuar\u00a0 k\u00ebt\u00eb akt brutal e barbar\u00eb terrorist, n\u00eb em\u00ebr t\u00eb <strong>Lidhjes Demokratike n\u00eb Mal t\u00eb Zi\u00a0 (LD n\u00eb MZ),<\/strong> partis\u00eb s\u00eb par\u00eb politike shqiptare n\u00eb Malin e Zi\u00a0 (9.9.1990) dhe n\u00eb emrin tim, pranoni ngush\u00ebllimet tona t\u00eb sinqerta.<\/p>\n<p>&nbsp;<\/p>\n<p><strong>Zot\u00ebri\u00a0 Ambasador,<\/strong> Ju lusim q\u00eb ngush\u00ebllimet tona t\u2019ia p\u00ebrcillni popullit dhe udh\u00ebheqjes m\u00eb t\u00eb lart\u00eb t\u00eb Stambollit dhe t\u00eb Republik\u00ebs s\u00eb Turqis\u00eb, e sidomos familjeve t\u00eb t\u00eb vrar\u00ebve, me shpres\u00eb e d\u00ebshir\u00eb q\u00eb t\u00eb plagosurit t\u00eb sh\u00ebrohen sa m\u00eb shpejt.<\/p>\n<p>&nbsp;<\/p>\n<p><strong>N\u00eb Ulqin,<\/strong> \u00a0\u00a0<strong>m\u00eb 29 qershor 2016<\/strong><\/p>\n<p>&nbsp;<\/p>\n<p><strong>Me respekt.<\/strong><\/p>\n<p><strong>Mehmet BARDHI, profesor, kryetar i LD n\u00eb MZ<\/strong><\/p>\n<p><strong>Mehmet Bardhi<\/strong><\/p>\n<p><strong>\u00a0<\/strong><\/p>\n<p><strong>\u00a0<\/strong><\/p>\n<p><strong>E-mail: <a href=\"mailto:mbardhi@hotmail.com\">mbardhi@hotmail.com<\/a><\/strong><\/p>\n<p><strong>\u00a0<\/strong><\/p>\n<p><strong>\u00a0<\/strong><\/p>\n<p><strong>\u00a0<\/strong><\/p>\n<p>&nbsp;<\/p>\n","protected":false},"excerpt":{"rendered":"<p>BARDHI I D\u00cbRGOI TELEGRAM NGUSH\u00cbLLIMI\u00a0\u00a0 AMBASADORIT T\u00cb TURQIS\u00cb N\u00cb PODGORIC\u00cb, SHK\u00cbLQESIS\u00cb S\u00cb TIJ, \u00a0ZOT\u00cbRI Serhat Galip &nbsp; me rastin e sulmit terrorist n\u00eb aeroportit ATATURK t\u00eb Stambollit \u00a0 \u00a0 \u00a0 AMBASADA E\u00a0 REPUBLIK\u00cbS S\u00cb TURQIS\u00cb N\u00cb PODGORIC\u00cb Ambasadorit Shkelqesis\u00eb s\u00eb Tij,\u00a0 zot\u00ebri Serhat Galip \u00a0 I nderuari Shk\u00eblqesia e Juaj Ambasador, \u00a0zot\u00ebri Serhat Galip, &nbsp; [&hellip;]<\/p>\n","protected":false},"author":1,"featured_media":0,"comment_status":"closed","ping_status":"closed","sticky":false,"template":"","format":"standard","meta":{"spay_email":"","jetpack_publicize_message":"","jetpack_is_tweetstorm":false,"jetpack_publicize_feature_enabled":true},"categories":[6950],"tags":[],"jetpack_publicize_connections":[],"yoast_head":"<!-- This site is optimized with the Yoast SEO plugin v19.1 - https:\/\/yoast.com\/wordpress\/plugins\/seo\/ -->\n<title>Bardhi i d\u00ebrgoi telegram ngush\u00ebllimi ambasadorit t\u00eb Turqis\u00eb n\u00eb Podgoric\u00eb - Lajme nga Ulqini<\/title>\n<meta name=\"description\" content=\"BARDHI I D\u00cbRGOI TELEGRAM NGUSH\u00cbLLIMI\u00a0\u00a0 AMBASADORIT T\u00cb TURQIS\u00cb N\u00cb PODGORIC\u00cb, SHK\u00cbLQESIS\u00cb S\u00cb TIJ, \u00a0ZOT\u00cbRI Serhat Galip &nbsp; me rastin e sulmit terrorist\" \/>\n<meta name=\"robots\" content=\"index, follow, max-snippet:-1, max-image-preview:large, max-video-preview:-1\" \/>\n<link rel=\"canonical\" href=\"https:\/\/www.visit-ulcinj.com\/blog\/2016\/06\/30\/bardhi-dergoi-telegram-ngushellimi-ambasadorit-te-turqise-ne-podgorice\/\" \/>\n<meta property=\"og:locale\" content=\"en_US\" \/>\n<meta property=\"og:type\" content=\"article\" \/>\n<meta property=\"og:title\" content=\"Bardhi i d\u00ebrgoi telegram ngush\u00ebllimi ambasadorit t\u00eb Turqis\u00eb n\u00eb Podgoric\u00eb - Lajme nga Ulqini\" \/>\n<meta property=\"og:description\" content=\"BARDHI I D\u00cbRGOI TELEGRAM NGUSH\u00cbLLIMI\u00a0\u00a0 AMBASADORIT T\u00cb TURQIS\u00cb N\u00cb PODGORIC\u00cb, SHK\u00cbLQESIS\u00cb S\u00cb TIJ, \u00a0ZOT\u00cbRI Serhat Galip &nbsp; me rastin e sulmit terrorist\" \/>\n<meta property=\"og:url\" content=\"https:\/\/www.visit-ulcinj.com\/blog\/2016\/06\/30\/bardhi-dergoi-telegram-ngushellimi-ambasadorit-te-turqise-ne-podgorice\/\" \/>\n<meta property=\"og:site_name\" content=\"Lajme nga Ulqini\" \/>\n<meta property=\"article:published_time\" content=\"2016-06-30T06:11:29+00:00\" \/>\n<meta property=\"og:image\" content=\"http:\/\/www.visit-ulcinj.com\/blog\/wp-content\/uploads\/2013\/02\/mehmetbardhi.jpg\" \/>\n<meta name=\"twitter:label1\" content=\"Written by\" \/>\n\t<meta name=\"twitter:data1\" content=\"ulqini\" \/>\n\t<meta name=\"twitter:label2\" content=\"Est. reading time\" \/>\n\t<meta name=\"twitter:data2\" content=\"1 minute\" \/>\n<script type=\"application\/ld+json\" class=\"yoast-schema-graph\">{\"@context\":\"https:\/\/schema.org\",\"@graph\":[{\"@type\":\"WebSite\",\"@id\":\"https:\/\/www.visit-ulcinj.com\/blog\/#website\",\"url\":\"https:\/\/www.visit-ulcinj.com\/blog\/\",\"name\":\"Lajme nga Ulqini\",\"description\":\"Lajme,Vijesti,Ulqini,Ulqin,Crna Gora,Mali i Zi\",\"potentialAction\":[{\"@type\":\"SearchAction\",\"target\":{\"@type\":\"EntryPoint\",\"urlTemplate\":\"https:\/\/www.visit-ulcinj.com\/blog\/?s={search_term_string}\"},\"query-input\":\"required name=search_term_string\"}],\"inLanguage\":\"en-US\"},{\"@type\":\"ImageObject\",\"inLanguage\":\"en-US\",\"@id\":\"https:\/\/www.visit-ulcinj.com\/blog\/2016\/06\/30\/bardhi-dergoi-telegram-ngushellimi-ambasadorit-te-turqise-ne-podgorice\/#primaryimage\",\"url\":\"https:\/\/www.visit-ulcinj.com\/blog\/wp-content\/uploads\/2013\/02\/mehmetbardhi.jpg\",\"contentUrl\":\"https:\/\/www.visit-ulcinj.com\/blog\/wp-content\/uploads\/2013\/02\/mehmetbardhi.jpg\",\"width\":407,\"height\":302},{\"@type\":\"WebPage\",\"@id\":\"https:\/\/www.visit-ulcinj.com\/blog\/2016\/06\/30\/bardhi-dergoi-telegram-ngushellimi-ambasadorit-te-turqise-ne-podgorice\/#webpage\",\"url\":\"https:\/\/www.visit-ulcinj.com\/blog\/2016\/06\/30\/bardhi-dergoi-telegram-ngushellimi-ambasadorit-te-turqise-ne-podgorice\/\",\"name\":\"Bardhi i d\u00ebrgoi telegram ngush\u00ebllimi ambasadorit t\u00eb Turqis\u00eb n\u00eb Podgoric\u00eb - Lajme nga Ulqini\",\"isPartOf\":{\"@id\":\"https:\/\/www.visit-ulcinj.com\/blog\/#website\"},\"primaryImageOfPage\":{\"@id\":\"https:\/\/www.visit-ulcinj.com\/blog\/2016\/06\/30\/bardhi-dergoi-telegram-ngushellimi-ambasadorit-te-turqise-ne-podgorice\/#primaryimage\"},\"datePublished\":\"2016-06-30T06:11:29+00:00\",\"dateModified\":\"2016-06-30T06:11:29+00:00\",\"author\":{\"@id\":\"https:\/\/www.visit-ulcinj.com\/blog\/#\/schema\/person\/dcab619c614d3038751c63bc2aadc06d\"},\"description\":\"BARDHI I D\u00cbRGOI TELEGRAM NGUSH\u00cbLLIMI\u00a0\u00a0 AMBASADORIT T\u00cb TURQIS\u00cb N\u00cb PODGORIC\u00cb, SHK\u00cbLQESIS\u00cb S\u00cb TIJ, \u00a0ZOT\u00cbRI Serhat Galip &nbsp; me rastin e sulmit terrorist\",\"breadcrumb\":{\"@id\":\"https:\/\/www.visit-ulcinj.com\/blog\/2016\/06\/30\/bardhi-dergoi-telegram-ngushellimi-ambasadorit-te-turqise-ne-podgorice\/#breadcrumb\"},\"inLanguage\":\"en-US\",\"potentialAction\":[{\"@type\":\"ReadAction\",\"target\":[\"https:\/\/www.visit-ulcinj.com\/blog\/2016\/06\/30\/bardhi-dergoi-telegram-ngushellimi-ambasadorit-te-turqise-ne-podgorice\/\"]}]},{\"@type\":\"BreadcrumbList\",\"@id\":\"https:\/\/www.visit-ulcinj.com\/blog\/2016\/06\/30\/bardhi-dergoi-telegram-ngushellimi-ambasadorit-te-turqise-ne-podgorice\/#breadcrumb\",\"itemListElement\":[{\"@type\":\"ListItem\",\"position\":1,\"name\":\"Bardhi i d\u00ebrgoi telegram ngush\u00ebllimi ambasadorit t\u00eb Turqis\u00eb n\u00eb Podgoric\u00eb\"}]},{\"@type\":\"Person\",\"@id\":\"https:\/\/www.visit-ulcinj.com\/blog\/#\/schema\/person\/dcab619c614d3038751c63bc2aadc06d\",\"name\":\"ulqini\",\"sameAs\":[\"http:\/\/www.visit-ulcinj.com\"],\"url\":\"https:\/\/www.visit-ulcinj.com\/blog\/author\/admin\/\"}]}<\/script>\n<!-- \/ Yoast SEO plugin. -->","yoast_head_json":{"title":"Bardhi i d\u00ebrgoi telegram ngush\u00ebllimi ambasadorit t\u00eb Turqis\u00eb n\u00eb Podgoric\u00eb - Lajme nga Ulqini","description":"BARDHI I D\u00cbRGOI TELEGRAM NGUSH\u00cbLLIMI\u00a0\u00a0 AMBASADORIT T\u00cb TURQIS\u00cb N\u00cb PODGORIC\u00cb, SHK\u00cbLQESIS\u00cb S\u00cb TIJ, \u00a0ZOT\u00cbRI Serhat Galip &nbsp; me rastin e sulmit terrorist","robots":{"index":"index","follow":"follow","max-snippet":"max-snippet:-1","max-image-preview":"max-image-preview:large","max-video-preview":"max-video-preview:-1"},"canonical":"https:\/\/www.visit-ulcinj.com\/blog\/2016\/06\/30\/bardhi-dergoi-telegram-ngushellimi-ambasadorit-te-turqise-ne-podgorice\/","og_locale":"en_US","og_type":"article","og_title":"Bardhi i d\u00ebrgoi telegram ngush\u00ebllimi ambasadorit t\u00eb Turqis\u00eb n\u00eb Podgoric\u00eb - Lajme nga Ulqini","og_description":"BARDHI I D\u00cbRGOI TELEGRAM NGUSH\u00cbLLIMI\u00a0\u00a0 AMBASADORIT T\u00cb TURQIS\u00cb N\u00cb PODGORIC\u00cb, SHK\u00cbLQESIS\u00cb S\u00cb TIJ, \u00a0ZOT\u00cbRI Serhat Galip &nbsp; me rastin e sulmit terrorist","og_url":"https:\/\/www.visit-ulcinj.com\/blog\/2016\/06\/30\/bardhi-dergoi-telegram-ngushellimi-ambasadorit-te-turqise-ne-podgorice\/","og_site_name":"Lajme nga Ulqini","article_published_time":"2016-06-30T06:11:29+00:00","og_image":[{"url":"http:\/\/www.visit-ulcinj.com\/blog\/wp-content\/uploads\/2013\/02\/mehmetbardhi.jpg"}],"twitter_misc":{"Written by":"ulqini","Est. reading time":"1 minute"},"schema":{"@context":"https:\/\/schema.org","@graph":[{"@type":"WebSite","@id":"https:\/\/www.visit-ulcinj.com\/blog\/#website","url":"https:\/\/www.visit-ulcinj.com\/blog\/","name":"Lajme nga Ulqini","description":"Lajme,Vijesti,Ulqini,Ulqin,Crna Gora,Mali i Zi","potentialAction":[{"@type":"SearchAction","target":{"@type":"EntryPoint","urlTemplate":"https:\/\/www.visit-ulcinj.com\/blog\/?s={search_term_string}"},"query-input":"required name=search_term_string"}],"inLanguage":"en-US"},{"@type":"ImageObject","inLanguage":"en-US","@id":"https:\/\/www.visit-ulcinj.com\/blog\/2016\/06\/30\/bardhi-dergoi-telegram-ngushellimi-ambasadorit-te-turqise-ne-podgorice\/#primaryimage","url":"https:\/\/www.visit-ulcinj.com\/blog\/wp-content\/uploads\/2013\/02\/mehmetbardhi.jpg","contentUrl":"https:\/\/www.visit-ulcinj.com\/blog\/wp-content\/uploads\/2013\/02\/mehmetbardhi.jpg","width":407,"height":302},{"@type":"WebPage","@id":"https:\/\/www.visit-ulcinj.com\/blog\/2016\/06\/30\/bardhi-dergoi-telegram-ngushellimi-ambasadorit-te-turqise-ne-podgorice\/#webpage","url":"https:\/\/www.visit-ulcinj.com\/blog\/2016\/06\/30\/bardhi-dergoi-telegram-ngushellimi-ambasadorit-te-turqise-ne-podgorice\/","name":"Bardhi i d\u00ebrgoi telegram ngush\u00ebllimi ambasadorit t\u00eb Turqis\u00eb n\u00eb Podgoric\u00eb - Lajme nga Ulqini","isPartOf":{"@id":"https:\/\/www.visit-ulcinj.com\/blog\/#website"},"primaryImageOfPage":{"@id":"https:\/\/www.visit-ulcinj.com\/blog\/2016\/06\/30\/bardhi-dergoi-telegram-ngushellimi-ambasadorit-te-turqise-ne-podgorice\/#primaryimage"},"datePublished":"2016-06-30T06:11:29+00:00","dateModified":"2016-06-30T06:11:29+00:00","author":{"@id":"https:\/\/www.visit-ulcinj.com\/blog\/#\/schema\/person\/dcab619c614d3038751c63bc2aadc06d"},"description":"BARDHI I D\u00cbRGOI TELEGRAM NGUSH\u00cbLLIMI\u00a0\u00a0 AMBASADORIT T\u00cb TURQIS\u00cb N\u00cb PODGORIC\u00cb, SHK\u00cbLQESIS\u00cb S\u00cb TIJ, \u00a0ZOT\u00cbRI Serhat Galip &nbsp; me rastin e sulmit terrorist","breadcrumb":{"@id":"https:\/\/www.visit-ulcinj.com\/blog\/2016\/06\/30\/bardhi-dergoi-telegram-ngushellimi-ambasadorit-te-turqise-ne-podgorice\/#breadcrumb"},"inLanguage":"en-US","potentialAction":[{"@type":"ReadAction","target":["https:\/\/www.visit-ulcinj.com\/blog\/2016\/06\/30\/bardhi-dergoi-telegram-ngushellimi-ambasadorit-te-turqise-ne-podgorice\/"]}]},{"@type":"BreadcrumbList","@id":"https:\/\/www.visit-ulcinj.com\/blog\/2016\/06\/30\/bardhi-dergoi-telegram-ngushellimi-ambasadorit-te-turqise-ne-podgorice\/#breadcrumb","itemListElement":[{"@type":"ListItem","position":1,"name":"Bardhi i d\u00ebrgoi telegram ngush\u00ebllimi ambasadorit t\u00eb Turqis\u00eb n\u00eb Podgoric\u00eb"}]},{"@type":"Person","@id":"https:\/\/www.visit-ulcinj.com\/blog\/#\/schema\/person\/dcab619c614d3038751c63bc2aadc06d","name":"ulqini","sameAs":["http:\/\/www.visit-ulcinj.com"],"url":"https:\/\/www.visit-ulcinj.com\/blog\/author\/admin\/"}]}},"jetpack_featured_media_url":"","jetpack_sharing_enabled":true,"jetpack_shortlink":"https:\/\/wp.me\/pe6lTn-puJ","_links":{"self":[{"href":"https:\/\/www.visit-ulcinj.com\/blog\/wp-json\/wp\/v2\/posts\/98005"}],"collection":[{"href":"https:\/\/www.visit-ulcinj.com\/blog\/wp-json\/wp\/v2\/posts"}],"about":[{"href":"https:\/\/www.visit-ulcinj.com\/blog\/wp-json\/wp\/v2\/types\/post"}],"author":[{"embeddable":true,"href":"https:\/\/www.visit-ulcinj.com\/blog\/wp-json\/wp\/v2\/users\/1"}],"replies":[{"embeddable":true,"href":"https:\/\/www.visit-ulcinj.com\/blog\/wp-json\/wp\/v2\/comments?post=98005"}],"version-history":[{"count":1,"href":"https:\/\/www.visit-ulcinj.com\/blog\/wp-json\/wp\/v2\/posts\/98005\/revisions"}],"predecessor-version":[{"id":98006,"href":"https:\/\/www.visit-ulcinj.com\/blog\/wp-json\/wp\/v2\/posts\/98005\/revisions\/98006"}],"wp:attachment":[{"href":"https:\/\/www.visit-ulcinj.com\/blog\/wp-json\/wp\/v2\/media?parent=98005"}],"wp:term":[{"taxonomy":"category","embeddable":true,"href":"https:\/\/www.visit-ulcinj.com\/blog\/wp-json\/wp\/v2\/categories?post=98005"},{"taxonomy":"post_tag","embeddable":true,"href":"https:\/\/www.visit-ulcinj.com\/blog\/wp-json\/wp\/v2\/tags?post=98005"}],"curies":[{"name":"wp","href":"https:\/\/api.w.org\/{rel}","templated":true}]}}