{"id":98010,"date":"2016-06-30T13:21:30","date_gmt":"2016-06-30T12:21:30","guid":{"rendered":"http:\/\/www.visit-ulcinj.com\/blog\/?p=98010"},"modified":"2016-07-01T12:56:19","modified_gmt":"2016-07-01T11:56:19","slug":"cungu-te-degjohen-shqetesimet-e-qytetareve","status":"publish","type":"post","link":"https:\/\/www.visit-ulcinj.com\/blog\/2016\/06\/30\/cungu-te-degjohen-shqetesimet-e-qytetareve\/","title":{"rendered":"Cungu: T\u00eb d\u00ebgjohen shqet\u00ebsimet e qytetar\u00ebve"},"content":{"rendered":"<p><strong><a href=\"http:\/\/www.visit-ulcinj.com\/blog\/wp-content\/uploads\/2016\/06\/Nazif-Cungu-shqetsimet-e-qytetareve-ulqin.jpg\"><img loading=\"lazy\" class=\"alignleft wp-image-98012\" src=\"http:\/\/www.visit-ulcinj.com\/blog\/wp-content\/uploads\/2016\/06\/Nazif-Cungu-shqetsimet-e-qytetareve-ulqin.jpg\" alt=\"Nazif-Cungu-shqetsimet e qytetareve-ulqin\" width=\"508\" height=\"336\" srcset=\"https:\/\/www.visit-ulcinj.com\/blog\/wp-content\/uploads\/2016\/06\/Nazif-Cungu-shqetsimet-e-qytetareve-ulqin.jpg 999w, https:\/\/www.visit-ulcinj.com\/blog\/wp-content\/uploads\/2016\/06\/Nazif-Cungu-shqetsimet-e-qytetareve-ulqin-300x198.jpg 300w, https:\/\/www.visit-ulcinj.com\/blog\/wp-content\/uploads\/2016\/06\/Nazif-Cungu-shqetsimet-e-qytetareve-ulqin-768x508.jpg 768w\" sizes=\"(max-width: 508px) 100vw, 508px\" \/><\/a>Komuna p\u00ebrcjell shqet\u00ebsimet e qytetar\u00ebve<\/strong><\/p>\n<p>Kryetari I komun\u00ebs Nazif Cungu dhe bashk\u00ebpun\u00ebtor\u00ebt e tij\u00a0 vazhdojn\u00eb takimet me\u00a0 qytetar\u00ebt\u00a0 e bashk\u00ebsive lokale p\u00ebr tu njohur m\u00eb p\u00ebrs\u00ebafrmi me\u00a0 problemet me t\u00eb cilat ballafaqohen ata.<\/p>\n<p>Sot n\u00eb kabinetin e kryetarit\u00a0 ishin t\u00eb pranish\u00ebm\u00a0 banor\u00ebt e lagjes\u00a0 Gjerana\u00a0 t\u00eb cil\u00ebt\u00a0 jan\u00eb t\u00eb shqet\u00ebsuar dhe shtruan pyetjen\u00a0 sesi ka mund\u00ebsi q\u00eb\u00a0 NP ,,T\u00eb Mirat detare ,,t\u00eb ofroj\u00eb\u00a0 me qira nj\u00eb sip\u00ebrfaqe t\u00eb madhe toke\u00a0 p\u00ebr parking, duke mos p\u00ebrfillur nevojat\u00a0 e shum\u00eb qytetar\u00ebve q\u00eb jetojn\u00eb n\u00eb k\u00ebt\u00eb pjes\u00eb t\u00eb qytetit.<\/p>\n<p>Gjithnj\u00eb sipas tyre k\u00ebtu mungojn\u00eb kushtet e nevojshme, tenderimi ka qen\u00eb jotransparent\u00a0 dhe t\u00eb tjera te ngjashme me k\u00ebt\u00eb.<\/p>\n<p>Kryetari Cungu , vler\u00ebson t\u00eb ar\u00ebsyeshme k\u00ebrkes\u00ebn e qytetar\u00ebve ,andaj tha se Komuna do t\u00eb\u00a0 angazhohet\u00a0 p\u00ebr\u00a0 plot\u00ebsimin e k\u00ebrkes\u00ebs s\u00eb tyre . Krahas kontaktit me zyrtar\u00ebt e Nd\u00ebrmarrjes ,,T\u00eb mirat detare ,, me k\u00ebt\u00eb c\u00ebshtje do t\u00eb jet\u00eb i njoftuar dhe Ministri i\u00a0 zhvillimit t\u00eb q\u00ebndruesh\u00ebm dhe turizmit Z.Gvozdenoviq , dhe do t\u00eb k\u00ebrkohet dhe ndihma e tij.<\/p>\n<p>Krahas k\u00ebsaj n\u00eb takim\u00a0 u prek\u00ebn dhe c\u00ebshtje t\u00eb tjera\u00a0 q\u00eb kan\u00eb t\u00eb b\u00ebjn\u00eb me rrjedh\u00ebn e sukseshme t\u00eb sezonit turistik. \u201d<\/p>\n","protected":false},"excerpt":{"rendered":"<p>Komuna p\u00ebrcjell shqet\u00ebsimet e qytetar\u00ebve Kryetari I komun\u00ebs Nazif Cungu dhe bashk\u00ebpun\u00ebtor\u00ebt e tij\u00a0 vazhdojn\u00eb takimet me\u00a0 qytetar\u00ebt\u00a0 e bashk\u00ebsive lokale p\u00ebr tu njohur m\u00eb p\u00ebrs\u00ebafrmi me\u00a0 problemet me t\u00eb cilat ballafaqohen ata. Sot n\u00eb kabinetin e kryetarit\u00a0 ishin t\u00eb pranish\u00ebm\u00a0 banor\u00ebt e lagjes\u00a0 Gjerana\u00a0 t\u00eb cil\u00ebt\u00a0 jan\u00eb t\u00eb shqet\u00ebsuar dhe shtruan pyetjen\u00a0 sesi ka [&hellip;]<\/p>\n","protected":false},"author":1,"featured_media":0,"comment_status":"closed","ping_status":"closed","sticky":false,"template":"","format":"standard","meta":{"spay_email":"","jetpack_publicize_message":"","jetpack_is_tweetstorm":false,"jetpack_publicize_feature_enabled":true},"categories":[1,6950],"tags":[],"jetpack_publicize_connections":[],"yoast_head":"<!-- This site is optimized with the Yoast SEO plugin v19.1 - https:\/\/yoast.com\/wordpress\/plugins\/seo\/ -->\n<title>Cungu: T\u00eb d\u00ebgjohen shqet\u00ebsimet e qytetar\u00ebve - Lajme nga Ulqini<\/title>\n<meta name=\"description\" content=\"Komuna p\u00ebrcjell shqet\u00ebsimet e qytetar\u00ebve Kryetari I komun\u00ebs Nazif Cungu dhe bashk\u00ebpun\u00ebtor\u00ebt e tij\u00a0 vazhdojn\u00eb takimet me\u00a0 qytetar\u00ebt\u00a0 e bashk\u00ebsive lokale\" \/>\n<meta name=\"robots\" content=\"index, follow, max-snippet:-1, max-image-preview:large, max-video-preview:-1\" \/>\n<link rel=\"canonical\" href=\"https:\/\/www.visit-ulcinj.com\/blog\/2016\/06\/30\/cungu-te-degjohen-shqetesimet-e-qytetareve\/\" \/>\n<meta property=\"og:locale\" content=\"en_US\" \/>\n<meta property=\"og:type\" content=\"article\" \/>\n<meta property=\"og:title\" content=\"Cungu: T\u00eb d\u00ebgjohen shqet\u00ebsimet e qytetar\u00ebve - Lajme nga Ulqini\" \/>\n<meta property=\"og:description\" content=\"Komuna p\u00ebrcjell shqet\u00ebsimet e qytetar\u00ebve Kryetari I komun\u00ebs Nazif Cungu dhe bashk\u00ebpun\u00ebtor\u00ebt e tij\u00a0 vazhdojn\u00eb takimet me\u00a0 qytetar\u00ebt\u00a0 e bashk\u00ebsive lokale\" \/>\n<meta property=\"og:url\" content=\"https:\/\/www.visit-ulcinj.com\/blog\/2016\/06\/30\/cungu-te-degjohen-shqetesimet-e-qytetareve\/\" \/>\n<meta property=\"og:site_name\" content=\"Lajme nga Ulqini\" \/>\n<meta property=\"article:published_time\" content=\"2016-06-30T12:21:30+00:00\" \/>\n<meta property=\"article:modified_time\" content=\"2016-07-01T11:56:19+00:00\" \/>\n<meta property=\"og:image\" content=\"http:\/\/www.visit-ulcinj.com\/blog\/wp-content\/uploads\/2016\/06\/Nazif-Cungu-shqetsimet-e-qytetareve-ulqin.jpg\" \/>\n<meta name=\"twitter:label1\" content=\"Written by\" \/>\n\t<meta name=\"twitter:data1\" content=\"ulqini\" \/>\n\t<meta name=\"twitter:label2\" content=\"Est. reading time\" \/>\n\t<meta name=\"twitter:data2\" content=\"1 minute\" \/>\n<script type=\"application\/ld+json\" class=\"yoast-schema-graph\">{\"@context\":\"https:\/\/schema.org\",\"@graph\":[{\"@type\":\"WebSite\",\"@id\":\"https:\/\/www.visit-ulcinj.com\/blog\/#website\",\"url\":\"https:\/\/www.visit-ulcinj.com\/blog\/\",\"name\":\"Lajme nga Ulqini\",\"description\":\"Lajme,Vijesti,Ulqini,Ulqin,Crna Gora,Mali i Zi\",\"potentialAction\":[{\"@type\":\"SearchAction\",\"target\":{\"@type\":\"EntryPoint\",\"urlTemplate\":\"https:\/\/www.visit-ulcinj.com\/blog\/?s={search_term_string}\"},\"query-input\":\"required name=search_term_string\"}],\"inLanguage\":\"en-US\"},{\"@type\":\"ImageObject\",\"inLanguage\":\"en-US\",\"@id\":\"https:\/\/www.visit-ulcinj.com\/blog\/2016\/06\/30\/cungu-te-degjohen-shqetesimet-e-qytetareve\/#primaryimage\",\"url\":\"https:\/\/www.visit-ulcinj.com\/blog\/wp-content\/uploads\/2016\/06\/Nazif-Cungu-shqetsimet-e-qytetareve-ulqin.jpg\",\"contentUrl\":\"https:\/\/www.visit-ulcinj.com\/blog\/wp-content\/uploads\/2016\/06\/Nazif-Cungu-shqetsimet-e-qytetareve-ulqin.jpg\",\"width\":999,\"height\":661},{\"@type\":\"WebPage\",\"@id\":\"https:\/\/www.visit-ulcinj.com\/blog\/2016\/06\/30\/cungu-te-degjohen-shqetesimet-e-qytetareve\/#webpage\",\"url\":\"https:\/\/www.visit-ulcinj.com\/blog\/2016\/06\/30\/cungu-te-degjohen-shqetesimet-e-qytetareve\/\",\"name\":\"Cungu: T\u00eb d\u00ebgjohen shqet\u00ebsimet e qytetar\u00ebve - Lajme nga Ulqini\",\"isPartOf\":{\"@id\":\"https:\/\/www.visit-ulcinj.com\/blog\/#website\"},\"primaryImageOfPage\":{\"@id\":\"https:\/\/www.visit-ulcinj.com\/blog\/2016\/06\/30\/cungu-te-degjohen-shqetesimet-e-qytetareve\/#primaryimage\"},\"datePublished\":\"2016-06-30T12:21:30+00:00\",\"dateModified\":\"2016-07-01T11:56:19+00:00\",\"author\":{\"@id\":\"https:\/\/www.visit-ulcinj.com\/blog\/#\/schema\/person\/dcab619c614d3038751c63bc2aadc06d\"},\"description\":\"Komuna p\u00ebrcjell shqet\u00ebsimet e qytetar\u00ebve Kryetari I komun\u00ebs Nazif Cungu dhe bashk\u00ebpun\u00ebtor\u00ebt e tij\u00a0 vazhdojn\u00eb takimet me\u00a0 qytetar\u00ebt\u00a0 e bashk\u00ebsive lokale\",\"breadcrumb\":{\"@id\":\"https:\/\/www.visit-ulcinj.com\/blog\/2016\/06\/30\/cungu-te-degjohen-shqetesimet-e-qytetareve\/#breadcrumb\"},\"inLanguage\":\"en-US\",\"potentialAction\":[{\"@type\":\"ReadAction\",\"target\":[\"https:\/\/www.visit-ulcinj.com\/blog\/2016\/06\/30\/cungu-te-degjohen-shqetesimet-e-qytetareve\/\"]}]},{\"@type\":\"BreadcrumbList\",\"@id\":\"https:\/\/www.visit-ulcinj.com\/blog\/2016\/06\/30\/cungu-te-degjohen-shqetesimet-e-qytetareve\/#breadcrumb\",\"itemListElement\":[{\"@type\":\"ListItem\",\"position\":1,\"name\":\"Cungu: T\u00eb d\u00ebgjohen shqet\u00ebsimet e qytetar\u00ebve\"}]},{\"@type\":\"Person\",\"@id\":\"https:\/\/www.visit-ulcinj.com\/blog\/#\/schema\/person\/dcab619c614d3038751c63bc2aadc06d\",\"name\":\"ulqini\",\"sameAs\":[\"http:\/\/www.visit-ulcinj.com\"],\"url\":\"https:\/\/www.visit-ulcinj.com\/blog\/author\/admin\/\"}]}<\/script>\n<!-- \/ Yoast SEO plugin. -->","yoast_head_json":{"title":"Cungu: T\u00eb d\u00ebgjohen shqet\u00ebsimet e qytetar\u00ebve - Lajme nga Ulqini","description":"Komuna p\u00ebrcjell shqet\u00ebsimet e qytetar\u00ebve Kryetari I komun\u00ebs Nazif Cungu dhe bashk\u00ebpun\u00ebtor\u00ebt e tij\u00a0 vazhdojn\u00eb takimet me\u00a0 qytetar\u00ebt\u00a0 e bashk\u00ebsive lokale","robots":{"index":"index","follow":"follow","max-snippet":"max-snippet:-1","max-image-preview":"max-image-preview:large","max-video-preview":"max-video-preview:-1"},"canonical":"https:\/\/www.visit-ulcinj.com\/blog\/2016\/06\/30\/cungu-te-degjohen-shqetesimet-e-qytetareve\/","og_locale":"en_US","og_type":"article","og_title":"Cungu: T\u00eb d\u00ebgjohen shqet\u00ebsimet e qytetar\u00ebve - Lajme nga Ulqini","og_description":"Komuna p\u00ebrcjell shqet\u00ebsimet e qytetar\u00ebve Kryetari I komun\u00ebs Nazif Cungu dhe bashk\u00ebpun\u00ebtor\u00ebt e tij\u00a0 vazhdojn\u00eb takimet me\u00a0 qytetar\u00ebt\u00a0 e bashk\u00ebsive lokale","og_url":"https:\/\/www.visit-ulcinj.com\/blog\/2016\/06\/30\/cungu-te-degjohen-shqetesimet-e-qytetareve\/","og_site_name":"Lajme nga Ulqini","article_published_time":"2016-06-30T12:21:30+00:00","article_modified_time":"2016-07-01T11:56:19+00:00","og_image":[{"url":"http:\/\/www.visit-ulcinj.com\/blog\/wp-content\/uploads\/2016\/06\/Nazif-Cungu-shqetsimet-e-qytetareve-ulqin.jpg"}],"twitter_misc":{"Written by":"ulqini","Est. reading time":"1 minute"},"schema":{"@context":"https:\/\/schema.org","@graph":[{"@type":"WebSite","@id":"https:\/\/www.visit-ulcinj.com\/blog\/#website","url":"https:\/\/www.visit-ulcinj.com\/blog\/","name":"Lajme nga Ulqini","description":"Lajme,Vijesti,Ulqini,Ulqin,Crna Gora,Mali i Zi","potentialAction":[{"@type":"SearchAction","target":{"@type":"EntryPoint","urlTemplate":"https:\/\/www.visit-ulcinj.com\/blog\/?s={search_term_string}"},"query-input":"required name=search_term_string"}],"inLanguage":"en-US"},{"@type":"ImageObject","inLanguage":"en-US","@id":"https:\/\/www.visit-ulcinj.com\/blog\/2016\/06\/30\/cungu-te-degjohen-shqetesimet-e-qytetareve\/#primaryimage","url":"https:\/\/www.visit-ulcinj.com\/blog\/wp-content\/uploads\/2016\/06\/Nazif-Cungu-shqetsimet-e-qytetareve-ulqin.jpg","contentUrl":"https:\/\/www.visit-ulcinj.com\/blog\/wp-content\/uploads\/2016\/06\/Nazif-Cungu-shqetsimet-e-qytetareve-ulqin.jpg","width":999,"height":661},{"@type":"WebPage","@id":"https:\/\/www.visit-ulcinj.com\/blog\/2016\/06\/30\/cungu-te-degjohen-shqetesimet-e-qytetareve\/#webpage","url":"https:\/\/www.visit-ulcinj.com\/blog\/2016\/06\/30\/cungu-te-degjohen-shqetesimet-e-qytetareve\/","name":"Cungu: T\u00eb d\u00ebgjohen shqet\u00ebsimet e qytetar\u00ebve - Lajme nga Ulqini","isPartOf":{"@id":"https:\/\/www.visit-ulcinj.com\/blog\/#website"},"primaryImageOfPage":{"@id":"https:\/\/www.visit-ulcinj.com\/blog\/2016\/06\/30\/cungu-te-degjohen-shqetesimet-e-qytetareve\/#primaryimage"},"datePublished":"2016-06-30T12:21:30+00:00","dateModified":"2016-07-01T11:56:19+00:00","author":{"@id":"https:\/\/www.visit-ulcinj.com\/blog\/#\/schema\/person\/dcab619c614d3038751c63bc2aadc06d"},"description":"Komuna p\u00ebrcjell shqet\u00ebsimet e qytetar\u00ebve Kryetari I komun\u00ebs Nazif Cungu dhe bashk\u00ebpun\u00ebtor\u00ebt e tij\u00a0 vazhdojn\u00eb takimet me\u00a0 qytetar\u00ebt\u00a0 e bashk\u00ebsive lokale","breadcrumb":{"@id":"https:\/\/www.visit-ulcinj.com\/blog\/2016\/06\/30\/cungu-te-degjohen-shqetesimet-e-qytetareve\/#breadcrumb"},"inLanguage":"en-US","potentialAction":[{"@type":"ReadAction","target":["https:\/\/www.visit-ulcinj.com\/blog\/2016\/06\/30\/cungu-te-degjohen-shqetesimet-e-qytetareve\/"]}]},{"@type":"BreadcrumbList","@id":"https:\/\/www.visit-ulcinj.com\/blog\/2016\/06\/30\/cungu-te-degjohen-shqetesimet-e-qytetareve\/#breadcrumb","itemListElement":[{"@type":"ListItem","position":1,"name":"Cungu: T\u00eb d\u00ebgjohen shqet\u00ebsimet e qytetar\u00ebve"}]},{"@type":"Person","@id":"https:\/\/www.visit-ulcinj.com\/blog\/#\/schema\/person\/dcab619c614d3038751c63bc2aadc06d","name":"ulqini","sameAs":["http:\/\/www.visit-ulcinj.com"],"url":"https:\/\/www.visit-ulcinj.com\/blog\/author\/admin\/"}]}},"jetpack_featured_media_url":"","jetpack_sharing_enabled":true,"jetpack_shortlink":"https:\/\/wp.me\/pe6lTn-puO","_links":{"self":[{"href":"https:\/\/www.visit-ulcinj.com\/blog\/wp-json\/wp\/v2\/posts\/98010"}],"collection":[{"href":"https:\/\/www.visit-ulcinj.com\/blog\/wp-json\/wp\/v2\/posts"}],"about":[{"href":"https:\/\/www.visit-ulcinj.com\/blog\/wp-json\/wp\/v2\/types\/post"}],"author":[{"embeddable":true,"href":"https:\/\/www.visit-ulcinj.com\/blog\/wp-json\/wp\/v2\/users\/1"}],"replies":[{"embeddable":true,"href":"https:\/\/www.visit-ulcinj.com\/blog\/wp-json\/wp\/v2\/comments?post=98010"}],"version-history":[{"count":1,"href":"https:\/\/www.visit-ulcinj.com\/blog\/wp-json\/wp\/v2\/posts\/98010\/revisions"}],"predecessor-version":[{"id":98013,"href":"https:\/\/www.visit-ulcinj.com\/blog\/wp-json\/wp\/v2\/posts\/98010\/revisions\/98013"}],"wp:attachment":[{"href":"https:\/\/www.visit-ulcinj.com\/blog\/wp-json\/wp\/v2\/media?parent=98010"}],"wp:term":[{"taxonomy":"category","embeddable":true,"href":"https:\/\/www.visit-ulcinj.com\/blog\/wp-json\/wp\/v2\/categories?post=98010"},{"taxonomy":"post_tag","embeddable":true,"href":"https:\/\/www.visit-ulcinj.com\/blog\/wp-json\/wp\/v2\/tags?post=98010"}],"curies":[{"name":"wp","href":"https:\/\/api.w.org\/{rel}","templated":true}]}}