{"id":98021,"date":"2016-07-01T12:54:34","date_gmt":"2016-07-01T11:54:34","guid":{"rendered":"http:\/\/www.visit-ulcinj.com\/blog\/?p=98021"},"modified":"2016-07-02T19:31:37","modified_gmt":"2016-07-02T18:31:37","slug":"ne-ulqin-sonte-fillon-sperkatja-kunder-mushkonjave-nga-lokaliteti-shtojit","status":"publish","type":"post","link":"https:\/\/www.visit-ulcinj.com\/blog\/2016\/07\/01\/ne-ulqin-sonte-fillon-sperkatja-kunder-mushkonjave-nga-lokaliteti-shtojit\/","title":{"rendered":"N\u00eb Ulqin sonte fillon sp\u00ebrkatja kund\u00ebr mushkonjave, nga lokaliteti i Shtojit"},"content":{"rendered":"<p><strong><a href=\"http:\/\/www.visit-ulcinj.com\/blog\/wp-content\/uploads\/2016\/07\/sp\u00ebrkatja-kund\u00ebr-mushkonjave-1.jpg\"><img loading=\"lazy\" class=\"alignleft wp-image-98022\" src=\"http:\/\/www.visit-ulcinj.com\/blog\/wp-content\/uploads\/2016\/07\/sp\u00ebrkatja-kund\u00ebr-mushkonjave-1.jpg\" alt=\"sp\u00ebrkatja kund\u00ebr mushkonjave-1\" width=\"508\" height=\"303\" srcset=\"https:\/\/www.visit-ulcinj.com\/blog\/wp-content\/uploads\/2016\/07\/sp\u00ebrkatja-kund\u00ebr-mushkonjave-1.jpg 627w, https:\/\/www.visit-ulcinj.com\/blog\/wp-content\/uploads\/2016\/07\/sp\u00ebrkatja-kund\u00ebr-mushkonjave-1-300x179.jpg 300w\" sizes=\"(max-width: 508px) 100vw, 508px\" \/><\/a>Komuna Ulqinit\u00a0 informon qytetar\u00ebt q\u00eb sonte n\u00eb Ulqin n\u00eb periudh\u00ebn prej or\u00ebs 21:30 e deri n\u00eb or\u00ebn e vona t\u00eb nat\u00ebs do t\u00eb b\u00ebhet sp\u00ebrkatja kund\u00ebr mushkonjave, informojn\u00eb nga Qyteti i Ulqinit.\u00a0<\/strong><\/p>\n<p><strong>Autoritetet e qytetit t\u00eb Ulqinit i lajm\u00ebrojn\u00eb bletar\u00ebt n\u00eb koh\u00eb t\u2019i nd\u00ebrmarin masat e nevojshme p\u00ebr mbrojtje t\u00eb blet\u00ebve<\/strong>.<\/p>\n<p>Firma e specializuar ,,Veterinum,, b\u00ebri\u00a0 st\u00ebrpikjen e \u00a0pare te\u00a0mushkonjave\u00a0 n\u00eb teritorin e komun\u00ebs s\u00eb Ulqinit. Duke e marr\u00eb parasyshe\u00a0koh\u00ebn \u00a0me lag\u00ebshti t\u00eb madhe rezultatet nuk dhane \u00a0pritshmerine e deshiruar.\u00a0Andaj sot me 1.07.2016 ne ora 21 e 30 minuta ,\u00a0planifikohet \u00a0dhe nj\u00eb st\u00ebrpikje tjeter vecmas\u00a0vendet qe paraqesin burim te mushkonjave do te jene ne qender te vemendjes. Edhe kete rralle do te perdoret \u00a0preparati\u00a0\u00a0\u00a0DELTAMETHRIN q\u00eb p\u00ebrdoret edhe nga vendet e BE.<\/p>\n<p>Ne kete akcion do ti mundesohet pjesemarrja \u00a0edhe \u00a0perfaqesuesve te Bashkesise lokale \u00a0te Shtojit.<\/p>\n<p>Sekretari i Sekretariatit per ceshtje komunale Mustafe Gorana \u00a0thote \u00a0se situata do te jete nen kontroll te vazhueshem \u00a0dhe varesisht nga nevojat do te intervenohet.\u00a0\u00a0Per kete \u00a0me kohe do te jene te njoftuar edhe rritesit e bleteve qe ne kohe \u00a0te menjanojne kosheret .<\/p>\n","protected":false},"excerpt":{"rendered":"<p>Komuna Ulqinit\u00a0 informon qytetar\u00ebt q\u00eb sonte n\u00eb Ulqin n\u00eb periudh\u00ebn prej or\u00ebs 21:30 e deri n\u00eb or\u00ebn e vona t\u00eb nat\u00ebs do t\u00eb b\u00ebhet sp\u00ebrkatja kund\u00ebr mushkonjave, informojn\u00eb nga Qyteti i Ulqinit.\u00a0 Autoritetet e qytetit t\u00eb Ulqinit i lajm\u00ebrojn\u00eb bletar\u00ebt n\u00eb koh\u00eb t\u2019i nd\u00ebrmarin masat e nevojshme p\u00ebr mbrojtje t\u00eb blet\u00ebve. Firma e specializuar ,,Veterinum,, [&hellip;]<\/p>\n","protected":false},"author":1,"featured_media":0,"comment_status":"closed","ping_status":"closed","sticky":false,"template":"","format":"standard","meta":{"spay_email":"","jetpack_publicize_message":"","jetpack_is_tweetstorm":false,"jetpack_publicize_feature_enabled":true},"categories":[7,1],"tags":[],"jetpack_publicize_connections":[],"yoast_head":"<!-- This site is optimized with the Yoast SEO plugin v19.1 - https:\/\/yoast.com\/wordpress\/plugins\/seo\/ -->\n<title>N\u00eb Ulqin sonte fillon sp\u00ebrkatja kund\u00ebr mushkonjave, nga lokaliteti i Shtojit - Lajme nga Ulqini<\/title>\n<meta name=\"description\" content=\"Komuna Ulqinit\u00a0 informon qytetar\u00ebt q\u00eb sonte n\u00eb Ulqin n\u00eb periudh\u00ebn prej or\u00ebs 21:30 e deri n\u00eb or\u00ebn e vona t\u00eb nat\u00ebs do t\u00eb b\u00ebhet sp\u00ebrkatja kund\u00ebr mushkonjave,\" \/>\n<meta name=\"robots\" content=\"index, follow, max-snippet:-1, max-image-preview:large, max-video-preview:-1\" \/>\n<link rel=\"canonical\" href=\"https:\/\/www.visit-ulcinj.com\/blog\/2016\/07\/01\/ne-ulqin-sonte-fillon-sperkatja-kunder-mushkonjave-nga-lokaliteti-shtojit\/\" \/>\n<meta property=\"og:locale\" content=\"en_US\" \/>\n<meta property=\"og:type\" content=\"article\" \/>\n<meta property=\"og:title\" content=\"N\u00eb Ulqin sonte fillon sp\u00ebrkatja kund\u00ebr mushkonjave, nga lokaliteti i Shtojit - Lajme nga Ulqini\" \/>\n<meta property=\"og:description\" content=\"Komuna Ulqinit\u00a0 informon qytetar\u00ebt q\u00eb sonte n\u00eb Ulqin n\u00eb periudh\u00ebn prej or\u00ebs 21:30 e deri n\u00eb or\u00ebn e vona t\u00eb nat\u00ebs do t\u00eb b\u00ebhet sp\u00ebrkatja kund\u00ebr mushkonjave,\" \/>\n<meta property=\"og:url\" content=\"https:\/\/www.visit-ulcinj.com\/blog\/2016\/07\/01\/ne-ulqin-sonte-fillon-sperkatja-kunder-mushkonjave-nga-lokaliteti-shtojit\/\" \/>\n<meta property=\"og:site_name\" content=\"Lajme nga Ulqini\" \/>\n<meta property=\"article:published_time\" content=\"2016-07-01T11:54:34+00:00\" \/>\n<meta property=\"article:modified_time\" content=\"2016-07-02T18:31:37+00:00\" \/>\n<meta name=\"twitter:label1\" content=\"Written by\" \/>\n\t<meta name=\"twitter:data1\" content=\"ulqini\" \/>\n\t<meta name=\"twitter:label2\" content=\"Est. reading time\" \/>\n\t<meta name=\"twitter:data2\" content=\"1 minute\" \/>\n<script type=\"application\/ld+json\" class=\"yoast-schema-graph\">{\"@context\":\"https:\/\/schema.org\",\"@graph\":[{\"@type\":\"WebSite\",\"@id\":\"https:\/\/www.visit-ulcinj.com\/blog\/#website\",\"url\":\"https:\/\/www.visit-ulcinj.com\/blog\/\",\"name\":\"Lajme nga Ulqini\",\"description\":\"Lajme,Vijesti,Ulqini,Ulqin,Crna Gora,Mali i Zi\",\"potentialAction\":[{\"@type\":\"SearchAction\",\"target\":{\"@type\":\"EntryPoint\",\"urlTemplate\":\"https:\/\/www.visit-ulcinj.com\/blog\/?s={search_term_string}\"},\"query-input\":\"required name=search_term_string\"}],\"inLanguage\":\"en-US\"},{\"@type\":\"WebPage\",\"@id\":\"https:\/\/www.visit-ulcinj.com\/blog\/2016\/07\/01\/ne-ulqin-sonte-fillon-sperkatja-kunder-mushkonjave-nga-lokaliteti-shtojit\/#webpage\",\"url\":\"https:\/\/www.visit-ulcinj.com\/blog\/2016\/07\/01\/ne-ulqin-sonte-fillon-sperkatja-kunder-mushkonjave-nga-lokaliteti-shtojit\/\",\"name\":\"N\u00eb Ulqin sonte fillon sp\u00ebrkatja kund\u00ebr mushkonjave, nga lokaliteti i Shtojit - Lajme nga Ulqini\",\"isPartOf\":{\"@id\":\"https:\/\/www.visit-ulcinj.com\/blog\/#website\"},\"datePublished\":\"2016-07-01T11:54:34+00:00\",\"dateModified\":\"2016-07-02T18:31:37+00:00\",\"author\":{\"@id\":\"https:\/\/www.visit-ulcinj.com\/blog\/#\/schema\/person\/dcab619c614d3038751c63bc2aadc06d\"},\"description\":\"Komuna Ulqinit\u00a0 informon qytetar\u00ebt q\u00eb sonte n\u00eb Ulqin n\u00eb periudh\u00ebn prej or\u00ebs 21:30 e deri n\u00eb or\u00ebn e vona t\u00eb nat\u00ebs do t\u00eb b\u00ebhet sp\u00ebrkatja kund\u00ebr mushkonjave,\",\"breadcrumb\":{\"@id\":\"https:\/\/www.visit-ulcinj.com\/blog\/2016\/07\/01\/ne-ulqin-sonte-fillon-sperkatja-kunder-mushkonjave-nga-lokaliteti-shtojit\/#breadcrumb\"},\"inLanguage\":\"en-US\",\"potentialAction\":[{\"@type\":\"ReadAction\",\"target\":[\"https:\/\/www.visit-ulcinj.com\/blog\/2016\/07\/01\/ne-ulqin-sonte-fillon-sperkatja-kunder-mushkonjave-nga-lokaliteti-shtojit\/\"]}]},{\"@type\":\"BreadcrumbList\",\"@id\":\"https:\/\/www.visit-ulcinj.com\/blog\/2016\/07\/01\/ne-ulqin-sonte-fillon-sperkatja-kunder-mushkonjave-nga-lokaliteti-shtojit\/#breadcrumb\",\"itemListElement\":[{\"@type\":\"ListItem\",\"position\":1,\"name\":\"N\u00eb Ulqin sonte fillon sp\u00ebrkatja kund\u00ebr mushkonjave, nga lokaliteti i Shtojit\"}]},{\"@type\":\"Person\",\"@id\":\"https:\/\/www.visit-ulcinj.com\/blog\/#\/schema\/person\/dcab619c614d3038751c63bc2aadc06d\",\"name\":\"ulqini\",\"sameAs\":[\"http:\/\/www.visit-ulcinj.com\"],\"url\":\"https:\/\/www.visit-ulcinj.com\/blog\/author\/admin\/\"}]}<\/script>\n<!-- \/ Yoast SEO plugin. -->","yoast_head_json":{"title":"N\u00eb Ulqin sonte fillon sp\u00ebrkatja kund\u00ebr mushkonjave, nga lokaliteti i Shtojit - Lajme nga Ulqini","description":"Komuna Ulqinit\u00a0 informon qytetar\u00ebt q\u00eb sonte n\u00eb Ulqin n\u00eb periudh\u00ebn prej or\u00ebs 21:30 e deri n\u00eb or\u00ebn e vona t\u00eb nat\u00ebs do t\u00eb b\u00ebhet sp\u00ebrkatja kund\u00ebr mushkonjave,","robots":{"index":"index","follow":"follow","max-snippet":"max-snippet:-1","max-image-preview":"max-image-preview:large","max-video-preview":"max-video-preview:-1"},"canonical":"https:\/\/www.visit-ulcinj.com\/blog\/2016\/07\/01\/ne-ulqin-sonte-fillon-sperkatja-kunder-mushkonjave-nga-lokaliteti-shtojit\/","og_locale":"en_US","og_type":"article","og_title":"N\u00eb Ulqin sonte fillon sp\u00ebrkatja kund\u00ebr mushkonjave, nga lokaliteti i Shtojit - Lajme nga Ulqini","og_description":"Komuna Ulqinit\u00a0 informon qytetar\u00ebt q\u00eb sonte n\u00eb Ulqin n\u00eb periudh\u00ebn prej or\u00ebs 21:30 e deri n\u00eb or\u00ebn e vona t\u00eb nat\u00ebs do t\u00eb b\u00ebhet sp\u00ebrkatja kund\u00ebr mushkonjave,","og_url":"https:\/\/www.visit-ulcinj.com\/blog\/2016\/07\/01\/ne-ulqin-sonte-fillon-sperkatja-kunder-mushkonjave-nga-lokaliteti-shtojit\/","og_site_name":"Lajme nga Ulqini","article_published_time":"2016-07-01T11:54:34+00:00","article_modified_time":"2016-07-02T18:31:37+00:00","twitter_misc":{"Written by":"ulqini","Est. reading time":"1 minute"},"schema":{"@context":"https:\/\/schema.org","@graph":[{"@type":"WebSite","@id":"https:\/\/www.visit-ulcinj.com\/blog\/#website","url":"https:\/\/www.visit-ulcinj.com\/blog\/","name":"Lajme nga Ulqini","description":"Lajme,Vijesti,Ulqini,Ulqin,Crna Gora,Mali i Zi","potentialAction":[{"@type":"SearchAction","target":{"@type":"EntryPoint","urlTemplate":"https:\/\/www.visit-ulcinj.com\/blog\/?s={search_term_string}"},"query-input":"required name=search_term_string"}],"inLanguage":"en-US"},{"@type":"WebPage","@id":"https:\/\/www.visit-ulcinj.com\/blog\/2016\/07\/01\/ne-ulqin-sonte-fillon-sperkatja-kunder-mushkonjave-nga-lokaliteti-shtojit\/#webpage","url":"https:\/\/www.visit-ulcinj.com\/blog\/2016\/07\/01\/ne-ulqin-sonte-fillon-sperkatja-kunder-mushkonjave-nga-lokaliteti-shtojit\/","name":"N\u00eb Ulqin sonte fillon sp\u00ebrkatja kund\u00ebr mushkonjave, nga lokaliteti i Shtojit - Lajme nga Ulqini","isPartOf":{"@id":"https:\/\/www.visit-ulcinj.com\/blog\/#website"},"datePublished":"2016-07-01T11:54:34+00:00","dateModified":"2016-07-02T18:31:37+00:00","author":{"@id":"https:\/\/www.visit-ulcinj.com\/blog\/#\/schema\/person\/dcab619c614d3038751c63bc2aadc06d"},"description":"Komuna Ulqinit\u00a0 informon qytetar\u00ebt q\u00eb sonte n\u00eb Ulqin n\u00eb periudh\u00ebn prej or\u00ebs 21:30 e deri n\u00eb or\u00ebn e vona t\u00eb nat\u00ebs do t\u00eb b\u00ebhet sp\u00ebrkatja kund\u00ebr mushkonjave,","breadcrumb":{"@id":"https:\/\/www.visit-ulcinj.com\/blog\/2016\/07\/01\/ne-ulqin-sonte-fillon-sperkatja-kunder-mushkonjave-nga-lokaliteti-shtojit\/#breadcrumb"},"inLanguage":"en-US","potentialAction":[{"@type":"ReadAction","target":["https:\/\/www.visit-ulcinj.com\/blog\/2016\/07\/01\/ne-ulqin-sonte-fillon-sperkatja-kunder-mushkonjave-nga-lokaliteti-shtojit\/"]}]},{"@type":"BreadcrumbList","@id":"https:\/\/www.visit-ulcinj.com\/blog\/2016\/07\/01\/ne-ulqin-sonte-fillon-sperkatja-kunder-mushkonjave-nga-lokaliteti-shtojit\/#breadcrumb","itemListElement":[{"@type":"ListItem","position":1,"name":"N\u00eb Ulqin sonte fillon sp\u00ebrkatja kund\u00ebr mushkonjave, nga lokaliteti i Shtojit"}]},{"@type":"Person","@id":"https:\/\/www.visit-ulcinj.com\/blog\/#\/schema\/person\/dcab619c614d3038751c63bc2aadc06d","name":"ulqini","sameAs":["http:\/\/www.visit-ulcinj.com"],"url":"https:\/\/www.visit-ulcinj.com\/blog\/author\/admin\/"}]}},"jetpack_featured_media_url":"","jetpack_sharing_enabled":true,"jetpack_shortlink":"https:\/\/wp.me\/pe6lTn-puZ","_links":{"self":[{"href":"https:\/\/www.visit-ulcinj.com\/blog\/wp-json\/wp\/v2\/posts\/98021"}],"collection":[{"href":"https:\/\/www.visit-ulcinj.com\/blog\/wp-json\/wp\/v2\/posts"}],"about":[{"href":"https:\/\/www.visit-ulcinj.com\/blog\/wp-json\/wp\/v2\/types\/post"}],"author":[{"embeddable":true,"href":"https:\/\/www.visit-ulcinj.com\/blog\/wp-json\/wp\/v2\/users\/1"}],"replies":[{"embeddable":true,"href":"https:\/\/www.visit-ulcinj.com\/blog\/wp-json\/wp\/v2\/comments?post=98021"}],"version-history":[{"count":1,"href":"https:\/\/www.visit-ulcinj.com\/blog\/wp-json\/wp\/v2\/posts\/98021\/revisions"}],"predecessor-version":[{"id":98023,"href":"https:\/\/www.visit-ulcinj.com\/blog\/wp-json\/wp\/v2\/posts\/98021\/revisions\/98023"}],"wp:attachment":[{"href":"https:\/\/www.visit-ulcinj.com\/blog\/wp-json\/wp\/v2\/media?parent=98021"}],"wp:term":[{"taxonomy":"category","embeddable":true,"href":"https:\/\/www.visit-ulcinj.com\/blog\/wp-json\/wp\/v2\/categories?post=98021"},{"taxonomy":"post_tag","embeddable":true,"href":"https:\/\/www.visit-ulcinj.com\/blog\/wp-json\/wp\/v2\/tags?post=98021"}],"curies":[{"name":"wp","href":"https:\/\/api.w.org\/{rel}","templated":true}]}}