{"id":98035,"date":"2016-07-01T15:05:02","date_gmt":"2016-07-01T14:05:02","guid":{"rendered":"http:\/\/www.visit-ulcinj.com\/blog\/?p=98035"},"modified":"2016-07-01T15:05:02","modified_gmt":"2016-07-01T14:05:02","slug":"tradita-ana-malit-nga-ulqini-ne-festivalin-e-kulturave-ne-salzburg-te-austrise","status":"publish","type":"post","link":"https:\/\/www.visit-ulcinj.com\/blog\/2016\/07\/01\/tradita-ana-malit-nga-ulqini-ne-festivalin-e-kulturave-ne-salzburg-te-austrise\/","title":{"rendered":"Tradita Ana Malit nga Ulqini n\u00eb festivalin e kulturave n\u00eb Salzburg t\u00eb Austris\u00eb"},"content":{"rendered":"<p><a href=\"http:\/\/www.visit-ulcinj.com\/blog\/wp-content\/uploads\/2016\/07\/SHKA-Tradita-Ana-Malit-Ulqin.jpg\"><img loading=\"lazy\" class=\"alignleft wp-image-98036\" src=\"http:\/\/www.visit-ulcinj.com\/blog\/wp-content\/uploads\/2016\/07\/SHKA-Tradita-Ana-Malit-Ulqin.jpg\" alt=\"SHKA-Tradita Ana Malit -Ulqin\" width=\"508\" height=\"339\" srcset=\"https:\/\/www.visit-ulcinj.com\/blog\/wp-content\/uploads\/2016\/07\/SHKA-Tradita-Ana-Malit-Ulqin.jpg 900w, https:\/\/www.visit-ulcinj.com\/blog\/wp-content\/uploads\/2016\/07\/SHKA-Tradita-Ana-Malit-Ulqin-300x200.jpg 300w, https:\/\/www.visit-ulcinj.com\/blog\/wp-content\/uploads\/2016\/07\/SHKA-Tradita-Ana-Malit-Ulqin-768x512.jpg 768w\" sizes=\"(max-width: 508px) 100vw, 508px\" \/><\/a>T\u00eb shtun\u00ebn, m\u00eb 09. 07. 2016, n\u00eb qytetin e vjet\u00ebr t\u00eb Salzburgut do t\u00eb d\u00ebgjohet muzik\u00eb n\u00eb gjuh\u00eb t\u00eb ndryshme, do t\u00eb vall\u00ebzohet dhe festohet n\u00eb m\u00ebnyra t\u00eb ndryshme, ku do t\u00eb ket\u00eb edhe specialitete t\u00eb shumta nga kuzhinat e tyre.<\/p>\n<p>Shoqata austriake \u2013 shqiptare \u201cAleksand\u00ebr Moisiu\u201d, s\u00eb bashku me grupin e vall\u00ebzimit \u201cTradita\u201d nga Ulqini, do t\u00eb prezantohen me nj\u00eb program t\u00eb pasur popullor,\u00a0 shkruan <a href=\"http:\/\/salzburg.com\/\" target=\"_blank\" rel=\"noreferrer\">salzburg.com<\/a>, p\u00ebrcjell <a href=\"http:\/\/albinfo.ch\/\" target=\"_blank\" rel=\"noreferrer\">albinfo.ch<\/a>.<\/p>\n<p>Festivali \u201cFest der Kultur\u00ebn\u201d do t\u00eb organizohet p\u00ebr shkak t\u00eb 200-vjetorit t\u00eb qytetit t\u00eb Salzburgut.<\/p>\n<p>Kryesia e shoqat\u00ebs \u201cAlekander Moisiu\u201d ka b\u00ebr\u00eb thirrje q\u00eb grat\u00eb dhe vajzat shqiptare t\u00eb kontribuojn\u00eb me ushqimet tona tradicionale n\u00eb k\u00ebt\u00eb fest\u00eb t\u00eb madhe, e cila do t\u00eb organizohet n\u00eb qendr\u00ebn e qytetit t\u00eb Salzburgut.<\/p>\n<p>&nbsp;<\/p>\n<p><strong>albinfo.ch <a href=\"http:\/\/www.albinfo.ch\/nje-feste-shumengjyreshe-ne-festivalin-e-kulturave-ne-salzburg-te-austrise\/\">http:\/\/www.albinfo.ch\/nje-feste-shumengjyreshe-ne-festivalin-e-kulturave-ne-salzburg-te-austrise\/<\/a><\/strong><\/p>\n","protected":false},"excerpt":{"rendered":"<p>T\u00eb shtun\u00ebn, m\u00eb 09. 07. 2016, n\u00eb qytetin e vjet\u00ebr t\u00eb Salzburgut do t\u00eb d\u00ebgjohet muzik\u00eb n\u00eb gjuh\u00eb t\u00eb ndryshme, do t\u00eb vall\u00ebzohet dhe festohet n\u00eb m\u00ebnyra t\u00eb ndryshme, ku do t\u00eb ket\u00eb edhe specialitete t\u00eb shumta nga kuzhinat e tyre. Shoqata austriake \u2013 shqiptare \u201cAleksand\u00ebr Moisiu\u201d, s\u00eb bashku me grupin e vall\u00ebzimit \u201cTradita\u201d nga [&hellip;]<\/p>\n","protected":false},"author":1,"featured_media":0,"comment_status":"closed","ping_status":"closed","sticky":false,"template":"","format":"standard","meta":{"spay_email":"","jetpack_publicize_message":"","jetpack_is_tweetstorm":false,"jetpack_publicize_feature_enabled":true},"categories":[6950],"tags":[],"jetpack_publicize_connections":[],"yoast_head":"<!-- This site is optimized with the Yoast SEO plugin v19.1 - https:\/\/yoast.com\/wordpress\/plugins\/seo\/ -->\n<title>Tradita Ana Malit nga Ulqini n\u00eb festivalin e kulturave n\u00eb Salzburg t\u00eb Austris\u00eb - Lajme nga Ulqini<\/title>\n<meta name=\"description\" content=\"T\u00eb shtun\u00ebn, m\u00eb 09. 07. 2016, n\u00eb qytetin e vjet\u00ebr t\u00eb Salzburgut do t\u00eb d\u00ebgjohet muzik\u00eb n\u00eb gjuh\u00eb t\u00eb ndryshme, do t\u00eb vall\u00ebzohet dhe festohet n\u00eb m\u00ebnyra t\u00eb\" \/>\n<meta name=\"robots\" content=\"index, follow, max-snippet:-1, max-image-preview:large, max-video-preview:-1\" \/>\n<link rel=\"canonical\" href=\"https:\/\/www.visit-ulcinj.com\/blog\/2016\/07\/01\/tradita-ana-malit-nga-ulqini-ne-festivalin-e-kulturave-ne-salzburg-te-austrise\/\" \/>\n<meta property=\"og:locale\" content=\"en_US\" \/>\n<meta property=\"og:type\" content=\"article\" \/>\n<meta property=\"og:title\" content=\"Tradita Ana Malit nga Ulqini n\u00eb festivalin e kulturave n\u00eb Salzburg t\u00eb Austris\u00eb - Lajme nga Ulqini\" \/>\n<meta property=\"og:description\" content=\"T\u00eb shtun\u00ebn, m\u00eb 09. 07. 2016, n\u00eb qytetin e vjet\u00ebr t\u00eb Salzburgut do t\u00eb d\u00ebgjohet muzik\u00eb n\u00eb gjuh\u00eb t\u00eb ndryshme, do t\u00eb vall\u00ebzohet dhe festohet n\u00eb m\u00ebnyra t\u00eb\" \/>\n<meta property=\"og:url\" content=\"https:\/\/www.visit-ulcinj.com\/blog\/2016\/07\/01\/tradita-ana-malit-nga-ulqini-ne-festivalin-e-kulturave-ne-salzburg-te-austrise\/\" \/>\n<meta property=\"og:site_name\" content=\"Lajme nga Ulqini\" \/>\n<meta property=\"article:published_time\" content=\"2016-07-01T14:05:02+00:00\" \/>\n<meta property=\"og:image\" content=\"http:\/\/www.visit-ulcinj.com\/blog\/wp-content\/uploads\/2016\/07\/SHKA-Tradita-Ana-Malit-Ulqin.jpg\" \/>\n<meta name=\"twitter:label1\" content=\"Written by\" \/>\n\t<meta name=\"twitter:data1\" content=\"ulqini\" \/>\n\t<meta name=\"twitter:label2\" content=\"Est. reading time\" \/>\n\t<meta name=\"twitter:data2\" content=\"1 minute\" \/>\n<script type=\"application\/ld+json\" class=\"yoast-schema-graph\">{\"@context\":\"https:\/\/schema.org\",\"@graph\":[{\"@type\":\"WebSite\",\"@id\":\"https:\/\/www.visit-ulcinj.com\/blog\/#website\",\"url\":\"https:\/\/www.visit-ulcinj.com\/blog\/\",\"name\":\"Lajme nga Ulqini\",\"description\":\"Lajme,Vijesti,Ulqini,Ulqin,Crna Gora,Mali i Zi\",\"potentialAction\":[{\"@type\":\"SearchAction\",\"target\":{\"@type\":\"EntryPoint\",\"urlTemplate\":\"https:\/\/www.visit-ulcinj.com\/blog\/?s={search_term_string}\"},\"query-input\":\"required name=search_term_string\"}],\"inLanguage\":\"en-US\"},{\"@type\":\"ImageObject\",\"inLanguage\":\"en-US\",\"@id\":\"https:\/\/www.visit-ulcinj.com\/blog\/2016\/07\/01\/tradita-ana-malit-nga-ulqini-ne-festivalin-e-kulturave-ne-salzburg-te-austrise\/#primaryimage\",\"url\":\"https:\/\/www.visit-ulcinj.com\/blog\/wp-content\/uploads\/2016\/07\/SHKA-Tradita-Ana-Malit-Ulqin.jpg\",\"contentUrl\":\"https:\/\/www.visit-ulcinj.com\/blog\/wp-content\/uploads\/2016\/07\/SHKA-Tradita-Ana-Malit-Ulqin.jpg\",\"width\":900,\"height\":600},{\"@type\":\"WebPage\",\"@id\":\"https:\/\/www.visit-ulcinj.com\/blog\/2016\/07\/01\/tradita-ana-malit-nga-ulqini-ne-festivalin-e-kulturave-ne-salzburg-te-austrise\/#webpage\",\"url\":\"https:\/\/www.visit-ulcinj.com\/blog\/2016\/07\/01\/tradita-ana-malit-nga-ulqini-ne-festivalin-e-kulturave-ne-salzburg-te-austrise\/\",\"name\":\"Tradita Ana Malit nga Ulqini n\u00eb festivalin e kulturave n\u00eb Salzburg t\u00eb Austris\u00eb - Lajme nga Ulqini\",\"isPartOf\":{\"@id\":\"https:\/\/www.visit-ulcinj.com\/blog\/#website\"},\"primaryImageOfPage\":{\"@id\":\"https:\/\/www.visit-ulcinj.com\/blog\/2016\/07\/01\/tradita-ana-malit-nga-ulqini-ne-festivalin-e-kulturave-ne-salzburg-te-austrise\/#primaryimage\"},\"datePublished\":\"2016-07-01T14:05:02+00:00\",\"dateModified\":\"2016-07-01T14:05:02+00:00\",\"author\":{\"@id\":\"https:\/\/www.visit-ulcinj.com\/blog\/#\/schema\/person\/dcab619c614d3038751c63bc2aadc06d\"},\"description\":\"T\u00eb shtun\u00ebn, m\u00eb 09. 07. 2016, n\u00eb qytetin e vjet\u00ebr t\u00eb Salzburgut do t\u00eb d\u00ebgjohet muzik\u00eb n\u00eb gjuh\u00eb t\u00eb ndryshme, do t\u00eb vall\u00ebzohet dhe festohet n\u00eb m\u00ebnyra t\u00eb\",\"breadcrumb\":{\"@id\":\"https:\/\/www.visit-ulcinj.com\/blog\/2016\/07\/01\/tradita-ana-malit-nga-ulqini-ne-festivalin-e-kulturave-ne-salzburg-te-austrise\/#breadcrumb\"},\"inLanguage\":\"en-US\",\"potentialAction\":[{\"@type\":\"ReadAction\",\"target\":[\"https:\/\/www.visit-ulcinj.com\/blog\/2016\/07\/01\/tradita-ana-malit-nga-ulqini-ne-festivalin-e-kulturave-ne-salzburg-te-austrise\/\"]}]},{\"@type\":\"BreadcrumbList\",\"@id\":\"https:\/\/www.visit-ulcinj.com\/blog\/2016\/07\/01\/tradita-ana-malit-nga-ulqini-ne-festivalin-e-kulturave-ne-salzburg-te-austrise\/#breadcrumb\",\"itemListElement\":[{\"@type\":\"ListItem\",\"position\":1,\"name\":\"Tradita Ana Malit nga Ulqini n\u00eb festivalin e kulturave n\u00eb Salzburg t\u00eb Austris\u00eb\"}]},{\"@type\":\"Person\",\"@id\":\"https:\/\/www.visit-ulcinj.com\/blog\/#\/schema\/person\/dcab619c614d3038751c63bc2aadc06d\",\"name\":\"ulqini\",\"sameAs\":[\"http:\/\/www.visit-ulcinj.com\"],\"url\":\"https:\/\/www.visit-ulcinj.com\/blog\/author\/admin\/\"}]}<\/script>\n<!-- \/ Yoast SEO plugin. -->","yoast_head_json":{"title":"Tradita Ana Malit nga Ulqini n\u00eb festivalin e kulturave n\u00eb Salzburg t\u00eb Austris\u00eb - Lajme nga Ulqini","description":"T\u00eb shtun\u00ebn, m\u00eb 09. 07. 2016, n\u00eb qytetin e vjet\u00ebr t\u00eb Salzburgut do t\u00eb d\u00ebgjohet muzik\u00eb n\u00eb gjuh\u00eb t\u00eb ndryshme, do t\u00eb vall\u00ebzohet dhe festohet n\u00eb m\u00ebnyra t\u00eb","robots":{"index":"index","follow":"follow","max-snippet":"max-snippet:-1","max-image-preview":"max-image-preview:large","max-video-preview":"max-video-preview:-1"},"canonical":"https:\/\/www.visit-ulcinj.com\/blog\/2016\/07\/01\/tradita-ana-malit-nga-ulqini-ne-festivalin-e-kulturave-ne-salzburg-te-austrise\/","og_locale":"en_US","og_type":"article","og_title":"Tradita Ana Malit nga Ulqini n\u00eb festivalin e kulturave n\u00eb Salzburg t\u00eb Austris\u00eb - Lajme nga Ulqini","og_description":"T\u00eb shtun\u00ebn, m\u00eb 09. 07. 2016, n\u00eb qytetin e vjet\u00ebr t\u00eb Salzburgut do t\u00eb d\u00ebgjohet muzik\u00eb n\u00eb gjuh\u00eb t\u00eb ndryshme, do t\u00eb vall\u00ebzohet dhe festohet n\u00eb m\u00ebnyra t\u00eb","og_url":"https:\/\/www.visit-ulcinj.com\/blog\/2016\/07\/01\/tradita-ana-malit-nga-ulqini-ne-festivalin-e-kulturave-ne-salzburg-te-austrise\/","og_site_name":"Lajme nga Ulqini","article_published_time":"2016-07-01T14:05:02+00:00","og_image":[{"url":"http:\/\/www.visit-ulcinj.com\/blog\/wp-content\/uploads\/2016\/07\/SHKA-Tradita-Ana-Malit-Ulqin.jpg"}],"twitter_misc":{"Written by":"ulqini","Est. reading time":"1 minute"},"schema":{"@context":"https:\/\/schema.org","@graph":[{"@type":"WebSite","@id":"https:\/\/www.visit-ulcinj.com\/blog\/#website","url":"https:\/\/www.visit-ulcinj.com\/blog\/","name":"Lajme nga Ulqini","description":"Lajme,Vijesti,Ulqini,Ulqin,Crna Gora,Mali i Zi","potentialAction":[{"@type":"SearchAction","target":{"@type":"EntryPoint","urlTemplate":"https:\/\/www.visit-ulcinj.com\/blog\/?s={search_term_string}"},"query-input":"required name=search_term_string"}],"inLanguage":"en-US"},{"@type":"ImageObject","inLanguage":"en-US","@id":"https:\/\/www.visit-ulcinj.com\/blog\/2016\/07\/01\/tradita-ana-malit-nga-ulqini-ne-festivalin-e-kulturave-ne-salzburg-te-austrise\/#primaryimage","url":"https:\/\/www.visit-ulcinj.com\/blog\/wp-content\/uploads\/2016\/07\/SHKA-Tradita-Ana-Malit-Ulqin.jpg","contentUrl":"https:\/\/www.visit-ulcinj.com\/blog\/wp-content\/uploads\/2016\/07\/SHKA-Tradita-Ana-Malit-Ulqin.jpg","width":900,"height":600},{"@type":"WebPage","@id":"https:\/\/www.visit-ulcinj.com\/blog\/2016\/07\/01\/tradita-ana-malit-nga-ulqini-ne-festivalin-e-kulturave-ne-salzburg-te-austrise\/#webpage","url":"https:\/\/www.visit-ulcinj.com\/blog\/2016\/07\/01\/tradita-ana-malit-nga-ulqini-ne-festivalin-e-kulturave-ne-salzburg-te-austrise\/","name":"Tradita Ana Malit nga Ulqini n\u00eb festivalin e kulturave n\u00eb Salzburg t\u00eb Austris\u00eb - Lajme nga Ulqini","isPartOf":{"@id":"https:\/\/www.visit-ulcinj.com\/blog\/#website"},"primaryImageOfPage":{"@id":"https:\/\/www.visit-ulcinj.com\/blog\/2016\/07\/01\/tradita-ana-malit-nga-ulqini-ne-festivalin-e-kulturave-ne-salzburg-te-austrise\/#primaryimage"},"datePublished":"2016-07-01T14:05:02+00:00","dateModified":"2016-07-01T14:05:02+00:00","author":{"@id":"https:\/\/www.visit-ulcinj.com\/blog\/#\/schema\/person\/dcab619c614d3038751c63bc2aadc06d"},"description":"T\u00eb shtun\u00ebn, m\u00eb 09. 07. 2016, n\u00eb qytetin e vjet\u00ebr t\u00eb Salzburgut do t\u00eb d\u00ebgjohet muzik\u00eb n\u00eb gjuh\u00eb t\u00eb ndryshme, do t\u00eb vall\u00ebzohet dhe festohet n\u00eb m\u00ebnyra t\u00eb","breadcrumb":{"@id":"https:\/\/www.visit-ulcinj.com\/blog\/2016\/07\/01\/tradita-ana-malit-nga-ulqini-ne-festivalin-e-kulturave-ne-salzburg-te-austrise\/#breadcrumb"},"inLanguage":"en-US","potentialAction":[{"@type":"ReadAction","target":["https:\/\/www.visit-ulcinj.com\/blog\/2016\/07\/01\/tradita-ana-malit-nga-ulqini-ne-festivalin-e-kulturave-ne-salzburg-te-austrise\/"]}]},{"@type":"BreadcrumbList","@id":"https:\/\/www.visit-ulcinj.com\/blog\/2016\/07\/01\/tradita-ana-malit-nga-ulqini-ne-festivalin-e-kulturave-ne-salzburg-te-austrise\/#breadcrumb","itemListElement":[{"@type":"ListItem","position":1,"name":"Tradita Ana Malit nga Ulqini n\u00eb festivalin e kulturave n\u00eb Salzburg t\u00eb Austris\u00eb"}]},{"@type":"Person","@id":"https:\/\/www.visit-ulcinj.com\/blog\/#\/schema\/person\/dcab619c614d3038751c63bc2aadc06d","name":"ulqini","sameAs":["http:\/\/www.visit-ulcinj.com"],"url":"https:\/\/www.visit-ulcinj.com\/blog\/author\/admin\/"}]}},"jetpack_featured_media_url":"","jetpack_sharing_enabled":true,"jetpack_shortlink":"https:\/\/wp.me\/pe6lTn-pvd","_links":{"self":[{"href":"https:\/\/www.visit-ulcinj.com\/blog\/wp-json\/wp\/v2\/posts\/98035"}],"collection":[{"href":"https:\/\/www.visit-ulcinj.com\/blog\/wp-json\/wp\/v2\/posts"}],"about":[{"href":"https:\/\/www.visit-ulcinj.com\/blog\/wp-json\/wp\/v2\/types\/post"}],"author":[{"embeddable":true,"href":"https:\/\/www.visit-ulcinj.com\/blog\/wp-json\/wp\/v2\/users\/1"}],"replies":[{"embeddable":true,"href":"https:\/\/www.visit-ulcinj.com\/blog\/wp-json\/wp\/v2\/comments?post=98035"}],"version-history":[{"count":1,"href":"https:\/\/www.visit-ulcinj.com\/blog\/wp-json\/wp\/v2\/posts\/98035\/revisions"}],"predecessor-version":[{"id":98037,"href":"https:\/\/www.visit-ulcinj.com\/blog\/wp-json\/wp\/v2\/posts\/98035\/revisions\/98037"}],"wp:attachment":[{"href":"https:\/\/www.visit-ulcinj.com\/blog\/wp-json\/wp\/v2\/media?parent=98035"}],"wp:term":[{"taxonomy":"category","embeddable":true,"href":"https:\/\/www.visit-ulcinj.com\/blog\/wp-json\/wp\/v2\/categories?post=98035"},{"taxonomy":"post_tag","embeddable":true,"href":"https:\/\/www.visit-ulcinj.com\/blog\/wp-json\/wp\/v2\/tags?post=98035"}],"curies":[{"name":"wp","href":"https:\/\/api.w.org\/{rel}","templated":true}]}}