{"id":98047,"date":"2016-07-02T19:29:26","date_gmt":"2016-07-02T18:29:26","guid":{"rendered":"http:\/\/www.visit-ulcinj.com\/blog\/?p=98047"},"modified":"2016-07-03T13:05:04","modified_gmt":"2016-07-03T12:05:04","slug":"cungu-ne-finalen-e-turneut-te-head-cup-bruchkobel-germany","status":"publish","type":"post","link":"https:\/\/www.visit-ulcinj.com\/blog\/2016\/07\/02\/cungu-ne-finalen-e-turneut-te-head-cup-bruchkobel-germany\/","title":{"rendered":"Cungu n\u00eb finalen e turneut t\u00eb HEAD Cup Bruchk\u00f6bel Germany"},"content":{"rendered":"<p><a href=\"http:\/\/www.visit-ulcinj.com\/blog\/wp-content\/uploads\/2016\/07\/HEAD-Cup-Bruchk\u00f6bel-Germany-.jpg\"><img loading=\"lazy\" class=\"alignleft wp-image-98048\" src=\"http:\/\/www.visit-ulcinj.com\/blog\/wp-content\/uploads\/2016\/07\/HEAD-Cup-Bruchk\u00f6bel-Germany-.jpg\" alt=\"HEAD Cup Bruchk\u00f6bel Germany-\" width=\"508\" height=\"769\" srcset=\"https:\/\/www.visit-ulcinj.com\/blog\/wp-content\/uploads\/2016\/07\/HEAD-Cup-Bruchk\u00f6bel-Germany-.jpg 374w, https:\/\/www.visit-ulcinj.com\/blog\/wp-content\/uploads\/2016\/07\/HEAD-Cup-Bruchk\u00f6bel-Germany--198x300.jpg 198w\" sizes=\"(max-width: 508px) 100vw, 508px\" \/><\/a>Ne turneun HEAD Cup Bruchk\u00f6bel ne Gjermani,qe ka filluar me 28 gershor 2016,Rrezart Cungu ka arritur nje rezultat fenomenal.<br \/>\nNe rundin e pare ne single Rrezarti fitoi kundershtarin e tij Nico Hornitschek nga Gjermanija me rezultatin 6:0,6:2.Ne rundin e dyt\u00eb ngadhnjeu ndaj gjermanit Oliver Toschib me rezultatin4:6,6:3,6:1.Ne rundin e tret\u00eb fitoi Marcus Anker Sulen nga Norvegja me rezultatin 6:7,6;2,6:1. Ne cerek finale ngadhnjeu ndaj cekut Daniel Velek me rezultatin 6:3,6:1,kurse ne gjysem finale fitoi ndaj bartesit te pare te listes Adrian Andeev nga Bullgaria me rezultatin 6:4,7:6.<\/p>\n<p><a href=\"http:\/\/www.visit-ulcinj.com\/blog\/wp-content\/uploads\/2016\/07\/Cungu-in-HEAD-Cup-Bruchk\u00f6bel-Germany-1.jpg\"><img loading=\"lazy\" class=\"alignleft wp-image-98049\" src=\"http:\/\/www.visit-ulcinj.com\/blog\/wp-content\/uploads\/2016\/07\/Cungu-in-HEAD-Cup-Bruchk\u00f6bel-Germany-1.jpg\" alt=\"Cungu in HEAD Cup Bruchk\u00f6bel Germany-1\" width=\"508\" height=\"767\" srcset=\"https:\/\/www.visit-ulcinj.com\/blog\/wp-content\/uploads\/2016\/07\/Cungu-in-HEAD-Cup-Bruchk\u00f6bel-Germany-1.jpg 720w, https:\/\/www.visit-ulcinj.com\/blog\/wp-content\/uploads\/2016\/07\/Cungu-in-HEAD-Cup-Bruchk\u00f6bel-Germany-1-199x300.jpg 199w, https:\/\/www.visit-ulcinj.com\/blog\/wp-content\/uploads\/2016\/07\/Cungu-in-HEAD-Cup-Bruchk\u00f6bel-Germany-1-678x1024.jpg 678w\" sizes=\"(max-width: 508px) 100vw, 508px\" \/><\/a><\/p>\n<p>Kurse neser luan finale kunder Henry von den Schulenburg nga Zvicra.<br \/>\nGjithashtu Rrezarti pati sukse edhe ne double,ku me partnerin e tij prej Gjermanije,Niklas Schell fituan vendin e pare duke ngadhnjyer ndaj: ciftit gjerman Hochenauer dhe Kraemer 6:2,6:3,ne cerek finale ndaj ciftit Maechac (Ceh) dhe Schylenburg (Ger) me rezultatin 6:0,3:6,(10:6),ne gjymsfinale fituan ndaj ciftit ceh Holis dhe Velek me rezultatin 2:6,7:5 (10:8) dhe ne finale mposhten ciftin gjerman,vllezerit Lemstra me rezultatin 6:2,6:1.<\/p>\n","protected":false},"excerpt":{"rendered":"<p>Ne turneun HEAD Cup Bruchk\u00f6bel ne Gjermani,qe ka filluar me 28 gershor 2016,Rrezart Cungu ka arritur nje rezultat fenomenal. Ne rundin e pare ne single Rrezarti fitoi kundershtarin e tij Nico Hornitschek nga Gjermanija me rezultatin 6:0,6:2.Ne rundin e dyt\u00eb ngadhnjeu ndaj gjermanit Oliver Toschib me rezultatin4:6,6:3,6:1.Ne rundin e tret\u00eb fitoi Marcus Anker Sulen nga [&hellip;]<\/p>\n","protected":false},"author":1,"featured_media":0,"comment_status":"closed","ping_status":"closed","sticky":false,"template":"","format":"standard","meta":{"spay_email":"","jetpack_publicize_message":"","jetpack_is_tweetstorm":false,"jetpack_publicize_feature_enabled":true},"categories":[1,3],"tags":[],"jetpack_publicize_connections":[],"yoast_head":"<!-- This site is optimized with the Yoast SEO plugin v19.1 - https:\/\/yoast.com\/wordpress\/plugins\/seo\/ -->\n<title>Cungu n\u00eb finalen e turneut t\u00eb HEAD Cup Bruchk\u00f6bel Germany - Lajme nga Ulqini<\/title>\n<meta name=\"description\" content=\"Ne turneun HEAD Cup Bruchk\u00f6bel ne Gjermani,qe ka filluar me 28 gershor 2016,Rrezart Cungu ka arritur nje rezultat fenomenal. Ne rundin e pare ne single\" \/>\n<meta name=\"robots\" content=\"index, follow, max-snippet:-1, max-image-preview:large, max-video-preview:-1\" \/>\n<link rel=\"canonical\" href=\"https:\/\/www.visit-ulcinj.com\/blog\/2016\/07\/02\/cungu-ne-finalen-e-turneut-te-head-cup-bruchkobel-germany\/\" \/>\n<meta property=\"og:locale\" content=\"en_US\" \/>\n<meta property=\"og:type\" content=\"article\" \/>\n<meta property=\"og:title\" content=\"Cungu n\u00eb finalen e turneut t\u00eb HEAD Cup Bruchk\u00f6bel Germany - Lajme nga Ulqini\" \/>\n<meta property=\"og:description\" content=\"Ne turneun HEAD Cup Bruchk\u00f6bel ne Gjermani,qe ka filluar me 28 gershor 2016,Rrezart Cungu ka arritur nje rezultat fenomenal. Ne rundin e pare ne single\" \/>\n<meta property=\"og:url\" content=\"https:\/\/www.visit-ulcinj.com\/blog\/2016\/07\/02\/cungu-ne-finalen-e-turneut-te-head-cup-bruchkobel-germany\/\" \/>\n<meta property=\"og:site_name\" content=\"Lajme nga Ulqini\" \/>\n<meta property=\"article:published_time\" content=\"2016-07-02T18:29:26+00:00\" \/>\n<meta property=\"article:modified_time\" content=\"2016-07-03T12:05:04+00:00\" \/>\n<meta name=\"twitter:label1\" content=\"Written by\" \/>\n\t<meta name=\"twitter:data1\" content=\"ulqini\" \/>\n\t<meta name=\"twitter:label2\" content=\"Est. reading time\" \/>\n\t<meta name=\"twitter:data2\" content=\"1 minute\" \/>\n<script type=\"application\/ld+json\" class=\"yoast-schema-graph\">{\"@context\":\"https:\/\/schema.org\",\"@graph\":[{\"@type\":\"WebSite\",\"@id\":\"https:\/\/www.visit-ulcinj.com\/blog\/#website\",\"url\":\"https:\/\/www.visit-ulcinj.com\/blog\/\",\"name\":\"Lajme nga Ulqini\",\"description\":\"Lajme,Vijesti,Ulqini,Ulqin,Crna Gora,Mali i Zi\",\"potentialAction\":[{\"@type\":\"SearchAction\",\"target\":{\"@type\":\"EntryPoint\",\"urlTemplate\":\"https:\/\/www.visit-ulcinj.com\/blog\/?s={search_term_string}\"},\"query-input\":\"required name=search_term_string\"}],\"inLanguage\":\"en-US\"},{\"@type\":\"WebPage\",\"@id\":\"https:\/\/www.visit-ulcinj.com\/blog\/2016\/07\/02\/cungu-ne-finalen-e-turneut-te-head-cup-bruchkobel-germany\/#webpage\",\"url\":\"https:\/\/www.visit-ulcinj.com\/blog\/2016\/07\/02\/cungu-ne-finalen-e-turneut-te-head-cup-bruchkobel-germany\/\",\"name\":\"Cungu n\u00eb finalen e turneut t\u00eb HEAD Cup Bruchk\u00f6bel Germany - Lajme nga Ulqini\",\"isPartOf\":{\"@id\":\"https:\/\/www.visit-ulcinj.com\/blog\/#website\"},\"datePublished\":\"2016-07-02T18:29:26+00:00\",\"dateModified\":\"2016-07-03T12:05:04+00:00\",\"author\":{\"@id\":\"https:\/\/www.visit-ulcinj.com\/blog\/#\/schema\/person\/dcab619c614d3038751c63bc2aadc06d\"},\"description\":\"Ne turneun HEAD Cup Bruchk\u00f6bel ne Gjermani,qe ka filluar me 28 gershor 2016,Rrezart Cungu ka arritur nje rezultat fenomenal. Ne rundin e pare ne single\",\"breadcrumb\":{\"@id\":\"https:\/\/www.visit-ulcinj.com\/blog\/2016\/07\/02\/cungu-ne-finalen-e-turneut-te-head-cup-bruchkobel-germany\/#breadcrumb\"},\"inLanguage\":\"en-US\",\"potentialAction\":[{\"@type\":\"ReadAction\",\"target\":[\"https:\/\/www.visit-ulcinj.com\/blog\/2016\/07\/02\/cungu-ne-finalen-e-turneut-te-head-cup-bruchkobel-germany\/\"]}]},{\"@type\":\"BreadcrumbList\",\"@id\":\"https:\/\/www.visit-ulcinj.com\/blog\/2016\/07\/02\/cungu-ne-finalen-e-turneut-te-head-cup-bruchkobel-germany\/#breadcrumb\",\"itemListElement\":[{\"@type\":\"ListItem\",\"position\":1,\"name\":\"Cungu n\u00eb finalen e turneut t\u00eb HEAD Cup Bruchk\u00f6bel Germany\"}]},{\"@type\":\"Person\",\"@id\":\"https:\/\/www.visit-ulcinj.com\/blog\/#\/schema\/person\/dcab619c614d3038751c63bc2aadc06d\",\"name\":\"ulqini\",\"sameAs\":[\"http:\/\/www.visit-ulcinj.com\"],\"url\":\"https:\/\/www.visit-ulcinj.com\/blog\/author\/admin\/\"}]}<\/script>\n<!-- \/ Yoast SEO plugin. -->","yoast_head_json":{"title":"Cungu n\u00eb finalen e turneut t\u00eb HEAD Cup Bruchk\u00f6bel Germany - Lajme nga Ulqini","description":"Ne turneun HEAD Cup Bruchk\u00f6bel ne Gjermani,qe ka filluar me 28 gershor 2016,Rrezart Cungu ka arritur nje rezultat fenomenal. Ne rundin e pare ne single","robots":{"index":"index","follow":"follow","max-snippet":"max-snippet:-1","max-image-preview":"max-image-preview:large","max-video-preview":"max-video-preview:-1"},"canonical":"https:\/\/www.visit-ulcinj.com\/blog\/2016\/07\/02\/cungu-ne-finalen-e-turneut-te-head-cup-bruchkobel-germany\/","og_locale":"en_US","og_type":"article","og_title":"Cungu n\u00eb finalen e turneut t\u00eb HEAD Cup Bruchk\u00f6bel Germany - Lajme nga Ulqini","og_description":"Ne turneun HEAD Cup Bruchk\u00f6bel ne Gjermani,qe ka filluar me 28 gershor 2016,Rrezart Cungu ka arritur nje rezultat fenomenal. Ne rundin e pare ne single","og_url":"https:\/\/www.visit-ulcinj.com\/blog\/2016\/07\/02\/cungu-ne-finalen-e-turneut-te-head-cup-bruchkobel-germany\/","og_site_name":"Lajme nga Ulqini","article_published_time":"2016-07-02T18:29:26+00:00","article_modified_time":"2016-07-03T12:05:04+00:00","twitter_misc":{"Written by":"ulqini","Est. reading time":"1 minute"},"schema":{"@context":"https:\/\/schema.org","@graph":[{"@type":"WebSite","@id":"https:\/\/www.visit-ulcinj.com\/blog\/#website","url":"https:\/\/www.visit-ulcinj.com\/blog\/","name":"Lajme nga Ulqini","description":"Lajme,Vijesti,Ulqini,Ulqin,Crna Gora,Mali i Zi","potentialAction":[{"@type":"SearchAction","target":{"@type":"EntryPoint","urlTemplate":"https:\/\/www.visit-ulcinj.com\/blog\/?s={search_term_string}"},"query-input":"required name=search_term_string"}],"inLanguage":"en-US"},{"@type":"WebPage","@id":"https:\/\/www.visit-ulcinj.com\/blog\/2016\/07\/02\/cungu-ne-finalen-e-turneut-te-head-cup-bruchkobel-germany\/#webpage","url":"https:\/\/www.visit-ulcinj.com\/blog\/2016\/07\/02\/cungu-ne-finalen-e-turneut-te-head-cup-bruchkobel-germany\/","name":"Cungu n\u00eb finalen e turneut t\u00eb HEAD Cup Bruchk\u00f6bel Germany - Lajme nga Ulqini","isPartOf":{"@id":"https:\/\/www.visit-ulcinj.com\/blog\/#website"},"datePublished":"2016-07-02T18:29:26+00:00","dateModified":"2016-07-03T12:05:04+00:00","author":{"@id":"https:\/\/www.visit-ulcinj.com\/blog\/#\/schema\/person\/dcab619c614d3038751c63bc2aadc06d"},"description":"Ne turneun HEAD Cup Bruchk\u00f6bel ne Gjermani,qe ka filluar me 28 gershor 2016,Rrezart Cungu ka arritur nje rezultat fenomenal. Ne rundin e pare ne single","breadcrumb":{"@id":"https:\/\/www.visit-ulcinj.com\/blog\/2016\/07\/02\/cungu-ne-finalen-e-turneut-te-head-cup-bruchkobel-germany\/#breadcrumb"},"inLanguage":"en-US","potentialAction":[{"@type":"ReadAction","target":["https:\/\/www.visit-ulcinj.com\/blog\/2016\/07\/02\/cungu-ne-finalen-e-turneut-te-head-cup-bruchkobel-germany\/"]}]},{"@type":"BreadcrumbList","@id":"https:\/\/www.visit-ulcinj.com\/blog\/2016\/07\/02\/cungu-ne-finalen-e-turneut-te-head-cup-bruchkobel-germany\/#breadcrumb","itemListElement":[{"@type":"ListItem","position":1,"name":"Cungu n\u00eb finalen e turneut t\u00eb HEAD Cup Bruchk\u00f6bel Germany"}]},{"@type":"Person","@id":"https:\/\/www.visit-ulcinj.com\/blog\/#\/schema\/person\/dcab619c614d3038751c63bc2aadc06d","name":"ulqini","sameAs":["http:\/\/www.visit-ulcinj.com"],"url":"https:\/\/www.visit-ulcinj.com\/blog\/author\/admin\/"}]}},"jetpack_featured_media_url":"","jetpack_sharing_enabled":true,"jetpack_shortlink":"https:\/\/wp.me\/pe6lTn-pvp","_links":{"self":[{"href":"https:\/\/www.visit-ulcinj.com\/blog\/wp-json\/wp\/v2\/posts\/98047"}],"collection":[{"href":"https:\/\/www.visit-ulcinj.com\/blog\/wp-json\/wp\/v2\/posts"}],"about":[{"href":"https:\/\/www.visit-ulcinj.com\/blog\/wp-json\/wp\/v2\/types\/post"}],"author":[{"embeddable":true,"href":"https:\/\/www.visit-ulcinj.com\/blog\/wp-json\/wp\/v2\/users\/1"}],"replies":[{"embeddable":true,"href":"https:\/\/www.visit-ulcinj.com\/blog\/wp-json\/wp\/v2\/comments?post=98047"}],"version-history":[{"count":1,"href":"https:\/\/www.visit-ulcinj.com\/blog\/wp-json\/wp\/v2\/posts\/98047\/revisions"}],"predecessor-version":[{"id":98050,"href":"https:\/\/www.visit-ulcinj.com\/blog\/wp-json\/wp\/v2\/posts\/98047\/revisions\/98050"}],"wp:attachment":[{"href":"https:\/\/www.visit-ulcinj.com\/blog\/wp-json\/wp\/v2\/media?parent=98047"}],"wp:term":[{"taxonomy":"category","embeddable":true,"href":"https:\/\/www.visit-ulcinj.com\/blog\/wp-json\/wp\/v2\/categories?post=98047"},{"taxonomy":"post_tag","embeddable":true,"href":"https:\/\/www.visit-ulcinj.com\/blog\/wp-json\/wp\/v2\/tags?post=98047"}],"curies":[{"name":"wp","href":"https:\/\/api.w.org\/{rel}","templated":true}]}}