{"id":9805,"date":"2009-01-26T21:21:47","date_gmt":"2009-01-26T20:21:47","guid":{"rendered":"http:\/\/www.visit-ulcinj.com\/blog\/?p=9805"},"modified":"2009-01-26T21:21:51","modified_gmt":"2009-01-26T20:21:51","slug":"nansen-dialog-nje-program-elitar-edukativ","status":"publish","type":"post","link":"https:\/\/www.visit-ulcinj.com\/blog\/2009\/01\/26\/nansen-dialog-nje-program-elitar-edukativ\/","title":{"rendered":"Nansen Dialog: Nj\u00eb program elitar edukativ"},"content":{"rendered":"<p><strong><a rel=\"attachment wp-att-9806\" href=\"http:\/\/www.visit-ulcinj.com\/blog\/2009\/01\/26\/nansen-dialog-nje-program-elitar-edukativ\/nansen-dialogue-centre-montenegro\/\"><img loading=\"lazy\" class=\"alignleft size-full wp-image-9806\" title=\"nansen-dialogue-centre-montenegro\" src=\"http:\/\/www.visit-ulcinj.com\/blog\/wp-content\/uploads\/2009\/01\/nansen-dialogue-centre-montenegro.jpg\" alt=\"nansen-dialogue-centre-montenegro\" width=\"570\" height=\"400\" \/><\/a>Filloi pun\u00eb gjenerata e shtat\u00eb e shkoll\u00ebs s\u00eb udh\u00ebheqjes politike n\u00eb Mal t\u00eb Zi<br \/>\nT\u00eb premten n\u00eb Petrovac filloi pun\u00ebn gjenerata e shtat\u00eb e Shkoll\u00ebs s\u00eb.<\/strong><br \/>\nUdh\u00ebheqjes Politike n\u00eb Mal t\u00eb Zi e cila organizohet nga Qendra Nansen Dialog, n\u00eb kuad\u00ebr t\u00eb Rrjetit t\u00eb Shkoll\u00ebs s\u00eb Studimeve Politike t\u00eb K\u00ebshillit t\u00eb Evrop\u00ebs, n\u00eb bashk\u00ebpunim me Fondacionin Instituti p\u00ebr Shoq\u00ebri t\u00eb Hapur, Institutin Demokratik Nacional (NDI), Misionin e OSBE-s\u00eb n\u00eb Mal t\u00eb Zi, Akademin\u00eb Nansen nga Lilehameri i Norvegjis\u00eb dhe Parlamenti i Malit t\u00eb Zi.<br \/>\nN\u00eb pjes\u00ebn ceremoniale t\u00eb hapjes pjes\u00ebmarr\u00ebsit i p\u00ebrsh\u00ebndet\u00ebn z. Haakon Blankenborg, ambasador i Mbret\u00ebris\u00eb s\u00eb Norvegjis\u00eb, znj. Sanja Elezoviq, drejtoresh\u00eb e Fondit p\u00ebr Shoq\u00ebri t\u00eb Hapur n\u00eb Mal t\u00eb Zi, z. Valdemar Figaj, z\u00ebvend\u00ebsshef i Misionit t\u00eb OSBE-s\u00eb n\u00eb Mal t\u00eb Zi.<br \/>\nPjes\u00ebmarr\u00ebs t\u00eb k\u00ebtij programi edukativ elitar jan\u00eb politikan\u00eb n\u00eb poste m\u00eb t\u00eb r\u00ebnd\u00ebsish\u00ebm n\u00eb partit\u00eb e tyre, lider\u00eb t\u00eb organizatave joqeveritare, sindikatave dhe gazetar\u00eb t\u00eb rubrikave t\u00eb politik\u00ebs t\u00eb mediave kryesore n\u00eb Mal t\u00eb Zi.<br \/>\nModuli i par\u00eb q\u00eb zgjati deri t\u00eb h\u00ebn\u00ebn iu kushtua integrimeve europiane, barazis\u00eb gjinore dhe decentralizimit.<br \/>\nLidhur me k\u00ebto tema ligj\u00ebruan Sonja Licht, drejtoresh\u00eb e Fondit p\u00ebr Ve\u00e7anti Politike nga Beogradi, dr. Gjorgjije Bllazhiq, profesor universiteti n\u00eb Podgoric\u00eb, Novi Pazar dhe Beograd, Natasha Obradoviq, ekspert p\u00ebr financa &#8211; udh\u00ebheq\u00ebse e projektit p\u00ebr themelimin e Fondit revolving, Dragan Gjuriq, shef i Nj\u00ebsis\u00eb menaxhuese t\u00eb Programit p\u00ebr Zhvillimin e Kapaciteteve pran\u00eb Qeveris\u00eb s\u00eb Malit t\u00eb Zi, Negjelko Gjuroviq, gazetar, Hana Hubackova, ambasadore e \u00c7ekis\u00eb, vend udh\u00ebheq\u00ebs i BE-s\u00eb, Leopold Maurer, shef i Delegacionit t\u00eb Komisionit Europian n\u00eb Mal t\u00eb Zi, Haakon Blankenborg, ambasador i Mbret\u00ebris\u00eb s\u00eb Norvegjis\u00eb, Ana Vukadinoviq, sekretare e Sekretariatit p\u00ebr Integrime Europiane, prof. dr. \u00c7edomir \u00c7upiq, profesor n\u00eb Fakultetin e Shkencave Politike, dhe Nada Drobnjak, shefe e Zyr\u00ebs p\u00ebr Barazi Gjinore pran\u00eb Qeveris\u00eb s\u00eb Malit t\u00eb Zi.<br \/>\nShkolla e Udh\u00ebheqjes Politike zhvillohet n\u00eb pes\u00eb module disaditore dhe zgjat deri n\u00eb muajin shtator. Moduli i dyt\u00eb do t\u00eb zhvillohet nga data 6-8 shkurt.<br \/>\n<strong>I.Kallaba<br \/>\nKoha Javore<\/strong><\/p>\n","protected":false},"excerpt":{"rendered":"<p>Filloi pun\u00eb gjenerata e shtat\u00eb e shkoll\u00ebs s\u00eb udh\u00ebheqjes politike n\u00eb Mal t\u00eb Zi T\u00eb premten n\u00eb Petrovac filloi pun\u00ebn gjenerata e shtat\u00eb e Shkoll\u00ebs s\u00eb. Udh\u00ebheqjes Politike n\u00eb Mal t\u00eb Zi e cila organizohet nga Qendra Nansen Dialog, n\u00eb kuad\u00ebr t\u00eb Rrjetit t\u00eb Shkoll\u00ebs s\u00eb Studimeve Politike t\u00eb K\u00ebshillit t\u00eb Evrop\u00ebs, n\u00eb bashk\u00ebpunim me [&hellip;]<\/p>\n","protected":false},"author":1,"featured_media":0,"comment_status":"open","ping_status":"closed","sticky":false,"template":"","format":"standard","meta":{"spay_email":"","jetpack_publicize_message":"","jetpack_is_tweetstorm":false,"jetpack_publicize_feature_enabled":true},"categories":[11],"tags":[6108,6109,6103,6107,95,6110,4378,6106,6105,6111,200,6104],"jetpack_publicize_connections":[],"yoast_head":"<!-- This site is optimized with the Yoast SEO plugin v19.1 - https:\/\/yoast.com\/wordpress\/plugins\/seo\/ -->\n<title>Nansen Dialog: Nj\u00eb program elitar edukativ - Lajme nga Ulqini<\/title>\n<meta name=\"description\" content=\"Filloi pun\u00eb gjenerata e shtat\u00eb e shkoll\u00ebs s\u00eb udh\u00ebheqjes politike n\u00eb Mal t\u00eb Zi T\u00eb premten n\u00eb Petrovac filloi pun\u00ebn gjenerata e shtat\u00eb e Shkoll\u00ebs s\u00eb.\" \/>\n<meta name=\"robots\" content=\"index, follow, max-snippet:-1, max-image-preview:large, max-video-preview:-1\" \/>\n<link rel=\"canonical\" href=\"https:\/\/www.visit-ulcinj.com\/blog\/2009\/01\/26\/nansen-dialog-nje-program-elitar-edukativ\/\" \/>\n<meta property=\"og:locale\" content=\"en_US\" \/>\n<meta property=\"og:type\" content=\"article\" \/>\n<meta property=\"og:title\" content=\"Nansen Dialog: Nj\u00eb program elitar edukativ - Lajme nga Ulqini\" \/>\n<meta property=\"og:description\" content=\"Filloi pun\u00eb gjenerata e shtat\u00eb e shkoll\u00ebs s\u00eb udh\u00ebheqjes politike n\u00eb Mal t\u00eb Zi T\u00eb premten n\u00eb Petrovac filloi pun\u00ebn gjenerata e shtat\u00eb e Shkoll\u00ebs s\u00eb.\" \/>\n<meta property=\"og:url\" content=\"https:\/\/www.visit-ulcinj.com\/blog\/2009\/01\/26\/nansen-dialog-nje-program-elitar-edukativ\/\" \/>\n<meta property=\"og:site_name\" content=\"Lajme nga Ulqini\" \/>\n<meta property=\"article:published_time\" content=\"2009-01-26T20:21:47+00:00\" \/>\n<meta property=\"article:modified_time\" content=\"2009-01-26T20:21:51+00:00\" \/>\n<meta property=\"og:image\" content=\"http:\/\/www.visit-ulcinj.com\/blog\/wp-content\/uploads\/2009\/01\/nansen-dialogue-centre-montenegro.jpg\" \/>\n<meta name=\"twitter:label1\" content=\"Written by\" \/>\n\t<meta name=\"twitter:data1\" content=\"ulqini\" \/>\n\t<meta name=\"twitter:label2\" content=\"Est. reading time\" \/>\n\t<meta name=\"twitter:data2\" content=\"2 minutes\" \/>\n<script type=\"application\/ld+json\" class=\"yoast-schema-graph\">{\"@context\":\"https:\/\/schema.org\",\"@graph\":[{\"@type\":\"WebSite\",\"@id\":\"https:\/\/www.visit-ulcinj.com\/blog\/#website\",\"url\":\"https:\/\/www.visit-ulcinj.com\/blog\/\",\"name\":\"Lajme nga Ulqini\",\"description\":\"Lajme,Vijesti,Ulqini,Ulqin,Crna Gora,Mali i Zi\",\"potentialAction\":[{\"@type\":\"SearchAction\",\"target\":{\"@type\":\"EntryPoint\",\"urlTemplate\":\"https:\/\/www.visit-ulcinj.com\/blog\/?s={search_term_string}\"},\"query-input\":\"required name=search_term_string\"}],\"inLanguage\":\"en-US\"},{\"@type\":\"ImageObject\",\"inLanguage\":\"en-US\",\"@id\":\"https:\/\/www.visit-ulcinj.com\/blog\/2009\/01\/26\/nansen-dialog-nje-program-elitar-edukativ\/#primaryimage\",\"url\":\"https:\/\/www.visit-ulcinj.com\/blog\/wp-content\/uploads\/2009\/01\/nansen-dialogue-centre-montenegro.jpg\",\"contentUrl\":\"https:\/\/www.visit-ulcinj.com\/blog\/wp-content\/uploads\/2009\/01\/nansen-dialogue-centre-montenegro.jpg\",\"width\":\"600\",\"height\":\"400\"},{\"@type\":\"WebPage\",\"@id\":\"https:\/\/www.visit-ulcinj.com\/blog\/2009\/01\/26\/nansen-dialog-nje-program-elitar-edukativ\/#webpage\",\"url\":\"https:\/\/www.visit-ulcinj.com\/blog\/2009\/01\/26\/nansen-dialog-nje-program-elitar-edukativ\/\",\"name\":\"Nansen Dialog: Nj\u00eb program elitar edukativ - Lajme nga Ulqini\",\"isPartOf\":{\"@id\":\"https:\/\/www.visit-ulcinj.com\/blog\/#website\"},\"primaryImageOfPage\":{\"@id\":\"https:\/\/www.visit-ulcinj.com\/blog\/2009\/01\/26\/nansen-dialog-nje-program-elitar-edukativ\/#primaryimage\"},\"datePublished\":\"2009-01-26T20:21:47+00:00\",\"dateModified\":\"2009-01-26T20:21:51+00:00\",\"author\":{\"@id\":\"https:\/\/www.visit-ulcinj.com\/blog\/#\/schema\/person\/dcab619c614d3038751c63bc2aadc06d\"},\"description\":\"Filloi pun\u00eb gjenerata e shtat\u00eb e shkoll\u00ebs s\u00eb udh\u00ebheqjes politike n\u00eb Mal t\u00eb Zi T\u00eb premten n\u00eb Petrovac filloi pun\u00ebn gjenerata e shtat\u00eb e Shkoll\u00ebs s\u00eb.\",\"breadcrumb\":{\"@id\":\"https:\/\/www.visit-ulcinj.com\/blog\/2009\/01\/26\/nansen-dialog-nje-program-elitar-edukativ\/#breadcrumb\"},\"inLanguage\":\"en-US\",\"potentialAction\":[{\"@type\":\"ReadAction\",\"target\":[\"https:\/\/www.visit-ulcinj.com\/blog\/2009\/01\/26\/nansen-dialog-nje-program-elitar-edukativ\/\"]}]},{\"@type\":\"BreadcrumbList\",\"@id\":\"https:\/\/www.visit-ulcinj.com\/blog\/2009\/01\/26\/nansen-dialog-nje-program-elitar-edukativ\/#breadcrumb\",\"itemListElement\":[{\"@type\":\"ListItem\",\"position\":1,\"name\":\"Nansen Dialog: Nj\u00eb program elitar edukativ\"}]},{\"@type\":\"Person\",\"@id\":\"https:\/\/www.visit-ulcinj.com\/blog\/#\/schema\/person\/dcab619c614d3038751c63bc2aadc06d\",\"name\":\"ulqini\",\"sameAs\":[\"http:\/\/www.visit-ulcinj.com\"],\"url\":\"https:\/\/www.visit-ulcinj.com\/blog\/author\/admin\/\"}]}<\/script>\n<!-- \/ Yoast SEO plugin. -->","yoast_head_json":{"title":"Nansen Dialog: Nj\u00eb program elitar edukativ - Lajme nga Ulqini","description":"Filloi pun\u00eb gjenerata e shtat\u00eb e shkoll\u00ebs s\u00eb udh\u00ebheqjes politike n\u00eb Mal t\u00eb Zi T\u00eb premten n\u00eb Petrovac filloi pun\u00ebn gjenerata e shtat\u00eb e Shkoll\u00ebs s\u00eb.","robots":{"index":"index","follow":"follow","max-snippet":"max-snippet:-1","max-image-preview":"max-image-preview:large","max-video-preview":"max-video-preview:-1"},"canonical":"https:\/\/www.visit-ulcinj.com\/blog\/2009\/01\/26\/nansen-dialog-nje-program-elitar-edukativ\/","og_locale":"en_US","og_type":"article","og_title":"Nansen Dialog: Nj\u00eb program elitar edukativ - Lajme nga Ulqini","og_description":"Filloi pun\u00eb gjenerata e shtat\u00eb e shkoll\u00ebs s\u00eb udh\u00ebheqjes politike n\u00eb Mal t\u00eb Zi T\u00eb premten n\u00eb Petrovac filloi pun\u00ebn gjenerata e shtat\u00eb e Shkoll\u00ebs s\u00eb.","og_url":"https:\/\/www.visit-ulcinj.com\/blog\/2009\/01\/26\/nansen-dialog-nje-program-elitar-edukativ\/","og_site_name":"Lajme nga Ulqini","article_published_time":"2009-01-26T20:21:47+00:00","article_modified_time":"2009-01-26T20:21:51+00:00","og_image":[{"url":"http:\/\/www.visit-ulcinj.com\/blog\/wp-content\/uploads\/2009\/01\/nansen-dialogue-centre-montenegro.jpg"}],"twitter_misc":{"Written by":"ulqini","Est. reading time":"2 minutes"},"schema":{"@context":"https:\/\/schema.org","@graph":[{"@type":"WebSite","@id":"https:\/\/www.visit-ulcinj.com\/blog\/#website","url":"https:\/\/www.visit-ulcinj.com\/blog\/","name":"Lajme nga Ulqini","description":"Lajme,Vijesti,Ulqini,Ulqin,Crna Gora,Mali i Zi","potentialAction":[{"@type":"SearchAction","target":{"@type":"EntryPoint","urlTemplate":"https:\/\/www.visit-ulcinj.com\/blog\/?s={search_term_string}"},"query-input":"required name=search_term_string"}],"inLanguage":"en-US"},{"@type":"ImageObject","inLanguage":"en-US","@id":"https:\/\/www.visit-ulcinj.com\/blog\/2009\/01\/26\/nansen-dialog-nje-program-elitar-edukativ\/#primaryimage","url":"https:\/\/www.visit-ulcinj.com\/blog\/wp-content\/uploads\/2009\/01\/nansen-dialogue-centre-montenegro.jpg","contentUrl":"https:\/\/www.visit-ulcinj.com\/blog\/wp-content\/uploads\/2009\/01\/nansen-dialogue-centre-montenegro.jpg","width":"600","height":"400"},{"@type":"WebPage","@id":"https:\/\/www.visit-ulcinj.com\/blog\/2009\/01\/26\/nansen-dialog-nje-program-elitar-edukativ\/#webpage","url":"https:\/\/www.visit-ulcinj.com\/blog\/2009\/01\/26\/nansen-dialog-nje-program-elitar-edukativ\/","name":"Nansen Dialog: Nj\u00eb program elitar edukativ - Lajme nga Ulqini","isPartOf":{"@id":"https:\/\/www.visit-ulcinj.com\/blog\/#website"},"primaryImageOfPage":{"@id":"https:\/\/www.visit-ulcinj.com\/blog\/2009\/01\/26\/nansen-dialog-nje-program-elitar-edukativ\/#primaryimage"},"datePublished":"2009-01-26T20:21:47+00:00","dateModified":"2009-01-26T20:21:51+00:00","author":{"@id":"https:\/\/www.visit-ulcinj.com\/blog\/#\/schema\/person\/dcab619c614d3038751c63bc2aadc06d"},"description":"Filloi pun\u00eb gjenerata e shtat\u00eb e shkoll\u00ebs s\u00eb udh\u00ebheqjes politike n\u00eb Mal t\u00eb Zi T\u00eb premten n\u00eb Petrovac filloi pun\u00ebn gjenerata e shtat\u00eb e Shkoll\u00ebs s\u00eb.","breadcrumb":{"@id":"https:\/\/www.visit-ulcinj.com\/blog\/2009\/01\/26\/nansen-dialog-nje-program-elitar-edukativ\/#breadcrumb"},"inLanguage":"en-US","potentialAction":[{"@type":"ReadAction","target":["https:\/\/www.visit-ulcinj.com\/blog\/2009\/01\/26\/nansen-dialog-nje-program-elitar-edukativ\/"]}]},{"@type":"BreadcrumbList","@id":"https:\/\/www.visit-ulcinj.com\/blog\/2009\/01\/26\/nansen-dialog-nje-program-elitar-edukativ\/#breadcrumb","itemListElement":[{"@type":"ListItem","position":1,"name":"Nansen Dialog: Nj\u00eb program elitar edukativ"}]},{"@type":"Person","@id":"https:\/\/www.visit-ulcinj.com\/blog\/#\/schema\/person\/dcab619c614d3038751c63bc2aadc06d","name":"ulqini","sameAs":["http:\/\/www.visit-ulcinj.com"],"url":"https:\/\/www.visit-ulcinj.com\/blog\/author\/admin\/"}]}},"jetpack_featured_media_url":"","jetpack_sharing_enabled":true,"jetpack_shortlink":"https:\/\/wp.me\/pe6lTn-2y9","_links":{"self":[{"href":"https:\/\/www.visit-ulcinj.com\/blog\/wp-json\/wp\/v2\/posts\/9805"}],"collection":[{"href":"https:\/\/www.visit-ulcinj.com\/blog\/wp-json\/wp\/v2\/posts"}],"about":[{"href":"https:\/\/www.visit-ulcinj.com\/blog\/wp-json\/wp\/v2\/types\/post"}],"author":[{"embeddable":true,"href":"https:\/\/www.visit-ulcinj.com\/blog\/wp-json\/wp\/v2\/users\/1"}],"replies":[{"embeddable":true,"href":"https:\/\/www.visit-ulcinj.com\/blog\/wp-json\/wp\/v2\/comments?post=9805"}],"version-history":[{"count":0,"href":"https:\/\/www.visit-ulcinj.com\/blog\/wp-json\/wp\/v2\/posts\/9805\/revisions"}],"wp:attachment":[{"href":"https:\/\/www.visit-ulcinj.com\/blog\/wp-json\/wp\/v2\/media?parent=9805"}],"wp:term":[{"taxonomy":"category","embeddable":true,"href":"https:\/\/www.visit-ulcinj.com\/blog\/wp-json\/wp\/v2\/categories?post=9805"},{"taxonomy":"post_tag","embeddable":true,"href":"https:\/\/www.visit-ulcinj.com\/blog\/wp-json\/wp\/v2\/tags?post=9805"}],"curies":[{"name":"wp","href":"https:\/\/api.w.org\/{rel}","templated":true}]}}