{"id":98075,"date":"2016-07-03T18:21:01","date_gmt":"2016-07-03T17:21:01","guid":{"rendered":"http:\/\/www.visit-ulcinj.com\/blog\/?p=98075"},"modified":"2016-07-03T18:21:01","modified_gmt":"2016-07-03T17:21:01","slug":"dps-abazovic-preuzima-liderstvo-od-rakcevica","status":"publish","type":"post","link":"https:\/\/www.visit-ulcinj.com\/blog\/2016\/07\/03\/dps-abazovic-preuzima-liderstvo-od-rakcevica\/","title":{"rendered":"DPS: Abazovic preuzima liderstvo od Rak\u010devi\u0107a"},"content":{"rendered":"<p><a href=\"http:\/\/www.visit-ulcinj.com\/blog\/wp-content\/uploads\/2015\/02\/Gradjanski-pokret-Dritan-Abazovic-.jpg\"><img loading=\"lazy\" class=\"alignleft wp-image-88666\" src=\"http:\/\/www.visit-ulcinj.com\/blog\/wp-content\/uploads\/2015\/02\/Gradjanski-pokret-Dritan-Abazovic-.jpg\" alt=\"Gradjanski-pokret-Dritan-Abazovic-\" width=\"508\" height=\"286\" srcset=\"https:\/\/www.visit-ulcinj.com\/blog\/wp-content\/uploads\/2015\/02\/Gradjanski-pokret-Dritan-Abazovic-.jpg 1024w, https:\/\/www.visit-ulcinj.com\/blog\/wp-content\/uploads\/2015\/02\/Gradjanski-pokret-Dritan-Abazovic--300x169.jpg 300w\" sizes=\"(max-width: 508px) 100vw, 508px\" \/><\/a>Dritan Abazovi\u0107 o\u010digledno misli da je rad u Vladi neobavezno kandidovanje tema za partijska saop\u0161tenja po URA sistemu, bez izvr\u0161avanja redovnih obaveza svih koji su prihvatili da budu dio izvr\u0161ne vlasti. Tako su Abazovi\u0107 i grupa gra\u0111ana URA za glavnog \u201eizvo\u0111a\u010da radova\u201c izabrali da \u017ertvuju Milorada Vujovi\u0107a, \u010dija svakodnevna saop\u0161tenja uredno dobijaju makar po jedan argumentovan odgovor, iz Vlade ili iz diplomatskog kora. Izgleda da jos samo Vujovi\u0107 nije ukapirao da je \u017ertvovan, poru\u010duju iz Demokratske partije socijalista.<\/p>\n<div class=\"body-text\">\n<p>Kako navode, u moru besmislenih, vjerovatno najkomi\u010dniji primjer navodne opstrukcije na koju se Abazovi\u0107 poziva navela je njegova koleginica Tatjana Be\u010danovi\u0107, tvrdnjom da u Ministarstvu prosvjete nikako ne mo\u017ee da dobije akt o sistematizaciji na uvid.<\/p>\n<p>&#8220;Taj dokument je, ina\u010de, dostupan kompletnoj javnosti na sajtu Ministarstva od 04. decembra 2015. godine, kada je usvojen, i gra\u0111ani su ga pruzeli 412 puta. Svi, osim Tatjane Be\u010danovi\u0107. Dakle, grupa gra\u0111ana koja ne zna \u0161to su izbori, jer na njih nikad nije iza\u0161la, ne zna ni gdje ni \u0161to da tra\u017ei, a kamoli \u0161to su poslovi i obaveze Vladinih funkcionera&#8221;, navode iz DPS-a.<\/p>\n<p>Koristan savjet za Abazovi\u0107a i njegovu grupu gra\u0111ana bi bio da se, kako poru\u010duju, manu DPS-a i da se posvete svojim bira\u010dima.<\/p>\n<p>&#8220;Po svemu sude\u0107i, njegova zapaljiva i neutemeljena retorika zna\u010dajno doprinosi da program na\u0161e partije bude sve prihvatljiviji njegovom bira\u010dkom tijelu. Imamo razumijevanje za Abazovi\u0107evu primjetnu nervozu, posebno nakon objavljivanja rezultata razli\u010ditih istra\u017eivanja javnog mnjenja koji o\u010digledno odstupaju od \u017eelja i procjena njegove grupe gra\u0111ana. Ne bi nas iznenadilo da Dritan, ukoliko procijeni da stvari ne idu onako kako je on o\u010dekivao, do izbora jo\u0161 koji put promeni strana\u010dki dres&#8221;, navode iz DPS.<\/p>\n<p>\u0160to se ti\u010de Abazovi\u0107evog nagovje\u0161taja o izlasku opozicionih ministara iz Vlade &#8211; na volju im, poru\u010duju iz DPS.<\/p>\n<p>&#8220;Gra\u0111ani \u0107e na izborima odrediti mjeru svima, i DPS-u i grupi gra\u0111ana URA i partijama \u010diji je on portparol, koji sve vi\u0161e istiskuje Rak\u010devi\u0107a sa liderske pozicije i sve vi\u0161e preuzima Rudovi\u0107evu ulogu u medijskoj sferi&#8221;, zaklju\u010duje se u saop\u0161tenju DPS.<\/p>\n<p><strong>Izvor: CDM<\/strong><\/p>\n<\/div>\n","protected":false},"excerpt":{"rendered":"<p>Dritan Abazovi\u0107 o\u010digledno misli da je rad u Vladi neobavezno kandidovanje tema za partijska saop\u0161tenja po URA sistemu, bez izvr\u0161avanja redovnih obaveza svih koji su prihvatili da budu dio izvr\u0161ne vlasti. Tako su Abazovi\u0107 i grupa gra\u0111ana URA za glavnog \u201eizvo\u0111a\u010da radova\u201c izabrali da \u017ertvuju Milorada Vujovi\u0107a, \u010dija svakodnevna saop\u0161tenja uredno dobijaju makar po jedan [&hellip;]<\/p>\n","protected":false},"author":1,"featured_media":0,"comment_status":"closed","ping_status":"closed","sticky":false,"template":"","format":"standard","meta":{"spay_email":"","jetpack_publicize_message":"","jetpack_is_tweetstorm":false,"jetpack_publicize_feature_enabled":true},"categories":[8337],"tags":[],"jetpack_publicize_connections":[],"yoast_head":"<!-- This site is optimized with the Yoast SEO plugin v19.1 - https:\/\/yoast.com\/wordpress\/plugins\/seo\/ -->\n<title>DPS: Abazovic preuzima liderstvo od Rak\u010devi\u0107a - Lajme nga Ulqini<\/title>\n<meta name=\"description\" content=\"Dritan Abazovi\u0107 o\u010digledno misli da je rad u Vladi neobavezno kandidovanje tema za partijska saop\u0161tenja po URA sistemu, bez izvr\u0161avanja redovnih obaveza\" \/>\n<meta name=\"robots\" content=\"index, follow, max-snippet:-1, max-image-preview:large, max-video-preview:-1\" \/>\n<link rel=\"canonical\" href=\"https:\/\/www.visit-ulcinj.com\/blog\/2016\/07\/03\/dps-abazovic-preuzima-liderstvo-od-rakcevica\/\" \/>\n<meta property=\"og:locale\" content=\"en_US\" \/>\n<meta property=\"og:type\" content=\"article\" \/>\n<meta property=\"og:title\" content=\"DPS: Abazovic preuzima liderstvo od Rak\u010devi\u0107a - Lajme nga Ulqini\" \/>\n<meta property=\"og:description\" content=\"Dritan Abazovi\u0107 o\u010digledno misli da je rad u Vladi neobavezno kandidovanje tema za partijska saop\u0161tenja po URA sistemu, bez izvr\u0161avanja redovnih obaveza\" \/>\n<meta property=\"og:url\" content=\"https:\/\/www.visit-ulcinj.com\/blog\/2016\/07\/03\/dps-abazovic-preuzima-liderstvo-od-rakcevica\/\" \/>\n<meta property=\"og:site_name\" content=\"Lajme nga Ulqini\" \/>\n<meta property=\"article:published_time\" content=\"2016-07-03T17:21:01+00:00\" \/>\n<meta property=\"og:image\" content=\"http:\/\/www.visit-ulcinj.com\/blog\/wp-content\/uploads\/2015\/02\/Gradjanski-pokret-Dritan-Abazovic-.jpg\" \/>\n<meta name=\"twitter:label1\" content=\"Written by\" \/>\n\t<meta name=\"twitter:data1\" content=\"ulqini\" \/>\n\t<meta name=\"twitter:label2\" content=\"Est. reading time\" \/>\n\t<meta name=\"twitter:data2\" content=\"2 minutes\" \/>\n<script type=\"application\/ld+json\" class=\"yoast-schema-graph\">{\"@context\":\"https:\/\/schema.org\",\"@graph\":[{\"@type\":\"WebSite\",\"@id\":\"https:\/\/www.visit-ulcinj.com\/blog\/#website\",\"url\":\"https:\/\/www.visit-ulcinj.com\/blog\/\",\"name\":\"Lajme nga Ulqini\",\"description\":\"Lajme,Vijesti,Ulqini,Ulqin,Crna Gora,Mali i Zi\",\"potentialAction\":[{\"@type\":\"SearchAction\",\"target\":{\"@type\":\"EntryPoint\",\"urlTemplate\":\"https:\/\/www.visit-ulcinj.com\/blog\/?s={search_term_string}\"},\"query-input\":\"required name=search_term_string\"}],\"inLanguage\":\"en-US\"},{\"@type\":\"ImageObject\",\"inLanguage\":\"en-US\",\"@id\":\"https:\/\/www.visit-ulcinj.com\/blog\/2016\/07\/03\/dps-abazovic-preuzima-liderstvo-od-rakcevica\/#primaryimage\",\"url\":\"https:\/\/www.visit-ulcinj.com\/blog\/wp-content\/uploads\/2015\/02\/Gradjanski-pokret-Dritan-Abazovic-.jpg\",\"contentUrl\":\"https:\/\/www.visit-ulcinj.com\/blog\/wp-content\/uploads\/2015\/02\/Gradjanski-pokret-Dritan-Abazovic-.jpg\",\"width\":1024,\"height\":576},{\"@type\":\"WebPage\",\"@id\":\"https:\/\/www.visit-ulcinj.com\/blog\/2016\/07\/03\/dps-abazovic-preuzima-liderstvo-od-rakcevica\/#webpage\",\"url\":\"https:\/\/www.visit-ulcinj.com\/blog\/2016\/07\/03\/dps-abazovic-preuzima-liderstvo-od-rakcevica\/\",\"name\":\"DPS: Abazovic preuzima liderstvo od Rak\u010devi\u0107a - Lajme nga Ulqini\",\"isPartOf\":{\"@id\":\"https:\/\/www.visit-ulcinj.com\/blog\/#website\"},\"primaryImageOfPage\":{\"@id\":\"https:\/\/www.visit-ulcinj.com\/blog\/2016\/07\/03\/dps-abazovic-preuzima-liderstvo-od-rakcevica\/#primaryimage\"},\"datePublished\":\"2016-07-03T17:21:01+00:00\",\"dateModified\":\"2016-07-03T17:21:01+00:00\",\"author\":{\"@id\":\"https:\/\/www.visit-ulcinj.com\/blog\/#\/schema\/person\/dcab619c614d3038751c63bc2aadc06d\"},\"description\":\"Dritan Abazovi\u0107 o\u010digledno misli da je rad u Vladi neobavezno kandidovanje tema za partijska saop\u0161tenja po URA sistemu, bez izvr\u0161avanja redovnih obaveza\",\"breadcrumb\":{\"@id\":\"https:\/\/www.visit-ulcinj.com\/blog\/2016\/07\/03\/dps-abazovic-preuzima-liderstvo-od-rakcevica\/#breadcrumb\"},\"inLanguage\":\"en-US\",\"potentialAction\":[{\"@type\":\"ReadAction\",\"target\":[\"https:\/\/www.visit-ulcinj.com\/blog\/2016\/07\/03\/dps-abazovic-preuzima-liderstvo-od-rakcevica\/\"]}]},{\"@type\":\"BreadcrumbList\",\"@id\":\"https:\/\/www.visit-ulcinj.com\/blog\/2016\/07\/03\/dps-abazovic-preuzima-liderstvo-od-rakcevica\/#breadcrumb\",\"itemListElement\":[{\"@type\":\"ListItem\",\"position\":1,\"name\":\"DPS: Abazovic preuzima liderstvo od Rak\u010devi\u0107a\"}]},{\"@type\":\"Person\",\"@id\":\"https:\/\/www.visit-ulcinj.com\/blog\/#\/schema\/person\/dcab619c614d3038751c63bc2aadc06d\",\"name\":\"ulqini\",\"sameAs\":[\"http:\/\/www.visit-ulcinj.com\"],\"url\":\"https:\/\/www.visit-ulcinj.com\/blog\/author\/admin\/\"}]}<\/script>\n<!-- \/ Yoast SEO plugin. -->","yoast_head_json":{"title":"DPS: Abazovic preuzima liderstvo od Rak\u010devi\u0107a - Lajme nga Ulqini","description":"Dritan Abazovi\u0107 o\u010digledno misli da je rad u Vladi neobavezno kandidovanje tema za partijska saop\u0161tenja po URA sistemu, bez izvr\u0161avanja redovnih obaveza","robots":{"index":"index","follow":"follow","max-snippet":"max-snippet:-1","max-image-preview":"max-image-preview:large","max-video-preview":"max-video-preview:-1"},"canonical":"https:\/\/www.visit-ulcinj.com\/blog\/2016\/07\/03\/dps-abazovic-preuzima-liderstvo-od-rakcevica\/","og_locale":"en_US","og_type":"article","og_title":"DPS: Abazovic preuzima liderstvo od Rak\u010devi\u0107a - Lajme nga Ulqini","og_description":"Dritan Abazovi\u0107 o\u010digledno misli da je rad u Vladi neobavezno kandidovanje tema za partijska saop\u0161tenja po URA sistemu, bez izvr\u0161avanja redovnih obaveza","og_url":"https:\/\/www.visit-ulcinj.com\/blog\/2016\/07\/03\/dps-abazovic-preuzima-liderstvo-od-rakcevica\/","og_site_name":"Lajme nga Ulqini","article_published_time":"2016-07-03T17:21:01+00:00","og_image":[{"url":"http:\/\/www.visit-ulcinj.com\/blog\/wp-content\/uploads\/2015\/02\/Gradjanski-pokret-Dritan-Abazovic-.jpg"}],"twitter_misc":{"Written by":"ulqini","Est. reading time":"2 minutes"},"schema":{"@context":"https:\/\/schema.org","@graph":[{"@type":"WebSite","@id":"https:\/\/www.visit-ulcinj.com\/blog\/#website","url":"https:\/\/www.visit-ulcinj.com\/blog\/","name":"Lajme nga Ulqini","description":"Lajme,Vijesti,Ulqini,Ulqin,Crna Gora,Mali i Zi","potentialAction":[{"@type":"SearchAction","target":{"@type":"EntryPoint","urlTemplate":"https:\/\/www.visit-ulcinj.com\/blog\/?s={search_term_string}"},"query-input":"required name=search_term_string"}],"inLanguage":"en-US"},{"@type":"ImageObject","inLanguage":"en-US","@id":"https:\/\/www.visit-ulcinj.com\/blog\/2016\/07\/03\/dps-abazovic-preuzima-liderstvo-od-rakcevica\/#primaryimage","url":"https:\/\/www.visit-ulcinj.com\/blog\/wp-content\/uploads\/2015\/02\/Gradjanski-pokret-Dritan-Abazovic-.jpg","contentUrl":"https:\/\/www.visit-ulcinj.com\/blog\/wp-content\/uploads\/2015\/02\/Gradjanski-pokret-Dritan-Abazovic-.jpg","width":1024,"height":576},{"@type":"WebPage","@id":"https:\/\/www.visit-ulcinj.com\/blog\/2016\/07\/03\/dps-abazovic-preuzima-liderstvo-od-rakcevica\/#webpage","url":"https:\/\/www.visit-ulcinj.com\/blog\/2016\/07\/03\/dps-abazovic-preuzima-liderstvo-od-rakcevica\/","name":"DPS: Abazovic preuzima liderstvo od Rak\u010devi\u0107a - Lajme nga Ulqini","isPartOf":{"@id":"https:\/\/www.visit-ulcinj.com\/blog\/#website"},"primaryImageOfPage":{"@id":"https:\/\/www.visit-ulcinj.com\/blog\/2016\/07\/03\/dps-abazovic-preuzima-liderstvo-od-rakcevica\/#primaryimage"},"datePublished":"2016-07-03T17:21:01+00:00","dateModified":"2016-07-03T17:21:01+00:00","author":{"@id":"https:\/\/www.visit-ulcinj.com\/blog\/#\/schema\/person\/dcab619c614d3038751c63bc2aadc06d"},"description":"Dritan Abazovi\u0107 o\u010digledno misli da je rad u Vladi neobavezno kandidovanje tema za partijska saop\u0161tenja po URA sistemu, bez izvr\u0161avanja redovnih obaveza","breadcrumb":{"@id":"https:\/\/www.visit-ulcinj.com\/blog\/2016\/07\/03\/dps-abazovic-preuzima-liderstvo-od-rakcevica\/#breadcrumb"},"inLanguage":"en-US","potentialAction":[{"@type":"ReadAction","target":["https:\/\/www.visit-ulcinj.com\/blog\/2016\/07\/03\/dps-abazovic-preuzima-liderstvo-od-rakcevica\/"]}]},{"@type":"BreadcrumbList","@id":"https:\/\/www.visit-ulcinj.com\/blog\/2016\/07\/03\/dps-abazovic-preuzima-liderstvo-od-rakcevica\/#breadcrumb","itemListElement":[{"@type":"ListItem","position":1,"name":"DPS: Abazovic preuzima liderstvo od Rak\u010devi\u0107a"}]},{"@type":"Person","@id":"https:\/\/www.visit-ulcinj.com\/blog\/#\/schema\/person\/dcab619c614d3038751c63bc2aadc06d","name":"ulqini","sameAs":["http:\/\/www.visit-ulcinj.com"],"url":"https:\/\/www.visit-ulcinj.com\/blog\/author\/admin\/"}]}},"jetpack_featured_media_url":"","jetpack_sharing_enabled":true,"jetpack_shortlink":"https:\/\/wp.me\/pe6lTn-pvR","_links":{"self":[{"href":"https:\/\/www.visit-ulcinj.com\/blog\/wp-json\/wp\/v2\/posts\/98075"}],"collection":[{"href":"https:\/\/www.visit-ulcinj.com\/blog\/wp-json\/wp\/v2\/posts"}],"about":[{"href":"https:\/\/www.visit-ulcinj.com\/blog\/wp-json\/wp\/v2\/types\/post"}],"author":[{"embeddable":true,"href":"https:\/\/www.visit-ulcinj.com\/blog\/wp-json\/wp\/v2\/users\/1"}],"replies":[{"embeddable":true,"href":"https:\/\/www.visit-ulcinj.com\/blog\/wp-json\/wp\/v2\/comments?post=98075"}],"version-history":[{"count":1,"href":"https:\/\/www.visit-ulcinj.com\/blog\/wp-json\/wp\/v2\/posts\/98075\/revisions"}],"predecessor-version":[{"id":98076,"href":"https:\/\/www.visit-ulcinj.com\/blog\/wp-json\/wp\/v2\/posts\/98075\/revisions\/98076"}],"wp:attachment":[{"href":"https:\/\/www.visit-ulcinj.com\/blog\/wp-json\/wp\/v2\/media?parent=98075"}],"wp:term":[{"taxonomy":"category","embeddable":true,"href":"https:\/\/www.visit-ulcinj.com\/blog\/wp-json\/wp\/v2\/categories?post=98075"},{"taxonomy":"post_tag","embeddable":true,"href":"https:\/\/www.visit-ulcinj.com\/blog\/wp-json\/wp\/v2\/tags?post=98075"}],"curies":[{"name":"wp","href":"https:\/\/api.w.org\/{rel}","templated":true}]}}