{"id":98077,"date":"2016-07-03T18:24:38","date_gmt":"2016-07-03T17:24:38","guid":{"rendered":"http:\/\/www.visit-ulcinj.com\/blog\/?p=98077"},"modified":"2016-07-03T18:24:38","modified_gmt":"2016-07-03T17:24:38","slug":"ura-dps-gubi-konce-postaje-smijesna","status":"publish","type":"post","link":"https:\/\/www.visit-ulcinj.com\/blog\/2016\/07\/03\/ura-dps-gubi-konce-postaje-smijesna\/","title":{"rendered":"URA: DPS gubi konce i postaje smije\u0161na"},"content":{"rendered":"<p><a href=\"http:\/\/www.visit-ulcinj.com\/blog\/wp-content\/uploads\/2016\/05\/URA-MALI-ZI-.jpg\"><img loading=\"lazy\" class=\"alignleft wp-image-97106\" src=\"http:\/\/www.visit-ulcinj.com\/blog\/wp-content\/uploads\/2016\/05\/URA-MALI-ZI-.jpg\" alt=\"URA-MALI-ZI-\" width=\"508\" height=\"339\" srcset=\"https:\/\/www.visit-ulcinj.com\/blog\/wp-content\/uploads\/2016\/05\/URA-MALI-ZI-.jpg 900w, https:\/\/www.visit-ulcinj.com\/blog\/wp-content\/uploads\/2016\/05\/URA-MALI-ZI--300x200.jpg 300w, https:\/\/www.visit-ulcinj.com\/blog\/wp-content\/uploads\/2016\/05\/URA-MALI-ZI--768x512.jpg 768w\" sizes=\"(max-width: 508px) 100vw, 508px\" \/><\/a>Do\u0161ao je i taj trenutak da, jo\u0161 koji mjesec, vladaju\u0107a stranka po\u010dinje da srlja i ispada smije\u0161na. DPS, u \u010dijem su rukovodstvu i Glavnom odboru \u0161efovi organizovanih kriminalnih klanova, bavi se rukovodiocima Gra\u0111anskim pokretom URA. Stranka koja je Crnu Goru dovela na ivicu potpunog ekonomskog sloma misli da \u0107e ute\u0107i ispod lupe javnosti tako \u0161to \u0107e izmi\u0161ljati lo\u0161e odnose \u010delnika URA \u017darka Rak\u010devi\u0107a i Dritana Abazovi\u0107a, kazali su u Gra\u0111anskom pokretu URA.<\/p>\n<div class=\"body-text\">\n<p><strong><a href=\"http:\/\/www.cdm.me\/politika\/dps-dritan-preuzima-liderstvo-od-rakcevica\">Naime, DPS je ju\u010de saop\u0161tio da potpredsjednik GP URA Britan Abazovi\u0107 sve vi\u0161e istiskuje \u017darka Rak\u010devi\u0107a sa liderske pozicije i sve vi\u0161e preuzima ulogu Ne\u0111eljka Rudovi\u0107a u medijskoj sferi.<\/a><\/strong><\/p>\n<p>U GP URA su, tim povodom, rekli da je odavno postalo providno nastojanje svih &#8220;potro\u0161enih struktura da pa\u017enju gra\u0111ana sa svog potkradanja i siroma\u0161enja dr\u017eave skrenu tako \u0161to \u0107e izmi\u0161ljati gluposti o svojim politi\u010dkim konkurentima&#8221;.<\/p>\n<p>&#8220;DPS bi trebalo vi\u0161e da shvati da je pro\u010ditana i da dolazi vrijeme da pred gra\u0111anima Crne Gore plate za sve \u0161to su im oteli.\u00a0DPS \u0107e morati da se suo\u010di sa posljedicama svoje porazne politike, kao i sa o\u010diglednom \u010dinjenicom da njihov aktuelni vrh nema sposobnosti da o\u017eivi crnogorsku ekonomiju i stvori radna mjesta. Formirali su parazitski sistem koji oduzima budu\u0107nost i mladima i srednjoj generaciji, od kojeg jedino profitiraju, mimo tr\u017ei\u0161ne utakmice, oni i njihovi poslu\u0161ni sljedbenici&#8221;, navedeno je u reagovanju URE.<\/p>\n<p>Poslednji primjer je, kako ka\u017eu, besprizorna odluka da sebi i svojim privescima dodijele desetine stanova i tzv. stambenih kredita u vrijednosti od preko dva miliona eura.<\/p>\n<p>&#8220;Dok oni koji ve\u0107 imaju najmanje po jedan stan dobijaju jo\u0161 stotine novih kvadrata, u zdravstvenom sistemu nema novca da se obezbijedi lije\u010denje gra\u0111ana, djeca u vrti\u0107ima spavaju na podu, penzioneri su prinu\u0111eni da preska\u010du obroke, studenti samo razmi\u0161ljaju kako da emigriraju&#8221;, stoji u reagovanju.<\/p>\n<p>Nervozna, djetinjasta reakcija prema URA vjerovatno je, ka\u017eu u tom Pokretu, potekla i zbog toga \u0161to mnogi savjesni \u010dlanovi DPS-a uvi\u0111aju da sa takvom partijom nema budu\u0107nosti i priklju\u010duju se Gra\u0111anskom pokretu URA.<\/p>\n<p>&#8220;Ba\u0161 zato \u0161to vole Crnu Goru, ne \u017eele da u\u010destvuju u organizovanom kriminalnom poduhvatu \u010derupanja i prosipanja dru\u0161tvenih resursa, niti vi\u0161e mogu da gledaju bestidno boga\u0107enje i baha\u0107enje &#8220;odabranih&#8221; na ra\u010dun svih nas. Po DPS sistemu &#8211; oni koji su spremni na sve i koji su najponizniji prema centrima mo\u0107i uz gospodara mogu imati sve, a svi drugi koji dr\u017ee do sebe su u stalnom strahu da \u0107e ostati bez egzistencije. To je neodr\u017eiv sistem i mnogi u DPS-u to znaju&#8221;, isti\u010de se u reagovanju.<\/p>\n<p>U GP URA smatraju da je gra\u0111anska opozicija jedino uto\u010di\u0161te za sve proevropski orjentisane \u010dlanove DPS-a koji ne \u017eele da u\u010destvuju u prevarama i poni\u017eavanju Crne Gore.<\/p>\n<p>&#8220;Oni u Gra\u0111anskom pokretu URA, \u017darku Rak\u010devi\u0107u i Dritanu Abazovi\u0107u vide ljude koji mogu oporaviti Crnu Goru. Otud nervoza u rukovodstvu DPS-a i smije\u0161ni poku\u0161aj da suprotstave jednog drugom&#8221;, zaklju\u010deno je u reagovanju.<\/p>\n<p><strong>Izvor: CDM<\/strong><\/p>\n<\/div>\n","protected":false},"excerpt":{"rendered":"<p>Do\u0161ao je i taj trenutak da, jo\u0161 koji mjesec, vladaju\u0107a stranka po\u010dinje da srlja i ispada smije\u0161na. DPS, u \u010dijem su rukovodstvu i Glavnom odboru \u0161efovi organizovanih kriminalnih klanova, bavi se rukovodiocima Gra\u0111anskim pokretom URA. Stranka koja je Crnu Goru dovela na ivicu potpunog ekonomskog sloma misli da \u0107e ute\u0107i ispod lupe javnosti tako \u0161to [&hellip;]<\/p>\n","protected":false},"author":1,"featured_media":0,"comment_status":"closed","ping_status":"closed","sticky":false,"template":"","format":"standard","meta":{"spay_email":"","jetpack_publicize_message":"","jetpack_is_tweetstorm":false,"jetpack_publicize_feature_enabled":true},"categories":[8337],"tags":[],"jetpack_publicize_connections":[],"yoast_head":"<!-- This site is optimized with the Yoast SEO plugin v19.1 - https:\/\/yoast.com\/wordpress\/plugins\/seo\/ -->\n<title>URA: DPS gubi konce i postaje smije\u0161na - Lajme nga Ulqini<\/title>\n<meta name=\"description\" content=\"Do\u0161ao je i taj trenutak da, jo\u0161 koji mjesec, vladaju\u0107a stranka po\u010dinje da srlja i ispada smije\u0161na. DPS, u \u010dijem su rukovodstvu i Glavnom odboru \u0161efovi\" \/>\n<meta name=\"robots\" content=\"index, follow, max-snippet:-1, max-image-preview:large, max-video-preview:-1\" \/>\n<link rel=\"canonical\" href=\"https:\/\/www.visit-ulcinj.com\/blog\/2016\/07\/03\/ura-dps-gubi-konce-postaje-smijesna\/\" \/>\n<meta property=\"og:locale\" content=\"en_US\" \/>\n<meta property=\"og:type\" content=\"article\" \/>\n<meta property=\"og:title\" content=\"URA: DPS gubi konce i postaje smije\u0161na - Lajme nga Ulqini\" \/>\n<meta property=\"og:description\" content=\"Do\u0161ao je i taj trenutak da, jo\u0161 koji mjesec, vladaju\u0107a stranka po\u010dinje da srlja i ispada smije\u0161na. DPS, u \u010dijem su rukovodstvu i Glavnom odboru \u0161efovi\" \/>\n<meta property=\"og:url\" content=\"https:\/\/www.visit-ulcinj.com\/blog\/2016\/07\/03\/ura-dps-gubi-konce-postaje-smijesna\/\" \/>\n<meta property=\"og:site_name\" content=\"Lajme nga Ulqini\" \/>\n<meta property=\"article:published_time\" content=\"2016-07-03T17:24:38+00:00\" \/>\n<meta property=\"og:image\" content=\"http:\/\/www.visit-ulcinj.com\/blog\/wp-content\/uploads\/2016\/05\/URA-MALI-ZI-.jpg\" \/>\n<meta name=\"twitter:label1\" content=\"Written by\" \/>\n\t<meta name=\"twitter:data1\" content=\"ulqini\" \/>\n\t<meta name=\"twitter:label2\" content=\"Est. reading time\" \/>\n\t<meta name=\"twitter:data2\" content=\"3 minutes\" \/>\n<script type=\"application\/ld+json\" class=\"yoast-schema-graph\">{\"@context\":\"https:\/\/schema.org\",\"@graph\":[{\"@type\":\"WebSite\",\"@id\":\"https:\/\/www.visit-ulcinj.com\/blog\/#website\",\"url\":\"https:\/\/www.visit-ulcinj.com\/blog\/\",\"name\":\"Lajme nga Ulqini\",\"description\":\"Lajme,Vijesti,Ulqini,Ulqin,Crna Gora,Mali i Zi\",\"potentialAction\":[{\"@type\":\"SearchAction\",\"target\":{\"@type\":\"EntryPoint\",\"urlTemplate\":\"https:\/\/www.visit-ulcinj.com\/blog\/?s={search_term_string}\"},\"query-input\":\"required name=search_term_string\"}],\"inLanguage\":\"en-US\"},{\"@type\":\"ImageObject\",\"inLanguage\":\"en-US\",\"@id\":\"https:\/\/www.visit-ulcinj.com\/blog\/2016\/07\/03\/ura-dps-gubi-konce-postaje-smijesna\/#primaryimage\",\"url\":\"https:\/\/www.visit-ulcinj.com\/blog\/wp-content\/uploads\/2016\/05\/URA-MALI-ZI-.jpg\",\"contentUrl\":\"https:\/\/www.visit-ulcinj.com\/blog\/wp-content\/uploads\/2016\/05\/URA-MALI-ZI-.jpg\",\"width\":900,\"height\":600},{\"@type\":\"WebPage\",\"@id\":\"https:\/\/www.visit-ulcinj.com\/blog\/2016\/07\/03\/ura-dps-gubi-konce-postaje-smijesna\/#webpage\",\"url\":\"https:\/\/www.visit-ulcinj.com\/blog\/2016\/07\/03\/ura-dps-gubi-konce-postaje-smijesna\/\",\"name\":\"URA: DPS gubi konce i postaje smije\u0161na - Lajme nga Ulqini\",\"isPartOf\":{\"@id\":\"https:\/\/www.visit-ulcinj.com\/blog\/#website\"},\"primaryImageOfPage\":{\"@id\":\"https:\/\/www.visit-ulcinj.com\/blog\/2016\/07\/03\/ura-dps-gubi-konce-postaje-smijesna\/#primaryimage\"},\"datePublished\":\"2016-07-03T17:24:38+00:00\",\"dateModified\":\"2016-07-03T17:24:38+00:00\",\"author\":{\"@id\":\"https:\/\/www.visit-ulcinj.com\/blog\/#\/schema\/person\/dcab619c614d3038751c63bc2aadc06d\"},\"description\":\"Do\u0161ao je i taj trenutak da, jo\u0161 koji mjesec, vladaju\u0107a stranka po\u010dinje da srlja i ispada smije\u0161na. DPS, u \u010dijem su rukovodstvu i Glavnom odboru \u0161efovi\",\"breadcrumb\":{\"@id\":\"https:\/\/www.visit-ulcinj.com\/blog\/2016\/07\/03\/ura-dps-gubi-konce-postaje-smijesna\/#breadcrumb\"},\"inLanguage\":\"en-US\",\"potentialAction\":[{\"@type\":\"ReadAction\",\"target\":[\"https:\/\/www.visit-ulcinj.com\/blog\/2016\/07\/03\/ura-dps-gubi-konce-postaje-smijesna\/\"]}]},{\"@type\":\"BreadcrumbList\",\"@id\":\"https:\/\/www.visit-ulcinj.com\/blog\/2016\/07\/03\/ura-dps-gubi-konce-postaje-smijesna\/#breadcrumb\",\"itemListElement\":[{\"@type\":\"ListItem\",\"position\":1,\"name\":\"URA: DPS gubi konce i postaje smije\u0161na\"}]},{\"@type\":\"Person\",\"@id\":\"https:\/\/www.visit-ulcinj.com\/blog\/#\/schema\/person\/dcab619c614d3038751c63bc2aadc06d\",\"name\":\"ulqini\",\"sameAs\":[\"http:\/\/www.visit-ulcinj.com\"],\"url\":\"https:\/\/www.visit-ulcinj.com\/blog\/author\/admin\/\"}]}<\/script>\n<!-- \/ Yoast SEO plugin. -->","yoast_head_json":{"title":"URA: DPS gubi konce i postaje smije\u0161na - Lajme nga Ulqini","description":"Do\u0161ao je i taj trenutak da, jo\u0161 koji mjesec, vladaju\u0107a stranka po\u010dinje da srlja i ispada smije\u0161na. DPS, u \u010dijem su rukovodstvu i Glavnom odboru \u0161efovi","robots":{"index":"index","follow":"follow","max-snippet":"max-snippet:-1","max-image-preview":"max-image-preview:large","max-video-preview":"max-video-preview:-1"},"canonical":"https:\/\/www.visit-ulcinj.com\/blog\/2016\/07\/03\/ura-dps-gubi-konce-postaje-smijesna\/","og_locale":"en_US","og_type":"article","og_title":"URA: DPS gubi konce i postaje smije\u0161na - Lajme nga Ulqini","og_description":"Do\u0161ao je i taj trenutak da, jo\u0161 koji mjesec, vladaju\u0107a stranka po\u010dinje da srlja i ispada smije\u0161na. DPS, u \u010dijem su rukovodstvu i Glavnom odboru \u0161efovi","og_url":"https:\/\/www.visit-ulcinj.com\/blog\/2016\/07\/03\/ura-dps-gubi-konce-postaje-smijesna\/","og_site_name":"Lajme nga Ulqini","article_published_time":"2016-07-03T17:24:38+00:00","og_image":[{"url":"http:\/\/www.visit-ulcinj.com\/blog\/wp-content\/uploads\/2016\/05\/URA-MALI-ZI-.jpg"}],"twitter_misc":{"Written by":"ulqini","Est. reading time":"3 minutes"},"schema":{"@context":"https:\/\/schema.org","@graph":[{"@type":"WebSite","@id":"https:\/\/www.visit-ulcinj.com\/blog\/#website","url":"https:\/\/www.visit-ulcinj.com\/blog\/","name":"Lajme nga Ulqini","description":"Lajme,Vijesti,Ulqini,Ulqin,Crna Gora,Mali i Zi","potentialAction":[{"@type":"SearchAction","target":{"@type":"EntryPoint","urlTemplate":"https:\/\/www.visit-ulcinj.com\/blog\/?s={search_term_string}"},"query-input":"required name=search_term_string"}],"inLanguage":"en-US"},{"@type":"ImageObject","inLanguage":"en-US","@id":"https:\/\/www.visit-ulcinj.com\/blog\/2016\/07\/03\/ura-dps-gubi-konce-postaje-smijesna\/#primaryimage","url":"https:\/\/www.visit-ulcinj.com\/blog\/wp-content\/uploads\/2016\/05\/URA-MALI-ZI-.jpg","contentUrl":"https:\/\/www.visit-ulcinj.com\/blog\/wp-content\/uploads\/2016\/05\/URA-MALI-ZI-.jpg","width":900,"height":600},{"@type":"WebPage","@id":"https:\/\/www.visit-ulcinj.com\/blog\/2016\/07\/03\/ura-dps-gubi-konce-postaje-smijesna\/#webpage","url":"https:\/\/www.visit-ulcinj.com\/blog\/2016\/07\/03\/ura-dps-gubi-konce-postaje-smijesna\/","name":"URA: DPS gubi konce i postaje smije\u0161na - Lajme nga Ulqini","isPartOf":{"@id":"https:\/\/www.visit-ulcinj.com\/blog\/#website"},"primaryImageOfPage":{"@id":"https:\/\/www.visit-ulcinj.com\/blog\/2016\/07\/03\/ura-dps-gubi-konce-postaje-smijesna\/#primaryimage"},"datePublished":"2016-07-03T17:24:38+00:00","dateModified":"2016-07-03T17:24:38+00:00","author":{"@id":"https:\/\/www.visit-ulcinj.com\/blog\/#\/schema\/person\/dcab619c614d3038751c63bc2aadc06d"},"description":"Do\u0161ao je i taj trenutak da, jo\u0161 koji mjesec, vladaju\u0107a stranka po\u010dinje da srlja i ispada smije\u0161na. DPS, u \u010dijem su rukovodstvu i Glavnom odboru \u0161efovi","breadcrumb":{"@id":"https:\/\/www.visit-ulcinj.com\/blog\/2016\/07\/03\/ura-dps-gubi-konce-postaje-smijesna\/#breadcrumb"},"inLanguage":"en-US","potentialAction":[{"@type":"ReadAction","target":["https:\/\/www.visit-ulcinj.com\/blog\/2016\/07\/03\/ura-dps-gubi-konce-postaje-smijesna\/"]}]},{"@type":"BreadcrumbList","@id":"https:\/\/www.visit-ulcinj.com\/blog\/2016\/07\/03\/ura-dps-gubi-konce-postaje-smijesna\/#breadcrumb","itemListElement":[{"@type":"ListItem","position":1,"name":"URA: DPS gubi konce i postaje smije\u0161na"}]},{"@type":"Person","@id":"https:\/\/www.visit-ulcinj.com\/blog\/#\/schema\/person\/dcab619c614d3038751c63bc2aadc06d","name":"ulqini","sameAs":["http:\/\/www.visit-ulcinj.com"],"url":"https:\/\/www.visit-ulcinj.com\/blog\/author\/admin\/"}]}},"jetpack_featured_media_url":"","jetpack_sharing_enabled":true,"jetpack_shortlink":"https:\/\/wp.me\/pe6lTn-pvT","_links":{"self":[{"href":"https:\/\/www.visit-ulcinj.com\/blog\/wp-json\/wp\/v2\/posts\/98077"}],"collection":[{"href":"https:\/\/www.visit-ulcinj.com\/blog\/wp-json\/wp\/v2\/posts"}],"about":[{"href":"https:\/\/www.visit-ulcinj.com\/blog\/wp-json\/wp\/v2\/types\/post"}],"author":[{"embeddable":true,"href":"https:\/\/www.visit-ulcinj.com\/blog\/wp-json\/wp\/v2\/users\/1"}],"replies":[{"embeddable":true,"href":"https:\/\/www.visit-ulcinj.com\/blog\/wp-json\/wp\/v2\/comments?post=98077"}],"version-history":[{"count":1,"href":"https:\/\/www.visit-ulcinj.com\/blog\/wp-json\/wp\/v2\/posts\/98077\/revisions"}],"predecessor-version":[{"id":98078,"href":"https:\/\/www.visit-ulcinj.com\/blog\/wp-json\/wp\/v2\/posts\/98077\/revisions\/98078"}],"wp:attachment":[{"href":"https:\/\/www.visit-ulcinj.com\/blog\/wp-json\/wp\/v2\/media?parent=98077"}],"wp:term":[{"taxonomy":"category","embeddable":true,"href":"https:\/\/www.visit-ulcinj.com\/blog\/wp-json\/wp\/v2\/categories?post=98077"},{"taxonomy":"post_tag","embeddable":true,"href":"https:\/\/www.visit-ulcinj.com\/blog\/wp-json\/wp\/v2\/tags?post=98077"}],"curies":[{"name":"wp","href":"https:\/\/api.w.org\/{rel}","templated":true}]}}