{"id":98092,"date":"2016-07-04T10:46:30","date_gmt":"2016-07-04T09:46:30","guid":{"rendered":"http:\/\/www.visit-ulcinj.com\/blog\/?p=98092"},"modified":"2016-07-05T18:59:14","modified_gmt":"2016-07-05T17:59:14","slug":"kryetari-cungu-uron-besimtaret-islam-festen-e-fiter-bajramit","status":"publish","type":"post","link":"https:\/\/www.visit-ulcinj.com\/blog\/2016\/07\/04\/kryetari-cungu-uron-besimtaret-islam-festen-e-fiter-bajramit\/","title":{"rendered":"Kryetari Cungu uron besimtaret islam Festen e Fit\u00ebr Bajramit"},"content":{"rendered":"<p><a href=\"http:\/\/www.visit-ulcinj.com\/blog\/wp-content\/uploads\/2013\/10\/Nazif-Cungu-kurban-bajrami.jpg\"><img loading=\"lazy\" class=\"alignleft wp-image-75289\" src=\"http:\/\/www.visit-ulcinj.com\/blog\/wp-content\/uploads\/2013\/10\/Nazif-Cungu-kurban-bajrami.jpg\" alt=\"Nazif-Cungu-kurban-bajrami\" width=\"508\" height=\"336\" srcset=\"https:\/\/www.visit-ulcinj.com\/blog\/wp-content\/uploads\/2013\/10\/Nazif-Cungu-kurban-bajrami.jpg 1024w, https:\/\/www.visit-ulcinj.com\/blog\/wp-content\/uploads\/2013\/10\/Nazif-Cungu-kurban-bajrami-300x198.jpg 300w\" sizes=\"(max-width: 508px) 100vw, 508px\" \/><\/a>\u201cKryetari i Ulqinit\u00a0 Nazif Cungu\u00a0 uron\u00a0 besimtar\u00ebt islam\u00a0 me rastin e festes s\u00eb Bajramit t\u00eb madh.N\u00eb urimin etij thuhet<\/p>\n<p>Pas\u00a0 jav\u00ebve t\u00eb mundimshme\u00a0 t\u00eb muajit Ramazan\u00a0 sot Ju festoni Bajramin, andaj qytetar t\u00eb dashur, Dua tju uroj G\u00ebzuar, sakrificat, agjerimet, lutjet e Juaja\u00a0 u kthefshin n\u00eb mir\u00ebsi , drit\u00eb , per cdo besimtar\u00eb Urime.\u201d<\/p>\n<p>&nbsp;<\/p>\n<p>Kryetari<\/p>\n<p>Nazif Cungu<\/p>\n","protected":false},"excerpt":{"rendered":"<p>\u201cKryetari i Ulqinit\u00a0 Nazif Cungu\u00a0 uron\u00a0 besimtar\u00ebt islam\u00a0 me rastin e festes s\u00eb Bajramit t\u00eb madh.N\u00eb urimin etij thuhet Pas\u00a0 jav\u00ebve t\u00eb mundimshme\u00a0 t\u00eb muajit Ramazan\u00a0 sot Ju festoni Bajramin, andaj qytetar t\u00eb dashur, Dua tju uroj G\u00ebzuar, sakrificat, agjerimet, lutjet e Juaja\u00a0 u kthefshin n\u00eb mir\u00ebsi , drit\u00eb , per cdo besimtar\u00eb Urime.\u201d &nbsp; [&hellip;]<\/p>\n","protected":false},"author":1,"featured_media":0,"comment_status":"closed","ping_status":"closed","sticky":false,"template":"","format":"standard","meta":{"spay_email":"","jetpack_publicize_message":"","jetpack_is_tweetstorm":false,"jetpack_publicize_feature_enabled":true},"categories":[1,6],"tags":[],"jetpack_publicize_connections":[],"yoast_head":"<!-- This site is optimized with the Yoast SEO plugin v19.1 - https:\/\/yoast.com\/wordpress\/plugins\/seo\/ -->\n<title>Kryetari Cungu uron besimtaret islam Festen e Fit\u00ebr Bajramit - Lajme nga Ulqini<\/title>\n<meta name=\"description\" content=\"\u201cKryetari i Ulqinit\u00a0 Nazif Cungu\u00a0 uron\u00a0 besimtar\u00ebt islam\u00a0 me rastin e festes s\u00eb Bajramit t\u00eb madh.N\u00eb urimin etij thuhet Pas\u00a0 jav\u00ebve t\u00eb mundimshme\u00a0 t\u00eb\" \/>\n<meta name=\"robots\" content=\"index, follow, max-snippet:-1, max-image-preview:large, max-video-preview:-1\" \/>\n<link rel=\"canonical\" href=\"https:\/\/www.visit-ulcinj.com\/blog\/2016\/07\/04\/kryetari-cungu-uron-besimtaret-islam-festen-e-fiter-bajramit\/\" \/>\n<meta property=\"og:locale\" content=\"en_US\" \/>\n<meta property=\"og:type\" content=\"article\" \/>\n<meta property=\"og:title\" content=\"Kryetari Cungu uron besimtaret islam Festen e Fit\u00ebr Bajramit - Lajme nga Ulqini\" \/>\n<meta property=\"og:description\" content=\"\u201cKryetari i Ulqinit\u00a0 Nazif Cungu\u00a0 uron\u00a0 besimtar\u00ebt islam\u00a0 me rastin e festes s\u00eb Bajramit t\u00eb madh.N\u00eb urimin etij thuhet Pas\u00a0 jav\u00ebve t\u00eb mundimshme\u00a0 t\u00eb\" \/>\n<meta property=\"og:url\" content=\"https:\/\/www.visit-ulcinj.com\/blog\/2016\/07\/04\/kryetari-cungu-uron-besimtaret-islam-festen-e-fiter-bajramit\/\" \/>\n<meta property=\"og:site_name\" content=\"Lajme nga Ulqini\" \/>\n<meta property=\"article:published_time\" content=\"2016-07-04T09:46:30+00:00\" \/>\n<meta property=\"article:modified_time\" content=\"2016-07-05T17:59:14+00:00\" \/>\n<meta property=\"og:image\" content=\"http:\/\/www.visit-ulcinj.com\/blog\/wp-content\/uploads\/2013\/10\/Nazif-Cungu-kurban-bajrami.jpg\" \/>\n<meta name=\"twitter:label1\" content=\"Written by\" \/>\n\t<meta name=\"twitter:data1\" content=\"ulqini\" \/>\n<script type=\"application\/ld+json\" class=\"yoast-schema-graph\">{\"@context\":\"https:\/\/schema.org\",\"@graph\":[{\"@type\":\"WebSite\",\"@id\":\"https:\/\/www.visit-ulcinj.com\/blog\/#website\",\"url\":\"https:\/\/www.visit-ulcinj.com\/blog\/\",\"name\":\"Lajme nga Ulqini\",\"description\":\"Lajme,Vijesti,Ulqini,Ulqin,Crna Gora,Mali i Zi\",\"potentialAction\":[{\"@type\":\"SearchAction\",\"target\":{\"@type\":\"EntryPoint\",\"urlTemplate\":\"https:\/\/www.visit-ulcinj.com\/blog\/?s={search_term_string}\"},\"query-input\":\"required name=search_term_string\"}],\"inLanguage\":\"en-US\"},{\"@type\":\"ImageObject\",\"inLanguage\":\"en-US\",\"@id\":\"https:\/\/www.visit-ulcinj.com\/blog\/2016\/07\/04\/kryetari-cungu-uron-besimtaret-islam-festen-e-fiter-bajramit\/#primaryimage\",\"url\":\"https:\/\/www.visit-ulcinj.com\/blog\/wp-content\/uploads\/2013\/10\/Nazif-Cungu-kurban-bajrami.jpg\",\"contentUrl\":\"https:\/\/www.visit-ulcinj.com\/blog\/wp-content\/uploads\/2013\/10\/Nazif-Cungu-kurban-bajrami.jpg\",\"width\":1024,\"height\":678},{\"@type\":\"WebPage\",\"@id\":\"https:\/\/www.visit-ulcinj.com\/blog\/2016\/07\/04\/kryetari-cungu-uron-besimtaret-islam-festen-e-fiter-bajramit\/#webpage\",\"url\":\"https:\/\/www.visit-ulcinj.com\/blog\/2016\/07\/04\/kryetari-cungu-uron-besimtaret-islam-festen-e-fiter-bajramit\/\",\"name\":\"Kryetari Cungu uron besimtaret islam Festen e Fit\u00ebr Bajramit - Lajme nga Ulqini\",\"isPartOf\":{\"@id\":\"https:\/\/www.visit-ulcinj.com\/blog\/#website\"},\"primaryImageOfPage\":{\"@id\":\"https:\/\/www.visit-ulcinj.com\/blog\/2016\/07\/04\/kryetari-cungu-uron-besimtaret-islam-festen-e-fiter-bajramit\/#primaryimage\"},\"datePublished\":\"2016-07-04T09:46:30+00:00\",\"dateModified\":\"2016-07-05T17:59:14+00:00\",\"author\":{\"@id\":\"https:\/\/www.visit-ulcinj.com\/blog\/#\/schema\/person\/dcab619c614d3038751c63bc2aadc06d\"},\"description\":\"\u201cKryetari i Ulqinit\u00a0 Nazif Cungu\u00a0 uron\u00a0 besimtar\u00ebt islam\u00a0 me rastin e festes s\u00eb Bajramit t\u00eb madh.N\u00eb urimin etij thuhet Pas\u00a0 jav\u00ebve t\u00eb mundimshme\u00a0 t\u00eb\",\"breadcrumb\":{\"@id\":\"https:\/\/www.visit-ulcinj.com\/blog\/2016\/07\/04\/kryetari-cungu-uron-besimtaret-islam-festen-e-fiter-bajramit\/#breadcrumb\"},\"inLanguage\":\"en-US\",\"potentialAction\":[{\"@type\":\"ReadAction\",\"target\":[\"https:\/\/www.visit-ulcinj.com\/blog\/2016\/07\/04\/kryetari-cungu-uron-besimtaret-islam-festen-e-fiter-bajramit\/\"]}]},{\"@type\":\"BreadcrumbList\",\"@id\":\"https:\/\/www.visit-ulcinj.com\/blog\/2016\/07\/04\/kryetari-cungu-uron-besimtaret-islam-festen-e-fiter-bajramit\/#breadcrumb\",\"itemListElement\":[{\"@type\":\"ListItem\",\"position\":1,\"name\":\"Kryetari Cungu uron besimtaret islam Festen e Fit\u00ebr Bajramit\"}]},{\"@type\":\"Person\",\"@id\":\"https:\/\/www.visit-ulcinj.com\/blog\/#\/schema\/person\/dcab619c614d3038751c63bc2aadc06d\",\"name\":\"ulqini\",\"sameAs\":[\"http:\/\/www.visit-ulcinj.com\"],\"url\":\"https:\/\/www.visit-ulcinj.com\/blog\/author\/admin\/\"}]}<\/script>\n<!-- \/ Yoast SEO plugin. -->","yoast_head_json":{"title":"Kryetari Cungu uron besimtaret islam Festen e Fit\u00ebr Bajramit - Lajme nga Ulqini","description":"\u201cKryetari i Ulqinit\u00a0 Nazif Cungu\u00a0 uron\u00a0 besimtar\u00ebt islam\u00a0 me rastin e festes s\u00eb Bajramit t\u00eb madh.N\u00eb urimin etij thuhet Pas\u00a0 jav\u00ebve t\u00eb mundimshme\u00a0 t\u00eb","robots":{"index":"index","follow":"follow","max-snippet":"max-snippet:-1","max-image-preview":"max-image-preview:large","max-video-preview":"max-video-preview:-1"},"canonical":"https:\/\/www.visit-ulcinj.com\/blog\/2016\/07\/04\/kryetari-cungu-uron-besimtaret-islam-festen-e-fiter-bajramit\/","og_locale":"en_US","og_type":"article","og_title":"Kryetari Cungu uron besimtaret islam Festen e Fit\u00ebr Bajramit - Lajme nga Ulqini","og_description":"\u201cKryetari i Ulqinit\u00a0 Nazif Cungu\u00a0 uron\u00a0 besimtar\u00ebt islam\u00a0 me rastin e festes s\u00eb Bajramit t\u00eb madh.N\u00eb urimin etij thuhet Pas\u00a0 jav\u00ebve t\u00eb mundimshme\u00a0 t\u00eb","og_url":"https:\/\/www.visit-ulcinj.com\/blog\/2016\/07\/04\/kryetari-cungu-uron-besimtaret-islam-festen-e-fiter-bajramit\/","og_site_name":"Lajme nga Ulqini","article_published_time":"2016-07-04T09:46:30+00:00","article_modified_time":"2016-07-05T17:59:14+00:00","og_image":[{"url":"http:\/\/www.visit-ulcinj.com\/blog\/wp-content\/uploads\/2013\/10\/Nazif-Cungu-kurban-bajrami.jpg"}],"twitter_misc":{"Written by":"ulqini"},"schema":{"@context":"https:\/\/schema.org","@graph":[{"@type":"WebSite","@id":"https:\/\/www.visit-ulcinj.com\/blog\/#website","url":"https:\/\/www.visit-ulcinj.com\/blog\/","name":"Lajme nga Ulqini","description":"Lajme,Vijesti,Ulqini,Ulqin,Crna Gora,Mali i Zi","potentialAction":[{"@type":"SearchAction","target":{"@type":"EntryPoint","urlTemplate":"https:\/\/www.visit-ulcinj.com\/blog\/?s={search_term_string}"},"query-input":"required name=search_term_string"}],"inLanguage":"en-US"},{"@type":"ImageObject","inLanguage":"en-US","@id":"https:\/\/www.visit-ulcinj.com\/blog\/2016\/07\/04\/kryetari-cungu-uron-besimtaret-islam-festen-e-fiter-bajramit\/#primaryimage","url":"https:\/\/www.visit-ulcinj.com\/blog\/wp-content\/uploads\/2013\/10\/Nazif-Cungu-kurban-bajrami.jpg","contentUrl":"https:\/\/www.visit-ulcinj.com\/blog\/wp-content\/uploads\/2013\/10\/Nazif-Cungu-kurban-bajrami.jpg","width":1024,"height":678},{"@type":"WebPage","@id":"https:\/\/www.visit-ulcinj.com\/blog\/2016\/07\/04\/kryetari-cungu-uron-besimtaret-islam-festen-e-fiter-bajramit\/#webpage","url":"https:\/\/www.visit-ulcinj.com\/blog\/2016\/07\/04\/kryetari-cungu-uron-besimtaret-islam-festen-e-fiter-bajramit\/","name":"Kryetari Cungu uron besimtaret islam Festen e Fit\u00ebr Bajramit - Lajme nga Ulqini","isPartOf":{"@id":"https:\/\/www.visit-ulcinj.com\/blog\/#website"},"primaryImageOfPage":{"@id":"https:\/\/www.visit-ulcinj.com\/blog\/2016\/07\/04\/kryetari-cungu-uron-besimtaret-islam-festen-e-fiter-bajramit\/#primaryimage"},"datePublished":"2016-07-04T09:46:30+00:00","dateModified":"2016-07-05T17:59:14+00:00","author":{"@id":"https:\/\/www.visit-ulcinj.com\/blog\/#\/schema\/person\/dcab619c614d3038751c63bc2aadc06d"},"description":"\u201cKryetari i Ulqinit\u00a0 Nazif Cungu\u00a0 uron\u00a0 besimtar\u00ebt islam\u00a0 me rastin e festes s\u00eb Bajramit t\u00eb madh.N\u00eb urimin etij thuhet Pas\u00a0 jav\u00ebve t\u00eb mundimshme\u00a0 t\u00eb","breadcrumb":{"@id":"https:\/\/www.visit-ulcinj.com\/blog\/2016\/07\/04\/kryetari-cungu-uron-besimtaret-islam-festen-e-fiter-bajramit\/#breadcrumb"},"inLanguage":"en-US","potentialAction":[{"@type":"ReadAction","target":["https:\/\/www.visit-ulcinj.com\/blog\/2016\/07\/04\/kryetari-cungu-uron-besimtaret-islam-festen-e-fiter-bajramit\/"]}]},{"@type":"BreadcrumbList","@id":"https:\/\/www.visit-ulcinj.com\/blog\/2016\/07\/04\/kryetari-cungu-uron-besimtaret-islam-festen-e-fiter-bajramit\/#breadcrumb","itemListElement":[{"@type":"ListItem","position":1,"name":"Kryetari Cungu uron besimtaret islam Festen e Fit\u00ebr Bajramit"}]},{"@type":"Person","@id":"https:\/\/www.visit-ulcinj.com\/blog\/#\/schema\/person\/dcab619c614d3038751c63bc2aadc06d","name":"ulqini","sameAs":["http:\/\/www.visit-ulcinj.com"],"url":"https:\/\/www.visit-ulcinj.com\/blog\/author\/admin\/"}]}},"jetpack_featured_media_url":"","jetpack_sharing_enabled":true,"jetpack_shortlink":"https:\/\/wp.me\/pe6lTn-pw8","_links":{"self":[{"href":"https:\/\/www.visit-ulcinj.com\/blog\/wp-json\/wp\/v2\/posts\/98092"}],"collection":[{"href":"https:\/\/www.visit-ulcinj.com\/blog\/wp-json\/wp\/v2\/posts"}],"about":[{"href":"https:\/\/www.visit-ulcinj.com\/blog\/wp-json\/wp\/v2\/types\/post"}],"author":[{"embeddable":true,"href":"https:\/\/www.visit-ulcinj.com\/blog\/wp-json\/wp\/v2\/users\/1"}],"replies":[{"embeddable":true,"href":"https:\/\/www.visit-ulcinj.com\/blog\/wp-json\/wp\/v2\/comments?post=98092"}],"version-history":[{"count":1,"href":"https:\/\/www.visit-ulcinj.com\/blog\/wp-json\/wp\/v2\/posts\/98092\/revisions"}],"predecessor-version":[{"id":98093,"href":"https:\/\/www.visit-ulcinj.com\/blog\/wp-json\/wp\/v2\/posts\/98092\/revisions\/98093"}],"wp:attachment":[{"href":"https:\/\/www.visit-ulcinj.com\/blog\/wp-json\/wp\/v2\/media?parent=98092"}],"wp:term":[{"taxonomy":"category","embeddable":true,"href":"https:\/\/www.visit-ulcinj.com\/blog\/wp-json\/wp\/v2\/categories?post=98092"},{"taxonomy":"post_tag","embeddable":true,"href":"https:\/\/www.visit-ulcinj.com\/blog\/wp-json\/wp\/v2\/tags?post=98092"}],"curies":[{"name":"wp","href":"https:\/\/api.w.org\/{rel}","templated":true}]}}