{"id":98099,"date":"2016-07-04T12:51:18","date_gmt":"2016-07-04T11:51:18","guid":{"rendered":"http:\/\/www.visit-ulcinj.com\/blog\/?p=98099"},"modified":"2016-07-04T12:51:18","modified_gmt":"2016-07-04T11:51:18","slug":"cungu-telegram-cestitke-uyehari-povodom-dana-nezavisnosti-sad","status":"publish","type":"post","link":"https:\/\/www.visit-ulcinj.com\/blog\/2016\/07\/04\/cungu-telegram-cestitke-uyehari-povodom-dana-nezavisnosti-sad\/","title":{"rendered":"Cungu telegram \u010destitke Uyehari povodom dana Nezavisnosti SAD"},"content":{"rendered":"<div class=\"text\">\n<div id=\"attachment_98095\" style=\"width: 518px\" class=\"wp-caption alignleft\"><a href=\"http:\/\/www.visit-ulcinj.com\/blog\/wp-content\/uploads\/2016\/07\/Nazif-Cungu-Uyehara.jpg\"><img aria-describedby=\"caption-attachment-98095\" loading=\"lazy\" class=\"wp-image-98095\" src=\"http:\/\/www.visit-ulcinj.com\/blog\/wp-content\/uploads\/2016\/07\/Nazif-Cungu-Uyehara.jpg\" alt=\"????????????????????????????????????\" width=\"508\" height=\"337\" srcset=\"https:\/\/www.visit-ulcinj.com\/blog\/wp-content\/uploads\/2016\/07\/Nazif-Cungu-Uyehara.jpg 640w, https:\/\/www.visit-ulcinj.com\/blog\/wp-content\/uploads\/2016\/07\/Nazif-Cungu-Uyehara-300x199.jpg 300w\" sizes=\"(max-width: 508px) 100vw, 508px\" \/><\/a><p id=\"caption-attachment-98095\" class=\"wp-caption-text\">????????????????????????????????????<\/p><\/div>\n<p><strong>Predsjednik Op\u0161tine Ulcinj, Nazif Cungu se povodom 4 jula, dana Nezavisnosti SAD , obratio ambasadorki SAD nj. E. Margaret Uyehara.<\/strong><\/p>\n<p>Izme\u0111u ostalog na telegramu stoji.<\/p>\n<p>Po\u0161tovana Ekselencijo, dozvolite mi da u ime gra\u0111ana Ulcinja i u svoje li\u010dno ime izrazim najiskrenije \u010destitke povodom Dana Nezavisnosti Sjedinjenih Ameri\u010dkih Dr\u017eava.<\/p>\n<p>Ovo je doga\u0111aj sa posebnom vrijedno\u0161\u0107u jer ozna\u010dava osnivanje dr\u017eavnog ure\u0111enja baziranog na univerzalne vrijednosti slobode, demokratije i prosperiteta.<\/p>\n<p>Posebne \u010destitke Vama, osoblju ambasade i svim gra\u0111anima Sjedinjenih Ameri\u010dkih Dr\u017eava.<\/p>\n<p>S po\u0161tovanjem,<\/p>\n<p>Nazif Cungu, Predsjednik Op\u0161tine Ulcinj<\/p>\n<\/div>\n","protected":false},"excerpt":{"rendered":"<p>Predsjednik Op\u0161tine Ulcinj, Nazif Cungu se povodom 4 jula, dana Nezavisnosti SAD , obratio ambasadorki SAD nj. E. Margaret Uyehara. Izme\u0111u ostalog na telegramu stoji. Po\u0161tovana Ekselencijo, dozvolite mi da u ime gra\u0111ana Ulcinja i u svoje li\u010dno ime izrazim najiskrenije \u010destitke povodom Dana Nezavisnosti Sjedinjenih Ameri\u010dkih Dr\u017eava. Ovo je doga\u0111aj sa posebnom vrijedno\u0161\u0107u jer [&hellip;]<\/p>\n","protected":false},"author":1,"featured_media":0,"comment_status":"closed","ping_status":"closed","sticky":false,"template":"","format":"standard","meta":{"spay_email":"","jetpack_publicize_message":"","jetpack_is_tweetstorm":false,"jetpack_publicize_feature_enabled":true},"categories":[6950],"tags":[],"jetpack_publicize_connections":[],"yoast_head":"<!-- This site is optimized with the Yoast SEO plugin v19.1 - https:\/\/yoast.com\/wordpress\/plugins\/seo\/ -->\n<title>Cungu telegram \u010destitke Uyehari povodom dana Nezavisnosti SAD - Lajme nga Ulqini<\/title>\n<meta name=\"description\" content=\"Predsjednik Op\u0161tine Ulcinj, Nazif Cungu se povodom 4 jula, dana Nezavisnosti SAD , obratio ambasadorki SAD nj. E. Margaret Uyehara. Izme\u0111u ostalog na\" \/>\n<meta name=\"robots\" content=\"index, follow, max-snippet:-1, max-image-preview:large, max-video-preview:-1\" \/>\n<link rel=\"canonical\" href=\"https:\/\/www.visit-ulcinj.com\/blog\/2016\/07\/04\/cungu-telegram-cestitke-uyehari-povodom-dana-nezavisnosti-sad\/\" \/>\n<meta property=\"og:locale\" content=\"en_US\" \/>\n<meta property=\"og:type\" content=\"article\" \/>\n<meta property=\"og:title\" content=\"Cungu telegram \u010destitke Uyehari povodom dana Nezavisnosti SAD - Lajme nga Ulqini\" \/>\n<meta property=\"og:description\" content=\"Predsjednik Op\u0161tine Ulcinj, Nazif Cungu se povodom 4 jula, dana Nezavisnosti SAD , obratio ambasadorki SAD nj. E. Margaret Uyehara. Izme\u0111u ostalog na\" \/>\n<meta property=\"og:url\" content=\"https:\/\/www.visit-ulcinj.com\/blog\/2016\/07\/04\/cungu-telegram-cestitke-uyehari-povodom-dana-nezavisnosti-sad\/\" \/>\n<meta property=\"og:site_name\" content=\"Lajme nga Ulqini\" \/>\n<meta property=\"article:published_time\" content=\"2016-07-04T11:51:18+00:00\" \/>\n<meta property=\"og:image\" content=\"http:\/\/www.visit-ulcinj.com\/blog\/wp-content\/uploads\/2016\/07\/Nazif-Cungu-Uyehara.jpg\" \/>\n<meta name=\"twitter:label1\" content=\"Written by\" \/>\n\t<meta name=\"twitter:data1\" content=\"ulqini\" \/>\n\t<meta name=\"twitter:label2\" content=\"Est. reading time\" \/>\n\t<meta name=\"twitter:data2\" content=\"1 minute\" \/>\n<script type=\"application\/ld+json\" class=\"yoast-schema-graph\">{\"@context\":\"https:\/\/schema.org\",\"@graph\":[{\"@type\":\"WebSite\",\"@id\":\"https:\/\/www.visit-ulcinj.com\/blog\/#website\",\"url\":\"https:\/\/www.visit-ulcinj.com\/blog\/\",\"name\":\"Lajme nga Ulqini\",\"description\":\"Lajme,Vijesti,Ulqini,Ulqin,Crna Gora,Mali i Zi\",\"potentialAction\":[{\"@type\":\"SearchAction\",\"target\":{\"@type\":\"EntryPoint\",\"urlTemplate\":\"https:\/\/www.visit-ulcinj.com\/blog\/?s={search_term_string}\"},\"query-input\":\"required name=search_term_string\"}],\"inLanguage\":\"en-US\"},{\"@type\":\"ImageObject\",\"inLanguage\":\"en-US\",\"@id\":\"https:\/\/www.visit-ulcinj.com\/blog\/2016\/07\/04\/cungu-telegram-cestitke-uyehari-povodom-dana-nezavisnosti-sad\/#primaryimage\",\"url\":\"https:\/\/www.visit-ulcinj.com\/blog\/wp-content\/uploads\/2016\/07\/Nazif-Cungu-Uyehara.jpg\",\"contentUrl\":\"https:\/\/www.visit-ulcinj.com\/blog\/wp-content\/uploads\/2016\/07\/Nazif-Cungu-Uyehara.jpg\",\"width\":640,\"height\":424,\"caption\":\"????????????????????????????????????\"},{\"@type\":\"WebPage\",\"@id\":\"https:\/\/www.visit-ulcinj.com\/blog\/2016\/07\/04\/cungu-telegram-cestitke-uyehari-povodom-dana-nezavisnosti-sad\/#webpage\",\"url\":\"https:\/\/www.visit-ulcinj.com\/blog\/2016\/07\/04\/cungu-telegram-cestitke-uyehari-povodom-dana-nezavisnosti-sad\/\",\"name\":\"Cungu telegram \u010destitke Uyehari povodom dana Nezavisnosti SAD - Lajme nga Ulqini\",\"isPartOf\":{\"@id\":\"https:\/\/www.visit-ulcinj.com\/blog\/#website\"},\"primaryImageOfPage\":{\"@id\":\"https:\/\/www.visit-ulcinj.com\/blog\/2016\/07\/04\/cungu-telegram-cestitke-uyehari-povodom-dana-nezavisnosti-sad\/#primaryimage\"},\"datePublished\":\"2016-07-04T11:51:18+00:00\",\"dateModified\":\"2016-07-04T11:51:18+00:00\",\"author\":{\"@id\":\"https:\/\/www.visit-ulcinj.com\/blog\/#\/schema\/person\/dcab619c614d3038751c63bc2aadc06d\"},\"description\":\"Predsjednik Op\u0161tine Ulcinj, Nazif Cungu se povodom 4 jula, dana Nezavisnosti SAD , obratio ambasadorki SAD nj. E. Margaret Uyehara. Izme\u0111u ostalog na\",\"breadcrumb\":{\"@id\":\"https:\/\/www.visit-ulcinj.com\/blog\/2016\/07\/04\/cungu-telegram-cestitke-uyehari-povodom-dana-nezavisnosti-sad\/#breadcrumb\"},\"inLanguage\":\"en-US\",\"potentialAction\":[{\"@type\":\"ReadAction\",\"target\":[\"https:\/\/www.visit-ulcinj.com\/blog\/2016\/07\/04\/cungu-telegram-cestitke-uyehari-povodom-dana-nezavisnosti-sad\/\"]}]},{\"@type\":\"BreadcrumbList\",\"@id\":\"https:\/\/www.visit-ulcinj.com\/blog\/2016\/07\/04\/cungu-telegram-cestitke-uyehari-povodom-dana-nezavisnosti-sad\/#breadcrumb\",\"itemListElement\":[{\"@type\":\"ListItem\",\"position\":1,\"name\":\"Cungu telegram \u010destitke Uyehari povodom dana Nezavisnosti SAD\"}]},{\"@type\":\"Person\",\"@id\":\"https:\/\/www.visit-ulcinj.com\/blog\/#\/schema\/person\/dcab619c614d3038751c63bc2aadc06d\",\"name\":\"ulqini\",\"sameAs\":[\"http:\/\/www.visit-ulcinj.com\"],\"url\":\"https:\/\/www.visit-ulcinj.com\/blog\/author\/admin\/\"}]}<\/script>\n<!-- \/ Yoast SEO plugin. -->","yoast_head_json":{"title":"Cungu telegram \u010destitke Uyehari povodom dana Nezavisnosti SAD - Lajme nga Ulqini","description":"Predsjednik Op\u0161tine Ulcinj, Nazif Cungu se povodom 4 jula, dana Nezavisnosti SAD , obratio ambasadorki SAD nj. E. Margaret Uyehara. Izme\u0111u ostalog na","robots":{"index":"index","follow":"follow","max-snippet":"max-snippet:-1","max-image-preview":"max-image-preview:large","max-video-preview":"max-video-preview:-1"},"canonical":"https:\/\/www.visit-ulcinj.com\/blog\/2016\/07\/04\/cungu-telegram-cestitke-uyehari-povodom-dana-nezavisnosti-sad\/","og_locale":"en_US","og_type":"article","og_title":"Cungu telegram \u010destitke Uyehari povodom dana Nezavisnosti SAD - Lajme nga Ulqini","og_description":"Predsjednik Op\u0161tine Ulcinj, Nazif Cungu se povodom 4 jula, dana Nezavisnosti SAD , obratio ambasadorki SAD nj. E. Margaret Uyehara. Izme\u0111u ostalog na","og_url":"https:\/\/www.visit-ulcinj.com\/blog\/2016\/07\/04\/cungu-telegram-cestitke-uyehari-povodom-dana-nezavisnosti-sad\/","og_site_name":"Lajme nga Ulqini","article_published_time":"2016-07-04T11:51:18+00:00","og_image":[{"url":"http:\/\/www.visit-ulcinj.com\/blog\/wp-content\/uploads\/2016\/07\/Nazif-Cungu-Uyehara.jpg"}],"twitter_misc":{"Written by":"ulqini","Est. reading time":"1 minute"},"schema":{"@context":"https:\/\/schema.org","@graph":[{"@type":"WebSite","@id":"https:\/\/www.visit-ulcinj.com\/blog\/#website","url":"https:\/\/www.visit-ulcinj.com\/blog\/","name":"Lajme nga Ulqini","description":"Lajme,Vijesti,Ulqini,Ulqin,Crna Gora,Mali i Zi","potentialAction":[{"@type":"SearchAction","target":{"@type":"EntryPoint","urlTemplate":"https:\/\/www.visit-ulcinj.com\/blog\/?s={search_term_string}"},"query-input":"required name=search_term_string"}],"inLanguage":"en-US"},{"@type":"ImageObject","inLanguage":"en-US","@id":"https:\/\/www.visit-ulcinj.com\/blog\/2016\/07\/04\/cungu-telegram-cestitke-uyehari-povodom-dana-nezavisnosti-sad\/#primaryimage","url":"https:\/\/www.visit-ulcinj.com\/blog\/wp-content\/uploads\/2016\/07\/Nazif-Cungu-Uyehara.jpg","contentUrl":"https:\/\/www.visit-ulcinj.com\/blog\/wp-content\/uploads\/2016\/07\/Nazif-Cungu-Uyehara.jpg","width":640,"height":424,"caption":"????????????????????????????????????"},{"@type":"WebPage","@id":"https:\/\/www.visit-ulcinj.com\/blog\/2016\/07\/04\/cungu-telegram-cestitke-uyehari-povodom-dana-nezavisnosti-sad\/#webpage","url":"https:\/\/www.visit-ulcinj.com\/blog\/2016\/07\/04\/cungu-telegram-cestitke-uyehari-povodom-dana-nezavisnosti-sad\/","name":"Cungu telegram \u010destitke Uyehari povodom dana Nezavisnosti SAD - Lajme nga Ulqini","isPartOf":{"@id":"https:\/\/www.visit-ulcinj.com\/blog\/#website"},"primaryImageOfPage":{"@id":"https:\/\/www.visit-ulcinj.com\/blog\/2016\/07\/04\/cungu-telegram-cestitke-uyehari-povodom-dana-nezavisnosti-sad\/#primaryimage"},"datePublished":"2016-07-04T11:51:18+00:00","dateModified":"2016-07-04T11:51:18+00:00","author":{"@id":"https:\/\/www.visit-ulcinj.com\/blog\/#\/schema\/person\/dcab619c614d3038751c63bc2aadc06d"},"description":"Predsjednik Op\u0161tine Ulcinj, Nazif Cungu se povodom 4 jula, dana Nezavisnosti SAD , obratio ambasadorki SAD nj. E. Margaret Uyehara. Izme\u0111u ostalog na","breadcrumb":{"@id":"https:\/\/www.visit-ulcinj.com\/blog\/2016\/07\/04\/cungu-telegram-cestitke-uyehari-povodom-dana-nezavisnosti-sad\/#breadcrumb"},"inLanguage":"en-US","potentialAction":[{"@type":"ReadAction","target":["https:\/\/www.visit-ulcinj.com\/blog\/2016\/07\/04\/cungu-telegram-cestitke-uyehari-povodom-dana-nezavisnosti-sad\/"]}]},{"@type":"BreadcrumbList","@id":"https:\/\/www.visit-ulcinj.com\/blog\/2016\/07\/04\/cungu-telegram-cestitke-uyehari-povodom-dana-nezavisnosti-sad\/#breadcrumb","itemListElement":[{"@type":"ListItem","position":1,"name":"Cungu telegram \u010destitke Uyehari povodom dana Nezavisnosti SAD"}]},{"@type":"Person","@id":"https:\/\/www.visit-ulcinj.com\/blog\/#\/schema\/person\/dcab619c614d3038751c63bc2aadc06d","name":"ulqini","sameAs":["http:\/\/www.visit-ulcinj.com"],"url":"https:\/\/www.visit-ulcinj.com\/blog\/author\/admin\/"}]}},"jetpack_featured_media_url":"","jetpack_sharing_enabled":true,"jetpack_shortlink":"https:\/\/wp.me\/pe6lTn-pwf","_links":{"self":[{"href":"https:\/\/www.visit-ulcinj.com\/blog\/wp-json\/wp\/v2\/posts\/98099"}],"collection":[{"href":"https:\/\/www.visit-ulcinj.com\/blog\/wp-json\/wp\/v2\/posts"}],"about":[{"href":"https:\/\/www.visit-ulcinj.com\/blog\/wp-json\/wp\/v2\/types\/post"}],"author":[{"embeddable":true,"href":"https:\/\/www.visit-ulcinj.com\/blog\/wp-json\/wp\/v2\/users\/1"}],"replies":[{"embeddable":true,"href":"https:\/\/www.visit-ulcinj.com\/blog\/wp-json\/wp\/v2\/comments?post=98099"}],"version-history":[{"count":1,"href":"https:\/\/www.visit-ulcinj.com\/blog\/wp-json\/wp\/v2\/posts\/98099\/revisions"}],"predecessor-version":[{"id":98100,"href":"https:\/\/www.visit-ulcinj.com\/blog\/wp-json\/wp\/v2\/posts\/98099\/revisions\/98100"}],"wp:attachment":[{"href":"https:\/\/www.visit-ulcinj.com\/blog\/wp-json\/wp\/v2\/media?parent=98099"}],"wp:term":[{"taxonomy":"category","embeddable":true,"href":"https:\/\/www.visit-ulcinj.com\/blog\/wp-json\/wp\/v2\/categories?post=98099"},{"taxonomy":"post_tag","embeddable":true,"href":"https:\/\/www.visit-ulcinj.com\/blog\/wp-json\/wp\/v2\/tags?post=98099"}],"curies":[{"name":"wp","href":"https:\/\/api.w.org\/{rel}","templated":true}]}}