{"id":98101,"date":"2016-07-04T16:00:35","date_gmt":"2016-07-04T15:00:35","guid":{"rendered":"http:\/\/www.visit-ulcinj.com\/blog\/?p=98101"},"modified":"2021-07-03T18:16:07","modified_gmt":"2021-07-03T17:16:07","slug":"in-memoriam-hashim-dervishi","status":"publish","type":"post","link":"https:\/\/www.visit-ulcinj.com\/blog\/2016\/07\/04\/in-memoriam-hashim-dervishi\/","title":{"rendered":"IN MEMORIAM: Hashim DERVISHI"},"content":{"rendered":"<div class=\"o9v6fnle cxmmr5t8 oygrvhab hcukyx3x c1et5uql ii04i59q\">\n<div dir=\"auto\"><a href=\"http:\/\/www.visit-ulcinj.com\/blog\/wp-content\/uploads\/2016\/07\/Hashim-DERVISHI-Ulqin.jpg\"><img loading=\"lazy\" class=\"alignleft size-full wp-image-106656\" src=\"http:\/\/www.visit-ulcinj.com\/blog\/wp-content\/uploads\/2016\/07\/Hashim-DERVISHI-Ulqin.jpg\" alt=\"\" width=\"349\" height=\"427\" srcset=\"https:\/\/www.visit-ulcinj.com\/blog\/wp-content\/uploads\/2016\/07\/Hashim-DERVISHI-Ulqin.jpg 349w, https:\/\/www.visit-ulcinj.com\/blog\/wp-content\/uploads\/2016\/07\/Hashim-DERVISHI-Ulqin-245x300.jpg 245w\" sizes=\"(max-width: 349px) 100vw, 349px\" \/><\/a>T\u00eb shtunen, me 02.07.2016 n\u00eb moshen 78 vje\u00e7are ndrroi jet\u00eb Hashim DERVISHI, nj\u00ebri nga &#8220;Ranacak\u00ebt&#8221; i cili ka lindur n\u00eb Ran\u00eb n\u00eb shkumb\u00ebn e detit. Hashimi ka qen\u00eb nj\u00eb njeri i but, modest, nj\u00eb njeri i cili ka ditur shum p\u00ebr det dhe p\u00ebr detari. M\u00eb duket se nuk gaboj, kur them\u00eb se Hashimi ka qen\u00eb nishani i Ran\u00ebs ton\u00eb t\u00eb bukur.<\/div>\n<div dir=\"auto\"><\/div>\n<div dir=\"auto\">T\u00eb gjith\u00eb ato t\u00eb cil\u00ebt e kan\u00eb njohur dhe t\u00eb cil\u00ebt rrinin shpesh me te, flasin sot m\u00eb nj\u00eb pijetet t\u00eb posa\u00e7\u00ebm p\u00ebr k\u00ebt\u00eb njeri t\u00eb but dhe t\u00eb ve\u00e7ant\u00eb nga Rana e jon\u00eb. Hashimin do ta kujtojn\u00eb peshkatar\u00ebt e vjet\u00ebr, me t\u00eb cil\u00ebt Hashimi ka gjuajtur peshk, do ta kujtojn\u00eb detar\u00ebt, m\u00eb t\u00eb cil\u00ebt ka lundruar n\u00ebp\u00ebr dete anemban\u00eb bot\u00ebs. Gjithashtu, jam m\u00eb se i sigurt se do ta kujtojn\u00eb edhe t\u00eb rinj\u00ebt p\u00ebr t\u00eb cil\u00ebt gjithmon\u00eb ka pasur k\u00ebshilla.<\/div>\n<div dir=\"auto\"><\/div>\n<div dir=\"auto\">Hasimi ka filluar si marinar i ri me lundruar me barka t\u00eb ndryshme. M\u00eb duket se lundrimi i tij ka filluar n\u00eb &#8220;Sllanin&#8221;, n\u00eb koh\u00ebra kur lundrimi ka qen\u00eb m\u00eb i v\u00ebshtir\u00eb se sot, ndaj k\u00ebrkohej mjeshtri e madhe p\u00ebr navigim. Prandaj, Hashim Dervishi edhe i takon k\u00ebsaj plejade detar\u00ebsh t\u00eb cil\u00ebt e kan\u00eb shenuar edhe historin\u00eb e dertaris\u00eb e qytetit ton\u00eb.<\/div>\n<div dir=\"auto\"><\/div>\n<div dir=\"auto\">M\u00eb von\u00eb Hashimi ka lundruar edhe n\u00eb anije t\u00eb m\u00ebdhe oqeanike. Pas kthimit nga lundrimi, Hashimi pun\u00ebsohet n\u00eb &#8220;Rivier\u00ebn e Ulqinit&#8221;, gjigantit turistik t\u00eb koh\u00ebs s\u00eb art t\u00eb turizmit ton\u00eb deri te vitet 90 t\u00eb shek. t\u00eb kaluar. Por gjithmon\u00eb koh\u00ebn e lir\u00eb e kaluar pran\u00eb detit, pasi q\u00eb deti, barkat dhe sanallat kan\u00eb qen\u00eb jeta e tij.<\/div>\n<div dir=\"auto\">Neve, k\u00ebtu n\u00eb Ran\u00eb, do t\u00eb na kujtohet Hashim Dervishi si nj\u00eb figur markante e cila pa dyshim ka l\u00ebn\u00eb gjurm\u00eb t\u00eb pashlyera n\u00eb trash\u00ebgimin\u00eb dhe n\u00eb jet\u00ebn ton\u00eb n\u00eb p\u00ebrgjith\u00ebsi. Inshalla spirti i tij gjen prehje n\u00eb Xhehnet. Rahmet past\u00eb.<\/div>\n<div dir=\"auto\"><\/div>\n<div dir=\"auto\"><\/div>\n<div dir=\"auto\"><\/div>\n<div dir=\"auto\"><\/div>\n<div dir=\"auto\">U subotu, 02.07.2016. godine u 78 godini \u017eivota,preselio se u ahiret Ha\u0161im DERVI\u0160I, jedan od cijenjenih i po\u0161tovanih stanovnika na\u0161eg grada. Bio je neprekidno na Pristanu, gdje je svakodnevno, naravno dok je mogao, i\u0161ao svojom barkom u ribolov. Bio je miran, skroman, tih i nenametljiv \u010dovjek.<\/div>\n<div dir=\"auto\">Va\u017eio je kao vrstan poznavalac, mora, plovidbe i svega onog \u0161to je \u010dovjeka vezalo za more. Jo\u0161 kao mlad se ukrcao na more i dugo godina je plovio po svim morima, sve do onog momenta kada je jedan visoki turizam omogu\u0107io da se mnogi pomorci vrate u svoj rodni kraj.<\/div>\n<div dir=\"auto\"><\/div>\n<div dir=\"auto\">Tako je i Ha\u0161im Dervi\u0161i, kao i mnogi ostali, uspio da svoje iskustvo prenese u dijelu &#8220;Ulcinjske rivijere&#8221;, gdje je radio na tehni\u010dkom odr\u017eavaju objekata u hotelima. Me\u0111utim, svo svoje slobodno vrijeme je provodio na rijeci Bojani ili na moru gdje je skoro svakodnevno izlazio svojom barkom. Mislim, da mogu sasvim slobodno re\u0107i, da su more, barke i brodovi bili i ostali sve do njegovog kraja, sastavni dio \u017eivota, uostalom kao i kod svih ostalih koji su ro\u0111eni tu na pjeni od mora.<\/div>\n<div dir=\"auto\"><\/div>\n<div dir=\"auto\">Mnogi danas govore sa posebnim pijetetom i po\u0161tovanjem o gospodinu Ha\u0161imu Dervi\u0161iju, i sasvim sam siguran da \u0107e njegova markantna figura mnogo nedostajati na\u0161em Pristanu.<\/div>\n<div dir=\"auto\">Vjerujem da \u0107e njegova plemenita du\u0161a na\u0107i svoj mir u Raju.<\/div>\n<div dir=\"auto\"><\/div>\n<\/div>\n<div dir=\"auto\"><strong>Ismet Karamanaga<\/strong><\/div>\n<p>&nbsp;<\/p>\n","protected":false},"excerpt":{"rendered":"<p>T\u00eb shtunen, me 02.07.2016 n\u00eb moshen 78 vje\u00e7are ndrroi jet\u00eb Hashim DERVISHI, nj\u00ebri nga &#8220;Ranacak\u00ebt&#8221; i cili ka lindur n\u00eb Ran\u00eb n\u00eb shkumb\u00ebn e detit. Hashimi ka qen\u00eb nj\u00eb njeri i but, modest, nj\u00eb njeri i cili ka ditur shum p\u00ebr det dhe p\u00ebr detari. M\u00eb duket se nuk gaboj, kur them\u00eb se Hashimi ka [&hellip;]<\/p>\n","protected":false},"author":1,"featured_media":0,"comment_status":"closed","ping_status":"closed","sticky":false,"template":"","format":"standard","meta":{"spay_email":"","jetpack_publicize_message":"","jetpack_is_tweetstorm":false,"jetpack_publicize_feature_enabled":true},"categories":[6950],"tags":[],"jetpack_publicize_connections":[],"yoast_head":"<!-- This site is optimized with the Yoast SEO plugin v19.1 - https:\/\/yoast.com\/wordpress\/plugins\/seo\/ -->\n<title>IN MEMORIAM: Hashim DERVISHI - Lajme nga Ulqini<\/title>\n<meta name=\"description\" content=\"T\u00eb shtunen, me 02.07.2016 n\u00eb moshen 78 vje\u00e7are ndrroi jet\u00eb Hashim DERVISHI, nj\u00ebri nga &quot;Ranacak\u00ebt&quot; i cili ka lindur n\u00eb Ran\u00eb n\u00eb shkumb\u00ebn e detit. Hashimi ka\" \/>\n<meta name=\"robots\" content=\"index, follow, max-snippet:-1, max-image-preview:large, max-video-preview:-1\" \/>\n<link rel=\"canonical\" href=\"https:\/\/www.visit-ulcinj.com\/blog\/2016\/07\/04\/in-memoriam-hashim-dervishi\/\" \/>\n<meta property=\"og:locale\" content=\"en_US\" \/>\n<meta property=\"og:type\" content=\"article\" \/>\n<meta property=\"og:title\" content=\"IN MEMORIAM: Hashim DERVISHI - Lajme nga Ulqini\" \/>\n<meta property=\"og:description\" content=\"T\u00eb shtunen, me 02.07.2016 n\u00eb moshen 78 vje\u00e7are ndrroi jet\u00eb Hashim DERVISHI, nj\u00ebri nga &quot;Ranacak\u00ebt&quot; i cili ka lindur n\u00eb Ran\u00eb n\u00eb shkumb\u00ebn e detit. Hashimi ka\" \/>\n<meta property=\"og:url\" content=\"https:\/\/www.visit-ulcinj.com\/blog\/2016\/07\/04\/in-memoriam-hashim-dervishi\/\" \/>\n<meta property=\"og:site_name\" content=\"Lajme nga Ulqini\" \/>\n<meta property=\"article:published_time\" content=\"2016-07-04T15:00:35+00:00\" \/>\n<meta property=\"article:modified_time\" content=\"2021-07-03T17:16:07+00:00\" \/>\n<meta property=\"og:image\" content=\"http:\/\/www.visit-ulcinj.com\/blog\/wp-content\/uploads\/2016\/07\/Hashim-DERVISHI-Ulqin.jpg\" \/>\n<meta name=\"twitter:label1\" content=\"Written by\" \/>\n\t<meta name=\"twitter:data1\" content=\"ulqini\" \/>\n\t<meta name=\"twitter:label2\" content=\"Est. reading time\" \/>\n\t<meta name=\"twitter:data2\" content=\"3 minutes\" \/>\n<script type=\"application\/ld+json\" class=\"yoast-schema-graph\">{\"@context\":\"https:\/\/schema.org\",\"@graph\":[{\"@type\":\"WebSite\",\"@id\":\"https:\/\/www.visit-ulcinj.com\/blog\/#website\",\"url\":\"https:\/\/www.visit-ulcinj.com\/blog\/\",\"name\":\"Lajme nga Ulqini\",\"description\":\"Lajme,Vijesti,Ulqini,Ulqin,Crna Gora,Mali i Zi\",\"potentialAction\":[{\"@type\":\"SearchAction\",\"target\":{\"@type\":\"EntryPoint\",\"urlTemplate\":\"https:\/\/www.visit-ulcinj.com\/blog\/?s={search_term_string}\"},\"query-input\":\"required name=search_term_string\"}],\"inLanguage\":\"en-US\"},{\"@type\":\"ImageObject\",\"inLanguage\":\"en-US\",\"@id\":\"https:\/\/www.visit-ulcinj.com\/blog\/2016\/07\/04\/in-memoriam-hashim-dervishi\/#primaryimage\",\"url\":\"https:\/\/www.visit-ulcinj.com\/blog\/wp-content\/uploads\/2016\/07\/Hashim-DERVISHI-Ulqin.jpg\",\"contentUrl\":\"https:\/\/www.visit-ulcinj.com\/blog\/wp-content\/uploads\/2016\/07\/Hashim-DERVISHI-Ulqin.jpg\",\"width\":349,\"height\":427},{\"@type\":\"WebPage\",\"@id\":\"https:\/\/www.visit-ulcinj.com\/blog\/2016\/07\/04\/in-memoriam-hashim-dervishi\/#webpage\",\"url\":\"https:\/\/www.visit-ulcinj.com\/blog\/2016\/07\/04\/in-memoriam-hashim-dervishi\/\",\"name\":\"IN MEMORIAM: Hashim DERVISHI - Lajme nga Ulqini\",\"isPartOf\":{\"@id\":\"https:\/\/www.visit-ulcinj.com\/blog\/#website\"},\"primaryImageOfPage\":{\"@id\":\"https:\/\/www.visit-ulcinj.com\/blog\/2016\/07\/04\/in-memoriam-hashim-dervishi\/#primaryimage\"},\"datePublished\":\"2016-07-04T15:00:35+00:00\",\"dateModified\":\"2021-07-03T17:16:07+00:00\",\"author\":{\"@id\":\"https:\/\/www.visit-ulcinj.com\/blog\/#\/schema\/person\/dcab619c614d3038751c63bc2aadc06d\"},\"description\":\"T\u00eb shtunen, me 02.07.2016 n\u00eb moshen 78 vje\u00e7are ndrroi jet\u00eb Hashim DERVISHI, nj\u00ebri nga \\\"Ranacak\u00ebt\\\" i cili ka lindur n\u00eb Ran\u00eb n\u00eb shkumb\u00ebn e detit. Hashimi ka\",\"breadcrumb\":{\"@id\":\"https:\/\/www.visit-ulcinj.com\/blog\/2016\/07\/04\/in-memoriam-hashim-dervishi\/#breadcrumb\"},\"inLanguage\":\"en-US\",\"potentialAction\":[{\"@type\":\"ReadAction\",\"target\":[\"https:\/\/www.visit-ulcinj.com\/blog\/2016\/07\/04\/in-memoriam-hashim-dervishi\/\"]}]},{\"@type\":\"BreadcrumbList\",\"@id\":\"https:\/\/www.visit-ulcinj.com\/blog\/2016\/07\/04\/in-memoriam-hashim-dervishi\/#breadcrumb\",\"itemListElement\":[{\"@type\":\"ListItem\",\"position\":1,\"name\":\"IN MEMORIAM: Hashim DERVISHI\"}]},{\"@type\":\"Person\",\"@id\":\"https:\/\/www.visit-ulcinj.com\/blog\/#\/schema\/person\/dcab619c614d3038751c63bc2aadc06d\",\"name\":\"ulqini\",\"sameAs\":[\"http:\/\/www.visit-ulcinj.com\"],\"url\":\"https:\/\/www.visit-ulcinj.com\/blog\/author\/admin\/\"}]}<\/script>\n<!-- \/ Yoast SEO plugin. -->","yoast_head_json":{"title":"IN MEMORIAM: Hashim DERVISHI - Lajme nga Ulqini","description":"T\u00eb shtunen, me 02.07.2016 n\u00eb moshen 78 vje\u00e7are ndrroi jet\u00eb Hashim DERVISHI, nj\u00ebri nga \"Ranacak\u00ebt\" i cili ka lindur n\u00eb Ran\u00eb n\u00eb shkumb\u00ebn e detit. Hashimi ka","robots":{"index":"index","follow":"follow","max-snippet":"max-snippet:-1","max-image-preview":"max-image-preview:large","max-video-preview":"max-video-preview:-1"},"canonical":"https:\/\/www.visit-ulcinj.com\/blog\/2016\/07\/04\/in-memoriam-hashim-dervishi\/","og_locale":"en_US","og_type":"article","og_title":"IN MEMORIAM: Hashim DERVISHI - Lajme nga Ulqini","og_description":"T\u00eb shtunen, me 02.07.2016 n\u00eb moshen 78 vje\u00e7are ndrroi jet\u00eb Hashim DERVISHI, nj\u00ebri nga \"Ranacak\u00ebt\" i cili ka lindur n\u00eb Ran\u00eb n\u00eb shkumb\u00ebn e detit. Hashimi ka","og_url":"https:\/\/www.visit-ulcinj.com\/blog\/2016\/07\/04\/in-memoriam-hashim-dervishi\/","og_site_name":"Lajme nga Ulqini","article_published_time":"2016-07-04T15:00:35+00:00","article_modified_time":"2021-07-03T17:16:07+00:00","og_image":[{"url":"http:\/\/www.visit-ulcinj.com\/blog\/wp-content\/uploads\/2016\/07\/Hashim-DERVISHI-Ulqin.jpg"}],"twitter_misc":{"Written by":"ulqini","Est. reading time":"3 minutes"},"schema":{"@context":"https:\/\/schema.org","@graph":[{"@type":"WebSite","@id":"https:\/\/www.visit-ulcinj.com\/blog\/#website","url":"https:\/\/www.visit-ulcinj.com\/blog\/","name":"Lajme nga Ulqini","description":"Lajme,Vijesti,Ulqini,Ulqin,Crna Gora,Mali i Zi","potentialAction":[{"@type":"SearchAction","target":{"@type":"EntryPoint","urlTemplate":"https:\/\/www.visit-ulcinj.com\/blog\/?s={search_term_string}"},"query-input":"required name=search_term_string"}],"inLanguage":"en-US"},{"@type":"ImageObject","inLanguage":"en-US","@id":"https:\/\/www.visit-ulcinj.com\/blog\/2016\/07\/04\/in-memoriam-hashim-dervishi\/#primaryimage","url":"https:\/\/www.visit-ulcinj.com\/blog\/wp-content\/uploads\/2016\/07\/Hashim-DERVISHI-Ulqin.jpg","contentUrl":"https:\/\/www.visit-ulcinj.com\/blog\/wp-content\/uploads\/2016\/07\/Hashim-DERVISHI-Ulqin.jpg","width":349,"height":427},{"@type":"WebPage","@id":"https:\/\/www.visit-ulcinj.com\/blog\/2016\/07\/04\/in-memoriam-hashim-dervishi\/#webpage","url":"https:\/\/www.visit-ulcinj.com\/blog\/2016\/07\/04\/in-memoriam-hashim-dervishi\/","name":"IN MEMORIAM: Hashim DERVISHI - Lajme nga Ulqini","isPartOf":{"@id":"https:\/\/www.visit-ulcinj.com\/blog\/#website"},"primaryImageOfPage":{"@id":"https:\/\/www.visit-ulcinj.com\/blog\/2016\/07\/04\/in-memoriam-hashim-dervishi\/#primaryimage"},"datePublished":"2016-07-04T15:00:35+00:00","dateModified":"2021-07-03T17:16:07+00:00","author":{"@id":"https:\/\/www.visit-ulcinj.com\/blog\/#\/schema\/person\/dcab619c614d3038751c63bc2aadc06d"},"description":"T\u00eb shtunen, me 02.07.2016 n\u00eb moshen 78 vje\u00e7are ndrroi jet\u00eb Hashim DERVISHI, nj\u00ebri nga \"Ranacak\u00ebt\" i cili ka lindur n\u00eb Ran\u00eb n\u00eb shkumb\u00ebn e detit. Hashimi ka","breadcrumb":{"@id":"https:\/\/www.visit-ulcinj.com\/blog\/2016\/07\/04\/in-memoriam-hashim-dervishi\/#breadcrumb"},"inLanguage":"en-US","potentialAction":[{"@type":"ReadAction","target":["https:\/\/www.visit-ulcinj.com\/blog\/2016\/07\/04\/in-memoriam-hashim-dervishi\/"]}]},{"@type":"BreadcrumbList","@id":"https:\/\/www.visit-ulcinj.com\/blog\/2016\/07\/04\/in-memoriam-hashim-dervishi\/#breadcrumb","itemListElement":[{"@type":"ListItem","position":1,"name":"IN MEMORIAM: Hashim DERVISHI"}]},{"@type":"Person","@id":"https:\/\/www.visit-ulcinj.com\/blog\/#\/schema\/person\/dcab619c614d3038751c63bc2aadc06d","name":"ulqini","sameAs":["http:\/\/www.visit-ulcinj.com"],"url":"https:\/\/www.visit-ulcinj.com\/blog\/author\/admin\/"}]}},"jetpack_featured_media_url":"","jetpack_sharing_enabled":true,"jetpack_shortlink":"https:\/\/wp.me\/pe6lTn-pwh","_links":{"self":[{"href":"https:\/\/www.visit-ulcinj.com\/blog\/wp-json\/wp\/v2\/posts\/98101"}],"collection":[{"href":"https:\/\/www.visit-ulcinj.com\/blog\/wp-json\/wp\/v2\/posts"}],"about":[{"href":"https:\/\/www.visit-ulcinj.com\/blog\/wp-json\/wp\/v2\/types\/post"}],"author":[{"embeddable":true,"href":"https:\/\/www.visit-ulcinj.com\/blog\/wp-json\/wp\/v2\/users\/1"}],"replies":[{"embeddable":true,"href":"https:\/\/www.visit-ulcinj.com\/blog\/wp-json\/wp\/v2\/comments?post=98101"}],"version-history":[{"count":5,"href":"https:\/\/www.visit-ulcinj.com\/blog\/wp-json\/wp\/v2\/posts\/98101\/revisions"}],"predecessor-version":[{"id":106659,"href":"https:\/\/www.visit-ulcinj.com\/blog\/wp-json\/wp\/v2\/posts\/98101\/revisions\/106659"}],"wp:attachment":[{"href":"https:\/\/www.visit-ulcinj.com\/blog\/wp-json\/wp\/v2\/media?parent=98101"}],"wp:term":[{"taxonomy":"category","embeddable":true,"href":"https:\/\/www.visit-ulcinj.com\/blog\/wp-json\/wp\/v2\/categories?post=98101"},{"taxonomy":"post_tag","embeddable":true,"href":"https:\/\/www.visit-ulcinj.com\/blog\/wp-json\/wp\/v2\/tags?post=98101"}],"curies":[{"name":"wp","href":"https:\/\/api.w.org\/{rel}","templated":true}]}}