{"id":98104,"date":"2016-07-04T16:04:09","date_gmt":"2016-07-04T15:04:09","guid":{"rendered":"http:\/\/www.visit-ulcinj.com\/blog\/?p=98104"},"modified":"2016-07-04T16:04:09","modified_gmt":"2016-07-04T15:04:09","slug":"pric-nikolla-vizitoi-komunen-ulqinin","status":"publish","type":"post","link":"https:\/\/www.visit-ulcinj.com\/blog\/2016\/07\/04\/pric-nikolla-vizitoi-komunen-ulqinin\/","title":{"rendered":"Pric Nikolla vizitoi komunen Ulqinin"},"content":{"rendered":"<p><a href=\"http:\/\/www.visit-ulcinj.com\/blog\/wp-content\/uploads\/2016\/07\/Pric-Nikolla-Nazif-Cungu-Ulqin.jpg\"><img loading=\"lazy\" class=\"alignleft wp-image-98105\" src=\"http:\/\/www.visit-ulcinj.com\/blog\/wp-content\/uploads\/2016\/07\/Pric-Nikolla-Nazif-Cungu-Ulqin.jpg\" alt=\"Pric Nikolla-Nazif-Cungu-Ulqin\" width=\"508\" height=\"337\" srcset=\"https:\/\/www.visit-ulcinj.com\/blog\/wp-content\/uploads\/2016\/07\/Pric-Nikolla-Nazif-Cungu-Ulqin.jpg 750w, https:\/\/www.visit-ulcinj.com\/blog\/wp-content\/uploads\/2016\/07\/Pric-Nikolla-Nazif-Cungu-Ulqin-300x199.jpg 300w\" sizes=\"(max-width: 508px) 100vw, 508px\" \/><\/a>Ai se bashku me perfaqesuesit e fondacionit \u201cPetrovic\u201d dhe arkitektin e mirenjohur Benzhamen Muton kryetarin e ICOM-it* t\u00eb Franc\u00ebs u prit\u00ebn nga\u00a0 Kryetari I Komun\u00ebs s\u00eb Ulqinit dhe bashk\u00ebpun\u00ebtor\u00ebt e tij. Takim I dyt\u00eb radhazi pasi q\u00eb ne takimin e par\u00eb u nis iniciativa per realizimin e studimit per trash\u00ebgimin\u00eb kulturore dhe sugjerimet p\u00ebr restaurimin dhe rregullimin e Kalas\u00eb s\u00eb Ulqinit.<\/p>\n<p>Gjat\u00eb takimit konstruktiv u b\u00eb fjal\u00eb p\u00ebr\u00a0 aktivitetet q\u00eb duhet b\u00ebr\u00eb\u00a0 kur\u00a0\u00ebsht\u00eb fjala p\u00ebr\u00a0 rikonstriumin e objekteve t\u00eb vjetra n\u00eb Kala. K\u00ebt\u00eb rradh\u00eb u fol p\u00ebr masa konkrete\u00a0 t\u00eb propozuara nga ana e t\u00eb njohur\u00a0 Francez. Nga ana tjeter\u00a0 kryetari Cungu, duke I shprehur mir\u00ebnjohje p\u00ebr angazhim Princit dhe ekipit t\u00eb anagazhuar nga ai tha se\u00a0 k\u00ebto sugjerime\u00a0 jan\u00eb t\u00eb mir\u00ebseardhura dhe do t\u00eb zbatohen\u00a0 edhe\u00a0 p\u00ebr k\u00ebt\u00eb do t\u00eb k\u00ebrkohet dhe ndihma e\u00a0 subjekteve relevante\u00a0 republikane e europiane.<\/p>\n<p>P\u00ebrmbushja e k\u00ebtyre\u00a0 propozimeve do t\u00eb ishte dhe nj\u00eb kontribut shtes\u00eb per iden\u00eb e hedhur lidhur me rradhitjen e kalas\u00eb, ndonj\u00eb pjes\u00eb t\u00eb saj p\u00ebr rradhitjen n\u00eb mbrojtje t\u00eb UNESKOS.<\/p>\n<p>*ICOM \u2013 (International Council of Museums) K\u00ebshilli nd\u00ebrkomb\u00ebtar I muzeve, \u00ebsht\u00eb organ konsultativ p\u00ebr pranimin e an\u00ebtar\u00ebve t\u00eb rinj n\u00eb UNESCO.<\/p>\n","protected":false},"excerpt":{"rendered":"<p>Ai se bashku me perfaqesuesit e fondacionit \u201cPetrovic\u201d dhe arkitektin e mirenjohur Benzhamen Muton kryetarin e ICOM-it* t\u00eb Franc\u00ebs u prit\u00ebn nga\u00a0 Kryetari I Komun\u00ebs s\u00eb Ulqinit dhe bashk\u00ebpun\u00ebtor\u00ebt e tij. Takim I dyt\u00eb radhazi pasi q\u00eb ne takimin e par\u00eb u nis iniciativa per realizimin e studimit per trash\u00ebgimin\u00eb kulturore dhe sugjerimet p\u00ebr restaurimin [&hellip;]<\/p>\n","protected":false},"author":1,"featured_media":0,"comment_status":"closed","ping_status":"closed","sticky":false,"template":"","format":"standard","meta":{"spay_email":"","jetpack_publicize_message":"","jetpack_is_tweetstorm":false,"jetpack_publicize_feature_enabled":true},"categories":[6950],"tags":[],"jetpack_publicize_connections":[],"yoast_head":"<!-- This site is optimized with the Yoast SEO plugin v19.1 - https:\/\/yoast.com\/wordpress\/plugins\/seo\/ -->\n<title>Pric Nikolla vizitoi komunen Ulqinin - Lajme nga Ulqini<\/title>\n<meta name=\"description\" content=\"Ai se bashku me perfaqesuesit e fondacionit \u201cPetrovic\u201d dhe arkitektin e mirenjohur Benzhamen Muton kryetarin e ICOM-it* t\u00eb Franc\u00ebs u prit\u00ebn nga\u00a0 Kryetari\" \/>\n<meta name=\"robots\" content=\"index, follow, max-snippet:-1, max-image-preview:large, max-video-preview:-1\" \/>\n<link rel=\"canonical\" href=\"https:\/\/www.visit-ulcinj.com\/blog\/2016\/07\/04\/pric-nikolla-vizitoi-komunen-ulqinin\/\" \/>\n<meta property=\"og:locale\" content=\"en_US\" \/>\n<meta property=\"og:type\" content=\"article\" \/>\n<meta property=\"og:title\" content=\"Pric Nikolla vizitoi komunen Ulqinin - Lajme nga Ulqini\" \/>\n<meta property=\"og:description\" content=\"Ai se bashku me perfaqesuesit e fondacionit \u201cPetrovic\u201d dhe arkitektin e mirenjohur Benzhamen Muton kryetarin e ICOM-it* t\u00eb Franc\u00ebs u prit\u00ebn nga\u00a0 Kryetari\" \/>\n<meta property=\"og:url\" content=\"https:\/\/www.visit-ulcinj.com\/blog\/2016\/07\/04\/pric-nikolla-vizitoi-komunen-ulqinin\/\" \/>\n<meta property=\"og:site_name\" content=\"Lajme nga Ulqini\" \/>\n<meta property=\"article:published_time\" content=\"2016-07-04T15:04:09+00:00\" \/>\n<meta property=\"og:image\" content=\"http:\/\/www.visit-ulcinj.com\/blog\/wp-content\/uploads\/2016\/07\/Pric-Nikolla-Nazif-Cungu-Ulqin.jpg\" \/>\n<meta name=\"twitter:label1\" content=\"Written by\" \/>\n\t<meta name=\"twitter:data1\" content=\"ulqini\" \/>\n\t<meta name=\"twitter:label2\" content=\"Est. reading time\" \/>\n\t<meta name=\"twitter:data2\" content=\"1 minute\" \/>\n<script type=\"application\/ld+json\" class=\"yoast-schema-graph\">{\"@context\":\"https:\/\/schema.org\",\"@graph\":[{\"@type\":\"WebSite\",\"@id\":\"https:\/\/www.visit-ulcinj.com\/blog\/#website\",\"url\":\"https:\/\/www.visit-ulcinj.com\/blog\/\",\"name\":\"Lajme nga Ulqini\",\"description\":\"Lajme,Vijesti,Ulqini,Ulqin,Crna Gora,Mali i Zi\",\"potentialAction\":[{\"@type\":\"SearchAction\",\"target\":{\"@type\":\"EntryPoint\",\"urlTemplate\":\"https:\/\/www.visit-ulcinj.com\/blog\/?s={search_term_string}\"},\"query-input\":\"required name=search_term_string\"}],\"inLanguage\":\"en-US\"},{\"@type\":\"ImageObject\",\"inLanguage\":\"en-US\",\"@id\":\"https:\/\/www.visit-ulcinj.com\/blog\/2016\/07\/04\/pric-nikolla-vizitoi-komunen-ulqinin\/#primaryimage\",\"url\":\"https:\/\/www.visit-ulcinj.com\/blog\/wp-content\/uploads\/2016\/07\/Pric-Nikolla-Nazif-Cungu-Ulqin.jpg\",\"contentUrl\":\"https:\/\/www.visit-ulcinj.com\/blog\/wp-content\/uploads\/2016\/07\/Pric-Nikolla-Nazif-Cungu-Ulqin.jpg\",\"width\":750,\"height\":497},{\"@type\":\"WebPage\",\"@id\":\"https:\/\/www.visit-ulcinj.com\/blog\/2016\/07\/04\/pric-nikolla-vizitoi-komunen-ulqinin\/#webpage\",\"url\":\"https:\/\/www.visit-ulcinj.com\/blog\/2016\/07\/04\/pric-nikolla-vizitoi-komunen-ulqinin\/\",\"name\":\"Pric Nikolla vizitoi komunen Ulqinin - Lajme nga Ulqini\",\"isPartOf\":{\"@id\":\"https:\/\/www.visit-ulcinj.com\/blog\/#website\"},\"primaryImageOfPage\":{\"@id\":\"https:\/\/www.visit-ulcinj.com\/blog\/2016\/07\/04\/pric-nikolla-vizitoi-komunen-ulqinin\/#primaryimage\"},\"datePublished\":\"2016-07-04T15:04:09+00:00\",\"dateModified\":\"2016-07-04T15:04:09+00:00\",\"author\":{\"@id\":\"https:\/\/www.visit-ulcinj.com\/blog\/#\/schema\/person\/dcab619c614d3038751c63bc2aadc06d\"},\"description\":\"Ai se bashku me perfaqesuesit e fondacionit \u201cPetrovic\u201d dhe arkitektin e mirenjohur Benzhamen Muton kryetarin e ICOM-it* t\u00eb Franc\u00ebs u prit\u00ebn nga\u00a0 Kryetari\",\"breadcrumb\":{\"@id\":\"https:\/\/www.visit-ulcinj.com\/blog\/2016\/07\/04\/pric-nikolla-vizitoi-komunen-ulqinin\/#breadcrumb\"},\"inLanguage\":\"en-US\",\"potentialAction\":[{\"@type\":\"ReadAction\",\"target\":[\"https:\/\/www.visit-ulcinj.com\/blog\/2016\/07\/04\/pric-nikolla-vizitoi-komunen-ulqinin\/\"]}]},{\"@type\":\"BreadcrumbList\",\"@id\":\"https:\/\/www.visit-ulcinj.com\/blog\/2016\/07\/04\/pric-nikolla-vizitoi-komunen-ulqinin\/#breadcrumb\",\"itemListElement\":[{\"@type\":\"ListItem\",\"position\":1,\"name\":\"Pric Nikolla vizitoi komunen Ulqinin\"}]},{\"@type\":\"Person\",\"@id\":\"https:\/\/www.visit-ulcinj.com\/blog\/#\/schema\/person\/dcab619c614d3038751c63bc2aadc06d\",\"name\":\"ulqini\",\"sameAs\":[\"http:\/\/www.visit-ulcinj.com\"],\"url\":\"https:\/\/www.visit-ulcinj.com\/blog\/author\/admin\/\"}]}<\/script>\n<!-- \/ Yoast SEO plugin. -->","yoast_head_json":{"title":"Pric Nikolla vizitoi komunen Ulqinin - Lajme nga Ulqini","description":"Ai se bashku me perfaqesuesit e fondacionit \u201cPetrovic\u201d dhe arkitektin e mirenjohur Benzhamen Muton kryetarin e ICOM-it* t\u00eb Franc\u00ebs u prit\u00ebn nga\u00a0 Kryetari","robots":{"index":"index","follow":"follow","max-snippet":"max-snippet:-1","max-image-preview":"max-image-preview:large","max-video-preview":"max-video-preview:-1"},"canonical":"https:\/\/www.visit-ulcinj.com\/blog\/2016\/07\/04\/pric-nikolla-vizitoi-komunen-ulqinin\/","og_locale":"en_US","og_type":"article","og_title":"Pric Nikolla vizitoi komunen Ulqinin - Lajme nga Ulqini","og_description":"Ai se bashku me perfaqesuesit e fondacionit \u201cPetrovic\u201d dhe arkitektin e mirenjohur Benzhamen Muton kryetarin e ICOM-it* t\u00eb Franc\u00ebs u prit\u00ebn nga\u00a0 Kryetari","og_url":"https:\/\/www.visit-ulcinj.com\/blog\/2016\/07\/04\/pric-nikolla-vizitoi-komunen-ulqinin\/","og_site_name":"Lajme nga Ulqini","article_published_time":"2016-07-04T15:04:09+00:00","og_image":[{"url":"http:\/\/www.visit-ulcinj.com\/blog\/wp-content\/uploads\/2016\/07\/Pric-Nikolla-Nazif-Cungu-Ulqin.jpg"}],"twitter_misc":{"Written by":"ulqini","Est. reading time":"1 minute"},"schema":{"@context":"https:\/\/schema.org","@graph":[{"@type":"WebSite","@id":"https:\/\/www.visit-ulcinj.com\/blog\/#website","url":"https:\/\/www.visit-ulcinj.com\/blog\/","name":"Lajme nga Ulqini","description":"Lajme,Vijesti,Ulqini,Ulqin,Crna Gora,Mali i Zi","potentialAction":[{"@type":"SearchAction","target":{"@type":"EntryPoint","urlTemplate":"https:\/\/www.visit-ulcinj.com\/blog\/?s={search_term_string}"},"query-input":"required name=search_term_string"}],"inLanguage":"en-US"},{"@type":"ImageObject","inLanguage":"en-US","@id":"https:\/\/www.visit-ulcinj.com\/blog\/2016\/07\/04\/pric-nikolla-vizitoi-komunen-ulqinin\/#primaryimage","url":"https:\/\/www.visit-ulcinj.com\/blog\/wp-content\/uploads\/2016\/07\/Pric-Nikolla-Nazif-Cungu-Ulqin.jpg","contentUrl":"https:\/\/www.visit-ulcinj.com\/blog\/wp-content\/uploads\/2016\/07\/Pric-Nikolla-Nazif-Cungu-Ulqin.jpg","width":750,"height":497},{"@type":"WebPage","@id":"https:\/\/www.visit-ulcinj.com\/blog\/2016\/07\/04\/pric-nikolla-vizitoi-komunen-ulqinin\/#webpage","url":"https:\/\/www.visit-ulcinj.com\/blog\/2016\/07\/04\/pric-nikolla-vizitoi-komunen-ulqinin\/","name":"Pric Nikolla vizitoi komunen Ulqinin - Lajme nga Ulqini","isPartOf":{"@id":"https:\/\/www.visit-ulcinj.com\/blog\/#website"},"primaryImageOfPage":{"@id":"https:\/\/www.visit-ulcinj.com\/blog\/2016\/07\/04\/pric-nikolla-vizitoi-komunen-ulqinin\/#primaryimage"},"datePublished":"2016-07-04T15:04:09+00:00","dateModified":"2016-07-04T15:04:09+00:00","author":{"@id":"https:\/\/www.visit-ulcinj.com\/blog\/#\/schema\/person\/dcab619c614d3038751c63bc2aadc06d"},"description":"Ai se bashku me perfaqesuesit e fondacionit \u201cPetrovic\u201d dhe arkitektin e mirenjohur Benzhamen Muton kryetarin e ICOM-it* t\u00eb Franc\u00ebs u prit\u00ebn nga\u00a0 Kryetari","breadcrumb":{"@id":"https:\/\/www.visit-ulcinj.com\/blog\/2016\/07\/04\/pric-nikolla-vizitoi-komunen-ulqinin\/#breadcrumb"},"inLanguage":"en-US","potentialAction":[{"@type":"ReadAction","target":["https:\/\/www.visit-ulcinj.com\/blog\/2016\/07\/04\/pric-nikolla-vizitoi-komunen-ulqinin\/"]}]},{"@type":"BreadcrumbList","@id":"https:\/\/www.visit-ulcinj.com\/blog\/2016\/07\/04\/pric-nikolla-vizitoi-komunen-ulqinin\/#breadcrumb","itemListElement":[{"@type":"ListItem","position":1,"name":"Pric Nikolla vizitoi komunen Ulqinin"}]},{"@type":"Person","@id":"https:\/\/www.visit-ulcinj.com\/blog\/#\/schema\/person\/dcab619c614d3038751c63bc2aadc06d","name":"ulqini","sameAs":["http:\/\/www.visit-ulcinj.com"],"url":"https:\/\/www.visit-ulcinj.com\/blog\/author\/admin\/"}]}},"jetpack_featured_media_url":"","jetpack_sharing_enabled":true,"jetpack_shortlink":"https:\/\/wp.me\/pe6lTn-pwk","_links":{"self":[{"href":"https:\/\/www.visit-ulcinj.com\/blog\/wp-json\/wp\/v2\/posts\/98104"}],"collection":[{"href":"https:\/\/www.visit-ulcinj.com\/blog\/wp-json\/wp\/v2\/posts"}],"about":[{"href":"https:\/\/www.visit-ulcinj.com\/blog\/wp-json\/wp\/v2\/types\/post"}],"author":[{"embeddable":true,"href":"https:\/\/www.visit-ulcinj.com\/blog\/wp-json\/wp\/v2\/users\/1"}],"replies":[{"embeddable":true,"href":"https:\/\/www.visit-ulcinj.com\/blog\/wp-json\/wp\/v2\/comments?post=98104"}],"version-history":[{"count":1,"href":"https:\/\/www.visit-ulcinj.com\/blog\/wp-json\/wp\/v2\/posts\/98104\/revisions"}],"predecessor-version":[{"id":98106,"href":"https:\/\/www.visit-ulcinj.com\/blog\/wp-json\/wp\/v2\/posts\/98104\/revisions\/98106"}],"wp:attachment":[{"href":"https:\/\/www.visit-ulcinj.com\/blog\/wp-json\/wp\/v2\/media?parent=98104"}],"wp:term":[{"taxonomy":"category","embeddable":true,"href":"https:\/\/www.visit-ulcinj.com\/blog\/wp-json\/wp\/v2\/categories?post=98104"},{"taxonomy":"post_tag","embeddable":true,"href":"https:\/\/www.visit-ulcinj.com\/blog\/wp-json\/wp\/v2\/tags?post=98104"}],"curies":[{"name":"wp","href":"https:\/\/api.w.org\/{rel}","templated":true}]}}