{"id":98109,"date":"2016-07-04T18:47:13","date_gmt":"2016-07-04T17:47:13","guid":{"rendered":"http:\/\/www.visit-ulcinj.com\/blog\/?p=98109"},"modified":"2016-07-04T18:47:13","modified_gmt":"2016-07-04T17:47:13","slug":"princ-nikola-petrovic-u-posjeti-opstini-ulcinj","status":"publish","type":"post","link":"https:\/\/www.visit-ulcinj.com\/blog\/2016\/07\/04\/princ-nikola-petrovic-u-posjeti-opstini-ulcinj\/","title":{"rendered":"Princ Nikola Petrovi\u0107 u posjeti Op\u0161tini Ulcinj"},"content":{"rendered":"<p><a href=\"http:\/\/www.visit-ulcinj.com\/blog\/wp-content\/uploads\/2016\/07\/Pric-Nikolla-Nazif-Cungu-Ulqin.jpg\"><img loading=\"lazy\" class=\"alignleft wp-image-98105\" src=\"http:\/\/www.visit-ulcinj.com\/blog\/wp-content\/uploads\/2016\/07\/Pric-Nikolla-Nazif-Cungu-Ulqin.jpg\" alt=\"Pric Nikolla-Nazif-Cungu-Ulqin\" width=\"508\" height=\"337\" srcset=\"https:\/\/www.visit-ulcinj.com\/blog\/wp-content\/uploads\/2016\/07\/Pric-Nikolla-Nazif-Cungu-Ulqin.jpg 750w, https:\/\/www.visit-ulcinj.com\/blog\/wp-content\/uploads\/2016\/07\/Pric-Nikolla-Nazif-Cungu-Ulqin-300x199.jpg 300w\" sizes=\"(max-width: 508px) 100vw, 508px\" \/><\/a>Princ Nikola zajedno sa predstavnicima fondacije \u201ePetrovi\u0107\u201c i poznatim arhiteknom Ben\u017eamen Muton predsjednikom ICOM-a* Francuske do\u010dekani su od strane predsjednika Cungua i njegovih saradnika. Ovo je drugi sastanak po redu nakon prvog sastanka u kojem je preuzeta inicijativa o realizaciji studije istorisjkog nasle\u0111a i predlozima za restauraciju i ure\u0111enje starog grada. Na sastanku je bilo rije\u010di o aktivnostima koje treba preduzeti o rekonstukciji objekata na starom gradu. S tim u vezi bilo je sugestija o konkretnim aktivnostima koje treba preduzeti Op\u0161tina Ulcinj u cilju o\u010duvanja i za\u0161tite vrijednosti starog grada i gra\u0111evina u starom gradu. S druge strane, predsjednik Cungu je izrazio svoju zahvalnost Princu Nikoli i kompletnom timu koji je anga\u017eovan u ovom projektu i na to je dodao da \u0107e Op\u0161tina Ulcinj u\u010diniti sve neophodne mjere u ciljju o\u010duvanja vrijednosti starog grada. Imaju\u0107i u vidu bitnost ovog projekta, dogovoreno je da se za realizaciju ovog projekta uklju\u010de dr\u017eavne organi, organi lokalne samouprave i fondacija \u201ePetrovi\u0107\u201c. Realizacija ovog projekta je od krucijalne va\u017enosti za ideju kandidovanja starog grada za me\u0111unarodnu kulturnu ba\u0161tinu od strane UNESKA.<\/p>\n<p>ICOM &#8211; (International Council of Museums) Me\u0111unarodni savjet muzeja je savjetodavni organ za prihvatanje novih \u010dlanova u UNESCO.<\/p>\n","protected":false},"excerpt":{"rendered":"<p>Princ Nikola zajedno sa predstavnicima fondacije \u201ePetrovi\u0107\u201c i poznatim arhiteknom Ben\u017eamen Muton predsjednikom ICOM-a* Francuske do\u010dekani su od strane predsjednika Cungua i njegovih saradnika. Ovo je drugi sastanak po redu nakon prvog sastanka u kojem je preuzeta inicijativa o realizaciji studije istorisjkog nasle\u0111a i predlozima za restauraciju i ure\u0111enje starog grada. Na sastanku je bilo [&hellip;]<\/p>\n","protected":false},"author":1,"featured_media":0,"comment_status":"closed","ping_status":"closed","sticky":false,"template":"","format":"standard","meta":{"spay_email":"","jetpack_publicize_message":"","jetpack_is_tweetstorm":false,"jetpack_publicize_feature_enabled":true},"categories":[6950],"tags":[],"jetpack_publicize_connections":[],"yoast_head":"<!-- This site is optimized with the Yoast SEO plugin v19.1 - https:\/\/yoast.com\/wordpress\/plugins\/seo\/ -->\n<title>Princ Nikola Petrovi\u0107 u posjeti Op\u0161tini Ulcinj - Lajme nga Ulqini<\/title>\n<meta name=\"description\" content=\"Princ Nikola zajedno sa predstavnicima fondacije \u201ePetrovi\u0107\u201c i poznatim arhiteknom Ben\u017eamen Muton predsjednikom ICOM-a* Francuske do\u010dekani su od strane\" \/>\n<meta name=\"robots\" content=\"index, follow, max-snippet:-1, max-image-preview:large, max-video-preview:-1\" \/>\n<link rel=\"canonical\" href=\"https:\/\/www.visit-ulcinj.com\/blog\/2016\/07\/04\/princ-nikola-petrovic-u-posjeti-opstini-ulcinj\/\" \/>\n<meta property=\"og:locale\" content=\"en_US\" \/>\n<meta property=\"og:type\" content=\"article\" \/>\n<meta property=\"og:title\" content=\"Princ Nikola Petrovi\u0107 u posjeti Op\u0161tini Ulcinj - Lajme nga Ulqini\" \/>\n<meta property=\"og:description\" content=\"Princ Nikola zajedno sa predstavnicima fondacije \u201ePetrovi\u0107\u201c i poznatim arhiteknom Ben\u017eamen Muton predsjednikom ICOM-a* Francuske do\u010dekani su od strane\" \/>\n<meta property=\"og:url\" content=\"https:\/\/www.visit-ulcinj.com\/blog\/2016\/07\/04\/princ-nikola-petrovic-u-posjeti-opstini-ulcinj\/\" \/>\n<meta property=\"og:site_name\" content=\"Lajme nga Ulqini\" \/>\n<meta property=\"article:published_time\" content=\"2016-07-04T17:47:13+00:00\" \/>\n<meta property=\"og:image\" content=\"http:\/\/www.visit-ulcinj.com\/blog\/wp-content\/uploads\/2016\/07\/Pric-Nikolla-Nazif-Cungu-Ulqin.jpg\" \/>\n<meta name=\"twitter:label1\" content=\"Written by\" \/>\n\t<meta name=\"twitter:data1\" content=\"ulqini\" \/>\n\t<meta name=\"twitter:label2\" content=\"Est. reading time\" \/>\n\t<meta name=\"twitter:data2\" content=\"1 minute\" \/>\n<script type=\"application\/ld+json\" class=\"yoast-schema-graph\">{\"@context\":\"https:\/\/schema.org\",\"@graph\":[{\"@type\":\"WebSite\",\"@id\":\"https:\/\/www.visit-ulcinj.com\/blog\/#website\",\"url\":\"https:\/\/www.visit-ulcinj.com\/blog\/\",\"name\":\"Lajme nga Ulqini\",\"description\":\"Lajme,Vijesti,Ulqini,Ulqin,Crna Gora,Mali i Zi\",\"potentialAction\":[{\"@type\":\"SearchAction\",\"target\":{\"@type\":\"EntryPoint\",\"urlTemplate\":\"https:\/\/www.visit-ulcinj.com\/blog\/?s={search_term_string}\"},\"query-input\":\"required name=search_term_string\"}],\"inLanguage\":\"en-US\"},{\"@type\":\"ImageObject\",\"inLanguage\":\"en-US\",\"@id\":\"https:\/\/www.visit-ulcinj.com\/blog\/2016\/07\/04\/princ-nikola-petrovic-u-posjeti-opstini-ulcinj\/#primaryimage\",\"url\":\"https:\/\/www.visit-ulcinj.com\/blog\/wp-content\/uploads\/2016\/07\/Pric-Nikolla-Nazif-Cungu-Ulqin.jpg\",\"contentUrl\":\"https:\/\/www.visit-ulcinj.com\/blog\/wp-content\/uploads\/2016\/07\/Pric-Nikolla-Nazif-Cungu-Ulqin.jpg\",\"width\":750,\"height\":497},{\"@type\":\"WebPage\",\"@id\":\"https:\/\/www.visit-ulcinj.com\/blog\/2016\/07\/04\/princ-nikola-petrovic-u-posjeti-opstini-ulcinj\/#webpage\",\"url\":\"https:\/\/www.visit-ulcinj.com\/blog\/2016\/07\/04\/princ-nikola-petrovic-u-posjeti-opstini-ulcinj\/\",\"name\":\"Princ Nikola Petrovi\u0107 u posjeti Op\u0161tini Ulcinj - Lajme nga Ulqini\",\"isPartOf\":{\"@id\":\"https:\/\/www.visit-ulcinj.com\/blog\/#website\"},\"primaryImageOfPage\":{\"@id\":\"https:\/\/www.visit-ulcinj.com\/blog\/2016\/07\/04\/princ-nikola-petrovic-u-posjeti-opstini-ulcinj\/#primaryimage\"},\"datePublished\":\"2016-07-04T17:47:13+00:00\",\"dateModified\":\"2016-07-04T17:47:13+00:00\",\"author\":{\"@id\":\"https:\/\/www.visit-ulcinj.com\/blog\/#\/schema\/person\/dcab619c614d3038751c63bc2aadc06d\"},\"description\":\"Princ Nikola zajedno sa predstavnicima fondacije \u201ePetrovi\u0107\u201c i poznatim arhiteknom Ben\u017eamen Muton predsjednikom ICOM-a* Francuske do\u010dekani su od strane\",\"breadcrumb\":{\"@id\":\"https:\/\/www.visit-ulcinj.com\/blog\/2016\/07\/04\/princ-nikola-petrovic-u-posjeti-opstini-ulcinj\/#breadcrumb\"},\"inLanguage\":\"en-US\",\"potentialAction\":[{\"@type\":\"ReadAction\",\"target\":[\"https:\/\/www.visit-ulcinj.com\/blog\/2016\/07\/04\/princ-nikola-petrovic-u-posjeti-opstini-ulcinj\/\"]}]},{\"@type\":\"BreadcrumbList\",\"@id\":\"https:\/\/www.visit-ulcinj.com\/blog\/2016\/07\/04\/princ-nikola-petrovic-u-posjeti-opstini-ulcinj\/#breadcrumb\",\"itemListElement\":[{\"@type\":\"ListItem\",\"position\":1,\"name\":\"Princ Nikola Petrovi\u0107 u posjeti Op\u0161tini Ulcinj\"}]},{\"@type\":\"Person\",\"@id\":\"https:\/\/www.visit-ulcinj.com\/blog\/#\/schema\/person\/dcab619c614d3038751c63bc2aadc06d\",\"name\":\"ulqini\",\"sameAs\":[\"http:\/\/www.visit-ulcinj.com\"],\"url\":\"https:\/\/www.visit-ulcinj.com\/blog\/author\/admin\/\"}]}<\/script>\n<!-- \/ Yoast SEO plugin. -->","yoast_head_json":{"title":"Princ Nikola Petrovi\u0107 u posjeti Op\u0161tini Ulcinj - Lajme nga Ulqini","description":"Princ Nikola zajedno sa predstavnicima fondacije \u201ePetrovi\u0107\u201c i poznatim arhiteknom Ben\u017eamen Muton predsjednikom ICOM-a* Francuske do\u010dekani su od strane","robots":{"index":"index","follow":"follow","max-snippet":"max-snippet:-1","max-image-preview":"max-image-preview:large","max-video-preview":"max-video-preview:-1"},"canonical":"https:\/\/www.visit-ulcinj.com\/blog\/2016\/07\/04\/princ-nikola-petrovic-u-posjeti-opstini-ulcinj\/","og_locale":"en_US","og_type":"article","og_title":"Princ Nikola Petrovi\u0107 u posjeti Op\u0161tini Ulcinj - Lajme nga Ulqini","og_description":"Princ Nikola zajedno sa predstavnicima fondacije \u201ePetrovi\u0107\u201c i poznatim arhiteknom Ben\u017eamen Muton predsjednikom ICOM-a* Francuske do\u010dekani su od strane","og_url":"https:\/\/www.visit-ulcinj.com\/blog\/2016\/07\/04\/princ-nikola-petrovic-u-posjeti-opstini-ulcinj\/","og_site_name":"Lajme nga Ulqini","article_published_time":"2016-07-04T17:47:13+00:00","og_image":[{"url":"http:\/\/www.visit-ulcinj.com\/blog\/wp-content\/uploads\/2016\/07\/Pric-Nikolla-Nazif-Cungu-Ulqin.jpg"}],"twitter_misc":{"Written by":"ulqini","Est. reading time":"1 minute"},"schema":{"@context":"https:\/\/schema.org","@graph":[{"@type":"WebSite","@id":"https:\/\/www.visit-ulcinj.com\/blog\/#website","url":"https:\/\/www.visit-ulcinj.com\/blog\/","name":"Lajme nga Ulqini","description":"Lajme,Vijesti,Ulqini,Ulqin,Crna Gora,Mali i Zi","potentialAction":[{"@type":"SearchAction","target":{"@type":"EntryPoint","urlTemplate":"https:\/\/www.visit-ulcinj.com\/blog\/?s={search_term_string}"},"query-input":"required name=search_term_string"}],"inLanguage":"en-US"},{"@type":"ImageObject","inLanguage":"en-US","@id":"https:\/\/www.visit-ulcinj.com\/blog\/2016\/07\/04\/princ-nikola-petrovic-u-posjeti-opstini-ulcinj\/#primaryimage","url":"https:\/\/www.visit-ulcinj.com\/blog\/wp-content\/uploads\/2016\/07\/Pric-Nikolla-Nazif-Cungu-Ulqin.jpg","contentUrl":"https:\/\/www.visit-ulcinj.com\/blog\/wp-content\/uploads\/2016\/07\/Pric-Nikolla-Nazif-Cungu-Ulqin.jpg","width":750,"height":497},{"@type":"WebPage","@id":"https:\/\/www.visit-ulcinj.com\/blog\/2016\/07\/04\/princ-nikola-petrovic-u-posjeti-opstini-ulcinj\/#webpage","url":"https:\/\/www.visit-ulcinj.com\/blog\/2016\/07\/04\/princ-nikola-petrovic-u-posjeti-opstini-ulcinj\/","name":"Princ Nikola Petrovi\u0107 u posjeti Op\u0161tini Ulcinj - Lajme nga Ulqini","isPartOf":{"@id":"https:\/\/www.visit-ulcinj.com\/blog\/#website"},"primaryImageOfPage":{"@id":"https:\/\/www.visit-ulcinj.com\/blog\/2016\/07\/04\/princ-nikola-petrovic-u-posjeti-opstini-ulcinj\/#primaryimage"},"datePublished":"2016-07-04T17:47:13+00:00","dateModified":"2016-07-04T17:47:13+00:00","author":{"@id":"https:\/\/www.visit-ulcinj.com\/blog\/#\/schema\/person\/dcab619c614d3038751c63bc2aadc06d"},"description":"Princ Nikola zajedno sa predstavnicima fondacije \u201ePetrovi\u0107\u201c i poznatim arhiteknom Ben\u017eamen Muton predsjednikom ICOM-a* Francuske do\u010dekani su od strane","breadcrumb":{"@id":"https:\/\/www.visit-ulcinj.com\/blog\/2016\/07\/04\/princ-nikola-petrovic-u-posjeti-opstini-ulcinj\/#breadcrumb"},"inLanguage":"en-US","potentialAction":[{"@type":"ReadAction","target":["https:\/\/www.visit-ulcinj.com\/blog\/2016\/07\/04\/princ-nikola-petrovic-u-posjeti-opstini-ulcinj\/"]}]},{"@type":"BreadcrumbList","@id":"https:\/\/www.visit-ulcinj.com\/blog\/2016\/07\/04\/princ-nikola-petrovic-u-posjeti-opstini-ulcinj\/#breadcrumb","itemListElement":[{"@type":"ListItem","position":1,"name":"Princ Nikola Petrovi\u0107 u posjeti Op\u0161tini Ulcinj"}]},{"@type":"Person","@id":"https:\/\/www.visit-ulcinj.com\/blog\/#\/schema\/person\/dcab619c614d3038751c63bc2aadc06d","name":"ulqini","sameAs":["http:\/\/www.visit-ulcinj.com"],"url":"https:\/\/www.visit-ulcinj.com\/blog\/author\/admin\/"}]}},"jetpack_featured_media_url":"","jetpack_sharing_enabled":true,"jetpack_shortlink":"https:\/\/wp.me\/pe6lTn-pwp","_links":{"self":[{"href":"https:\/\/www.visit-ulcinj.com\/blog\/wp-json\/wp\/v2\/posts\/98109"}],"collection":[{"href":"https:\/\/www.visit-ulcinj.com\/blog\/wp-json\/wp\/v2\/posts"}],"about":[{"href":"https:\/\/www.visit-ulcinj.com\/blog\/wp-json\/wp\/v2\/types\/post"}],"author":[{"embeddable":true,"href":"https:\/\/www.visit-ulcinj.com\/blog\/wp-json\/wp\/v2\/users\/1"}],"replies":[{"embeddable":true,"href":"https:\/\/www.visit-ulcinj.com\/blog\/wp-json\/wp\/v2\/comments?post=98109"}],"version-history":[{"count":1,"href":"https:\/\/www.visit-ulcinj.com\/blog\/wp-json\/wp\/v2\/posts\/98109\/revisions"}],"predecessor-version":[{"id":98110,"href":"https:\/\/www.visit-ulcinj.com\/blog\/wp-json\/wp\/v2\/posts\/98109\/revisions\/98110"}],"wp:attachment":[{"href":"https:\/\/www.visit-ulcinj.com\/blog\/wp-json\/wp\/v2\/media?parent=98109"}],"wp:term":[{"taxonomy":"category","embeddable":true,"href":"https:\/\/www.visit-ulcinj.com\/blog\/wp-json\/wp\/v2\/categories?post=98109"},{"taxonomy":"post_tag","embeddable":true,"href":"https:\/\/www.visit-ulcinj.com\/blog\/wp-json\/wp\/v2\/tags?post=98109"}],"curies":[{"name":"wp","href":"https:\/\/api.w.org\/{rel}","templated":true}]}}