{"id":98132,"date":"2016-07-06T15:15:15","date_gmt":"2016-07-06T14:15:15","guid":{"rendered":"http:\/\/www.visit-ulcinj.com\/blog\/?p=98132"},"modified":"2016-07-06T15:15:31","modified_gmt":"2016-07-06T14:15:31","slug":"nika-cenderr-te-keqe-qe-pash-per-bajram","status":"publish","type":"post","link":"https:\/\/www.visit-ulcinj.com\/blog\/2016\/07\/06\/nika-cenderr-te-keqe-qe-pash-per-bajram\/","title":{"rendered":"Nika: \u00c7\u2019\u00ebnd\u00ebrr t\u00eb keqe q\u00eb pash p\u00ebr bajram&#8230;.?!!!"},"content":{"rendered":"<p><strong><a href=\"http:\/\/www.visit-ulcinj.com\/blog\/wp-content\/uploads\/2014\/11\/Muhamet-Nika.jpg\"><img loading=\"lazy\" class=\"alignleft wp-image-86143 size-full\" src=\"http:\/\/www.visit-ulcinj.com\/blog\/wp-content\/uploads\/2014\/11\/Muhamet-Nika.jpg\" alt=\"Muhamet Nika\" width=\"256\" height=\"319\" srcset=\"https:\/\/www.visit-ulcinj.com\/blog\/wp-content\/uploads\/2014\/11\/Muhamet-Nika.jpg 256w, https:\/\/www.visit-ulcinj.com\/blog\/wp-content\/uploads\/2014\/11\/Muhamet-Nika-240x300.jpg 240w\" sizes=\"(max-width: 256px) 100vw, 256px\" \/><\/a>Shkruan Muhamet Nika<\/strong><\/p>\n<p><strong><em>Edhe pse fest\u00eb \u2013 pash\u00eb \u00ebnd\u00ebrr q\u00eb n\u00eb organizat\u00ebn turistike\u00a0 ishte futur p\u00ebr kontroll policia financiare?!! Por p\u00ebr \u00e7udi , k\u00ebt\u00eb lajm , nuk po e konfirmojn\u00eb as por(dh\u00eb)talet e pozit\u00ebs dhe as \u00a0\u00a0ata t\u00eb opozit\u00ebs , q\u00eb del se kontrollon pushtetin n\u00eb Ulqin. Mbase pritet q\u00eb k\u00ebt\u00eb ta konfirmojn\u00eb gazetat \u201cVjesti\u201d apo \u201cDan\u201d q\u00eb kan\u00eb mandat t\u00eb raportojn\u00eb p\u00ebr k\u00ebto lajme zenzacioni n\u00eb qytetin ton\u00eb&#8230;?!<\/em><\/strong><\/p>\n<p>Sfer\u00eb e interesimit t\u00eb tyre , pash\u00eb \u00a0t\u00eb jet\u00eb afarizmi financiar nga \u00a0periudha\u00a0 e vitit 2011 -2016,\u00a0\u00a0 q\u00eb u b\u00eb nga\u00a0 drejtor\u00ebt \u00a0Ali\u00a0 Rexha- PPD,\u00a0 Munir Karamanaga \u2013 SDP dhe Zana Sarvan- Perspektiva,\u00a0 aktualisht , para disa koh\u00ebve , kjo organizat\u00eb menaxhohet\u00a0 nga \u00a0ish kryetari i kuvendit-Fuad Haxhibeti-Forc\u00eb..<\/p>\n<p>Kurse zhgj\u00ebnd\u00ebrr, p\u00ebr k\u00ebt\u00eb \u00a0dim\u00eb t\u00eb themi dhe t\u00eb konfirmojm\u00eb me p\u00ebrgjegj\u00ebsi q\u00eb \u00a0kjo organizat\u00eb ishte n\u00eb v\u00ebmendje t\u00eb opinionit t\u00eb Ulqinit e deri te emisioni televiziv- Robin Hud.., ku u \u00a0p\u00ebrfol p\u00ebr \u00a0shum\u00eb keqp\u00ebrdorime\u00a0 t\u00eb cilat \u00a0nisnin nga pun\u00ebsimet partiake dhe familjare si dhe largimet nga puna te t\u00eb pun\u00ebsuarve-\u00a0 n\u00eb m\u00ebnyr\u00eb t\u00eb paligjshme e duke vazhduar pastaj me keqp\u00ebrdorim t\u00eb ndarjes s\u00eb \u00a0mjeteve financiare \u2013 si donacion\u00a0 n\u00eb shum\u00eb\u00a0 mbi 10O mij\u00eb eurove- pa nj\u00eb vendim t\u00eb organit paraprak t\u00eb organizat\u00ebs, e deri te vjedhjet klasike nga kasa e mjeteve t\u00eb pazarit ditor&#8230;?!<\/p>\n<p>Se \u00a0\u00a0p\u00ebr \u00a0\u00e7\u00ebshtjet \u00a0rreth aferave \u00a0skandaloze q\u00eb ndodhnin n\u00eb k\u00ebt\u00eb organizat\u00eb \u201cshtete nuk do t\u00eb \u00a0flinte..\u201d, u pa q\u00eb n\u00eb momentin kur \u00a0hetuesia- policia , p\u00ebr t\u00eb zbuluar vjedhjen e \u201c pazarit t\u00eb dit\u00ebs..\u201dkish angazhuar\u00a0 \u00a0futjen e <strong><em>DETEKTORIT T\u00cb\u00a0 RRENAVE- DETEKTOR\u00a0 LA<\/em><\/strong><strong><em>\u017dI, <\/em><\/strong>si<strong><em> \u00a0<\/em><\/strong>metod\u00eb \u00a0pune , t\u00eb \u00a0hetimit t\u00eb \u00e7\u00ebshtjes , \u00a0tesit t\u00eb te cilit iu n\u00ebnshtruan t\u00eb gjith\u00eb t\u00eb pun\u00ebsuarit p\u00ebrve\u00e7 nj\u00ebrit&#8230;?!!<\/p>\n<p><strong><em>\u00c7ka mund t\u00eb ket\u00eb sh\u00ebrbyer si shkas i kontrollit- n\u00ebse paska filluar tash 4 dit\u00eb?!<\/em><\/strong><\/p>\n<p>Mbase kontrollit\u00a0 i ka kontribuar edhe akuza e b\u00ebr\u00eb publike e k\u00ebshilltarit \u00a0B. Bashoviq- DPS,n\u00eb Kuvend t\u00eb Ulqinit i cili i revoltuar e braktisi mbledhjen e Kuvendit \u00a0\u00a0pasi \u00a0\u00a0tashti nj\u00eb kohe t\u00eb gjat\u00eb , po p\u00ebrs\u00ebriste t\u00eb nj\u00ebjtat \u00a0pyetje t\u00eb k\u00ebshilltar\u00ebve\u00a0 p\u00ebr keqperdorime n\u00eb k\u00ebt\u00eb organizat\u00eb dhe\u00a0 gjith\u00eb sektoret\u00a0 tjerat t\u00eb pushtetit vendor- \u00a0por tvazhdimisht \u00a0injorohej me dh\u00ebnie t\u00eb p\u00ebrgjegjeve .<\/p>\n<p>Kjo akuz\u00eb\u00a0 publike e tij, n\u00eb parlamentin lokal \u00a0mund t\u00eb jet\u00eb \u00a0b\u00ebr\u00eb edhe \u00a0si shkas i\u00a0 kon\u00ebtrollit \u00a0\u00a0q\u00eb \u201epo \u00a0heton \u00e7\u00ebshtjen\u201c\u00a0 &#8211; n\u00ebse \u00ebndrra del e v\u00ebrtet\u00eb ..?!!<\/p>\n<p><strong><em>Pse e konstatojm\u00eb k\u00ebt\u00eb?!!<\/em><\/strong><\/p>\n<p>Ka tashti nj\u00eb koh\u00eb bukur t\u00eb gjat\u00eb , n\u00eb shkall\u00eb republike, q\u00eb hetuesia \u2013 prokurori shteror ngrit padi penale\u00a0 ndaj funksionar\u00ebve t\u00eb ndrysh\u00ebm, t\u00eb cil\u00ebt\u00a0 akuzohen publikisht n\u00eb media p\u00ebr keqperdorim t\u00eb funksioneve dhe t\u00eb cilat n\u00ebse v\u00ebrtetohet t\u00eb jen\u00eb t\u00eb sakta p\u00ebrfundojn\u00eb me masa denimi nga gjykata.<\/p>\n<p>Di\u00e7ka ngjash\u00ebm \u00a0pat\u00ebm edhe n\u00eb Ulqin-rasti i \u00a0Sht\u00ebpis\u00eb \u00a0s\u00eb Kultur\u00ebs- ku Doktor Draga\u00a0 u d\u00ebnua mbi baz\u00ebn e padis\u00eb publike q\u00eb b\u00ebn\u00eb 4 k\u00ebshilltar\u00ebt e kuvendit t\u00eb Ulqinit, e p\u00ebr t\u00eb cil\u00ebt pat\u00ebm rastin t\u00eb d\u00ebgjojm\u00eb nga portalet se ishin t\u00eb ftuar p\u00ebr t\u00eb deponuar d\u00ebshmit\u00eb e veta n\u00eb\u00a0 polici\u00a0 q\u00eb\u00a0 \u00a0merret me krim t\u00eb organizuar. Ndoshta \u00a0edhe kjo \u00a0e fundit- n\u00ebse ka ndodhur- q\u00eb po ndodh\u00eb n\u00eb Organizat\u00ebn Turistike t\u00eb Ulqinit, mund t\u00eb jet\u00eb nxitur nga padia e k\u00ebshilltarit t\u00eb cekur\u00a0 para opinionit..?!!<\/p>\n<p>&nbsp;<\/p>\n<p><strong>Pik\u00ebpamjet e shprehura n\u00eb faqen \u201cOPINIONE\u201d nuk p\u00ebrfaq\u00ebsojn\u00eb domosdoshm\u00ebrisht politik\u00ebn redaksionale t\u00eb \u201eLajmeve nga Ulqini\u201e<\/strong><\/p>\n","protected":false},"excerpt":{"rendered":"<p>Shkruan Muhamet Nika Edhe pse fest\u00eb \u2013 pash\u00eb \u00ebnd\u00ebrr q\u00eb n\u00eb organizat\u00ebn turistike\u00a0 ishte futur p\u00ebr kontroll policia financiare?!! Por p\u00ebr \u00e7udi , k\u00ebt\u00eb lajm , nuk po e konfirmojn\u00eb as por(dh\u00eb)talet e pozit\u00ebs dhe as \u00a0\u00a0ata t\u00eb opozit\u00ebs , q\u00eb del se kontrollon pushtetin n\u00eb Ulqin. Mbase pritet q\u00eb k\u00ebt\u00eb ta konfirmojn\u00eb gazetat \u201cVjesti\u201d [&hellip;]<\/p>\n","protected":false},"author":1,"featured_media":0,"comment_status":"closed","ping_status":"closed","sticky":false,"template":"","format":"standard","meta":{"spay_email":"","jetpack_publicize_message":"","jetpack_is_tweetstorm":false,"jetpack_publicize_feature_enabled":true},"categories":[14249],"tags":[],"jetpack_publicize_connections":[],"yoast_head":"<!-- This site is optimized with the Yoast SEO plugin v19.1 - https:\/\/yoast.com\/wordpress\/plugins\/seo\/ -->\n<title>Nika: \u00c7\u2019\u00ebnd\u00ebrr t\u00eb keqe q\u00eb pash p\u00ebr bajram....?!!! - Lajme nga Ulqini<\/title>\n<meta name=\"description\" content=\"Shkruan Muhamet Nika Edhe pse fest\u00eb \u2013 pash\u00eb \u00ebnd\u00ebrr q\u00eb n\u00eb organizat\u00ebn turistike\u00a0 ishte futur p\u00ebr kontroll policia financiare?!! Por p\u00ebr \u00e7udi , k\u00ebt\u00eb lajm ,\" \/>\n<meta name=\"robots\" content=\"index, follow, max-snippet:-1, max-image-preview:large, max-video-preview:-1\" \/>\n<link rel=\"canonical\" href=\"https:\/\/www.visit-ulcinj.com\/blog\/2016\/07\/06\/nika-cenderr-te-keqe-qe-pash-per-bajram\/\" \/>\n<meta property=\"og:locale\" content=\"en_US\" \/>\n<meta property=\"og:type\" content=\"article\" \/>\n<meta property=\"og:title\" content=\"Nika: \u00c7\u2019\u00ebnd\u00ebrr t\u00eb keqe q\u00eb pash p\u00ebr bajram....?!!! - Lajme nga Ulqini\" \/>\n<meta property=\"og:description\" content=\"Shkruan Muhamet Nika Edhe pse fest\u00eb \u2013 pash\u00eb \u00ebnd\u00ebrr q\u00eb n\u00eb organizat\u00ebn turistike\u00a0 ishte futur p\u00ebr kontroll policia financiare?!! Por p\u00ebr \u00e7udi , k\u00ebt\u00eb lajm ,\" \/>\n<meta property=\"og:url\" content=\"https:\/\/www.visit-ulcinj.com\/blog\/2016\/07\/06\/nika-cenderr-te-keqe-qe-pash-per-bajram\/\" \/>\n<meta property=\"og:site_name\" content=\"Lajme nga Ulqini\" \/>\n<meta property=\"article:published_time\" content=\"2016-07-06T14:15:15+00:00\" \/>\n<meta property=\"article:modified_time\" content=\"2016-07-06T14:15:31+00:00\" \/>\n<meta property=\"og:image\" content=\"http:\/\/www.visit-ulcinj.com\/blog\/wp-content\/uploads\/2014\/11\/Muhamet-Nika.jpg\" \/>\n<meta name=\"twitter:label1\" content=\"Written by\" \/>\n\t<meta name=\"twitter:data1\" content=\"ulqini\" \/>\n\t<meta name=\"twitter:label2\" content=\"Est. reading time\" \/>\n\t<meta name=\"twitter:data2\" content=\"3 minutes\" \/>\n<script type=\"application\/ld+json\" class=\"yoast-schema-graph\">{\"@context\":\"https:\/\/schema.org\",\"@graph\":[{\"@type\":\"WebSite\",\"@id\":\"https:\/\/www.visit-ulcinj.com\/blog\/#website\",\"url\":\"https:\/\/www.visit-ulcinj.com\/blog\/\",\"name\":\"Lajme nga Ulqini\",\"description\":\"Lajme,Vijesti,Ulqini,Ulqin,Crna Gora,Mali i Zi\",\"potentialAction\":[{\"@type\":\"SearchAction\",\"target\":{\"@type\":\"EntryPoint\",\"urlTemplate\":\"https:\/\/www.visit-ulcinj.com\/blog\/?s={search_term_string}\"},\"query-input\":\"required name=search_term_string\"}],\"inLanguage\":\"en-US\"},{\"@type\":\"ImageObject\",\"inLanguage\":\"en-US\",\"@id\":\"https:\/\/www.visit-ulcinj.com\/blog\/2016\/07\/06\/nika-cenderr-te-keqe-qe-pash-per-bajram\/#primaryimage\",\"url\":\"https:\/\/www.visit-ulcinj.com\/blog\/wp-content\/uploads\/2014\/11\/Muhamet-Nika.jpg\",\"contentUrl\":\"https:\/\/www.visit-ulcinj.com\/blog\/wp-content\/uploads\/2014\/11\/Muhamet-Nika.jpg\",\"width\":256,\"height\":319},{\"@type\":\"WebPage\",\"@id\":\"https:\/\/www.visit-ulcinj.com\/blog\/2016\/07\/06\/nika-cenderr-te-keqe-qe-pash-per-bajram\/#webpage\",\"url\":\"https:\/\/www.visit-ulcinj.com\/blog\/2016\/07\/06\/nika-cenderr-te-keqe-qe-pash-per-bajram\/\",\"name\":\"Nika: \u00c7\u2019\u00ebnd\u00ebrr t\u00eb keqe q\u00eb pash p\u00ebr bajram....?!!! - Lajme nga Ulqini\",\"isPartOf\":{\"@id\":\"https:\/\/www.visit-ulcinj.com\/blog\/#website\"},\"primaryImageOfPage\":{\"@id\":\"https:\/\/www.visit-ulcinj.com\/blog\/2016\/07\/06\/nika-cenderr-te-keqe-qe-pash-per-bajram\/#primaryimage\"},\"datePublished\":\"2016-07-06T14:15:15+00:00\",\"dateModified\":\"2016-07-06T14:15:31+00:00\",\"author\":{\"@id\":\"https:\/\/www.visit-ulcinj.com\/blog\/#\/schema\/person\/dcab619c614d3038751c63bc2aadc06d\"},\"description\":\"Shkruan Muhamet Nika Edhe pse fest\u00eb \u2013 pash\u00eb \u00ebnd\u00ebrr q\u00eb n\u00eb organizat\u00ebn turistike\u00a0 ishte futur p\u00ebr kontroll policia financiare?!! Por p\u00ebr \u00e7udi , k\u00ebt\u00eb lajm ,\",\"breadcrumb\":{\"@id\":\"https:\/\/www.visit-ulcinj.com\/blog\/2016\/07\/06\/nika-cenderr-te-keqe-qe-pash-per-bajram\/#breadcrumb\"},\"inLanguage\":\"en-US\",\"potentialAction\":[{\"@type\":\"ReadAction\",\"target\":[\"https:\/\/www.visit-ulcinj.com\/blog\/2016\/07\/06\/nika-cenderr-te-keqe-qe-pash-per-bajram\/\"]}]},{\"@type\":\"BreadcrumbList\",\"@id\":\"https:\/\/www.visit-ulcinj.com\/blog\/2016\/07\/06\/nika-cenderr-te-keqe-qe-pash-per-bajram\/#breadcrumb\",\"itemListElement\":[{\"@type\":\"ListItem\",\"position\":1,\"name\":\"Nika: \u00c7\u2019\u00ebnd\u00ebrr t\u00eb keqe q\u00eb pash p\u00ebr bajram&#8230;.?!!!\"}]},{\"@type\":\"Person\",\"@id\":\"https:\/\/www.visit-ulcinj.com\/blog\/#\/schema\/person\/dcab619c614d3038751c63bc2aadc06d\",\"name\":\"ulqini\",\"sameAs\":[\"http:\/\/www.visit-ulcinj.com\"],\"url\":\"https:\/\/www.visit-ulcinj.com\/blog\/author\/admin\/\"}]}<\/script>\n<!-- \/ Yoast SEO plugin. -->","yoast_head_json":{"title":"Nika: \u00c7\u2019\u00ebnd\u00ebrr t\u00eb keqe q\u00eb pash p\u00ebr bajram....?!!! - Lajme nga Ulqini","description":"Shkruan Muhamet Nika Edhe pse fest\u00eb \u2013 pash\u00eb \u00ebnd\u00ebrr q\u00eb n\u00eb organizat\u00ebn turistike\u00a0 ishte futur p\u00ebr kontroll policia financiare?!! Por p\u00ebr \u00e7udi , k\u00ebt\u00eb lajm ,","robots":{"index":"index","follow":"follow","max-snippet":"max-snippet:-1","max-image-preview":"max-image-preview:large","max-video-preview":"max-video-preview:-1"},"canonical":"https:\/\/www.visit-ulcinj.com\/blog\/2016\/07\/06\/nika-cenderr-te-keqe-qe-pash-per-bajram\/","og_locale":"en_US","og_type":"article","og_title":"Nika: \u00c7\u2019\u00ebnd\u00ebrr t\u00eb keqe q\u00eb pash p\u00ebr bajram....?!!! - Lajme nga Ulqini","og_description":"Shkruan Muhamet Nika Edhe pse fest\u00eb \u2013 pash\u00eb \u00ebnd\u00ebrr q\u00eb n\u00eb organizat\u00ebn turistike\u00a0 ishte futur p\u00ebr kontroll policia financiare?!! Por p\u00ebr \u00e7udi , k\u00ebt\u00eb lajm ,","og_url":"https:\/\/www.visit-ulcinj.com\/blog\/2016\/07\/06\/nika-cenderr-te-keqe-qe-pash-per-bajram\/","og_site_name":"Lajme nga Ulqini","article_published_time":"2016-07-06T14:15:15+00:00","article_modified_time":"2016-07-06T14:15:31+00:00","og_image":[{"url":"http:\/\/www.visit-ulcinj.com\/blog\/wp-content\/uploads\/2014\/11\/Muhamet-Nika.jpg"}],"twitter_misc":{"Written by":"ulqini","Est. reading time":"3 minutes"},"schema":{"@context":"https:\/\/schema.org","@graph":[{"@type":"WebSite","@id":"https:\/\/www.visit-ulcinj.com\/blog\/#website","url":"https:\/\/www.visit-ulcinj.com\/blog\/","name":"Lajme nga Ulqini","description":"Lajme,Vijesti,Ulqini,Ulqin,Crna Gora,Mali i Zi","potentialAction":[{"@type":"SearchAction","target":{"@type":"EntryPoint","urlTemplate":"https:\/\/www.visit-ulcinj.com\/blog\/?s={search_term_string}"},"query-input":"required name=search_term_string"}],"inLanguage":"en-US"},{"@type":"ImageObject","inLanguage":"en-US","@id":"https:\/\/www.visit-ulcinj.com\/blog\/2016\/07\/06\/nika-cenderr-te-keqe-qe-pash-per-bajram\/#primaryimage","url":"https:\/\/www.visit-ulcinj.com\/blog\/wp-content\/uploads\/2014\/11\/Muhamet-Nika.jpg","contentUrl":"https:\/\/www.visit-ulcinj.com\/blog\/wp-content\/uploads\/2014\/11\/Muhamet-Nika.jpg","width":256,"height":319},{"@type":"WebPage","@id":"https:\/\/www.visit-ulcinj.com\/blog\/2016\/07\/06\/nika-cenderr-te-keqe-qe-pash-per-bajram\/#webpage","url":"https:\/\/www.visit-ulcinj.com\/blog\/2016\/07\/06\/nika-cenderr-te-keqe-qe-pash-per-bajram\/","name":"Nika: \u00c7\u2019\u00ebnd\u00ebrr t\u00eb keqe q\u00eb pash p\u00ebr bajram....?!!! - Lajme nga Ulqini","isPartOf":{"@id":"https:\/\/www.visit-ulcinj.com\/blog\/#website"},"primaryImageOfPage":{"@id":"https:\/\/www.visit-ulcinj.com\/blog\/2016\/07\/06\/nika-cenderr-te-keqe-qe-pash-per-bajram\/#primaryimage"},"datePublished":"2016-07-06T14:15:15+00:00","dateModified":"2016-07-06T14:15:31+00:00","author":{"@id":"https:\/\/www.visit-ulcinj.com\/blog\/#\/schema\/person\/dcab619c614d3038751c63bc2aadc06d"},"description":"Shkruan Muhamet Nika Edhe pse fest\u00eb \u2013 pash\u00eb \u00ebnd\u00ebrr q\u00eb n\u00eb organizat\u00ebn turistike\u00a0 ishte futur p\u00ebr kontroll policia financiare?!! Por p\u00ebr \u00e7udi , k\u00ebt\u00eb lajm ,","breadcrumb":{"@id":"https:\/\/www.visit-ulcinj.com\/blog\/2016\/07\/06\/nika-cenderr-te-keqe-qe-pash-per-bajram\/#breadcrumb"},"inLanguage":"en-US","potentialAction":[{"@type":"ReadAction","target":["https:\/\/www.visit-ulcinj.com\/blog\/2016\/07\/06\/nika-cenderr-te-keqe-qe-pash-per-bajram\/"]}]},{"@type":"BreadcrumbList","@id":"https:\/\/www.visit-ulcinj.com\/blog\/2016\/07\/06\/nika-cenderr-te-keqe-qe-pash-per-bajram\/#breadcrumb","itemListElement":[{"@type":"ListItem","position":1,"name":"Nika: \u00c7\u2019\u00ebnd\u00ebrr t\u00eb keqe q\u00eb pash p\u00ebr bajram&#8230;.?!!!"}]},{"@type":"Person","@id":"https:\/\/www.visit-ulcinj.com\/blog\/#\/schema\/person\/dcab619c614d3038751c63bc2aadc06d","name":"ulqini","sameAs":["http:\/\/www.visit-ulcinj.com"],"url":"https:\/\/www.visit-ulcinj.com\/blog\/author\/admin\/"}]}},"jetpack_featured_media_url":"","jetpack_sharing_enabled":true,"jetpack_shortlink":"https:\/\/wp.me\/pe6lTn-pwM","_links":{"self":[{"href":"https:\/\/www.visit-ulcinj.com\/blog\/wp-json\/wp\/v2\/posts\/98132"}],"collection":[{"href":"https:\/\/www.visit-ulcinj.com\/blog\/wp-json\/wp\/v2\/posts"}],"about":[{"href":"https:\/\/www.visit-ulcinj.com\/blog\/wp-json\/wp\/v2\/types\/post"}],"author":[{"embeddable":true,"href":"https:\/\/www.visit-ulcinj.com\/blog\/wp-json\/wp\/v2\/users\/1"}],"replies":[{"embeddable":true,"href":"https:\/\/www.visit-ulcinj.com\/blog\/wp-json\/wp\/v2\/comments?post=98132"}],"version-history":[{"count":1,"href":"https:\/\/www.visit-ulcinj.com\/blog\/wp-json\/wp\/v2\/posts\/98132\/revisions"}],"predecessor-version":[{"id":98133,"href":"https:\/\/www.visit-ulcinj.com\/blog\/wp-json\/wp\/v2\/posts\/98132\/revisions\/98133"}],"wp:attachment":[{"href":"https:\/\/www.visit-ulcinj.com\/blog\/wp-json\/wp\/v2\/media?parent=98132"}],"wp:term":[{"taxonomy":"category","embeddable":true,"href":"https:\/\/www.visit-ulcinj.com\/blog\/wp-json\/wp\/v2\/categories?post=98132"},{"taxonomy":"post_tag","embeddable":true,"href":"https:\/\/www.visit-ulcinj.com\/blog\/wp-json\/wp\/v2\/tags?post=98132"}],"curies":[{"name":"wp","href":"https:\/\/api.w.org\/{rel}","templated":true}]}}