{"id":98134,"date":"2016-07-06T17:28:10","date_gmt":"2016-07-06T16:28:10","guid":{"rendered":"http:\/\/www.visit-ulcinj.com\/blog\/?p=98134"},"modified":"2016-07-06T17:28:10","modified_gmt":"2016-07-06T16:28:10","slug":"forumi-bokes-duhet-te-shperbehen-np-te-mirat-detare","status":"publish","type":"post","link":"https:\/\/www.visit-ulcinj.com\/blog\/2016\/07\/06\/forumi-bokes-duhet-te-shperbehen-np-te-mirat-detare\/","title":{"rendered":"Forumi i Bok\u00ebs:  Duhet t\u00eb shp\u00ebrb\u00ebhen NP \u201cT\u00eb mirat detare\u201d"},"content":{"rendered":"<p><a href=\"http:\/\/www.visit-ulcinj.com\/blog\/wp-content\/uploads\/2016\/07\/Boka-Forum.jpg\"><img loading=\"lazy\" class=\"alignleft wp-image-98135\" src=\"http:\/\/www.visit-ulcinj.com\/blog\/wp-content\/uploads\/2016\/07\/Boka-Forum.jpg\" alt=\"Boka-Forum\" width=\"508\" height=\"508\" srcset=\"https:\/\/www.visit-ulcinj.com\/blog\/wp-content\/uploads\/2016\/07\/Boka-Forum.jpg 500w, https:\/\/www.visit-ulcinj.com\/blog\/wp-content\/uploads\/2016\/07\/Boka-Forum-150x150.jpg 150w, https:\/\/www.visit-ulcinj.com\/blog\/wp-content\/uploads\/2016\/07\/Boka-Forum-300x300.jpg 300w\" sizes=\"(max-width: 508px) 100vw, 508px\" \/><\/a>Th\u00ebniet e drejtorit t\u00eb NP \u201cT\u00eb mirat detare\u201d Predrag Jellushiq q\u00eb kaosi n\u00eb bregdetin malazez lidhur me vendet p\u00ebr parkimin e mjeteve lundruese do t\u00eb zgjidhet me tender dhe dh\u00ebnien n\u00eb duar t\u00eb privat\u00ebve, \u00ebsht\u00eb p\u00ebrrall e thjesht, t\u00eb cil\u00ebn as f\u00ebmij\u00ebt nuk e besojn\u00eb. Me k\u00ebt\u00eb rast Jellushiq nuk d\u00ebshiron t\u00eb pranoj\u00eb se p\u00ebr k\u00ebt\u00eb kaos jan\u00eb fajtor \u201cT\u00eb mirat detare\u201d, me sjelljen e tyre arrogante dhe prej njerke ndaj bregdetit t\u00eb cilin ka detyr\u00eb ta menaxhoj\u00eb, e jo keqp\u00ebrdor, \u00ebsht\u00eb th\u00ebn\u00eb p\u00ebr Portalin Analitika nga Forumi i Bok\u00ebs, kurse n\u00eb gjuh\u00ebn shqipe raporton portali Ul.info.<\/p>\n<p>\u201cPrandaj, n\u00eb k\u00ebt\u00eb p\u00ebrrall t\u00eb cil\u00ebn po mundohet t\u00eb na tregoj\u00eb Jellushiq, \u201cT\u00eb mirat detare\u201d nuk \u00ebsht\u00eb princ i mir\u00eb i cili do t\u00eb zgjoj\u00eb Bok\u00ebn, por, p\u00ebr fat t\u00eb keq, personifikim i njerk\u00ebs s\u00eb keqe t\u00eb Bok\u00ebs dhe qytetar\u00ebve t\u00eb saj\u201d, thuhet n\u00eb kumtes\u00eb.<\/p>\n<p>Forumi i Bok\u00ebs i rrin\u00eb mbrapa q\u00ebndrimit q\u00eb NP \u201cT\u00eb mirat detare\u201d duhet t\u00eb shp\u00ebrb\u00ebhet dhe se p\u00ebr bregdetin n\u00eb kuad\u00ebr t\u00eb kufijve t\u00eb vet duhet t\u00eb kujdesen Komunat.<\/p>\n<p>\u201cK\u00ebshtu, nd\u00ebrmarrja publike vet\u00ebm vazhdon ti sh\u00ebrbej\u00eb interesave t\u00eb individ\u00ebve af\u00ebr pushtetit, t\u00eb cil\u00ebve i intereson Boka dhe qytetar\u00ebt e saj sa bora e vjetme\u201d, p\u00ebrfundohet n\u00eb kumtes\u00eb.<\/p>\n","protected":false},"excerpt":{"rendered":"<p>Th\u00ebniet e drejtorit t\u00eb NP \u201cT\u00eb mirat detare\u201d Predrag Jellushiq q\u00eb kaosi n\u00eb bregdetin malazez lidhur me vendet p\u00ebr parkimin e mjeteve lundruese do t\u00eb zgjidhet me tender dhe dh\u00ebnien n\u00eb duar t\u00eb privat\u00ebve, \u00ebsht\u00eb p\u00ebrrall e thjesht, t\u00eb cil\u00ebn as f\u00ebmij\u00ebt nuk e besojn\u00eb. Me k\u00ebt\u00eb rast Jellushiq nuk d\u00ebshiron t\u00eb pranoj\u00eb se p\u00ebr [&hellip;]<\/p>\n","protected":false},"author":1,"featured_media":0,"comment_status":"closed","ping_status":"closed","sticky":false,"template":"","format":"standard","meta":{"spay_email":"","jetpack_publicize_message":"","jetpack_is_tweetstorm":false,"jetpack_publicize_feature_enabled":true},"categories":[14],"tags":[],"jetpack_publicize_connections":[],"yoast_head":"<!-- This site is optimized with the Yoast SEO plugin v19.1 - https:\/\/yoast.com\/wordpress\/plugins\/seo\/ -->\n<title>Forumi i Bok\u00ebs: Duhet t\u00eb shp\u00ebrb\u00ebhen NP \u201cT\u00eb mirat detare\u201d - Lajme nga Ulqini<\/title>\n<meta name=\"description\" content=\"Th\u00ebniet e drejtorit t\u00eb NP \u201cT\u00eb mirat detare\u201d Predrag Jellushiq q\u00eb kaosi n\u00eb bregdetin malazez lidhur me vendet p\u00ebr parkimin e mjeteve lundruese do t\u00eb\" \/>\n<meta name=\"robots\" content=\"index, follow, max-snippet:-1, max-image-preview:large, max-video-preview:-1\" \/>\n<link rel=\"canonical\" href=\"https:\/\/www.visit-ulcinj.com\/blog\/2016\/07\/06\/forumi-bokes-duhet-te-shperbehen-np-te-mirat-detare\/\" \/>\n<meta property=\"og:locale\" content=\"en_US\" \/>\n<meta property=\"og:type\" content=\"article\" \/>\n<meta property=\"og:title\" content=\"Forumi i Bok\u00ebs: Duhet t\u00eb shp\u00ebrb\u00ebhen NP \u201cT\u00eb mirat detare\u201d - Lajme nga Ulqini\" \/>\n<meta property=\"og:description\" content=\"Th\u00ebniet e drejtorit t\u00eb NP \u201cT\u00eb mirat detare\u201d Predrag Jellushiq q\u00eb kaosi n\u00eb bregdetin malazez lidhur me vendet p\u00ebr parkimin e mjeteve lundruese do t\u00eb\" \/>\n<meta property=\"og:url\" content=\"https:\/\/www.visit-ulcinj.com\/blog\/2016\/07\/06\/forumi-bokes-duhet-te-shperbehen-np-te-mirat-detare\/\" \/>\n<meta property=\"og:site_name\" content=\"Lajme nga Ulqini\" \/>\n<meta property=\"article:published_time\" content=\"2016-07-06T16:28:10+00:00\" \/>\n<meta property=\"og:image\" content=\"http:\/\/www.visit-ulcinj.com\/blog\/wp-content\/uploads\/2016\/07\/Boka-Forum.jpg\" \/>\n<meta name=\"twitter:label1\" content=\"Written by\" \/>\n\t<meta name=\"twitter:data1\" content=\"ulqini\" \/>\n\t<meta name=\"twitter:label2\" content=\"Est. reading time\" \/>\n\t<meta name=\"twitter:data2\" content=\"1 minute\" \/>\n<script type=\"application\/ld+json\" class=\"yoast-schema-graph\">{\"@context\":\"https:\/\/schema.org\",\"@graph\":[{\"@type\":\"WebSite\",\"@id\":\"https:\/\/www.visit-ulcinj.com\/blog\/#website\",\"url\":\"https:\/\/www.visit-ulcinj.com\/blog\/\",\"name\":\"Lajme nga Ulqini\",\"description\":\"Lajme,Vijesti,Ulqini,Ulqin,Crna Gora,Mali i Zi\",\"potentialAction\":[{\"@type\":\"SearchAction\",\"target\":{\"@type\":\"EntryPoint\",\"urlTemplate\":\"https:\/\/www.visit-ulcinj.com\/blog\/?s={search_term_string}\"},\"query-input\":\"required name=search_term_string\"}],\"inLanguage\":\"en-US\"},{\"@type\":\"ImageObject\",\"inLanguage\":\"en-US\",\"@id\":\"https:\/\/www.visit-ulcinj.com\/blog\/2016\/07\/06\/forumi-bokes-duhet-te-shperbehen-np-te-mirat-detare\/#primaryimage\",\"url\":\"https:\/\/www.visit-ulcinj.com\/blog\/wp-content\/uploads\/2016\/07\/Boka-Forum.jpg\",\"contentUrl\":\"https:\/\/www.visit-ulcinj.com\/blog\/wp-content\/uploads\/2016\/07\/Boka-Forum.jpg\",\"width\":500,\"height\":500},{\"@type\":\"WebPage\",\"@id\":\"https:\/\/www.visit-ulcinj.com\/blog\/2016\/07\/06\/forumi-bokes-duhet-te-shperbehen-np-te-mirat-detare\/#webpage\",\"url\":\"https:\/\/www.visit-ulcinj.com\/blog\/2016\/07\/06\/forumi-bokes-duhet-te-shperbehen-np-te-mirat-detare\/\",\"name\":\"Forumi i Bok\u00ebs: Duhet t\u00eb shp\u00ebrb\u00ebhen NP \u201cT\u00eb mirat detare\u201d - Lajme nga Ulqini\",\"isPartOf\":{\"@id\":\"https:\/\/www.visit-ulcinj.com\/blog\/#website\"},\"primaryImageOfPage\":{\"@id\":\"https:\/\/www.visit-ulcinj.com\/blog\/2016\/07\/06\/forumi-bokes-duhet-te-shperbehen-np-te-mirat-detare\/#primaryimage\"},\"datePublished\":\"2016-07-06T16:28:10+00:00\",\"dateModified\":\"2016-07-06T16:28:10+00:00\",\"author\":{\"@id\":\"https:\/\/www.visit-ulcinj.com\/blog\/#\/schema\/person\/dcab619c614d3038751c63bc2aadc06d\"},\"description\":\"Th\u00ebniet e drejtorit t\u00eb NP \u201cT\u00eb mirat detare\u201d Predrag Jellushiq q\u00eb kaosi n\u00eb bregdetin malazez lidhur me vendet p\u00ebr parkimin e mjeteve lundruese do t\u00eb\",\"breadcrumb\":{\"@id\":\"https:\/\/www.visit-ulcinj.com\/blog\/2016\/07\/06\/forumi-bokes-duhet-te-shperbehen-np-te-mirat-detare\/#breadcrumb\"},\"inLanguage\":\"en-US\",\"potentialAction\":[{\"@type\":\"ReadAction\",\"target\":[\"https:\/\/www.visit-ulcinj.com\/blog\/2016\/07\/06\/forumi-bokes-duhet-te-shperbehen-np-te-mirat-detare\/\"]}]},{\"@type\":\"BreadcrumbList\",\"@id\":\"https:\/\/www.visit-ulcinj.com\/blog\/2016\/07\/06\/forumi-bokes-duhet-te-shperbehen-np-te-mirat-detare\/#breadcrumb\",\"itemListElement\":[{\"@type\":\"ListItem\",\"position\":1,\"name\":\"Forumi i Bok\u00ebs: Duhet t\u00eb shp\u00ebrb\u00ebhen NP \u201cT\u00eb mirat detare\u201d\"}]},{\"@type\":\"Person\",\"@id\":\"https:\/\/www.visit-ulcinj.com\/blog\/#\/schema\/person\/dcab619c614d3038751c63bc2aadc06d\",\"name\":\"ulqini\",\"sameAs\":[\"http:\/\/www.visit-ulcinj.com\"],\"url\":\"https:\/\/www.visit-ulcinj.com\/blog\/author\/admin\/\"}]}<\/script>\n<!-- \/ Yoast SEO plugin. -->","yoast_head_json":{"title":"Forumi i Bok\u00ebs: Duhet t\u00eb shp\u00ebrb\u00ebhen NP \u201cT\u00eb mirat detare\u201d - Lajme nga Ulqini","description":"Th\u00ebniet e drejtorit t\u00eb NP \u201cT\u00eb mirat detare\u201d Predrag Jellushiq q\u00eb kaosi n\u00eb bregdetin malazez lidhur me vendet p\u00ebr parkimin e mjeteve lundruese do t\u00eb","robots":{"index":"index","follow":"follow","max-snippet":"max-snippet:-1","max-image-preview":"max-image-preview:large","max-video-preview":"max-video-preview:-1"},"canonical":"https:\/\/www.visit-ulcinj.com\/blog\/2016\/07\/06\/forumi-bokes-duhet-te-shperbehen-np-te-mirat-detare\/","og_locale":"en_US","og_type":"article","og_title":"Forumi i Bok\u00ebs: Duhet t\u00eb shp\u00ebrb\u00ebhen NP \u201cT\u00eb mirat detare\u201d - Lajme nga Ulqini","og_description":"Th\u00ebniet e drejtorit t\u00eb NP \u201cT\u00eb mirat detare\u201d Predrag Jellushiq q\u00eb kaosi n\u00eb bregdetin malazez lidhur me vendet p\u00ebr parkimin e mjeteve lundruese do t\u00eb","og_url":"https:\/\/www.visit-ulcinj.com\/blog\/2016\/07\/06\/forumi-bokes-duhet-te-shperbehen-np-te-mirat-detare\/","og_site_name":"Lajme nga Ulqini","article_published_time":"2016-07-06T16:28:10+00:00","og_image":[{"url":"http:\/\/www.visit-ulcinj.com\/blog\/wp-content\/uploads\/2016\/07\/Boka-Forum.jpg"}],"twitter_misc":{"Written by":"ulqini","Est. reading time":"1 minute"},"schema":{"@context":"https:\/\/schema.org","@graph":[{"@type":"WebSite","@id":"https:\/\/www.visit-ulcinj.com\/blog\/#website","url":"https:\/\/www.visit-ulcinj.com\/blog\/","name":"Lajme nga Ulqini","description":"Lajme,Vijesti,Ulqini,Ulqin,Crna Gora,Mali i Zi","potentialAction":[{"@type":"SearchAction","target":{"@type":"EntryPoint","urlTemplate":"https:\/\/www.visit-ulcinj.com\/blog\/?s={search_term_string}"},"query-input":"required name=search_term_string"}],"inLanguage":"en-US"},{"@type":"ImageObject","inLanguage":"en-US","@id":"https:\/\/www.visit-ulcinj.com\/blog\/2016\/07\/06\/forumi-bokes-duhet-te-shperbehen-np-te-mirat-detare\/#primaryimage","url":"https:\/\/www.visit-ulcinj.com\/blog\/wp-content\/uploads\/2016\/07\/Boka-Forum.jpg","contentUrl":"https:\/\/www.visit-ulcinj.com\/blog\/wp-content\/uploads\/2016\/07\/Boka-Forum.jpg","width":500,"height":500},{"@type":"WebPage","@id":"https:\/\/www.visit-ulcinj.com\/blog\/2016\/07\/06\/forumi-bokes-duhet-te-shperbehen-np-te-mirat-detare\/#webpage","url":"https:\/\/www.visit-ulcinj.com\/blog\/2016\/07\/06\/forumi-bokes-duhet-te-shperbehen-np-te-mirat-detare\/","name":"Forumi i Bok\u00ebs: Duhet t\u00eb shp\u00ebrb\u00ebhen NP \u201cT\u00eb mirat detare\u201d - Lajme nga Ulqini","isPartOf":{"@id":"https:\/\/www.visit-ulcinj.com\/blog\/#website"},"primaryImageOfPage":{"@id":"https:\/\/www.visit-ulcinj.com\/blog\/2016\/07\/06\/forumi-bokes-duhet-te-shperbehen-np-te-mirat-detare\/#primaryimage"},"datePublished":"2016-07-06T16:28:10+00:00","dateModified":"2016-07-06T16:28:10+00:00","author":{"@id":"https:\/\/www.visit-ulcinj.com\/blog\/#\/schema\/person\/dcab619c614d3038751c63bc2aadc06d"},"description":"Th\u00ebniet e drejtorit t\u00eb NP \u201cT\u00eb mirat detare\u201d Predrag Jellushiq q\u00eb kaosi n\u00eb bregdetin malazez lidhur me vendet p\u00ebr parkimin e mjeteve lundruese do t\u00eb","breadcrumb":{"@id":"https:\/\/www.visit-ulcinj.com\/blog\/2016\/07\/06\/forumi-bokes-duhet-te-shperbehen-np-te-mirat-detare\/#breadcrumb"},"inLanguage":"en-US","potentialAction":[{"@type":"ReadAction","target":["https:\/\/www.visit-ulcinj.com\/blog\/2016\/07\/06\/forumi-bokes-duhet-te-shperbehen-np-te-mirat-detare\/"]}]},{"@type":"BreadcrumbList","@id":"https:\/\/www.visit-ulcinj.com\/blog\/2016\/07\/06\/forumi-bokes-duhet-te-shperbehen-np-te-mirat-detare\/#breadcrumb","itemListElement":[{"@type":"ListItem","position":1,"name":"Forumi i Bok\u00ebs: Duhet t\u00eb shp\u00ebrb\u00ebhen NP \u201cT\u00eb mirat detare\u201d"}]},{"@type":"Person","@id":"https:\/\/www.visit-ulcinj.com\/blog\/#\/schema\/person\/dcab619c614d3038751c63bc2aadc06d","name":"ulqini","sameAs":["http:\/\/www.visit-ulcinj.com"],"url":"https:\/\/www.visit-ulcinj.com\/blog\/author\/admin\/"}]}},"jetpack_featured_media_url":"","jetpack_sharing_enabled":true,"jetpack_shortlink":"https:\/\/wp.me\/pe6lTn-pwO","_links":{"self":[{"href":"https:\/\/www.visit-ulcinj.com\/blog\/wp-json\/wp\/v2\/posts\/98134"}],"collection":[{"href":"https:\/\/www.visit-ulcinj.com\/blog\/wp-json\/wp\/v2\/posts"}],"about":[{"href":"https:\/\/www.visit-ulcinj.com\/blog\/wp-json\/wp\/v2\/types\/post"}],"author":[{"embeddable":true,"href":"https:\/\/www.visit-ulcinj.com\/blog\/wp-json\/wp\/v2\/users\/1"}],"replies":[{"embeddable":true,"href":"https:\/\/www.visit-ulcinj.com\/blog\/wp-json\/wp\/v2\/comments?post=98134"}],"version-history":[{"count":1,"href":"https:\/\/www.visit-ulcinj.com\/blog\/wp-json\/wp\/v2\/posts\/98134\/revisions"}],"predecessor-version":[{"id":98136,"href":"https:\/\/www.visit-ulcinj.com\/blog\/wp-json\/wp\/v2\/posts\/98134\/revisions\/98136"}],"wp:attachment":[{"href":"https:\/\/www.visit-ulcinj.com\/blog\/wp-json\/wp\/v2\/media?parent=98134"}],"wp:term":[{"taxonomy":"category","embeddable":true,"href":"https:\/\/www.visit-ulcinj.com\/blog\/wp-json\/wp\/v2\/categories?post=98134"},{"taxonomy":"post_tag","embeddable":true,"href":"https:\/\/www.visit-ulcinj.com\/blog\/wp-json\/wp\/v2\/tags?post=98134"}],"curies":[{"name":"wp","href":"https:\/\/api.w.org\/{rel}","templated":true}]}}