{"id":98164,"date":"2016-07-07T17:49:16","date_gmt":"2016-07-07T16:49:16","guid":{"rendered":"http:\/\/www.visit-ulcinj.com\/blog\/?p=98164"},"modified":"2016-07-07T17:49:16","modified_gmt":"2016-07-07T16:49:16","slug":"resulbegovic-rijesiti-problem-buke-u-ulcinju","status":"publish","type":"post","link":"https:\/\/www.visit-ulcinj.com\/blog\/2016\/07\/07\/resulbegovic-rijesiti-problem-buke-u-ulcinju\/","title":{"rendered":"Resulbegovi\u0107: Rije\u0161iti problem buke u Ulcinju"},"content":{"rendered":"<p><strong><a href=\"http:\/\/www.visit-ulcinj.com\/blog\/wp-content\/uploads\/2016\/07\/ULCINJ.jpg\"><img loading=\"lazy\" class=\"alignleft wp-image-98165\" src=\"http:\/\/www.visit-ulcinj.com\/blog\/wp-content\/uploads\/2016\/07\/ULCINJ.jpg\" alt=\"ULCINJ\" width=\"508\" height=\"346\" srcset=\"https:\/\/www.visit-ulcinj.com\/blog\/wp-content\/uploads\/2016\/07\/ULCINJ.jpg 726w, https:\/\/www.visit-ulcinj.com\/blog\/wp-content\/uploads\/2016\/07\/ULCINJ-300x204.jpg 300w\" sizes=\"(max-width: 508px) 100vw, 508px\" \/><\/a>Turisti\u010dka sezona u Ulcinju je po\u010dela veoma dobro, pri \u010demu bi trebalo rije\u0161iti problem buke koja dolazi iz otvorenih terasa i traje do duboko u no\u0107, saop\u0161tio je predsjednik Sektora zakupaca pla\u017ea pri Crnogorskom turisti\u010dkom udru\u017eenju, Gani Resulbegovi\u0107. <\/strong><\/p>\n<p>On je kazao da su zadovoljni popunjeno\u0161\u0107u hotelskih kapaciteta i ne samo njihovog hotela Palata Venecija, ve\u0107 i drugi hoteli u Ulcinju imaju veoma dobru popunjenost na po\u010detku ljetnje turisti\u010dke sezone.<\/p>\n<p>Resulbegovi\u0107, koji je vlasnik kompanije Real estate, rekao je da je grad \u0161to se \u010disto\u0107e i ure\u0111enosti ti\u010de na ve\u0107em nivou od prethodnih godina, iako na tom planu treba jo\u0161 dosta toga da se uradi da bi dostigli nivo drugih gradova na na\u0161em primorju.<\/p>\n<p>\u201ePo\u0161to je Real estate&amp;co zakupac dvije tre\u0107ine Male pla\u017ee u Ulcinju, i na pla\u017ei bilje\u017eimo porast broja turista. Vjerujem da bi posjeta bila jo\u0161 bolja, ali vjerski praznici i trajanje Evropskog prvenstva u fudbalu, kao i vremenske prilike su sigurno dosta uticale na broj turista\u201c, kazao je Resulbegovi\u0107.<\/p>\n<p>On je naveo da buka koja dolazi iz otvorenih terasa i traje do duboko u no\u0107 smeta turistima, pa i gra\u0111anima.<\/p>\n<p>\u201eMjerenja koja su pro\u0161le godine vr\u0161ena od Instituta za javno zdravlje su pokazala da je ja\u010dina zvuka dva puta ja\u010da od predvi\u0111ene Zakonom o buci ali to na\u017ealost nije ni\u0161ta pomoglo, ve\u0107 smo, u nekoliko slu\u010dajeva, morali da vra\u0107amo novac gostima koji su otkazali boravak\u201c, dodao je Resulbegovi\u0107.<\/p>\n<p>On smatra da bi trebalo ograni\u010diti broj \u0161tandova na kojima se prodaje \u2018sve i sva\u0161ta\u2019, pa i hrana \u0161to se od atraktivnih lokacija pravi va\u0161ari\u0161te. \u201cZaista nikome ne ide u prilog \u0161to su javni toaleti i poplo\u010dani prostori sa klupama pretvoreni u kafi\u0107e sa ogromnim terasama\u201d, ocijenio je Resulbegovi\u0107.<\/p>\n<p><strong>Izvor: RTCG<\/strong><\/p>\n","protected":false},"excerpt":{"rendered":"<p>Turisti\u010dka sezona u Ulcinju je po\u010dela veoma dobro, pri \u010demu bi trebalo rije\u0161iti problem buke koja dolazi iz otvorenih terasa i traje do duboko u no\u0107, saop\u0161tio je predsjednik Sektora zakupaca pla\u017ea pri Crnogorskom turisti\u010dkom udru\u017eenju, Gani Resulbegovi\u0107. On je kazao da su zadovoljni popunjeno\u0161\u0107u hotelskih kapaciteta i ne samo njihovog hotela Palata Venecija, ve\u0107 [&hellip;]<\/p>\n","protected":false},"author":1,"featured_media":0,"comment_status":"closed","ping_status":"closed","sticky":false,"template":"","format":"standard","meta":{"spay_email":"","jetpack_publicize_message":"","jetpack_is_tweetstorm":false,"jetpack_publicize_feature_enabled":true},"categories":[8337],"tags":[],"jetpack_publicize_connections":[],"yoast_head":"<!-- This site is optimized with the Yoast SEO plugin v19.1 - https:\/\/yoast.com\/wordpress\/plugins\/seo\/ -->\n<title>Resulbegovi\u0107: Rije\u0161iti problem buke u Ulcinju - Lajme nga Ulqini<\/title>\n<meta name=\"description\" content=\"Turisti\u010dka sezona u Ulcinju je po\u010dela veoma dobro, pri \u010demu bi trebalo rije\u0161iti problem buke koja dolazi iz otvorenih terasa i traje do duboko u no\u0107,\" \/>\n<meta name=\"robots\" content=\"index, follow, max-snippet:-1, max-image-preview:large, max-video-preview:-1\" \/>\n<link rel=\"canonical\" href=\"https:\/\/www.visit-ulcinj.com\/blog\/2016\/07\/07\/resulbegovic-rijesiti-problem-buke-u-ulcinju\/\" \/>\n<meta property=\"og:locale\" content=\"en_US\" \/>\n<meta property=\"og:type\" content=\"article\" \/>\n<meta property=\"og:title\" content=\"Resulbegovi\u0107: Rije\u0161iti problem buke u Ulcinju - Lajme nga Ulqini\" \/>\n<meta property=\"og:description\" content=\"Turisti\u010dka sezona u Ulcinju je po\u010dela veoma dobro, pri \u010demu bi trebalo rije\u0161iti problem buke koja dolazi iz otvorenih terasa i traje do duboko u no\u0107,\" \/>\n<meta property=\"og:url\" content=\"https:\/\/www.visit-ulcinj.com\/blog\/2016\/07\/07\/resulbegovic-rijesiti-problem-buke-u-ulcinju\/\" \/>\n<meta property=\"og:site_name\" content=\"Lajme nga Ulqini\" \/>\n<meta property=\"article:published_time\" content=\"2016-07-07T16:49:16+00:00\" \/>\n<meta property=\"og:image\" content=\"http:\/\/www.visit-ulcinj.com\/blog\/wp-content\/uploads\/2016\/07\/ULCINJ.jpg\" \/>\n<meta name=\"twitter:label1\" content=\"Written by\" \/>\n\t<meta name=\"twitter:data1\" content=\"ulqini\" \/>\n\t<meta name=\"twitter:label2\" content=\"Est. reading time\" \/>\n\t<meta name=\"twitter:data2\" content=\"2 minutes\" \/>\n<script type=\"application\/ld+json\" class=\"yoast-schema-graph\">{\"@context\":\"https:\/\/schema.org\",\"@graph\":[{\"@type\":\"WebSite\",\"@id\":\"https:\/\/www.visit-ulcinj.com\/blog\/#website\",\"url\":\"https:\/\/www.visit-ulcinj.com\/blog\/\",\"name\":\"Lajme nga Ulqini\",\"description\":\"Lajme,Vijesti,Ulqini,Ulqin,Crna Gora,Mali i Zi\",\"potentialAction\":[{\"@type\":\"SearchAction\",\"target\":{\"@type\":\"EntryPoint\",\"urlTemplate\":\"https:\/\/www.visit-ulcinj.com\/blog\/?s={search_term_string}\"},\"query-input\":\"required name=search_term_string\"}],\"inLanguage\":\"en-US\"},{\"@type\":\"ImageObject\",\"inLanguage\":\"en-US\",\"@id\":\"https:\/\/www.visit-ulcinj.com\/blog\/2016\/07\/07\/resulbegovic-rijesiti-problem-buke-u-ulcinju\/#primaryimage\",\"url\":\"https:\/\/www.visit-ulcinj.com\/blog\/wp-content\/uploads\/2016\/07\/ULCINJ.jpg\",\"contentUrl\":\"https:\/\/www.visit-ulcinj.com\/blog\/wp-content\/uploads\/2016\/07\/ULCINJ.jpg\",\"width\":726,\"height\":494},{\"@type\":\"WebPage\",\"@id\":\"https:\/\/www.visit-ulcinj.com\/blog\/2016\/07\/07\/resulbegovic-rijesiti-problem-buke-u-ulcinju\/#webpage\",\"url\":\"https:\/\/www.visit-ulcinj.com\/blog\/2016\/07\/07\/resulbegovic-rijesiti-problem-buke-u-ulcinju\/\",\"name\":\"Resulbegovi\u0107: Rije\u0161iti problem buke u Ulcinju - Lajme nga Ulqini\",\"isPartOf\":{\"@id\":\"https:\/\/www.visit-ulcinj.com\/blog\/#website\"},\"primaryImageOfPage\":{\"@id\":\"https:\/\/www.visit-ulcinj.com\/blog\/2016\/07\/07\/resulbegovic-rijesiti-problem-buke-u-ulcinju\/#primaryimage\"},\"datePublished\":\"2016-07-07T16:49:16+00:00\",\"dateModified\":\"2016-07-07T16:49:16+00:00\",\"author\":{\"@id\":\"https:\/\/www.visit-ulcinj.com\/blog\/#\/schema\/person\/dcab619c614d3038751c63bc2aadc06d\"},\"description\":\"Turisti\u010dka sezona u Ulcinju je po\u010dela veoma dobro, pri \u010demu bi trebalo rije\u0161iti problem buke koja dolazi iz otvorenih terasa i traje do duboko u no\u0107,\",\"breadcrumb\":{\"@id\":\"https:\/\/www.visit-ulcinj.com\/blog\/2016\/07\/07\/resulbegovic-rijesiti-problem-buke-u-ulcinju\/#breadcrumb\"},\"inLanguage\":\"en-US\",\"potentialAction\":[{\"@type\":\"ReadAction\",\"target\":[\"https:\/\/www.visit-ulcinj.com\/blog\/2016\/07\/07\/resulbegovic-rijesiti-problem-buke-u-ulcinju\/\"]}]},{\"@type\":\"BreadcrumbList\",\"@id\":\"https:\/\/www.visit-ulcinj.com\/blog\/2016\/07\/07\/resulbegovic-rijesiti-problem-buke-u-ulcinju\/#breadcrumb\",\"itemListElement\":[{\"@type\":\"ListItem\",\"position\":1,\"name\":\"Resulbegovi\u0107: Rije\u0161iti problem buke u Ulcinju\"}]},{\"@type\":\"Person\",\"@id\":\"https:\/\/www.visit-ulcinj.com\/blog\/#\/schema\/person\/dcab619c614d3038751c63bc2aadc06d\",\"name\":\"ulqini\",\"sameAs\":[\"http:\/\/www.visit-ulcinj.com\"],\"url\":\"https:\/\/www.visit-ulcinj.com\/blog\/author\/admin\/\"}]}<\/script>\n<!-- \/ Yoast SEO plugin. -->","yoast_head_json":{"title":"Resulbegovi\u0107: Rije\u0161iti problem buke u Ulcinju - Lajme nga Ulqini","description":"Turisti\u010dka sezona u Ulcinju je po\u010dela veoma dobro, pri \u010demu bi trebalo rije\u0161iti problem buke koja dolazi iz otvorenih terasa i traje do duboko u no\u0107,","robots":{"index":"index","follow":"follow","max-snippet":"max-snippet:-1","max-image-preview":"max-image-preview:large","max-video-preview":"max-video-preview:-1"},"canonical":"https:\/\/www.visit-ulcinj.com\/blog\/2016\/07\/07\/resulbegovic-rijesiti-problem-buke-u-ulcinju\/","og_locale":"en_US","og_type":"article","og_title":"Resulbegovi\u0107: Rije\u0161iti problem buke u Ulcinju - Lajme nga Ulqini","og_description":"Turisti\u010dka sezona u Ulcinju je po\u010dela veoma dobro, pri \u010demu bi trebalo rije\u0161iti problem buke koja dolazi iz otvorenih terasa i traje do duboko u no\u0107,","og_url":"https:\/\/www.visit-ulcinj.com\/blog\/2016\/07\/07\/resulbegovic-rijesiti-problem-buke-u-ulcinju\/","og_site_name":"Lajme nga Ulqini","article_published_time":"2016-07-07T16:49:16+00:00","og_image":[{"url":"http:\/\/www.visit-ulcinj.com\/blog\/wp-content\/uploads\/2016\/07\/ULCINJ.jpg"}],"twitter_misc":{"Written by":"ulqini","Est. reading time":"2 minutes"},"schema":{"@context":"https:\/\/schema.org","@graph":[{"@type":"WebSite","@id":"https:\/\/www.visit-ulcinj.com\/blog\/#website","url":"https:\/\/www.visit-ulcinj.com\/blog\/","name":"Lajme nga Ulqini","description":"Lajme,Vijesti,Ulqini,Ulqin,Crna Gora,Mali i Zi","potentialAction":[{"@type":"SearchAction","target":{"@type":"EntryPoint","urlTemplate":"https:\/\/www.visit-ulcinj.com\/blog\/?s={search_term_string}"},"query-input":"required name=search_term_string"}],"inLanguage":"en-US"},{"@type":"ImageObject","inLanguage":"en-US","@id":"https:\/\/www.visit-ulcinj.com\/blog\/2016\/07\/07\/resulbegovic-rijesiti-problem-buke-u-ulcinju\/#primaryimage","url":"https:\/\/www.visit-ulcinj.com\/blog\/wp-content\/uploads\/2016\/07\/ULCINJ.jpg","contentUrl":"https:\/\/www.visit-ulcinj.com\/blog\/wp-content\/uploads\/2016\/07\/ULCINJ.jpg","width":726,"height":494},{"@type":"WebPage","@id":"https:\/\/www.visit-ulcinj.com\/blog\/2016\/07\/07\/resulbegovic-rijesiti-problem-buke-u-ulcinju\/#webpage","url":"https:\/\/www.visit-ulcinj.com\/blog\/2016\/07\/07\/resulbegovic-rijesiti-problem-buke-u-ulcinju\/","name":"Resulbegovi\u0107: Rije\u0161iti problem buke u Ulcinju - Lajme nga Ulqini","isPartOf":{"@id":"https:\/\/www.visit-ulcinj.com\/blog\/#website"},"primaryImageOfPage":{"@id":"https:\/\/www.visit-ulcinj.com\/blog\/2016\/07\/07\/resulbegovic-rijesiti-problem-buke-u-ulcinju\/#primaryimage"},"datePublished":"2016-07-07T16:49:16+00:00","dateModified":"2016-07-07T16:49:16+00:00","author":{"@id":"https:\/\/www.visit-ulcinj.com\/blog\/#\/schema\/person\/dcab619c614d3038751c63bc2aadc06d"},"description":"Turisti\u010dka sezona u Ulcinju je po\u010dela veoma dobro, pri \u010demu bi trebalo rije\u0161iti problem buke koja dolazi iz otvorenih terasa i traje do duboko u no\u0107,","breadcrumb":{"@id":"https:\/\/www.visit-ulcinj.com\/blog\/2016\/07\/07\/resulbegovic-rijesiti-problem-buke-u-ulcinju\/#breadcrumb"},"inLanguage":"en-US","potentialAction":[{"@type":"ReadAction","target":["https:\/\/www.visit-ulcinj.com\/blog\/2016\/07\/07\/resulbegovic-rijesiti-problem-buke-u-ulcinju\/"]}]},{"@type":"BreadcrumbList","@id":"https:\/\/www.visit-ulcinj.com\/blog\/2016\/07\/07\/resulbegovic-rijesiti-problem-buke-u-ulcinju\/#breadcrumb","itemListElement":[{"@type":"ListItem","position":1,"name":"Resulbegovi\u0107: Rije\u0161iti problem buke u Ulcinju"}]},{"@type":"Person","@id":"https:\/\/www.visit-ulcinj.com\/blog\/#\/schema\/person\/dcab619c614d3038751c63bc2aadc06d","name":"ulqini","sameAs":["http:\/\/www.visit-ulcinj.com"],"url":"https:\/\/www.visit-ulcinj.com\/blog\/author\/admin\/"}]}},"jetpack_featured_media_url":"","jetpack_sharing_enabled":true,"jetpack_shortlink":"https:\/\/wp.me\/pe6lTn-pxi","_links":{"self":[{"href":"https:\/\/www.visit-ulcinj.com\/blog\/wp-json\/wp\/v2\/posts\/98164"}],"collection":[{"href":"https:\/\/www.visit-ulcinj.com\/blog\/wp-json\/wp\/v2\/posts"}],"about":[{"href":"https:\/\/www.visit-ulcinj.com\/blog\/wp-json\/wp\/v2\/types\/post"}],"author":[{"embeddable":true,"href":"https:\/\/www.visit-ulcinj.com\/blog\/wp-json\/wp\/v2\/users\/1"}],"replies":[{"embeddable":true,"href":"https:\/\/www.visit-ulcinj.com\/blog\/wp-json\/wp\/v2\/comments?post=98164"}],"version-history":[{"count":1,"href":"https:\/\/www.visit-ulcinj.com\/blog\/wp-json\/wp\/v2\/posts\/98164\/revisions"}],"predecessor-version":[{"id":98166,"href":"https:\/\/www.visit-ulcinj.com\/blog\/wp-json\/wp\/v2\/posts\/98164\/revisions\/98166"}],"wp:attachment":[{"href":"https:\/\/www.visit-ulcinj.com\/blog\/wp-json\/wp\/v2\/media?parent=98164"}],"wp:term":[{"taxonomy":"category","embeddable":true,"href":"https:\/\/www.visit-ulcinj.com\/blog\/wp-json\/wp\/v2\/categories?post=98164"},{"taxonomy":"post_tag","embeddable":true,"href":"https:\/\/www.visit-ulcinj.com\/blog\/wp-json\/wp\/v2\/tags?post=98164"}],"curies":[{"name":"wp","href":"https:\/\/api.w.org\/{rel}","templated":true}]}}