{"id":98173,"date":"2016-07-10T06:11:46","date_gmt":"2016-07-10T05:11:46","guid":{"rendered":"http:\/\/www.visit-ulcinj.com\/blog\/?p=98173"},"modified":"2016-07-10T11:41:03","modified_gmt":"2016-07-10T10:41:03","slug":"pd-cungu-e-ka-sjell-firmen-copyright-ne-ulqin","status":"publish","type":"post","link":"https:\/\/www.visit-ulcinj.com\/blog\/2016\/07\/10\/pd-cungu-e-ka-sjell-firmen-copyright-ne-ulqin\/","title":{"rendered":"PD: Cungu e ka sjell firmen \u2018\u2019Copyright\u2019\u2019 ne Ulqin"},"content":{"rendered":"<p>Askush nuk g\u00ebnjen si Forca !<\/p>\n<p><a href=\"http:\/\/www.visit-ulcinj.com\/blog\/wp-content\/uploads\/2011\/12\/partia-demokratike.jpg\"><img loading=\"lazy\" class=\"alignleft wp-image-54806 size-medium\" src=\"http:\/\/www.visit-ulcinj.com\/blog\/wp-content\/uploads\/2011\/12\/partia-demokratike-212x300.jpg\" alt=\"partia demokratike\" width=\"212\" height=\"300\" srcset=\"https:\/\/www.visit-ulcinj.com\/blog\/wp-content\/uploads\/2011\/12\/partia-demokratike-212x300.jpg 212w, https:\/\/www.visit-ulcinj.com\/blog\/wp-content\/uploads\/2011\/12\/partia-demokratike.jpg 509w\" sizes=\"(max-width: 212px) 100vw, 212px\" \/><\/a>Ve\u00e7enarisht kur frigohen . Sikurse \u00ebsht\u00eb rasti i hulumtimit kryetarit tyre n\u00eb afer\u00ebn \u2018\u2019COPYRIGHT \u2018\u2019.Sepse ajo \u00ebsht\u00eb q\u00eb Nazif Cungu si kryetar i komunes se Ulqinit ne vitin 23.10.2013, n\u00eb Millo\u00e7er ka n\u00ebnshkruar me kryetarin e Budves dhe Cetinjes marrveshjen turistike me ofert p\u00ebr k\u00ebto tre komuna, raporton portali informativ Ul.info.<\/p>\n<p>Esht\u00eb punuar vetem p\u00ebr at\u00eb rast\u00eb q\u00eb prej buxhetit t\u00eb komunes s\u00eb Budves ,n\u00ebpermjet Ulqinit dhe Cetinjes ,ose organizatat e tyre turistike t\u00eb kalojn rreth 27 mije euro ,n\u00eb total 54 mij\u00eb euro dhe t\u00eb emrohet \u2018\u2019legalisht\u2019\u2019 firmes fantaz\u00ebm \u2018\u2019COPYRIGHT\u2019\u2019. Me k\u00ebt\u00eb jan\u00eb merr\u00eb tash nj\u00eb koh\u00eb t\u00eb gjat\u00eb organet kompetente ,dhe \u00ebsht\u00eb konfirmuar q\u00eb krer\u00ebt e k\u00ebsaj kompanie ishin n\u00eb mardhenie t\u00eb ngusht\u00eb me Svetozar Maroviqin .<\/p>\n<p>N\u00eb at\u00eb koh\u00eb\u00a0 Maroviqi ishte kryesori i operacioneve, Cungu e ka numruar q\u00eb ky n\u00ebnshkrim tre muaj p\u00ebrpara zgjedhjeve t\u00eb jashtezakonshme n\u00eb Ulqin ti mund\u00ebsoj mb\u00ebshtetjen Maroviqit dhe PDS .<\/p>\n<p><a href=\"http:\/\/www.visit-ulcinj.com\/blog\/wp-content\/uploads\/2016\/07\/COPYRIGHT-Ulqin.jpg\"><img loading=\"lazy\" class=\"alignleft wp-image-98175\" src=\"http:\/\/www.visit-ulcinj.com\/blog\/wp-content\/uploads\/2016\/07\/COPYRIGHT-Ulqin.jpg\" alt=\"COPYRIGHT-Ulqin\" width=\"508\" height=\"319\" \/><\/a><\/p>\n<p>Esht\u00eb mashtruar mandej , por tash k\u00ebrkon edhe m\u00eb tej t\u00eb g\u00ebnjej. Dhe natyrisht ,rrezikshem t\u00eb gaboj . T\u00eb tjerat jan\u00eb shenja ,fotografi ,deklarata,dhe marrveshje .<\/p>\n<p>P\u00ebr k\u00ebt\u00eb arsye p\u00ebrpjekje ,vendosje ngulitur n\u00eb k\u00ebt\u00eb histori Fatmir Gjeka \u00ebsht\u00eb qesharak, I varfer dhe I trishtuar .<\/p>\n","protected":false},"excerpt":{"rendered":"<p>Askush nuk g\u00ebnjen si Forca ! Ve\u00e7enarisht kur frigohen . Sikurse \u00ebsht\u00eb rasti i hulumtimit kryetarit tyre n\u00eb afer\u00ebn \u2018\u2019COPYRIGHT \u2018\u2019.Sepse ajo \u00ebsht\u00eb q\u00eb Nazif Cungu si kryetar i komunes se Ulqinit ne vitin 23.10.2013, n\u00eb Millo\u00e7er ka n\u00ebnshkruar me kryetarin e Budves dhe Cetinjes marrveshjen turistike me ofert p\u00ebr k\u00ebto tre komuna, raporton portali [&hellip;]<\/p>\n","protected":false},"author":1,"featured_media":0,"comment_status":"closed","ping_status":"closed","sticky":false,"template":"","format":"standard","meta":{"spay_email":"","jetpack_publicize_message":"","jetpack_is_tweetstorm":false,"jetpack_publicize_feature_enabled":true},"categories":[1,6],"tags":[],"jetpack_publicize_connections":[],"yoast_head":"<!-- This site is optimized with the Yoast SEO plugin v19.1 - https:\/\/yoast.com\/wordpress\/plugins\/seo\/ -->\n<title>PD: Cungu e ka sjell firmen \u2018\u2019Copyright\u2019\u2019 ne Ulqin - Lajme nga Ulqini<\/title>\n<meta name=\"description\" content=\"Askush nuk g\u00ebnjen si Forca ! Ve\u00e7enarisht kur frigohen . Sikurse \u00ebsht\u00eb rasti i hulumtimit kryetarit tyre n\u00eb afer\u00ebn \u2018\u2019COPYRIGHT \u2018\u2019.Sepse ajo \u00ebsht\u00eb q\u00eb Nazif\" \/>\n<meta name=\"robots\" content=\"index, follow, max-snippet:-1, max-image-preview:large, max-video-preview:-1\" \/>\n<link rel=\"canonical\" href=\"https:\/\/www.visit-ulcinj.com\/blog\/2016\/07\/10\/pd-cungu-e-ka-sjell-firmen-copyright-ne-ulqin\/\" \/>\n<meta property=\"og:locale\" content=\"en_US\" \/>\n<meta property=\"og:type\" content=\"article\" \/>\n<meta property=\"og:title\" content=\"PD: Cungu e ka sjell firmen \u2018\u2019Copyright\u2019\u2019 ne Ulqin - Lajme nga Ulqini\" \/>\n<meta property=\"og:description\" content=\"Askush nuk g\u00ebnjen si Forca ! Ve\u00e7enarisht kur frigohen . Sikurse \u00ebsht\u00eb rasti i hulumtimit kryetarit tyre n\u00eb afer\u00ebn \u2018\u2019COPYRIGHT \u2018\u2019.Sepse ajo \u00ebsht\u00eb q\u00eb Nazif\" \/>\n<meta property=\"og:url\" content=\"https:\/\/www.visit-ulcinj.com\/blog\/2016\/07\/10\/pd-cungu-e-ka-sjell-firmen-copyright-ne-ulqin\/\" \/>\n<meta property=\"og:site_name\" content=\"Lajme nga Ulqini\" \/>\n<meta property=\"article:published_time\" content=\"2016-07-10T05:11:46+00:00\" \/>\n<meta property=\"article:modified_time\" content=\"2016-07-10T10:41:03+00:00\" \/>\n<meta property=\"og:image\" content=\"http:\/\/www.visit-ulcinj.com\/blog\/wp-content\/uploads\/2011\/12\/partia-demokratike-212x300.jpg\" \/>\n<meta name=\"twitter:label1\" content=\"Written by\" \/>\n\t<meta name=\"twitter:data1\" content=\"ulqini\" \/>\n\t<meta name=\"twitter:label2\" content=\"Est. reading time\" \/>\n\t<meta name=\"twitter:data2\" content=\"1 minute\" \/>\n<script type=\"application\/ld+json\" class=\"yoast-schema-graph\">{\"@context\":\"https:\/\/schema.org\",\"@graph\":[{\"@type\":\"WebSite\",\"@id\":\"https:\/\/www.visit-ulcinj.com\/blog\/#website\",\"url\":\"https:\/\/www.visit-ulcinj.com\/blog\/\",\"name\":\"Lajme nga Ulqini\",\"description\":\"Lajme,Vijesti,Ulqini,Ulqin,Crna Gora,Mali i Zi\",\"potentialAction\":[{\"@type\":\"SearchAction\",\"target\":{\"@type\":\"EntryPoint\",\"urlTemplate\":\"https:\/\/www.visit-ulcinj.com\/blog\/?s={search_term_string}\"},\"query-input\":\"required name=search_term_string\"}],\"inLanguage\":\"en-US\"},{\"@type\":\"ImageObject\",\"inLanguage\":\"en-US\",\"@id\":\"https:\/\/www.visit-ulcinj.com\/blog\/2016\/07\/10\/pd-cungu-e-ka-sjell-firmen-copyright-ne-ulqin\/#primaryimage\",\"url\":\"https:\/\/www.visit-ulcinj.com\/blog\/wp-content\/uploads\/2011\/12\/partia-demokratike.jpg\",\"contentUrl\":\"https:\/\/www.visit-ulcinj.com\/blog\/wp-content\/uploads\/2011\/12\/partia-demokratike.jpg\",\"width\":\"509\",\"height\":\"720\"},{\"@type\":\"WebPage\",\"@id\":\"https:\/\/www.visit-ulcinj.com\/blog\/2016\/07\/10\/pd-cungu-e-ka-sjell-firmen-copyright-ne-ulqin\/#webpage\",\"url\":\"https:\/\/www.visit-ulcinj.com\/blog\/2016\/07\/10\/pd-cungu-e-ka-sjell-firmen-copyright-ne-ulqin\/\",\"name\":\"PD: Cungu e ka sjell firmen \u2018\u2019Copyright\u2019\u2019 ne Ulqin - Lajme nga Ulqini\",\"isPartOf\":{\"@id\":\"https:\/\/www.visit-ulcinj.com\/blog\/#website\"},\"primaryImageOfPage\":{\"@id\":\"https:\/\/www.visit-ulcinj.com\/blog\/2016\/07\/10\/pd-cungu-e-ka-sjell-firmen-copyright-ne-ulqin\/#primaryimage\"},\"datePublished\":\"2016-07-10T05:11:46+00:00\",\"dateModified\":\"2016-07-10T10:41:03+00:00\",\"author\":{\"@id\":\"https:\/\/www.visit-ulcinj.com\/blog\/#\/schema\/person\/dcab619c614d3038751c63bc2aadc06d\"},\"description\":\"Askush nuk g\u00ebnjen si Forca ! Ve\u00e7enarisht kur frigohen . Sikurse \u00ebsht\u00eb rasti i hulumtimit kryetarit tyre n\u00eb afer\u00ebn \u2018\u2019COPYRIGHT \u2018\u2019.Sepse ajo \u00ebsht\u00eb q\u00eb Nazif\",\"breadcrumb\":{\"@id\":\"https:\/\/www.visit-ulcinj.com\/blog\/2016\/07\/10\/pd-cungu-e-ka-sjell-firmen-copyright-ne-ulqin\/#breadcrumb\"},\"inLanguage\":\"en-US\",\"potentialAction\":[{\"@type\":\"ReadAction\",\"target\":[\"https:\/\/www.visit-ulcinj.com\/blog\/2016\/07\/10\/pd-cungu-e-ka-sjell-firmen-copyright-ne-ulqin\/\"]}]},{\"@type\":\"BreadcrumbList\",\"@id\":\"https:\/\/www.visit-ulcinj.com\/blog\/2016\/07\/10\/pd-cungu-e-ka-sjell-firmen-copyright-ne-ulqin\/#breadcrumb\",\"itemListElement\":[{\"@type\":\"ListItem\",\"position\":1,\"name\":\"PD: Cungu e ka sjell firmen \u2018\u2019Copyright\u2019\u2019 ne Ulqin\"}]},{\"@type\":\"Person\",\"@id\":\"https:\/\/www.visit-ulcinj.com\/blog\/#\/schema\/person\/dcab619c614d3038751c63bc2aadc06d\",\"name\":\"ulqini\",\"sameAs\":[\"http:\/\/www.visit-ulcinj.com\"],\"url\":\"https:\/\/www.visit-ulcinj.com\/blog\/author\/admin\/\"}]}<\/script>\n<!-- \/ Yoast SEO plugin. -->","yoast_head_json":{"title":"PD: Cungu e ka sjell firmen \u2018\u2019Copyright\u2019\u2019 ne Ulqin - Lajme nga Ulqini","description":"Askush nuk g\u00ebnjen si Forca ! Ve\u00e7enarisht kur frigohen . Sikurse \u00ebsht\u00eb rasti i hulumtimit kryetarit tyre n\u00eb afer\u00ebn \u2018\u2019COPYRIGHT \u2018\u2019.Sepse ajo \u00ebsht\u00eb q\u00eb Nazif","robots":{"index":"index","follow":"follow","max-snippet":"max-snippet:-1","max-image-preview":"max-image-preview:large","max-video-preview":"max-video-preview:-1"},"canonical":"https:\/\/www.visit-ulcinj.com\/blog\/2016\/07\/10\/pd-cungu-e-ka-sjell-firmen-copyright-ne-ulqin\/","og_locale":"en_US","og_type":"article","og_title":"PD: Cungu e ka sjell firmen \u2018\u2019Copyright\u2019\u2019 ne Ulqin - Lajme nga Ulqini","og_description":"Askush nuk g\u00ebnjen si Forca ! Ve\u00e7enarisht kur frigohen . Sikurse \u00ebsht\u00eb rasti i hulumtimit kryetarit tyre n\u00eb afer\u00ebn \u2018\u2019COPYRIGHT \u2018\u2019.Sepse ajo \u00ebsht\u00eb q\u00eb Nazif","og_url":"https:\/\/www.visit-ulcinj.com\/blog\/2016\/07\/10\/pd-cungu-e-ka-sjell-firmen-copyright-ne-ulqin\/","og_site_name":"Lajme nga Ulqini","article_published_time":"2016-07-10T05:11:46+00:00","article_modified_time":"2016-07-10T10:41:03+00:00","og_image":[{"url":"http:\/\/www.visit-ulcinj.com\/blog\/wp-content\/uploads\/2011\/12\/partia-demokratike-212x300.jpg"}],"twitter_misc":{"Written by":"ulqini","Est. reading time":"1 minute"},"schema":{"@context":"https:\/\/schema.org","@graph":[{"@type":"WebSite","@id":"https:\/\/www.visit-ulcinj.com\/blog\/#website","url":"https:\/\/www.visit-ulcinj.com\/blog\/","name":"Lajme nga Ulqini","description":"Lajme,Vijesti,Ulqini,Ulqin,Crna Gora,Mali i Zi","potentialAction":[{"@type":"SearchAction","target":{"@type":"EntryPoint","urlTemplate":"https:\/\/www.visit-ulcinj.com\/blog\/?s={search_term_string}"},"query-input":"required name=search_term_string"}],"inLanguage":"en-US"},{"@type":"ImageObject","inLanguage":"en-US","@id":"https:\/\/www.visit-ulcinj.com\/blog\/2016\/07\/10\/pd-cungu-e-ka-sjell-firmen-copyright-ne-ulqin\/#primaryimage","url":"https:\/\/www.visit-ulcinj.com\/blog\/wp-content\/uploads\/2011\/12\/partia-demokratike.jpg","contentUrl":"https:\/\/www.visit-ulcinj.com\/blog\/wp-content\/uploads\/2011\/12\/partia-demokratike.jpg","width":"509","height":"720"},{"@type":"WebPage","@id":"https:\/\/www.visit-ulcinj.com\/blog\/2016\/07\/10\/pd-cungu-e-ka-sjell-firmen-copyright-ne-ulqin\/#webpage","url":"https:\/\/www.visit-ulcinj.com\/blog\/2016\/07\/10\/pd-cungu-e-ka-sjell-firmen-copyright-ne-ulqin\/","name":"PD: Cungu e ka sjell firmen \u2018\u2019Copyright\u2019\u2019 ne Ulqin - Lajme nga Ulqini","isPartOf":{"@id":"https:\/\/www.visit-ulcinj.com\/blog\/#website"},"primaryImageOfPage":{"@id":"https:\/\/www.visit-ulcinj.com\/blog\/2016\/07\/10\/pd-cungu-e-ka-sjell-firmen-copyright-ne-ulqin\/#primaryimage"},"datePublished":"2016-07-10T05:11:46+00:00","dateModified":"2016-07-10T10:41:03+00:00","author":{"@id":"https:\/\/www.visit-ulcinj.com\/blog\/#\/schema\/person\/dcab619c614d3038751c63bc2aadc06d"},"description":"Askush nuk g\u00ebnjen si Forca ! Ve\u00e7enarisht kur frigohen . Sikurse \u00ebsht\u00eb rasti i hulumtimit kryetarit tyre n\u00eb afer\u00ebn \u2018\u2019COPYRIGHT \u2018\u2019.Sepse ajo \u00ebsht\u00eb q\u00eb Nazif","breadcrumb":{"@id":"https:\/\/www.visit-ulcinj.com\/blog\/2016\/07\/10\/pd-cungu-e-ka-sjell-firmen-copyright-ne-ulqin\/#breadcrumb"},"inLanguage":"en-US","potentialAction":[{"@type":"ReadAction","target":["https:\/\/www.visit-ulcinj.com\/blog\/2016\/07\/10\/pd-cungu-e-ka-sjell-firmen-copyright-ne-ulqin\/"]}]},{"@type":"BreadcrumbList","@id":"https:\/\/www.visit-ulcinj.com\/blog\/2016\/07\/10\/pd-cungu-e-ka-sjell-firmen-copyright-ne-ulqin\/#breadcrumb","itemListElement":[{"@type":"ListItem","position":1,"name":"PD: Cungu e ka sjell firmen \u2018\u2019Copyright\u2019\u2019 ne Ulqin"}]},{"@type":"Person","@id":"https:\/\/www.visit-ulcinj.com\/blog\/#\/schema\/person\/dcab619c614d3038751c63bc2aadc06d","name":"ulqini","sameAs":["http:\/\/www.visit-ulcinj.com"],"url":"https:\/\/www.visit-ulcinj.com\/blog\/author\/admin\/"}]}},"jetpack_featured_media_url":"","jetpack_sharing_enabled":true,"jetpack_shortlink":"https:\/\/wp.me\/pe6lTn-pxr","_links":{"self":[{"href":"https:\/\/www.visit-ulcinj.com\/blog\/wp-json\/wp\/v2\/posts\/98173"}],"collection":[{"href":"https:\/\/www.visit-ulcinj.com\/blog\/wp-json\/wp\/v2\/posts"}],"about":[{"href":"https:\/\/www.visit-ulcinj.com\/blog\/wp-json\/wp\/v2\/types\/post"}],"author":[{"embeddable":true,"href":"https:\/\/www.visit-ulcinj.com\/blog\/wp-json\/wp\/v2\/users\/1"}],"replies":[{"embeddable":true,"href":"https:\/\/www.visit-ulcinj.com\/blog\/wp-json\/wp\/v2\/comments?post=98173"}],"version-history":[{"count":2,"href":"https:\/\/www.visit-ulcinj.com\/blog\/wp-json\/wp\/v2\/posts\/98173\/revisions"}],"predecessor-version":[{"id":98176,"href":"https:\/\/www.visit-ulcinj.com\/blog\/wp-json\/wp\/v2\/posts\/98173\/revisions\/98176"}],"wp:attachment":[{"href":"https:\/\/www.visit-ulcinj.com\/blog\/wp-json\/wp\/v2\/media?parent=98173"}],"wp:term":[{"taxonomy":"category","embeddable":true,"href":"https:\/\/www.visit-ulcinj.com\/blog\/wp-json\/wp\/v2\/categories?post=98173"},{"taxonomy":"post_tag","embeddable":true,"href":"https:\/\/www.visit-ulcinj.com\/blog\/wp-json\/wp\/v2\/tags?post=98173"}],"curies":[{"name":"wp","href":"https:\/\/api.w.org\/{rel}","templated":true}]}}