{"id":98199,"date":"2016-07-10T10:47:04","date_gmt":"2016-07-10T09:47:04","guid":{"rendered":"http:\/\/www.visit-ulcinj.com\/blog\/?p=98199"},"modified":"2016-07-10T10:47:04","modified_gmt":"2016-07-10T09:47:04","slug":"ministar-segrt-posjetio-zdravstvenu-ustanovu-u-ulcinj","status":"publish","type":"post","link":"https:\/\/www.visit-ulcinj.com\/blog\/2016\/07\/10\/ministar-segrt-posjetio-zdravstvenu-ustanovu-u-ulcinj\/","title":{"rendered":"Ministar \u0160egrt posjetio zdravstvenu ustanovu u Ulcinj"},"content":{"rendered":"<p><strong><a href=\"http:\/\/www.visit-ulcinj.com\/blog\/wp-content\/uploads\/2016\/07\/Budimir-Segrt-Ambulanta-Ulcinj-1.jpg\"><img loading=\"lazy\" class=\"alignleft wp-image-98200\" src=\"http:\/\/www.visit-ulcinj.com\/blog\/wp-content\/uploads\/2016\/07\/Budimir-Segrt-Ambulanta-Ulcinj-1.jpg\" alt=\"Budimir Segrt - Ambulanta-Ulcinj-1\" width=\"508\" height=\"329\" srcset=\"https:\/\/www.visit-ulcinj.com\/blog\/wp-content\/uploads\/2016\/07\/Budimir-Segrt-Ambulanta-Ulcinj-1.jpg 900w, https:\/\/www.visit-ulcinj.com\/blog\/wp-content\/uploads\/2016\/07\/Budimir-Segrt-Ambulanta-Ulcinj-1-300x194.jpg 300w, https:\/\/www.visit-ulcinj.com\/blog\/wp-content\/uploads\/2016\/07\/Budimir-Segrt-Ambulanta-Ulcinj-1-768x497.jpg 768w\" sizes=\"(max-width: 508px) 100vw, 508px\" \/><\/a>Ministar zdravlja, prof.dr Budimir \u0160egrt posjetio je u petak, 08.jula 2016. godine zdravstvene ustanove u Petrovcu, Baru i Ulcinju. Tom prilikom obi\u0161ao je zdravstvenu stanicu Petrovac, Op\u0161tu bolnicu Bar, Dom zdravlja Bar sa zdravstvenim stanicama Sutomore i Ostros, kao i Dom zdravlja Ulcinj i zdravstvenu stanicu Vladimir\u2026<\/strong><br \/>\n<strong><a href=\"http:\/\/crna.gora.me\/vijesti\/iz-vlade\/ministar-segrt-posjetio-zdravstvene-ustanove-u-petrovcu-baru-i-ulcinju\/#\">FOTO GALERIJA<\/a><\/strong><\/p>\n<p>Ministar zdravlja, prof.dr Budimir \u0160egrt posjetio je u petak, 08.jula 2016. godine zdravstvene ustanove u Petrovcu, Baru i Ulcinju. Tom prilikom obi\u0161ao je zdravstvenu stanicu Petrovac, Op\u0161tu bolnicu Bar, Dom zdravlja Bar sa zdravstvenim stanicama Sutomore i Ostros, kao i Dom zdravlja Ulcinj i zdravstvenu stanicu Vladimir. Tokom obilaska ministar \u0160egrt je razgovarao sa pacijentima, zdravstvenim radnicima i menad\u017eentom zdravstvenih ustanova. Nakon obilaska ministar \u0160egrt je dao izjavu za medije.<\/p>\n<p><strong>Izvor: <a href=\"http:\/\/www.gov.me\/naslovna\/vijesti-iz-ministarstava\/163025\/Ministar-segrt-posjetio-zdravstvene-ustanove-u-Petrovcu-Baru-i-Ulcinju.html\">Vlada Crne Gore<\/a><\/strong><\/p>\n<p><a href=\"http:\/\/www.visit-ulcinj.com\/blog\/wp-content\/uploads\/2016\/07\/Budimir-Segrt-Ambulanta-Ulcinj.jpg\"><img loading=\"lazy\" class=\"alignleft wp-image-98201\" src=\"http:\/\/www.visit-ulcinj.com\/blog\/wp-content\/uploads\/2016\/07\/Budimir-Segrt-Ambulanta-Ulcinj.jpg\" alt=\"Budimir Segrt - Ambulanta-Ulcinj\" width=\"508\" height=\"316\" srcset=\"https:\/\/www.visit-ulcinj.com\/blog\/wp-content\/uploads\/2016\/07\/Budimir-Segrt-Ambulanta-Ulcinj.jpg 900w, https:\/\/www.visit-ulcinj.com\/blog\/wp-content\/uploads\/2016\/07\/Budimir-Segrt-Ambulanta-Ulcinj-300x187.jpg 300w, https:\/\/www.visit-ulcinj.com\/blog\/wp-content\/uploads\/2016\/07\/Budimir-Segrt-Ambulanta-Ulcinj-768x478.jpg 768w\" sizes=\"(max-width: 508px) 100vw, 508px\" \/><\/a><\/p>\n","protected":false},"excerpt":{"rendered":"<p>Ministar zdravlja, prof.dr Budimir \u0160egrt posjetio je u petak, 08.jula 2016. godine zdravstvene ustanove u Petrovcu, Baru i Ulcinju. Tom prilikom obi\u0161ao je zdravstvenu stanicu Petrovac, Op\u0161tu bolnicu Bar, Dom zdravlja Bar sa zdravstvenim stanicama Sutomore i Ostros, kao i Dom zdravlja Ulcinj i zdravstvenu stanicu Vladimir\u2026 FOTO GALERIJA Ministar zdravlja, prof.dr Budimir \u0160egrt posjetio [&hellip;]<\/p>\n","protected":false},"author":1,"featured_media":0,"comment_status":"closed","ping_status":"closed","sticky":false,"template":"","format":"standard","meta":{"spay_email":"","jetpack_publicize_message":"","jetpack_is_tweetstorm":false,"jetpack_publicize_feature_enabled":true},"categories":[8337],"tags":[],"jetpack_publicize_connections":[],"yoast_head":"<!-- This site is optimized with the Yoast SEO plugin v19.1 - https:\/\/yoast.com\/wordpress\/plugins\/seo\/ -->\n<title>Ministar \u0160egrt posjetio zdravstvenu ustanovu u Ulcinj - Lajme nga Ulqini<\/title>\n<meta name=\"description\" content=\"Ministar zdravlja, prof.dr Budimir \u0160egrt posjetio je u petak, 08.jula 2016. godine zdravstvene ustanove u Petrovcu, Baru i Ulcinju. Tom prilikom obi\u0161ao je\" \/>\n<meta name=\"robots\" content=\"index, follow, max-snippet:-1, max-image-preview:large, max-video-preview:-1\" \/>\n<link rel=\"canonical\" href=\"https:\/\/www.visit-ulcinj.com\/blog\/2016\/07\/10\/ministar-segrt-posjetio-zdravstvenu-ustanovu-u-ulcinj\/\" \/>\n<meta property=\"og:locale\" content=\"en_US\" \/>\n<meta property=\"og:type\" content=\"article\" \/>\n<meta property=\"og:title\" content=\"Ministar \u0160egrt posjetio zdravstvenu ustanovu u Ulcinj - Lajme nga Ulqini\" \/>\n<meta property=\"og:description\" content=\"Ministar zdravlja, prof.dr Budimir \u0160egrt posjetio je u petak, 08.jula 2016. godine zdravstvene ustanove u Petrovcu, Baru i Ulcinju. Tom prilikom obi\u0161ao je\" \/>\n<meta property=\"og:url\" content=\"https:\/\/www.visit-ulcinj.com\/blog\/2016\/07\/10\/ministar-segrt-posjetio-zdravstvenu-ustanovu-u-ulcinj\/\" \/>\n<meta property=\"og:site_name\" content=\"Lajme nga Ulqini\" \/>\n<meta property=\"article:published_time\" content=\"2016-07-10T09:47:04+00:00\" \/>\n<meta property=\"og:image\" content=\"http:\/\/www.visit-ulcinj.com\/blog\/wp-content\/uploads\/2016\/07\/Budimir-Segrt-Ambulanta-Ulcinj-1.jpg\" \/>\n<meta name=\"twitter:label1\" content=\"Written by\" \/>\n\t<meta name=\"twitter:data1\" content=\"ulqini\" \/>\n\t<meta name=\"twitter:label2\" content=\"Est. reading time\" \/>\n\t<meta name=\"twitter:data2\" content=\"1 minute\" \/>\n<script type=\"application\/ld+json\" class=\"yoast-schema-graph\">{\"@context\":\"https:\/\/schema.org\",\"@graph\":[{\"@type\":\"WebSite\",\"@id\":\"https:\/\/www.visit-ulcinj.com\/blog\/#website\",\"url\":\"https:\/\/www.visit-ulcinj.com\/blog\/\",\"name\":\"Lajme nga Ulqini\",\"description\":\"Lajme,Vijesti,Ulqini,Ulqin,Crna Gora,Mali i Zi\",\"potentialAction\":[{\"@type\":\"SearchAction\",\"target\":{\"@type\":\"EntryPoint\",\"urlTemplate\":\"https:\/\/www.visit-ulcinj.com\/blog\/?s={search_term_string}\"},\"query-input\":\"required name=search_term_string\"}],\"inLanguage\":\"en-US\"},{\"@type\":\"ImageObject\",\"inLanguage\":\"en-US\",\"@id\":\"https:\/\/www.visit-ulcinj.com\/blog\/2016\/07\/10\/ministar-segrt-posjetio-zdravstvenu-ustanovu-u-ulcinj\/#primaryimage\",\"url\":\"https:\/\/www.visit-ulcinj.com\/blog\/wp-content\/uploads\/2016\/07\/Budimir-Segrt-Ambulanta-Ulcinj-1.jpg\",\"contentUrl\":\"https:\/\/www.visit-ulcinj.com\/blog\/wp-content\/uploads\/2016\/07\/Budimir-Segrt-Ambulanta-Ulcinj-1.jpg\",\"width\":900,\"height\":583},{\"@type\":\"WebPage\",\"@id\":\"https:\/\/www.visit-ulcinj.com\/blog\/2016\/07\/10\/ministar-segrt-posjetio-zdravstvenu-ustanovu-u-ulcinj\/#webpage\",\"url\":\"https:\/\/www.visit-ulcinj.com\/blog\/2016\/07\/10\/ministar-segrt-posjetio-zdravstvenu-ustanovu-u-ulcinj\/\",\"name\":\"Ministar \u0160egrt posjetio zdravstvenu ustanovu u Ulcinj - Lajme nga Ulqini\",\"isPartOf\":{\"@id\":\"https:\/\/www.visit-ulcinj.com\/blog\/#website\"},\"primaryImageOfPage\":{\"@id\":\"https:\/\/www.visit-ulcinj.com\/blog\/2016\/07\/10\/ministar-segrt-posjetio-zdravstvenu-ustanovu-u-ulcinj\/#primaryimage\"},\"datePublished\":\"2016-07-10T09:47:04+00:00\",\"dateModified\":\"2016-07-10T09:47:04+00:00\",\"author\":{\"@id\":\"https:\/\/www.visit-ulcinj.com\/blog\/#\/schema\/person\/dcab619c614d3038751c63bc2aadc06d\"},\"description\":\"Ministar zdravlja, prof.dr Budimir \u0160egrt posjetio je u petak, 08.jula 2016. godine zdravstvene ustanove u Petrovcu, Baru i Ulcinju. Tom prilikom obi\u0161ao je\",\"breadcrumb\":{\"@id\":\"https:\/\/www.visit-ulcinj.com\/blog\/2016\/07\/10\/ministar-segrt-posjetio-zdravstvenu-ustanovu-u-ulcinj\/#breadcrumb\"},\"inLanguage\":\"en-US\",\"potentialAction\":[{\"@type\":\"ReadAction\",\"target\":[\"https:\/\/www.visit-ulcinj.com\/blog\/2016\/07\/10\/ministar-segrt-posjetio-zdravstvenu-ustanovu-u-ulcinj\/\"]}]},{\"@type\":\"BreadcrumbList\",\"@id\":\"https:\/\/www.visit-ulcinj.com\/blog\/2016\/07\/10\/ministar-segrt-posjetio-zdravstvenu-ustanovu-u-ulcinj\/#breadcrumb\",\"itemListElement\":[{\"@type\":\"ListItem\",\"position\":1,\"name\":\"Ministar \u0160egrt posjetio zdravstvenu ustanovu u Ulcinj\"}]},{\"@type\":\"Person\",\"@id\":\"https:\/\/www.visit-ulcinj.com\/blog\/#\/schema\/person\/dcab619c614d3038751c63bc2aadc06d\",\"name\":\"ulqini\",\"sameAs\":[\"http:\/\/www.visit-ulcinj.com\"],\"url\":\"https:\/\/www.visit-ulcinj.com\/blog\/author\/admin\/\"}]}<\/script>\n<!-- \/ Yoast SEO plugin. -->","yoast_head_json":{"title":"Ministar \u0160egrt posjetio zdravstvenu ustanovu u Ulcinj - Lajme nga Ulqini","description":"Ministar zdravlja, prof.dr Budimir \u0160egrt posjetio je u petak, 08.jula 2016. godine zdravstvene ustanove u Petrovcu, Baru i Ulcinju. Tom prilikom obi\u0161ao je","robots":{"index":"index","follow":"follow","max-snippet":"max-snippet:-1","max-image-preview":"max-image-preview:large","max-video-preview":"max-video-preview:-1"},"canonical":"https:\/\/www.visit-ulcinj.com\/blog\/2016\/07\/10\/ministar-segrt-posjetio-zdravstvenu-ustanovu-u-ulcinj\/","og_locale":"en_US","og_type":"article","og_title":"Ministar \u0160egrt posjetio zdravstvenu ustanovu u Ulcinj - Lajme nga Ulqini","og_description":"Ministar zdravlja, prof.dr Budimir \u0160egrt posjetio je u petak, 08.jula 2016. godine zdravstvene ustanove u Petrovcu, Baru i Ulcinju. Tom prilikom obi\u0161ao je","og_url":"https:\/\/www.visit-ulcinj.com\/blog\/2016\/07\/10\/ministar-segrt-posjetio-zdravstvenu-ustanovu-u-ulcinj\/","og_site_name":"Lajme nga Ulqini","article_published_time":"2016-07-10T09:47:04+00:00","og_image":[{"url":"http:\/\/www.visit-ulcinj.com\/blog\/wp-content\/uploads\/2016\/07\/Budimir-Segrt-Ambulanta-Ulcinj-1.jpg"}],"twitter_misc":{"Written by":"ulqini","Est. reading time":"1 minute"},"schema":{"@context":"https:\/\/schema.org","@graph":[{"@type":"WebSite","@id":"https:\/\/www.visit-ulcinj.com\/blog\/#website","url":"https:\/\/www.visit-ulcinj.com\/blog\/","name":"Lajme nga Ulqini","description":"Lajme,Vijesti,Ulqini,Ulqin,Crna Gora,Mali i Zi","potentialAction":[{"@type":"SearchAction","target":{"@type":"EntryPoint","urlTemplate":"https:\/\/www.visit-ulcinj.com\/blog\/?s={search_term_string}"},"query-input":"required name=search_term_string"}],"inLanguage":"en-US"},{"@type":"ImageObject","inLanguage":"en-US","@id":"https:\/\/www.visit-ulcinj.com\/blog\/2016\/07\/10\/ministar-segrt-posjetio-zdravstvenu-ustanovu-u-ulcinj\/#primaryimage","url":"https:\/\/www.visit-ulcinj.com\/blog\/wp-content\/uploads\/2016\/07\/Budimir-Segrt-Ambulanta-Ulcinj-1.jpg","contentUrl":"https:\/\/www.visit-ulcinj.com\/blog\/wp-content\/uploads\/2016\/07\/Budimir-Segrt-Ambulanta-Ulcinj-1.jpg","width":900,"height":583},{"@type":"WebPage","@id":"https:\/\/www.visit-ulcinj.com\/blog\/2016\/07\/10\/ministar-segrt-posjetio-zdravstvenu-ustanovu-u-ulcinj\/#webpage","url":"https:\/\/www.visit-ulcinj.com\/blog\/2016\/07\/10\/ministar-segrt-posjetio-zdravstvenu-ustanovu-u-ulcinj\/","name":"Ministar \u0160egrt posjetio zdravstvenu ustanovu u Ulcinj - Lajme nga Ulqini","isPartOf":{"@id":"https:\/\/www.visit-ulcinj.com\/blog\/#website"},"primaryImageOfPage":{"@id":"https:\/\/www.visit-ulcinj.com\/blog\/2016\/07\/10\/ministar-segrt-posjetio-zdravstvenu-ustanovu-u-ulcinj\/#primaryimage"},"datePublished":"2016-07-10T09:47:04+00:00","dateModified":"2016-07-10T09:47:04+00:00","author":{"@id":"https:\/\/www.visit-ulcinj.com\/blog\/#\/schema\/person\/dcab619c614d3038751c63bc2aadc06d"},"description":"Ministar zdravlja, prof.dr Budimir \u0160egrt posjetio je u petak, 08.jula 2016. godine zdravstvene ustanove u Petrovcu, Baru i Ulcinju. Tom prilikom obi\u0161ao je","breadcrumb":{"@id":"https:\/\/www.visit-ulcinj.com\/blog\/2016\/07\/10\/ministar-segrt-posjetio-zdravstvenu-ustanovu-u-ulcinj\/#breadcrumb"},"inLanguage":"en-US","potentialAction":[{"@type":"ReadAction","target":["https:\/\/www.visit-ulcinj.com\/blog\/2016\/07\/10\/ministar-segrt-posjetio-zdravstvenu-ustanovu-u-ulcinj\/"]}]},{"@type":"BreadcrumbList","@id":"https:\/\/www.visit-ulcinj.com\/blog\/2016\/07\/10\/ministar-segrt-posjetio-zdravstvenu-ustanovu-u-ulcinj\/#breadcrumb","itemListElement":[{"@type":"ListItem","position":1,"name":"Ministar \u0160egrt posjetio zdravstvenu ustanovu u Ulcinj"}]},{"@type":"Person","@id":"https:\/\/www.visit-ulcinj.com\/blog\/#\/schema\/person\/dcab619c614d3038751c63bc2aadc06d","name":"ulqini","sameAs":["http:\/\/www.visit-ulcinj.com"],"url":"https:\/\/www.visit-ulcinj.com\/blog\/author\/admin\/"}]}},"jetpack_featured_media_url":"","jetpack_sharing_enabled":true,"jetpack_shortlink":"https:\/\/wp.me\/pe6lTn-pxR","_links":{"self":[{"href":"https:\/\/www.visit-ulcinj.com\/blog\/wp-json\/wp\/v2\/posts\/98199"}],"collection":[{"href":"https:\/\/www.visit-ulcinj.com\/blog\/wp-json\/wp\/v2\/posts"}],"about":[{"href":"https:\/\/www.visit-ulcinj.com\/blog\/wp-json\/wp\/v2\/types\/post"}],"author":[{"embeddable":true,"href":"https:\/\/www.visit-ulcinj.com\/blog\/wp-json\/wp\/v2\/users\/1"}],"replies":[{"embeddable":true,"href":"https:\/\/www.visit-ulcinj.com\/blog\/wp-json\/wp\/v2\/comments?post=98199"}],"version-history":[{"count":1,"href":"https:\/\/www.visit-ulcinj.com\/blog\/wp-json\/wp\/v2\/posts\/98199\/revisions"}],"predecessor-version":[{"id":98202,"href":"https:\/\/www.visit-ulcinj.com\/blog\/wp-json\/wp\/v2\/posts\/98199\/revisions\/98202"}],"wp:attachment":[{"href":"https:\/\/www.visit-ulcinj.com\/blog\/wp-json\/wp\/v2\/media?parent=98199"}],"wp:term":[{"taxonomy":"category","embeddable":true,"href":"https:\/\/www.visit-ulcinj.com\/blog\/wp-json\/wp\/v2\/categories?post=98199"},{"taxonomy":"post_tag","embeddable":true,"href":"https:\/\/www.visit-ulcinj.com\/blog\/wp-json\/wp\/v2\/tags?post=98199"}],"curies":[{"name":"wp","href":"https:\/\/api.w.org\/{rel}","templated":true}]}}