{"id":98206,"date":"2016-07-10T11:09:40","date_gmt":"2016-07-10T10:09:40","guid":{"rendered":"http:\/\/www.visit-ulcinj.com\/blog\/?p=98206"},"modified":"2016-07-10T11:09:40","modified_gmt":"2016-07-10T10:09:40","slug":"nga-buna-e-ulqinit-ledri-vula-feston-ditelindjen","status":"publish","type":"post","link":"https:\/\/www.visit-ulcinj.com\/blog\/2016\/07\/10\/nga-buna-e-ulqinit-ledri-vula-feston-ditelindjen\/","title":{"rendered":"Nga Buna e Ulqinit Ledri Vula feston dit\u00eblindjen"},"content":{"rendered":"<p><a href=\"http:\/\/www.visit-ulcinj.com\/blog\/wp-content\/uploads\/2016\/07\/Ledri-Vula-nga-Buna-Ulqin.jpg\"><img loading=\"lazy\" class=\"alignleft wp-image-98207\" src=\"http:\/\/www.visit-ulcinj.com\/blog\/wp-content\/uploads\/2016\/07\/Ledri-Vula-nga-Buna-Ulqin.jpg\" alt=\"Ledri Vula nga -Buna-Ulqin\" width=\"508\" height=\"280\" \/><\/a>Lirisht mund t\u00eb themi se Ledri Vula \u00ebsht\u00eb reperi m\u00eb i dashur p\u00ebr publikun shqiptar\u00eb.<\/p>\n<p>10 korriku \u00ebsht\u00eb data e lindjes s\u00eb reperit Ledri Vula, i cili n\u00eb k\u00ebt\u00eb p\u00ebrvjetor ka publikuar plot tre projekte t\u00eb reja muzikore, shkruan lajmi.net.<\/p>\n<p>Festa e dit\u00eblindjes s\u00eb reperit ka nisur m\u00eb her\u00ebt, k\u00ebshtu duke i b\u00ebr\u00eb dhurat\u00eb vetes dhe fansave t\u00eb tij tre k\u00ebng\u00eb t\u00eb reja bashk\u00ebpunime.<\/p>\n<p>Sot Ledri feston dit\u00eblindjen e tij t\u00eb 30-t\u00eb dhe nj\u00ebkoh\u00ebsisht po g\u00ebzon suksesin e tij m\u00eb t\u00eb madh n\u00eb karrier\u00eb.<\/p>\n<p>Dy dit\u00eb para dit\u00eblindjes ai publikoi dy bashk\u00ebpunime me Flori Mumajesin t\u00eb cilat rezultuan shum\u00eb t\u00eb suksesshme, nd\u00ebrsa mbr\u00ebm\u00eb pak para or\u00ebs 12 ai publikoi edhe duetin tjet\u00ebr me reperin 2po2.<\/p>\n<p>Ledri ka marr\u00eb shum\u00eb urime p\u00ebr dit\u00eblindje nga fansat dhe miqt\u00eb n\u00eb rrjetet sociale. Padyshim q\u00eb kjo dit\u00eblindje do t\u00eb mbahet mend pasi ai aktualisht \u00ebsht\u00eb shum\u00eb aktiv dhe i suksessh\u00ebm n\u00eb muzik\u00eb.\/Lajmi.net.<\/p>\n<p><iframe loading=\"lazy\" width=\"508\" height=\"335\" src=\"https:\/\/www.youtube.com\/embed\/lNBWqJK5TnQ\" frameborder=\"0\" allowfullscreen><\/iframe><\/p>\n","protected":false},"excerpt":{"rendered":"<p>Lirisht mund t\u00eb themi se Ledri Vula \u00ebsht\u00eb reperi m\u00eb i dashur p\u00ebr publikun shqiptar\u00eb. 10 korriku \u00ebsht\u00eb data e lindjes s\u00eb reperit Ledri Vula, i cili n\u00eb k\u00ebt\u00eb p\u00ebrvjetor ka publikuar plot tre projekte t\u00eb reja muzikore, shkruan lajmi.net. Festa e dit\u00eblindjes s\u00eb reperit ka nisur m\u00eb her\u00ebt, k\u00ebshtu duke i b\u00ebr\u00eb dhurat\u00eb vetes [&hellip;]<\/p>\n","protected":false},"author":1,"featured_media":0,"comment_status":"closed","ping_status":"closed","sticky":false,"template":"","format":"standard","meta":{"spay_email":"","jetpack_publicize_message":"","jetpack_is_tweetstorm":false,"jetpack_publicize_feature_enabled":true},"categories":[1],"tags":[],"jetpack_publicize_connections":[],"yoast_head":"<!-- This site is optimized with the Yoast SEO plugin v19.1 - https:\/\/yoast.com\/wordpress\/plugins\/seo\/ -->\n<title>Nga Buna e Ulqinit Ledri Vula feston dit\u00eblindjen - Lajme nga Ulqini<\/title>\n<meta name=\"description\" content=\"Lirisht mund t\u00eb themi se Ledri Vula \u00ebsht\u00eb reperi m\u00eb i dashur p\u00ebr publikun shqiptar\u00eb. 10 korriku \u00ebsht\u00eb data e lindjes s\u00eb reperit Ledri Vula, i cili n\u00eb k\u00ebt\u00eb\" \/>\n<meta name=\"robots\" content=\"index, follow, max-snippet:-1, max-image-preview:large, max-video-preview:-1\" \/>\n<link rel=\"canonical\" href=\"https:\/\/www.visit-ulcinj.com\/blog\/2016\/07\/10\/nga-buna-e-ulqinit-ledri-vula-feston-ditelindjen\/\" \/>\n<meta property=\"og:locale\" content=\"en_US\" \/>\n<meta property=\"og:type\" content=\"article\" \/>\n<meta property=\"og:title\" content=\"Nga Buna e Ulqinit Ledri Vula feston dit\u00eblindjen - Lajme nga Ulqini\" \/>\n<meta property=\"og:description\" content=\"Lirisht mund t\u00eb themi se Ledri Vula \u00ebsht\u00eb reperi m\u00eb i dashur p\u00ebr publikun shqiptar\u00eb. 10 korriku \u00ebsht\u00eb data e lindjes s\u00eb reperit Ledri Vula, i cili n\u00eb k\u00ebt\u00eb\" \/>\n<meta property=\"og:url\" content=\"https:\/\/www.visit-ulcinj.com\/blog\/2016\/07\/10\/nga-buna-e-ulqinit-ledri-vula-feston-ditelindjen\/\" \/>\n<meta property=\"og:site_name\" content=\"Lajme nga Ulqini\" \/>\n<meta property=\"article:published_time\" content=\"2016-07-10T10:09:40+00:00\" \/>\n<meta property=\"og:image\" content=\"http:\/\/www.visit-ulcinj.com\/blog\/wp-content\/uploads\/2016\/07\/Ledri-Vula-nga-Buna-Ulqin.jpg\" \/>\n<meta name=\"twitter:label1\" content=\"Written by\" \/>\n\t<meta name=\"twitter:data1\" content=\"ulqini\" \/>\n\t<meta name=\"twitter:label2\" content=\"Est. reading time\" \/>\n\t<meta name=\"twitter:data2\" content=\"1 minute\" \/>\n<script type=\"application\/ld+json\" class=\"yoast-schema-graph\">{\"@context\":\"https:\/\/schema.org\",\"@graph\":[{\"@type\":\"WebSite\",\"@id\":\"https:\/\/www.visit-ulcinj.com\/blog\/#website\",\"url\":\"https:\/\/www.visit-ulcinj.com\/blog\/\",\"name\":\"Lajme nga Ulqini\",\"description\":\"Lajme,Vijesti,Ulqini,Ulqin,Crna Gora,Mali i Zi\",\"potentialAction\":[{\"@type\":\"SearchAction\",\"target\":{\"@type\":\"EntryPoint\",\"urlTemplate\":\"https:\/\/www.visit-ulcinj.com\/blog\/?s={search_term_string}\"},\"query-input\":\"required name=search_term_string\"}],\"inLanguage\":\"en-US\"},{\"@type\":\"ImageObject\",\"inLanguage\":\"en-US\",\"@id\":\"https:\/\/www.visit-ulcinj.com\/blog\/2016\/07\/10\/nga-buna-e-ulqinit-ledri-vula-feston-ditelindjen\/#primaryimage\",\"url\":\"http:\/\/www.visit-ulcinj.com\/blog\/wp-content\/uploads\/2016\/07\/Ledri-Vula-nga-Buna-Ulqin.jpg\",\"contentUrl\":\"http:\/\/www.visit-ulcinj.com\/blog\/wp-content\/uploads\/2016\/07\/Ledri-Vula-nga-Buna-Ulqin.jpg\"},{\"@type\":\"WebPage\",\"@id\":\"https:\/\/www.visit-ulcinj.com\/blog\/2016\/07\/10\/nga-buna-e-ulqinit-ledri-vula-feston-ditelindjen\/#webpage\",\"url\":\"https:\/\/www.visit-ulcinj.com\/blog\/2016\/07\/10\/nga-buna-e-ulqinit-ledri-vula-feston-ditelindjen\/\",\"name\":\"Nga Buna e Ulqinit Ledri Vula feston dit\u00eblindjen - Lajme nga Ulqini\",\"isPartOf\":{\"@id\":\"https:\/\/www.visit-ulcinj.com\/blog\/#website\"},\"primaryImageOfPage\":{\"@id\":\"https:\/\/www.visit-ulcinj.com\/blog\/2016\/07\/10\/nga-buna-e-ulqinit-ledri-vula-feston-ditelindjen\/#primaryimage\"},\"datePublished\":\"2016-07-10T10:09:40+00:00\",\"dateModified\":\"2016-07-10T10:09:40+00:00\",\"author\":{\"@id\":\"https:\/\/www.visit-ulcinj.com\/blog\/#\/schema\/person\/dcab619c614d3038751c63bc2aadc06d\"},\"description\":\"Lirisht mund t\u00eb themi se Ledri Vula \u00ebsht\u00eb reperi m\u00eb i dashur p\u00ebr publikun shqiptar\u00eb. 10 korriku \u00ebsht\u00eb data e lindjes s\u00eb reperit Ledri Vula, i cili n\u00eb k\u00ebt\u00eb\",\"breadcrumb\":{\"@id\":\"https:\/\/www.visit-ulcinj.com\/blog\/2016\/07\/10\/nga-buna-e-ulqinit-ledri-vula-feston-ditelindjen\/#breadcrumb\"},\"inLanguage\":\"en-US\",\"potentialAction\":[{\"@type\":\"ReadAction\",\"target\":[\"https:\/\/www.visit-ulcinj.com\/blog\/2016\/07\/10\/nga-buna-e-ulqinit-ledri-vula-feston-ditelindjen\/\"]}]},{\"@type\":\"BreadcrumbList\",\"@id\":\"https:\/\/www.visit-ulcinj.com\/blog\/2016\/07\/10\/nga-buna-e-ulqinit-ledri-vula-feston-ditelindjen\/#breadcrumb\",\"itemListElement\":[{\"@type\":\"ListItem\",\"position\":1,\"name\":\"Nga Buna e Ulqinit Ledri Vula feston dit\u00eblindjen\"}]},{\"@type\":\"Person\",\"@id\":\"https:\/\/www.visit-ulcinj.com\/blog\/#\/schema\/person\/dcab619c614d3038751c63bc2aadc06d\",\"name\":\"ulqini\",\"sameAs\":[\"http:\/\/www.visit-ulcinj.com\"],\"url\":\"https:\/\/www.visit-ulcinj.com\/blog\/author\/admin\/\"}]}<\/script>\n<!-- \/ Yoast SEO plugin. -->","yoast_head_json":{"title":"Nga Buna e Ulqinit Ledri Vula feston dit\u00eblindjen - Lajme nga Ulqini","description":"Lirisht mund t\u00eb themi se Ledri Vula \u00ebsht\u00eb reperi m\u00eb i dashur p\u00ebr publikun shqiptar\u00eb. 10 korriku \u00ebsht\u00eb data e lindjes s\u00eb reperit Ledri Vula, i cili n\u00eb k\u00ebt\u00eb","robots":{"index":"index","follow":"follow","max-snippet":"max-snippet:-1","max-image-preview":"max-image-preview:large","max-video-preview":"max-video-preview:-1"},"canonical":"https:\/\/www.visit-ulcinj.com\/blog\/2016\/07\/10\/nga-buna-e-ulqinit-ledri-vula-feston-ditelindjen\/","og_locale":"en_US","og_type":"article","og_title":"Nga Buna e Ulqinit Ledri Vula feston dit\u00eblindjen - Lajme nga Ulqini","og_description":"Lirisht mund t\u00eb themi se Ledri Vula \u00ebsht\u00eb reperi m\u00eb i dashur p\u00ebr publikun shqiptar\u00eb. 10 korriku \u00ebsht\u00eb data e lindjes s\u00eb reperit Ledri Vula, i cili n\u00eb k\u00ebt\u00eb","og_url":"https:\/\/www.visit-ulcinj.com\/blog\/2016\/07\/10\/nga-buna-e-ulqinit-ledri-vula-feston-ditelindjen\/","og_site_name":"Lajme nga Ulqini","article_published_time":"2016-07-10T10:09:40+00:00","og_image":[{"url":"http:\/\/www.visit-ulcinj.com\/blog\/wp-content\/uploads\/2016\/07\/Ledri-Vula-nga-Buna-Ulqin.jpg"}],"twitter_misc":{"Written by":"ulqini","Est. reading time":"1 minute"},"schema":{"@context":"https:\/\/schema.org","@graph":[{"@type":"WebSite","@id":"https:\/\/www.visit-ulcinj.com\/blog\/#website","url":"https:\/\/www.visit-ulcinj.com\/blog\/","name":"Lajme nga Ulqini","description":"Lajme,Vijesti,Ulqini,Ulqin,Crna Gora,Mali i Zi","potentialAction":[{"@type":"SearchAction","target":{"@type":"EntryPoint","urlTemplate":"https:\/\/www.visit-ulcinj.com\/blog\/?s={search_term_string}"},"query-input":"required name=search_term_string"}],"inLanguage":"en-US"},{"@type":"ImageObject","inLanguage":"en-US","@id":"https:\/\/www.visit-ulcinj.com\/blog\/2016\/07\/10\/nga-buna-e-ulqinit-ledri-vula-feston-ditelindjen\/#primaryimage","url":"http:\/\/www.visit-ulcinj.com\/blog\/wp-content\/uploads\/2016\/07\/Ledri-Vula-nga-Buna-Ulqin.jpg","contentUrl":"http:\/\/www.visit-ulcinj.com\/blog\/wp-content\/uploads\/2016\/07\/Ledri-Vula-nga-Buna-Ulqin.jpg"},{"@type":"WebPage","@id":"https:\/\/www.visit-ulcinj.com\/blog\/2016\/07\/10\/nga-buna-e-ulqinit-ledri-vula-feston-ditelindjen\/#webpage","url":"https:\/\/www.visit-ulcinj.com\/blog\/2016\/07\/10\/nga-buna-e-ulqinit-ledri-vula-feston-ditelindjen\/","name":"Nga Buna e Ulqinit Ledri Vula feston dit\u00eblindjen - Lajme nga Ulqini","isPartOf":{"@id":"https:\/\/www.visit-ulcinj.com\/blog\/#website"},"primaryImageOfPage":{"@id":"https:\/\/www.visit-ulcinj.com\/blog\/2016\/07\/10\/nga-buna-e-ulqinit-ledri-vula-feston-ditelindjen\/#primaryimage"},"datePublished":"2016-07-10T10:09:40+00:00","dateModified":"2016-07-10T10:09:40+00:00","author":{"@id":"https:\/\/www.visit-ulcinj.com\/blog\/#\/schema\/person\/dcab619c614d3038751c63bc2aadc06d"},"description":"Lirisht mund t\u00eb themi se Ledri Vula \u00ebsht\u00eb reperi m\u00eb i dashur p\u00ebr publikun shqiptar\u00eb. 10 korriku \u00ebsht\u00eb data e lindjes s\u00eb reperit Ledri Vula, i cili n\u00eb k\u00ebt\u00eb","breadcrumb":{"@id":"https:\/\/www.visit-ulcinj.com\/blog\/2016\/07\/10\/nga-buna-e-ulqinit-ledri-vula-feston-ditelindjen\/#breadcrumb"},"inLanguage":"en-US","potentialAction":[{"@type":"ReadAction","target":["https:\/\/www.visit-ulcinj.com\/blog\/2016\/07\/10\/nga-buna-e-ulqinit-ledri-vula-feston-ditelindjen\/"]}]},{"@type":"BreadcrumbList","@id":"https:\/\/www.visit-ulcinj.com\/blog\/2016\/07\/10\/nga-buna-e-ulqinit-ledri-vula-feston-ditelindjen\/#breadcrumb","itemListElement":[{"@type":"ListItem","position":1,"name":"Nga Buna e Ulqinit Ledri Vula feston dit\u00eblindjen"}]},{"@type":"Person","@id":"https:\/\/www.visit-ulcinj.com\/blog\/#\/schema\/person\/dcab619c614d3038751c63bc2aadc06d","name":"ulqini","sameAs":["http:\/\/www.visit-ulcinj.com"],"url":"https:\/\/www.visit-ulcinj.com\/blog\/author\/admin\/"}]}},"jetpack_featured_media_url":"","jetpack_sharing_enabled":true,"jetpack_shortlink":"https:\/\/wp.me\/pe6lTn-pxY","_links":{"self":[{"href":"https:\/\/www.visit-ulcinj.com\/blog\/wp-json\/wp\/v2\/posts\/98206"}],"collection":[{"href":"https:\/\/www.visit-ulcinj.com\/blog\/wp-json\/wp\/v2\/posts"}],"about":[{"href":"https:\/\/www.visit-ulcinj.com\/blog\/wp-json\/wp\/v2\/types\/post"}],"author":[{"embeddable":true,"href":"https:\/\/www.visit-ulcinj.com\/blog\/wp-json\/wp\/v2\/users\/1"}],"replies":[{"embeddable":true,"href":"https:\/\/www.visit-ulcinj.com\/blog\/wp-json\/wp\/v2\/comments?post=98206"}],"version-history":[{"count":1,"href":"https:\/\/www.visit-ulcinj.com\/blog\/wp-json\/wp\/v2\/posts\/98206\/revisions"}],"predecessor-version":[{"id":98208,"href":"https:\/\/www.visit-ulcinj.com\/blog\/wp-json\/wp\/v2\/posts\/98206\/revisions\/98208"}],"wp:attachment":[{"href":"https:\/\/www.visit-ulcinj.com\/blog\/wp-json\/wp\/v2\/media?parent=98206"}],"wp:term":[{"taxonomy":"category","embeddable":true,"href":"https:\/\/www.visit-ulcinj.com\/blog\/wp-json\/wp\/v2\/categories?post=98206"},{"taxonomy":"post_tag","embeddable":true,"href":"https:\/\/www.visit-ulcinj.com\/blog\/wp-json\/wp\/v2\/tags?post=98206"}],"curies":[{"name":"wp","href":"https:\/\/api.w.org\/{rel}","templated":true}]}}