{"id":98212,"date":"2016-07-10T11:45:02","date_gmt":"2016-07-10T10:45:02","guid":{"rendered":"http:\/\/www.visit-ulcinj.com\/blog\/?p=98212"},"modified":"2016-07-10T12:01:59","modified_gmt":"2016-07-10T11:01:59","slug":"lloje-te-reja-te-peshkut-ne-ujerat-e-ulqinit","status":"publish","type":"post","link":"https:\/\/www.visit-ulcinj.com\/blog\/2016\/07\/10\/lloje-te-reja-te-peshkut-ne-ujerat-e-ulqinit\/","title":{"rendered":"Lloje t\u00eb reja t\u00eb peshkut n\u00eb uj\u00ebrat e Ulqinit"},"content":{"rendered":"<h4><a href=\"http:\/\/www.visit-ulcinj.com\/blog\/wp-content\/uploads\/2016\/07\/Morska-plotica-Nove-vrste-rakova-i-riba-kod-Ulcinja.jpg\"><img loading=\"lazy\" class=\"alignleft wp-image-98138\" src=\"http:\/\/www.visit-ulcinj.com\/blog\/wp-content\/uploads\/2016\/07\/Morska-plotica-Nove-vrste-rakova-i-riba-kod-Ulcinja.jpg\" alt=\"Morska-plotica-Nove vrste rakova i riba kod Ulcinja\" width=\"508\" height=\"677\" srcset=\"https:\/\/www.visit-ulcinj.com\/blog\/wp-content\/uploads\/2016\/07\/Morska-plotica-Nove-vrste-rakova-i-riba-kod-Ulcinja.jpg 480w, https:\/\/www.visit-ulcinj.com\/blog\/wp-content\/uploads\/2016\/07\/Morska-plotica-Nove-vrste-rakova-i-riba-kod-Ulcinja-225x300.jpg 225w\" sizes=\"(max-width: 508px) 100vw, 508px\" \/><\/a>Skuadra profesionale e Institutit t\u00eb biologjis\u00eb s\u00eb detit nga Kotorri jav\u00ebn e kaluar ka kryer monitorimin e hyrjes s\u00eb llojeve t\u00eb reja t\u00eb peshkut, gaforreve dhe organizmave tjer\u00eb detar\u00eb n\u00eb regjionin e Ulqinit.<\/h4>\n<p>K\u00ebto hulumtime, sipas ul-info, jan\u00eb bazuar kryesisht n\u00eb biseda me peshkatar\u00eb, t\u00eb cil\u00ebt t\u00eb par\u00ebt vijn\u00eb n\u00eb kontakt, gjegj\u00ebsisht kapin k\u00ebto lloje t\u00eb peshkut.<\/p>\n<p>Jan\u00eb kryer dhjet\u00ebra biseda dhe jan\u00eb organizuar disa takime n\u00eb t\u00eb cil\u00ebt i \u00ebsht\u00eb shpjeguar peshkatar\u00ebve \u00e7ka mund t\u00eb pritet.<\/p>\n<p>I jan\u00eb ndar\u00eb publikimet dhe informatat p\u00ebr llojet e reja n\u00eb form\u00eb t\u00eb fotografive dhe karakteristikave t\u00eb tyre, tha dr. Aleksandar Joksimoviq, shefi i labaratorit p\u00ebr ihtiologji n\u00eb peshkim n\u00eb Institutin p\u00ebr biologjin\u00eb e detit.<\/p>\n<p>Nga llojet e reja e shpesht\u00eb \u00ebsht\u00eb prania e gaforres s\u00eb kalt\u00ebr, e cila p\u00ebrdoret p\u00ebr ushqim, rritet deri n\u00eb 30 cm madh\u00ebsi dhe peshkohet komercialisht nga peshkatar\u00ebt e Ulqinit.<\/p>\n<p>N\u00eb gryk\u00ebderdhje t\u00eb Bun\u00ebs jan\u00eb paraqitur disa lloje t\u00eb reja t\u00eb peshkut, para s\u00eb gjithash barakuda goj\u00ebart\u00eb, nd\u00ebrsa pritet hyrja dhe peshkimi m\u00eb i madh i t\u00eb ashtuquajtur\u00ebs bukl\u00ebs apo p\u00ebll\u00ebmb\u00ebzes s\u00eb detit, t\u00eb cil\u00ebn shkenc\u00ebtar\u00ebt e kan\u00eb detektuar m\u00eb her\u00ebt por nuk peshkohet shpesh, tha dr. Joksimoviq.<\/p>\n<p><strong>Koha Net<\/strong><\/p>\n","protected":false},"excerpt":{"rendered":"<p>Skuadra profesionale e Institutit t\u00eb biologjis\u00eb s\u00eb detit nga Kotorri jav\u00ebn e kaluar ka kryer monitorimin e hyrjes s\u00eb llojeve t\u00eb reja t\u00eb peshkut, gaforreve dhe organizmave tjer\u00eb detar\u00eb n\u00eb regjionin e Ulqinit. K\u00ebto hulumtime, sipas ul-info, jan\u00eb bazuar kryesisht n\u00eb biseda me peshkatar\u00eb, t\u00eb cil\u00ebt t\u00eb par\u00ebt vijn\u00eb n\u00eb kontakt, gjegj\u00ebsisht kapin k\u00ebto lloje [&hellip;]<\/p>\n","protected":false},"author":1,"featured_media":0,"comment_status":"closed","ping_status":"closed","sticky":false,"template":"","format":"standard","meta":{"spay_email":"","jetpack_publicize_message":"","jetpack_is_tweetstorm":false,"jetpack_publicize_feature_enabled":true},"categories":[13],"tags":[],"jetpack_publicize_connections":[],"yoast_head":"<!-- This site is optimized with the Yoast SEO plugin v19.1 - https:\/\/yoast.com\/wordpress\/plugins\/seo\/ -->\n<title>Lloje t\u00eb reja t\u00eb peshkut n\u00eb uj\u00ebrat e Ulqinit - Lajme nga Ulqini<\/title>\n<meta name=\"description\" content=\"Skuadra profesionale e Institutit t\u00eb biologjis\u00eb s\u00eb detit nga Kotorri jav\u00ebn e kaluar ka kryer monitorimin e hyrjes s\u00eb llojeve t\u00eb reja t\u00eb peshkut, gaforreve\" \/>\n<meta name=\"robots\" content=\"index, follow, max-snippet:-1, max-image-preview:large, max-video-preview:-1\" \/>\n<link rel=\"canonical\" href=\"https:\/\/www.visit-ulcinj.com\/blog\/2016\/07\/10\/lloje-te-reja-te-peshkut-ne-ujerat-e-ulqinit\/\" \/>\n<meta property=\"og:locale\" content=\"en_US\" \/>\n<meta property=\"og:type\" content=\"article\" \/>\n<meta property=\"og:title\" content=\"Lloje t\u00eb reja t\u00eb peshkut n\u00eb uj\u00ebrat e Ulqinit - Lajme nga Ulqini\" \/>\n<meta property=\"og:description\" content=\"Skuadra profesionale e Institutit t\u00eb biologjis\u00eb s\u00eb detit nga Kotorri jav\u00ebn e kaluar ka kryer monitorimin e hyrjes s\u00eb llojeve t\u00eb reja t\u00eb peshkut, gaforreve\" \/>\n<meta property=\"og:url\" content=\"https:\/\/www.visit-ulcinj.com\/blog\/2016\/07\/10\/lloje-te-reja-te-peshkut-ne-ujerat-e-ulqinit\/\" \/>\n<meta property=\"og:site_name\" content=\"Lajme nga Ulqini\" \/>\n<meta property=\"article:published_time\" content=\"2016-07-10T10:45:02+00:00\" \/>\n<meta property=\"article:modified_time\" content=\"2016-07-10T11:01:59+00:00\" \/>\n<meta property=\"og:image\" content=\"http:\/\/www.visit-ulcinj.com\/blog\/wp-content\/uploads\/2016\/07\/Morska-plotica-Nove-vrste-rakova-i-riba-kod-Ulcinja.jpg\" \/>\n<meta name=\"twitter:label1\" content=\"Written by\" \/>\n\t<meta name=\"twitter:data1\" content=\"ulqini\" \/>\n\t<meta name=\"twitter:label2\" content=\"Est. reading time\" \/>\n\t<meta name=\"twitter:data2\" content=\"1 minute\" \/>\n<script type=\"application\/ld+json\" class=\"yoast-schema-graph\">{\"@context\":\"https:\/\/schema.org\",\"@graph\":[{\"@type\":\"WebSite\",\"@id\":\"https:\/\/www.visit-ulcinj.com\/blog\/#website\",\"url\":\"https:\/\/www.visit-ulcinj.com\/blog\/\",\"name\":\"Lajme nga Ulqini\",\"description\":\"Lajme,Vijesti,Ulqini,Ulqin,Crna Gora,Mali i Zi\",\"potentialAction\":[{\"@type\":\"SearchAction\",\"target\":{\"@type\":\"EntryPoint\",\"urlTemplate\":\"https:\/\/www.visit-ulcinj.com\/blog\/?s={search_term_string}\"},\"query-input\":\"required name=search_term_string\"}],\"inLanguage\":\"en-US\"},{\"@type\":\"ImageObject\",\"inLanguage\":\"en-US\",\"@id\":\"https:\/\/www.visit-ulcinj.com\/blog\/2016\/07\/10\/lloje-te-reja-te-peshkut-ne-ujerat-e-ulqinit\/#primaryimage\",\"url\":\"https:\/\/www.visit-ulcinj.com\/blog\/wp-content\/uploads\/2016\/07\/Morska-plotica-Nove-vrste-rakova-i-riba-kod-Ulcinja.jpg\",\"contentUrl\":\"https:\/\/www.visit-ulcinj.com\/blog\/wp-content\/uploads\/2016\/07\/Morska-plotica-Nove-vrste-rakova-i-riba-kod-Ulcinja.jpg\",\"width\":480,\"height\":640},{\"@type\":\"WebPage\",\"@id\":\"https:\/\/www.visit-ulcinj.com\/blog\/2016\/07\/10\/lloje-te-reja-te-peshkut-ne-ujerat-e-ulqinit\/#webpage\",\"url\":\"https:\/\/www.visit-ulcinj.com\/blog\/2016\/07\/10\/lloje-te-reja-te-peshkut-ne-ujerat-e-ulqinit\/\",\"name\":\"Lloje t\u00eb reja t\u00eb peshkut n\u00eb uj\u00ebrat e Ulqinit - Lajme nga Ulqini\",\"isPartOf\":{\"@id\":\"https:\/\/www.visit-ulcinj.com\/blog\/#website\"},\"primaryImageOfPage\":{\"@id\":\"https:\/\/www.visit-ulcinj.com\/blog\/2016\/07\/10\/lloje-te-reja-te-peshkut-ne-ujerat-e-ulqinit\/#primaryimage\"},\"datePublished\":\"2016-07-10T10:45:02+00:00\",\"dateModified\":\"2016-07-10T11:01:59+00:00\",\"author\":{\"@id\":\"https:\/\/www.visit-ulcinj.com\/blog\/#\/schema\/person\/dcab619c614d3038751c63bc2aadc06d\"},\"description\":\"Skuadra profesionale e Institutit t\u00eb biologjis\u00eb s\u00eb detit nga Kotorri jav\u00ebn e kaluar ka kryer monitorimin e hyrjes s\u00eb llojeve t\u00eb reja t\u00eb peshkut, gaforreve\",\"breadcrumb\":{\"@id\":\"https:\/\/www.visit-ulcinj.com\/blog\/2016\/07\/10\/lloje-te-reja-te-peshkut-ne-ujerat-e-ulqinit\/#breadcrumb\"},\"inLanguage\":\"en-US\",\"potentialAction\":[{\"@type\":\"ReadAction\",\"target\":[\"https:\/\/www.visit-ulcinj.com\/blog\/2016\/07\/10\/lloje-te-reja-te-peshkut-ne-ujerat-e-ulqinit\/\"]}]},{\"@type\":\"BreadcrumbList\",\"@id\":\"https:\/\/www.visit-ulcinj.com\/blog\/2016\/07\/10\/lloje-te-reja-te-peshkut-ne-ujerat-e-ulqinit\/#breadcrumb\",\"itemListElement\":[{\"@type\":\"ListItem\",\"position\":1,\"name\":\"Lloje t\u00eb reja t\u00eb peshkut n\u00eb uj\u00ebrat e Ulqinit\"}]},{\"@type\":\"Person\",\"@id\":\"https:\/\/www.visit-ulcinj.com\/blog\/#\/schema\/person\/dcab619c614d3038751c63bc2aadc06d\",\"name\":\"ulqini\",\"sameAs\":[\"http:\/\/www.visit-ulcinj.com\"],\"url\":\"https:\/\/www.visit-ulcinj.com\/blog\/author\/admin\/\"}]}<\/script>\n<!-- \/ Yoast SEO plugin. -->","yoast_head_json":{"title":"Lloje t\u00eb reja t\u00eb peshkut n\u00eb uj\u00ebrat e Ulqinit - Lajme nga Ulqini","description":"Skuadra profesionale e Institutit t\u00eb biologjis\u00eb s\u00eb detit nga Kotorri jav\u00ebn e kaluar ka kryer monitorimin e hyrjes s\u00eb llojeve t\u00eb reja t\u00eb peshkut, gaforreve","robots":{"index":"index","follow":"follow","max-snippet":"max-snippet:-1","max-image-preview":"max-image-preview:large","max-video-preview":"max-video-preview:-1"},"canonical":"https:\/\/www.visit-ulcinj.com\/blog\/2016\/07\/10\/lloje-te-reja-te-peshkut-ne-ujerat-e-ulqinit\/","og_locale":"en_US","og_type":"article","og_title":"Lloje t\u00eb reja t\u00eb peshkut n\u00eb uj\u00ebrat e Ulqinit - Lajme nga Ulqini","og_description":"Skuadra profesionale e Institutit t\u00eb biologjis\u00eb s\u00eb detit nga Kotorri jav\u00ebn e kaluar ka kryer monitorimin e hyrjes s\u00eb llojeve t\u00eb reja t\u00eb peshkut, gaforreve","og_url":"https:\/\/www.visit-ulcinj.com\/blog\/2016\/07\/10\/lloje-te-reja-te-peshkut-ne-ujerat-e-ulqinit\/","og_site_name":"Lajme nga Ulqini","article_published_time":"2016-07-10T10:45:02+00:00","article_modified_time":"2016-07-10T11:01:59+00:00","og_image":[{"url":"http:\/\/www.visit-ulcinj.com\/blog\/wp-content\/uploads\/2016\/07\/Morska-plotica-Nove-vrste-rakova-i-riba-kod-Ulcinja.jpg"}],"twitter_misc":{"Written by":"ulqini","Est. reading time":"1 minute"},"schema":{"@context":"https:\/\/schema.org","@graph":[{"@type":"WebSite","@id":"https:\/\/www.visit-ulcinj.com\/blog\/#website","url":"https:\/\/www.visit-ulcinj.com\/blog\/","name":"Lajme nga Ulqini","description":"Lajme,Vijesti,Ulqini,Ulqin,Crna Gora,Mali i Zi","potentialAction":[{"@type":"SearchAction","target":{"@type":"EntryPoint","urlTemplate":"https:\/\/www.visit-ulcinj.com\/blog\/?s={search_term_string}"},"query-input":"required name=search_term_string"}],"inLanguage":"en-US"},{"@type":"ImageObject","inLanguage":"en-US","@id":"https:\/\/www.visit-ulcinj.com\/blog\/2016\/07\/10\/lloje-te-reja-te-peshkut-ne-ujerat-e-ulqinit\/#primaryimage","url":"https:\/\/www.visit-ulcinj.com\/blog\/wp-content\/uploads\/2016\/07\/Morska-plotica-Nove-vrste-rakova-i-riba-kod-Ulcinja.jpg","contentUrl":"https:\/\/www.visit-ulcinj.com\/blog\/wp-content\/uploads\/2016\/07\/Morska-plotica-Nove-vrste-rakova-i-riba-kod-Ulcinja.jpg","width":480,"height":640},{"@type":"WebPage","@id":"https:\/\/www.visit-ulcinj.com\/blog\/2016\/07\/10\/lloje-te-reja-te-peshkut-ne-ujerat-e-ulqinit\/#webpage","url":"https:\/\/www.visit-ulcinj.com\/blog\/2016\/07\/10\/lloje-te-reja-te-peshkut-ne-ujerat-e-ulqinit\/","name":"Lloje t\u00eb reja t\u00eb peshkut n\u00eb uj\u00ebrat e Ulqinit - Lajme nga Ulqini","isPartOf":{"@id":"https:\/\/www.visit-ulcinj.com\/blog\/#website"},"primaryImageOfPage":{"@id":"https:\/\/www.visit-ulcinj.com\/blog\/2016\/07\/10\/lloje-te-reja-te-peshkut-ne-ujerat-e-ulqinit\/#primaryimage"},"datePublished":"2016-07-10T10:45:02+00:00","dateModified":"2016-07-10T11:01:59+00:00","author":{"@id":"https:\/\/www.visit-ulcinj.com\/blog\/#\/schema\/person\/dcab619c614d3038751c63bc2aadc06d"},"description":"Skuadra profesionale e Institutit t\u00eb biologjis\u00eb s\u00eb detit nga Kotorri jav\u00ebn e kaluar ka kryer monitorimin e hyrjes s\u00eb llojeve t\u00eb reja t\u00eb peshkut, gaforreve","breadcrumb":{"@id":"https:\/\/www.visit-ulcinj.com\/blog\/2016\/07\/10\/lloje-te-reja-te-peshkut-ne-ujerat-e-ulqinit\/#breadcrumb"},"inLanguage":"en-US","potentialAction":[{"@type":"ReadAction","target":["https:\/\/www.visit-ulcinj.com\/blog\/2016\/07\/10\/lloje-te-reja-te-peshkut-ne-ujerat-e-ulqinit\/"]}]},{"@type":"BreadcrumbList","@id":"https:\/\/www.visit-ulcinj.com\/blog\/2016\/07\/10\/lloje-te-reja-te-peshkut-ne-ujerat-e-ulqinit\/#breadcrumb","itemListElement":[{"@type":"ListItem","position":1,"name":"Lloje t\u00eb reja t\u00eb peshkut n\u00eb uj\u00ebrat e Ulqinit"}]},{"@type":"Person","@id":"https:\/\/www.visit-ulcinj.com\/blog\/#\/schema\/person\/dcab619c614d3038751c63bc2aadc06d","name":"ulqini","sameAs":["http:\/\/www.visit-ulcinj.com"],"url":"https:\/\/www.visit-ulcinj.com\/blog\/author\/admin\/"}]}},"jetpack_featured_media_url":"","jetpack_sharing_enabled":true,"jetpack_shortlink":"https:\/\/wp.me\/pe6lTn-py4","_links":{"self":[{"href":"https:\/\/www.visit-ulcinj.com\/blog\/wp-json\/wp\/v2\/posts\/98212"}],"collection":[{"href":"https:\/\/www.visit-ulcinj.com\/blog\/wp-json\/wp\/v2\/posts"}],"about":[{"href":"https:\/\/www.visit-ulcinj.com\/blog\/wp-json\/wp\/v2\/types\/post"}],"author":[{"embeddable":true,"href":"https:\/\/www.visit-ulcinj.com\/blog\/wp-json\/wp\/v2\/users\/1"}],"replies":[{"embeddable":true,"href":"https:\/\/www.visit-ulcinj.com\/blog\/wp-json\/wp\/v2\/comments?post=98212"}],"version-history":[{"count":1,"href":"https:\/\/www.visit-ulcinj.com\/blog\/wp-json\/wp\/v2\/posts\/98212\/revisions"}],"predecessor-version":[{"id":98213,"href":"https:\/\/www.visit-ulcinj.com\/blog\/wp-json\/wp\/v2\/posts\/98212\/revisions\/98213"}],"wp:attachment":[{"href":"https:\/\/www.visit-ulcinj.com\/blog\/wp-json\/wp\/v2\/media?parent=98212"}],"wp:term":[{"taxonomy":"category","embeddable":true,"href":"https:\/\/www.visit-ulcinj.com\/blog\/wp-json\/wp\/v2\/categories?post=98212"},{"taxonomy":"post_tag","embeddable":true,"href":"https:\/\/www.visit-ulcinj.com\/blog\/wp-json\/wp\/v2\/tags?post=98212"}],"curies":[{"name":"wp","href":"https:\/\/api.w.org\/{rel}","templated":true}]}}