{"id":98218,"date":"2016-07-10T13:11:48","date_gmt":"2016-07-10T12:11:48","guid":{"rendered":"http:\/\/www.visit-ulcinj.com\/blog\/?p=98218"},"modified":"2016-07-10T13:13:28","modified_gmt":"2016-07-10T12:13:28","slug":"parkingu-ne-rruget-e-ulqinit-behen-pagese","status":"publish","type":"post","link":"https:\/\/www.visit-ulcinj.com\/blog\/2016\/07\/10\/parkingu-ne-rruget-e-ulqinit-behen-pagese\/","title":{"rendered":"Parkingu n\u00eb rrug\u00ebt e Ulqinit b\u00ebhen me pages\u00eb"},"content":{"rendered":"<p><a href=\"http:\/\/www.visit-ulcinj.com\/blog\/wp-content\/uploads\/2016\/07\/Parkingu-n\u00eb-rrug\u00ebt-e-Ulqinit-b\u00ebhen-me-pages\u00eb.jpg\"><img loading=\"lazy\" class=\"alignleft wp-image-98219\" src=\"http:\/\/www.visit-ulcinj.com\/blog\/wp-content\/uploads\/2016\/07\/Parkingu-n\u00eb-rrug\u00ebt-e-Ulqinit-b\u00ebhen-me-pages\u00eb.jpg\" alt=\"Parkingu n\u00eb rrug\u00ebt e Ulqinit b\u00ebhen me pages\u00eb\" width=\"508\" height=\"381\" srcset=\"https:\/\/www.visit-ulcinj.com\/blog\/wp-content\/uploads\/2016\/07\/Parkingu-n\u00eb-rrug\u00ebt-e-Ulqinit-b\u00ebhen-me-pages\u00eb.jpg 960w, https:\/\/www.visit-ulcinj.com\/blog\/wp-content\/uploads\/2016\/07\/Parkingu-n\u00eb-rrug\u00ebt-e-Ulqinit-b\u00ebhen-me-pages\u00eb-300x225.jpg 300w, https:\/\/www.visit-ulcinj.com\/blog\/wp-content\/uploads\/2016\/07\/Parkingu-n\u00eb-rrug\u00ebt-e-Ulqinit-b\u00ebhen-me-pages\u00eb-768x576.jpg 768w\" sizes=\"(max-width: 508px) 100vw, 508px\" \/><\/a><strong>Foto: <a class=\"_hli\" href=\"https:\/\/www.facebook.com\/groups\/ulforum2015\/\" data-hovercard=\"\/ajax\/hovercard\/group.php?id=1512042999046635\">UL Forum <\/a>Facebook<\/strong><\/p>\n<p>Parkingu n\u00ebn Kala t\u00eb Ulqinit \u00ebsht\u00eb nj\u00eb nd\u00ebr rrug\u00ebt e para q\u00eb do aplikohet parkimi publik me pages\u00eb nga Komuna e Ulqinit. \u00c7do qytetar\u00eb q\u00eb nuk \u00ebsht\u00eb banor\u00eb i zon\u00ebs, duhet t\u00eb paguaj\u00eb p\u00ebr 12 or\u00eb 3\u20ac kurse ato q\u00eb parkohen 24 or\u00eb do t\u00eb paguajn 5\u20ac p\u00ebr 24 or\u00eb q\u00ebndrimi.<\/p>\n<p>Por komuna ende nuk ka nxjerr\u00eb kart\u00ebn e parkimit p\u00ebr banor\u00ebt rezident\u00eb, q\u00eb do t\u00eb thot\u00eb se edhe qytetar\u00ebt q\u00eb banojn\u00eb a duhet t\u00eb paguajn\u00eb apo jo parkimin.<\/p>\n","protected":false},"excerpt":{"rendered":"<p>Foto: UL Forum Facebook Parkingu n\u00ebn Kala t\u00eb Ulqinit \u00ebsht\u00eb nj\u00eb nd\u00ebr rrug\u00ebt e para q\u00eb do aplikohet parkimi publik me pages\u00eb nga Komuna e Ulqinit. \u00c7do qytetar\u00eb q\u00eb nuk \u00ebsht\u00eb banor\u00eb i zon\u00ebs, duhet t\u00eb paguaj\u00eb p\u00ebr 12 or\u00eb 3\u20ac kurse ato q\u00eb parkohen 24 or\u00eb do t\u00eb paguajn 5\u20ac p\u00ebr 24 or\u00eb q\u00ebndrimi. [&hellip;]<\/p>\n","protected":false},"author":1,"featured_media":0,"comment_status":"closed","ping_status":"closed","sticky":false,"template":"","format":"standard","meta":{"spay_email":"","jetpack_publicize_message":"","jetpack_is_tweetstorm":false,"jetpack_publicize_feature_enabled":true},"categories":[12],"tags":[],"jetpack_publicize_connections":[],"yoast_head":"<!-- This site is optimized with the Yoast SEO plugin v19.1 - https:\/\/yoast.com\/wordpress\/plugins\/seo\/ -->\n<title>Parkingu n\u00eb rrug\u00ebt e Ulqinit b\u00ebhen me pages\u00eb - Lajme nga Ulqini<\/title>\n<meta name=\"description\" content=\"Foto: UL Forum Facebook Parkingu n\u00ebn Kala t\u00eb Ulqinit \u00ebsht\u00eb nj\u00eb nd\u00ebr rrug\u00ebt e para q\u00eb do aplikohet parkimi publik me pages\u00eb nga Komuna e Ulqinit. \u00c7do\" \/>\n<meta name=\"robots\" content=\"index, follow, max-snippet:-1, max-image-preview:large, max-video-preview:-1\" \/>\n<link rel=\"canonical\" href=\"https:\/\/www.visit-ulcinj.com\/blog\/2016\/07\/10\/parkingu-ne-rruget-e-ulqinit-behen-pagese\/\" \/>\n<meta property=\"og:locale\" content=\"en_US\" \/>\n<meta property=\"og:type\" content=\"article\" \/>\n<meta property=\"og:title\" content=\"Parkingu n\u00eb rrug\u00ebt e Ulqinit b\u00ebhen me pages\u00eb - Lajme nga Ulqini\" \/>\n<meta property=\"og:description\" content=\"Foto: UL Forum Facebook Parkingu n\u00ebn Kala t\u00eb Ulqinit \u00ebsht\u00eb nj\u00eb nd\u00ebr rrug\u00ebt e para q\u00eb do aplikohet parkimi publik me pages\u00eb nga Komuna e Ulqinit. \u00c7do\" \/>\n<meta property=\"og:url\" content=\"https:\/\/www.visit-ulcinj.com\/blog\/2016\/07\/10\/parkingu-ne-rruget-e-ulqinit-behen-pagese\/\" \/>\n<meta property=\"og:site_name\" content=\"Lajme nga Ulqini\" \/>\n<meta property=\"article:published_time\" content=\"2016-07-10T12:11:48+00:00\" \/>\n<meta property=\"article:modified_time\" content=\"2016-07-10T12:13:28+00:00\" \/>\n<meta name=\"twitter:label1\" content=\"Written by\" \/>\n\t<meta name=\"twitter:data1\" content=\"ulqini\" \/>\n<script type=\"application\/ld+json\" class=\"yoast-schema-graph\">{\"@context\":\"https:\/\/schema.org\",\"@graph\":[{\"@type\":\"WebSite\",\"@id\":\"https:\/\/www.visit-ulcinj.com\/blog\/#website\",\"url\":\"https:\/\/www.visit-ulcinj.com\/blog\/\",\"name\":\"Lajme nga Ulqini\",\"description\":\"Lajme,Vijesti,Ulqini,Ulqin,Crna Gora,Mali i Zi\",\"potentialAction\":[{\"@type\":\"SearchAction\",\"target\":{\"@type\":\"EntryPoint\",\"urlTemplate\":\"https:\/\/www.visit-ulcinj.com\/blog\/?s={search_term_string}\"},\"query-input\":\"required name=search_term_string\"}],\"inLanguage\":\"en-US\"},{\"@type\":\"WebPage\",\"@id\":\"https:\/\/www.visit-ulcinj.com\/blog\/2016\/07\/10\/parkingu-ne-rruget-e-ulqinit-behen-pagese\/#webpage\",\"url\":\"https:\/\/www.visit-ulcinj.com\/blog\/2016\/07\/10\/parkingu-ne-rruget-e-ulqinit-behen-pagese\/\",\"name\":\"Parkingu n\u00eb rrug\u00ebt e Ulqinit b\u00ebhen me pages\u00eb - Lajme nga Ulqini\",\"isPartOf\":{\"@id\":\"https:\/\/www.visit-ulcinj.com\/blog\/#website\"},\"datePublished\":\"2016-07-10T12:11:48+00:00\",\"dateModified\":\"2016-07-10T12:13:28+00:00\",\"author\":{\"@id\":\"https:\/\/www.visit-ulcinj.com\/blog\/#\/schema\/person\/dcab619c614d3038751c63bc2aadc06d\"},\"description\":\"Foto: UL Forum Facebook Parkingu n\u00ebn Kala t\u00eb Ulqinit \u00ebsht\u00eb nj\u00eb nd\u00ebr rrug\u00ebt e para q\u00eb do aplikohet parkimi publik me pages\u00eb nga Komuna e Ulqinit. \u00c7do\",\"breadcrumb\":{\"@id\":\"https:\/\/www.visit-ulcinj.com\/blog\/2016\/07\/10\/parkingu-ne-rruget-e-ulqinit-behen-pagese\/#breadcrumb\"},\"inLanguage\":\"en-US\",\"potentialAction\":[{\"@type\":\"ReadAction\",\"target\":[\"https:\/\/www.visit-ulcinj.com\/blog\/2016\/07\/10\/parkingu-ne-rruget-e-ulqinit-behen-pagese\/\"]}]},{\"@type\":\"BreadcrumbList\",\"@id\":\"https:\/\/www.visit-ulcinj.com\/blog\/2016\/07\/10\/parkingu-ne-rruget-e-ulqinit-behen-pagese\/#breadcrumb\",\"itemListElement\":[{\"@type\":\"ListItem\",\"position\":1,\"name\":\"Parkingu n\u00eb rrug\u00ebt e Ulqinit b\u00ebhen me pages\u00eb\"}]},{\"@type\":\"Person\",\"@id\":\"https:\/\/www.visit-ulcinj.com\/blog\/#\/schema\/person\/dcab619c614d3038751c63bc2aadc06d\",\"name\":\"ulqini\",\"sameAs\":[\"http:\/\/www.visit-ulcinj.com\"],\"url\":\"https:\/\/www.visit-ulcinj.com\/blog\/author\/admin\/\"}]}<\/script>\n<!-- \/ Yoast SEO plugin. -->","yoast_head_json":{"title":"Parkingu n\u00eb rrug\u00ebt e Ulqinit b\u00ebhen me pages\u00eb - Lajme nga Ulqini","description":"Foto: UL Forum Facebook Parkingu n\u00ebn Kala t\u00eb Ulqinit \u00ebsht\u00eb nj\u00eb nd\u00ebr rrug\u00ebt e para q\u00eb do aplikohet parkimi publik me pages\u00eb nga Komuna e Ulqinit. \u00c7do","robots":{"index":"index","follow":"follow","max-snippet":"max-snippet:-1","max-image-preview":"max-image-preview:large","max-video-preview":"max-video-preview:-1"},"canonical":"https:\/\/www.visit-ulcinj.com\/blog\/2016\/07\/10\/parkingu-ne-rruget-e-ulqinit-behen-pagese\/","og_locale":"en_US","og_type":"article","og_title":"Parkingu n\u00eb rrug\u00ebt e Ulqinit b\u00ebhen me pages\u00eb - Lajme nga Ulqini","og_description":"Foto: UL Forum Facebook Parkingu n\u00ebn Kala t\u00eb Ulqinit \u00ebsht\u00eb nj\u00eb nd\u00ebr rrug\u00ebt e para q\u00eb do aplikohet parkimi publik me pages\u00eb nga Komuna e Ulqinit. \u00c7do","og_url":"https:\/\/www.visit-ulcinj.com\/blog\/2016\/07\/10\/parkingu-ne-rruget-e-ulqinit-behen-pagese\/","og_site_name":"Lajme nga Ulqini","article_published_time":"2016-07-10T12:11:48+00:00","article_modified_time":"2016-07-10T12:13:28+00:00","twitter_misc":{"Written by":"ulqini"},"schema":{"@context":"https:\/\/schema.org","@graph":[{"@type":"WebSite","@id":"https:\/\/www.visit-ulcinj.com\/blog\/#website","url":"https:\/\/www.visit-ulcinj.com\/blog\/","name":"Lajme nga Ulqini","description":"Lajme,Vijesti,Ulqini,Ulqin,Crna Gora,Mali i Zi","potentialAction":[{"@type":"SearchAction","target":{"@type":"EntryPoint","urlTemplate":"https:\/\/www.visit-ulcinj.com\/blog\/?s={search_term_string}"},"query-input":"required name=search_term_string"}],"inLanguage":"en-US"},{"@type":"WebPage","@id":"https:\/\/www.visit-ulcinj.com\/blog\/2016\/07\/10\/parkingu-ne-rruget-e-ulqinit-behen-pagese\/#webpage","url":"https:\/\/www.visit-ulcinj.com\/blog\/2016\/07\/10\/parkingu-ne-rruget-e-ulqinit-behen-pagese\/","name":"Parkingu n\u00eb rrug\u00ebt e Ulqinit b\u00ebhen me pages\u00eb - Lajme nga Ulqini","isPartOf":{"@id":"https:\/\/www.visit-ulcinj.com\/blog\/#website"},"datePublished":"2016-07-10T12:11:48+00:00","dateModified":"2016-07-10T12:13:28+00:00","author":{"@id":"https:\/\/www.visit-ulcinj.com\/blog\/#\/schema\/person\/dcab619c614d3038751c63bc2aadc06d"},"description":"Foto: UL Forum Facebook Parkingu n\u00ebn Kala t\u00eb Ulqinit \u00ebsht\u00eb nj\u00eb nd\u00ebr rrug\u00ebt e para q\u00eb do aplikohet parkimi publik me pages\u00eb nga Komuna e Ulqinit. \u00c7do","breadcrumb":{"@id":"https:\/\/www.visit-ulcinj.com\/blog\/2016\/07\/10\/parkingu-ne-rruget-e-ulqinit-behen-pagese\/#breadcrumb"},"inLanguage":"en-US","potentialAction":[{"@type":"ReadAction","target":["https:\/\/www.visit-ulcinj.com\/blog\/2016\/07\/10\/parkingu-ne-rruget-e-ulqinit-behen-pagese\/"]}]},{"@type":"BreadcrumbList","@id":"https:\/\/www.visit-ulcinj.com\/blog\/2016\/07\/10\/parkingu-ne-rruget-e-ulqinit-behen-pagese\/#breadcrumb","itemListElement":[{"@type":"ListItem","position":1,"name":"Parkingu n\u00eb rrug\u00ebt e Ulqinit b\u00ebhen me pages\u00eb"}]},{"@type":"Person","@id":"https:\/\/www.visit-ulcinj.com\/blog\/#\/schema\/person\/dcab619c614d3038751c63bc2aadc06d","name":"ulqini","sameAs":["http:\/\/www.visit-ulcinj.com"],"url":"https:\/\/www.visit-ulcinj.com\/blog\/author\/admin\/"}]}},"jetpack_featured_media_url":"","jetpack_sharing_enabled":true,"jetpack_shortlink":"https:\/\/wp.me\/pe6lTn-pya","_links":{"self":[{"href":"https:\/\/www.visit-ulcinj.com\/blog\/wp-json\/wp\/v2\/posts\/98218"}],"collection":[{"href":"https:\/\/www.visit-ulcinj.com\/blog\/wp-json\/wp\/v2\/posts"}],"about":[{"href":"https:\/\/www.visit-ulcinj.com\/blog\/wp-json\/wp\/v2\/types\/post"}],"author":[{"embeddable":true,"href":"https:\/\/www.visit-ulcinj.com\/blog\/wp-json\/wp\/v2\/users\/1"}],"replies":[{"embeddable":true,"href":"https:\/\/www.visit-ulcinj.com\/blog\/wp-json\/wp\/v2\/comments?post=98218"}],"version-history":[{"count":1,"href":"https:\/\/www.visit-ulcinj.com\/blog\/wp-json\/wp\/v2\/posts\/98218\/revisions"}],"predecessor-version":[{"id":98220,"href":"https:\/\/www.visit-ulcinj.com\/blog\/wp-json\/wp\/v2\/posts\/98218\/revisions\/98220"}],"wp:attachment":[{"href":"https:\/\/www.visit-ulcinj.com\/blog\/wp-json\/wp\/v2\/media?parent=98218"}],"wp:term":[{"taxonomy":"category","embeddable":true,"href":"https:\/\/www.visit-ulcinj.com\/blog\/wp-json\/wp\/v2\/categories?post=98218"},{"taxonomy":"post_tag","embeddable":true,"href":"https:\/\/www.visit-ulcinj.com\/blog\/wp-json\/wp\/v2\/tags?post=98218"}],"curies":[{"name":"wp","href":"https:\/\/api.w.org\/{rel}","templated":true}]}}