{"id":98226,"date":"2016-07-11T13:00:25","date_gmt":"2016-07-11T12:00:25","guid":{"rendered":"http:\/\/www.visit-ulcinj.com\/blog\/?p=98226"},"modified":"2016-07-12T14:45:13","modified_gmt":"2016-07-12T13:45:13","slug":"befasia-per-ditelindjen-ledrit-era-istrefi-vjen-ne-ulqin","status":"publish","type":"post","link":"https:\/\/www.visit-ulcinj.com\/blog\/2016\/07\/11\/befasia-per-ditelindjen-ledrit-era-istrefi-vjen-ne-ulqin\/","title":{"rendered":"Befasia per ditelindjen e Ledrit, Era Istrefi i vjen n\u00eb Ulqin + Foto"},"content":{"rendered":"<p><strong><a href=\"http:\/\/www.visit-ulcinj.com\/blog\/wp-content\/uploads\/2016\/07\/Ledri-Vula-Era-Istrefi-Ulqin.jpg\"><img loading=\"lazy\" class=\"alignleft wp-image-98227\" src=\"http:\/\/www.visit-ulcinj.com\/blog\/wp-content\/uploads\/2016\/07\/Ledri-Vula-Era-Istrefi-Ulqin.jpg\" alt=\"Ledri-Vula-Era-Istrefi-Ulqin\" width=\"508\" height=\"334\" \/><\/a>Ledri Vula \u00ebsht\u00eb pritur mir\u00eb nga fansat e tij, dhe vet\u00eb nga ulqinak\u00ebt q\u00eb e adhurojn aq tep\u00ebr, sepse aji asht\u00eb nip i Ulqinit dhe <span class=\"st\">gjithmon do te mbese <\/span>i Ulqinit.<\/strong><\/p>\n<p>&nbsp;<\/p>\n<p>N\u00eb nj\u00eb event me atmosfer\u00eb t\u00eb jasht\u00ebzakonshme n\u00eb Ulqin, Ledri Vula festoi 30 vjetorin e dat\u00eblindjes n\u00eb pranin\u00eb e shum\u00eb miqve e familjar\u00ebve.<\/p>\n<p>Enkas p\u00ebr Ledrin, Prive.al m\u00ebson se kan\u00eb ardhur miq t\u00eb f\u00ebmij\u00ebris\u00eb nga e gjith\u00eb bota, prej kryeqytetit e deri nga Anglia dhe Las Vegas q\u00eb kan\u00eb vendosur t\u00eb mos mungojn\u00eb n\u00eb eventin e organizuar nga zonja Xheraldina Vula. Ajo organizoi nj\u00eb fest\u00eb n\u00eb ambientet e sht\u00ebpis\u00eb luksoze n\u00eb Liman t\u00eb Ulqinit p\u00ebr 30 vjetorin e lindjes s\u00eb reperit t\u00eb njohur Ledri Vula q\u00eb nuk kishte se sit \u00eb ishte ndryshe p\u00ebrpos fest\u00eb.<\/p>\n<p><a href=\"http:\/\/www.visit-ulcinj.com\/blog\/wp-content\/uploads\/2016\/07\/Dit\u00eblindja-e-Ledri-Vula-n\u00eb-Ulqin.jpg\"><img loading=\"lazy\" class=\"alignleft wp-image-98232\" src=\"http:\/\/www.visit-ulcinj.com\/blog\/wp-content\/uploads\/2016\/07\/Dit\u00eblindja-e-Ledri-Vula-n\u00eb-Ulqin.jpg\" alt=\"Dit\u00eblindja e Ledri Vula n\u00eb Ulqin\" width=\"508\" height=\"382\" srcset=\"https:\/\/www.visit-ulcinj.com\/blog\/wp-content\/uploads\/2016\/07\/Dit\u00eblindja-e-Ledri-Vula-n\u00eb-Ulqin.jpg 999w, https:\/\/www.visit-ulcinj.com\/blog\/wp-content\/uploads\/2016\/07\/Dit\u00eblindja-e-Ledri-Vula-n\u00eb-Ulqin-300x226.jpg 300w, https:\/\/www.visit-ulcinj.com\/blog\/wp-content\/uploads\/2016\/07\/Dit\u00eblindja-e-Ledri-Vula-n\u00eb-Ulqin-768x578.jpg 768w\" sizes=\"(max-width: 508px) 100vw, 508px\" \/><\/a><\/p>\n<p>Kur jemi tek artistet, normalisht se e pashmangshme \u00ebsht\u00eb prania e Era Istrefit dhe menaxherit q\u00eb p\u00ebr reperin \u00ebsht\u00eb si v\u00eblla, Faton Shoshit. Festimi, Lumi dhe Vigani jan\u00eb koleg\u00ebt q\u00eb n\u00eb fest\u00eb kan\u00eb shkuar me bashk\u00ebshortet teksa t\u00eb pranish\u00ebm jan\u00eb edhe Mc Kresha, Gjiko, Lori Hoxha, e dashura Adela Sollaku, prind\u00ebrit dhe gjysh\u00ebrit. Prive.al ka m\u00ebsuar se jan\u00eb rreth 120 t\u00eb pranish\u00ebm n\u00eb fest\u00eb.<br \/>\n<a href=\"http:\/\/www.visit-ulcinj.com\/blog\/wp-content\/uploads\/2016\/07\/Ledri-Vula-Era-Istrefi-Ulqin-ditelindja-2.jpg\"><img loading=\"lazy\" class=\"alignleft wp-image-98238\" src=\"http:\/\/www.visit-ulcinj.com\/blog\/wp-content\/uploads\/2016\/07\/Ledri-Vula-Era-Istrefi-Ulqin-ditelindja-2.jpg\" alt=\"Ledri-Vula-Era-Istrefi-Ulqin-ditelindja-2\" width=\"508\" height=\"436\" \/><\/a><\/p>\n<p><iframe loading=\"lazy\" src=\"https:\/\/www.youtube.com\/embed\/XdLj2rAE2ek\" width=\"508\" height=\"335\" frameborder=\"0\" allowfullscreen=\"allowfullscreen\"><\/iframe><\/p>\n<p><a href=\"http:\/\/www.visit-ulcinj.com\/blog\/wp-content\/uploads\/2016\/07\/Ledri-Vula-Era-Istrefi-Ulqin-ditelindja-1.jpg\"><img loading=\"lazy\" class=\"alignleft wp-image-98228\" src=\"http:\/\/www.visit-ulcinj.com\/blog\/wp-content\/uploads\/2016\/07\/Ledri-Vula-Era-Istrefi-Ulqin-ditelindja-1.jpg\" alt=\"Ledri-Vula-Era-Istrefi-Ulqin-ditelindja-1\" width=\"508\" height=\"580\" \/><\/a> <a href=\"http:\/\/www.visit-ulcinj.com\/blog\/wp-content\/uploads\/2016\/07\/Ledri-Vula-Ulqin-ditelindja-1.jpg\"><img loading=\"lazy\" class=\"alignleft wp-image-98229\" src=\"http:\/\/www.visit-ulcinj.com\/blog\/wp-content\/uploads\/2016\/07\/Ledri-Vula-Ulqin-ditelindja-1.jpg\" alt=\"Ledri-Vula-Ulqin-ditelindja-1\" width=\"508\" height=\"279\" \/><\/a> <a href=\"http:\/\/www.visit-ulcinj.com\/blog\/wp-content\/uploads\/2016\/07\/Ledri-Vula-Era-Istrefi-Ulqin-ditelindja.jpg\"><img loading=\"lazy\" class=\"alignleft wp-image-98230\" src=\"http:\/\/www.visit-ulcinj.com\/blog\/wp-content\/uploads\/2016\/07\/Ledri-Vula-Era-Istrefi-Ulqin-ditelindja.jpg\" alt=\"Ledri-Vula-Era-Istrefi-Ulqin-ditelindja\" width=\"508\" height=\"684\" \/><\/a><\/p>\n","protected":false},"excerpt":{"rendered":"<p>Ledri Vula \u00ebsht\u00eb pritur mir\u00eb nga fansat e tij, dhe vet\u00eb nga ulqinak\u00ebt q\u00eb e adhurojn aq tep\u00ebr, sepse aji asht\u00eb nip i Ulqinit dhe gjithmon do te mbese i Ulqinit. &nbsp; N\u00eb nj\u00eb event me atmosfer\u00eb t\u00eb jasht\u00ebzakonshme n\u00eb Ulqin, Ledri Vula festoi 30 vjetorin e dat\u00eblindjes n\u00eb pranin\u00eb e shum\u00eb miqve e familjar\u00ebve. [&hellip;]<\/p>\n","protected":false},"author":1,"featured_media":0,"comment_status":"closed","ping_status":"closed","sticky":false,"template":"","format":"standard","meta":{"spay_email":"","jetpack_publicize_message":"","jetpack_is_tweetstorm":false,"jetpack_publicize_feature_enabled":true},"categories":[1,13],"tags":[],"jetpack_publicize_connections":[],"yoast_head":"<!-- This site is optimized with the Yoast SEO plugin v19.1 - https:\/\/yoast.com\/wordpress\/plugins\/seo\/ -->\n<title>Befasia per ditelindjen e Ledrit, Era Istrefi i vjen n\u00eb Ulqin + Foto - Lajme nga Ulqini<\/title>\n<meta name=\"description\" content=\"Ledri Vula \u00ebsht\u00eb pritur mir\u00eb nga fansat e tij, dhe vet\u00eb nga ulqinak\u00ebt q\u00eb e adhurojn aq tep\u00ebr, sepse aji asht\u00eb nip i Ulqinit dhe gjithmon do te mbese i\" \/>\n<meta name=\"robots\" content=\"index, follow, max-snippet:-1, max-image-preview:large, max-video-preview:-1\" \/>\n<link rel=\"canonical\" href=\"https:\/\/www.visit-ulcinj.com\/blog\/2016\/07\/11\/befasia-per-ditelindjen-ledrit-era-istrefi-vjen-ne-ulqin\/\" \/>\n<meta property=\"og:locale\" content=\"en_US\" \/>\n<meta property=\"og:type\" content=\"article\" \/>\n<meta property=\"og:title\" content=\"Befasia per ditelindjen e Ledrit, Era Istrefi i vjen n\u00eb Ulqin + Foto - Lajme nga Ulqini\" \/>\n<meta property=\"og:description\" content=\"Ledri Vula \u00ebsht\u00eb pritur mir\u00eb nga fansat e tij, dhe vet\u00eb nga ulqinak\u00ebt q\u00eb e adhurojn aq tep\u00ebr, sepse aji asht\u00eb nip i Ulqinit dhe gjithmon do te mbese i\" \/>\n<meta property=\"og:url\" content=\"https:\/\/www.visit-ulcinj.com\/blog\/2016\/07\/11\/befasia-per-ditelindjen-ledrit-era-istrefi-vjen-ne-ulqin\/\" \/>\n<meta property=\"og:site_name\" content=\"Lajme nga Ulqini\" \/>\n<meta property=\"article:published_time\" content=\"2016-07-11T12:00:25+00:00\" \/>\n<meta property=\"article:modified_time\" content=\"2016-07-12T13:45:13+00:00\" \/>\n<meta property=\"og:image\" content=\"http:\/\/www.visit-ulcinj.com\/blog\/wp-content\/uploads\/2016\/07\/Ledri-Vula-Era-Istrefi-Ulqin.jpg\" \/>\n<meta name=\"twitter:label1\" content=\"Written by\" \/>\n\t<meta name=\"twitter:data1\" content=\"ulqini\" \/>\n\t<meta name=\"twitter:label2\" content=\"Est. reading time\" \/>\n\t<meta name=\"twitter:data2\" content=\"1 minute\" \/>\n<script type=\"application\/ld+json\" class=\"yoast-schema-graph\">{\"@context\":\"https:\/\/schema.org\",\"@graph\":[{\"@type\":\"WebSite\",\"@id\":\"https:\/\/www.visit-ulcinj.com\/blog\/#website\",\"url\":\"https:\/\/www.visit-ulcinj.com\/blog\/\",\"name\":\"Lajme nga Ulqini\",\"description\":\"Lajme,Vijesti,Ulqini,Ulqin,Crna Gora,Mali i Zi\",\"potentialAction\":[{\"@type\":\"SearchAction\",\"target\":{\"@type\":\"EntryPoint\",\"urlTemplate\":\"https:\/\/www.visit-ulcinj.com\/blog\/?s={search_term_string}\"},\"query-input\":\"required name=search_term_string\"}],\"inLanguage\":\"en-US\"},{\"@type\":\"ImageObject\",\"inLanguage\":\"en-US\",\"@id\":\"https:\/\/www.visit-ulcinj.com\/blog\/2016\/07\/11\/befasia-per-ditelindjen-ledrit-era-istrefi-vjen-ne-ulqin\/#primaryimage\",\"url\":\"http:\/\/www.visit-ulcinj.com\/blog\/wp-content\/uploads\/2016\/07\/Ledri-Vula-Era-Istrefi-Ulqin.jpg\",\"contentUrl\":\"http:\/\/www.visit-ulcinj.com\/blog\/wp-content\/uploads\/2016\/07\/Ledri-Vula-Era-Istrefi-Ulqin.jpg\"},{\"@type\":\"WebPage\",\"@id\":\"https:\/\/www.visit-ulcinj.com\/blog\/2016\/07\/11\/befasia-per-ditelindjen-ledrit-era-istrefi-vjen-ne-ulqin\/#webpage\",\"url\":\"https:\/\/www.visit-ulcinj.com\/blog\/2016\/07\/11\/befasia-per-ditelindjen-ledrit-era-istrefi-vjen-ne-ulqin\/\",\"name\":\"Befasia per ditelindjen e Ledrit, Era Istrefi i vjen n\u00eb Ulqin + Foto - Lajme nga Ulqini\",\"isPartOf\":{\"@id\":\"https:\/\/www.visit-ulcinj.com\/blog\/#website\"},\"primaryImageOfPage\":{\"@id\":\"https:\/\/www.visit-ulcinj.com\/blog\/2016\/07\/11\/befasia-per-ditelindjen-ledrit-era-istrefi-vjen-ne-ulqin\/#primaryimage\"},\"datePublished\":\"2016-07-11T12:00:25+00:00\",\"dateModified\":\"2016-07-12T13:45:13+00:00\",\"author\":{\"@id\":\"https:\/\/www.visit-ulcinj.com\/blog\/#\/schema\/person\/dcab619c614d3038751c63bc2aadc06d\"},\"description\":\"Ledri Vula \u00ebsht\u00eb pritur mir\u00eb nga fansat e tij, dhe vet\u00eb nga ulqinak\u00ebt q\u00eb e adhurojn aq tep\u00ebr, sepse aji asht\u00eb nip i Ulqinit dhe gjithmon do te mbese i\",\"breadcrumb\":{\"@id\":\"https:\/\/www.visit-ulcinj.com\/blog\/2016\/07\/11\/befasia-per-ditelindjen-ledrit-era-istrefi-vjen-ne-ulqin\/#breadcrumb\"},\"inLanguage\":\"en-US\",\"potentialAction\":[{\"@type\":\"ReadAction\",\"target\":[\"https:\/\/www.visit-ulcinj.com\/blog\/2016\/07\/11\/befasia-per-ditelindjen-ledrit-era-istrefi-vjen-ne-ulqin\/\"]}]},{\"@type\":\"BreadcrumbList\",\"@id\":\"https:\/\/www.visit-ulcinj.com\/blog\/2016\/07\/11\/befasia-per-ditelindjen-ledrit-era-istrefi-vjen-ne-ulqin\/#breadcrumb\",\"itemListElement\":[{\"@type\":\"ListItem\",\"position\":1,\"name\":\"Befasia per ditelindjen e Ledrit, Era Istrefi i vjen n\u00eb Ulqin + Foto\"}]},{\"@type\":\"Person\",\"@id\":\"https:\/\/www.visit-ulcinj.com\/blog\/#\/schema\/person\/dcab619c614d3038751c63bc2aadc06d\",\"name\":\"ulqini\",\"sameAs\":[\"http:\/\/www.visit-ulcinj.com\"],\"url\":\"https:\/\/www.visit-ulcinj.com\/blog\/author\/admin\/\"}]}<\/script>\n<!-- \/ Yoast SEO plugin. -->","yoast_head_json":{"title":"Befasia per ditelindjen e Ledrit, Era Istrefi i vjen n\u00eb Ulqin + Foto - Lajme nga Ulqini","description":"Ledri Vula \u00ebsht\u00eb pritur mir\u00eb nga fansat e tij, dhe vet\u00eb nga ulqinak\u00ebt q\u00eb e adhurojn aq tep\u00ebr, sepse aji asht\u00eb nip i Ulqinit dhe gjithmon do te mbese i","robots":{"index":"index","follow":"follow","max-snippet":"max-snippet:-1","max-image-preview":"max-image-preview:large","max-video-preview":"max-video-preview:-1"},"canonical":"https:\/\/www.visit-ulcinj.com\/blog\/2016\/07\/11\/befasia-per-ditelindjen-ledrit-era-istrefi-vjen-ne-ulqin\/","og_locale":"en_US","og_type":"article","og_title":"Befasia per ditelindjen e Ledrit, Era Istrefi i vjen n\u00eb Ulqin + Foto - Lajme nga Ulqini","og_description":"Ledri Vula \u00ebsht\u00eb pritur mir\u00eb nga fansat e tij, dhe vet\u00eb nga ulqinak\u00ebt q\u00eb e adhurojn aq tep\u00ebr, sepse aji asht\u00eb nip i Ulqinit dhe gjithmon do te mbese i","og_url":"https:\/\/www.visit-ulcinj.com\/blog\/2016\/07\/11\/befasia-per-ditelindjen-ledrit-era-istrefi-vjen-ne-ulqin\/","og_site_name":"Lajme nga Ulqini","article_published_time":"2016-07-11T12:00:25+00:00","article_modified_time":"2016-07-12T13:45:13+00:00","og_image":[{"url":"http:\/\/www.visit-ulcinj.com\/blog\/wp-content\/uploads\/2016\/07\/Ledri-Vula-Era-Istrefi-Ulqin.jpg"}],"twitter_misc":{"Written by":"ulqini","Est. reading time":"1 minute"},"schema":{"@context":"https:\/\/schema.org","@graph":[{"@type":"WebSite","@id":"https:\/\/www.visit-ulcinj.com\/blog\/#website","url":"https:\/\/www.visit-ulcinj.com\/blog\/","name":"Lajme nga Ulqini","description":"Lajme,Vijesti,Ulqini,Ulqin,Crna Gora,Mali i Zi","potentialAction":[{"@type":"SearchAction","target":{"@type":"EntryPoint","urlTemplate":"https:\/\/www.visit-ulcinj.com\/blog\/?s={search_term_string}"},"query-input":"required name=search_term_string"}],"inLanguage":"en-US"},{"@type":"ImageObject","inLanguage":"en-US","@id":"https:\/\/www.visit-ulcinj.com\/blog\/2016\/07\/11\/befasia-per-ditelindjen-ledrit-era-istrefi-vjen-ne-ulqin\/#primaryimage","url":"http:\/\/www.visit-ulcinj.com\/blog\/wp-content\/uploads\/2016\/07\/Ledri-Vula-Era-Istrefi-Ulqin.jpg","contentUrl":"http:\/\/www.visit-ulcinj.com\/blog\/wp-content\/uploads\/2016\/07\/Ledri-Vula-Era-Istrefi-Ulqin.jpg"},{"@type":"WebPage","@id":"https:\/\/www.visit-ulcinj.com\/blog\/2016\/07\/11\/befasia-per-ditelindjen-ledrit-era-istrefi-vjen-ne-ulqin\/#webpage","url":"https:\/\/www.visit-ulcinj.com\/blog\/2016\/07\/11\/befasia-per-ditelindjen-ledrit-era-istrefi-vjen-ne-ulqin\/","name":"Befasia per ditelindjen e Ledrit, Era Istrefi i vjen n\u00eb Ulqin + Foto - Lajme nga Ulqini","isPartOf":{"@id":"https:\/\/www.visit-ulcinj.com\/blog\/#website"},"primaryImageOfPage":{"@id":"https:\/\/www.visit-ulcinj.com\/blog\/2016\/07\/11\/befasia-per-ditelindjen-ledrit-era-istrefi-vjen-ne-ulqin\/#primaryimage"},"datePublished":"2016-07-11T12:00:25+00:00","dateModified":"2016-07-12T13:45:13+00:00","author":{"@id":"https:\/\/www.visit-ulcinj.com\/blog\/#\/schema\/person\/dcab619c614d3038751c63bc2aadc06d"},"description":"Ledri Vula \u00ebsht\u00eb pritur mir\u00eb nga fansat e tij, dhe vet\u00eb nga ulqinak\u00ebt q\u00eb e adhurojn aq tep\u00ebr, sepse aji asht\u00eb nip i Ulqinit dhe gjithmon do te mbese i","breadcrumb":{"@id":"https:\/\/www.visit-ulcinj.com\/blog\/2016\/07\/11\/befasia-per-ditelindjen-ledrit-era-istrefi-vjen-ne-ulqin\/#breadcrumb"},"inLanguage":"en-US","potentialAction":[{"@type":"ReadAction","target":["https:\/\/www.visit-ulcinj.com\/blog\/2016\/07\/11\/befasia-per-ditelindjen-ledrit-era-istrefi-vjen-ne-ulqin\/"]}]},{"@type":"BreadcrumbList","@id":"https:\/\/www.visit-ulcinj.com\/blog\/2016\/07\/11\/befasia-per-ditelindjen-ledrit-era-istrefi-vjen-ne-ulqin\/#breadcrumb","itemListElement":[{"@type":"ListItem","position":1,"name":"Befasia per ditelindjen e Ledrit, Era Istrefi i vjen n\u00eb Ulqin + Foto"}]},{"@type":"Person","@id":"https:\/\/www.visit-ulcinj.com\/blog\/#\/schema\/person\/dcab619c614d3038751c63bc2aadc06d","name":"ulqini","sameAs":["http:\/\/www.visit-ulcinj.com"],"url":"https:\/\/www.visit-ulcinj.com\/blog\/author\/admin\/"}]}},"jetpack_featured_media_url":"","jetpack_sharing_enabled":true,"jetpack_shortlink":"https:\/\/wp.me\/pe6lTn-pyi","_links":{"self":[{"href":"https:\/\/www.visit-ulcinj.com\/blog\/wp-json\/wp\/v2\/posts\/98226"}],"collection":[{"href":"https:\/\/www.visit-ulcinj.com\/blog\/wp-json\/wp\/v2\/posts"}],"about":[{"href":"https:\/\/www.visit-ulcinj.com\/blog\/wp-json\/wp\/v2\/types\/post"}],"author":[{"embeddable":true,"href":"https:\/\/www.visit-ulcinj.com\/blog\/wp-json\/wp\/v2\/users\/1"}],"replies":[{"embeddable":true,"href":"https:\/\/www.visit-ulcinj.com\/blog\/wp-json\/wp\/v2\/comments?post=98226"}],"version-history":[{"count":8,"href":"https:\/\/www.visit-ulcinj.com\/blog\/wp-json\/wp\/v2\/posts\/98226\/revisions"}],"predecessor-version":[{"id":98277,"href":"https:\/\/www.visit-ulcinj.com\/blog\/wp-json\/wp\/v2\/posts\/98226\/revisions\/98277"}],"wp:attachment":[{"href":"https:\/\/www.visit-ulcinj.com\/blog\/wp-json\/wp\/v2\/media?parent=98226"}],"wp:term":[{"taxonomy":"category","embeddable":true,"href":"https:\/\/www.visit-ulcinj.com\/blog\/wp-json\/wp\/v2\/categories?post=98226"},{"taxonomy":"post_tag","embeddable":true,"href":"https:\/\/www.visit-ulcinj.com\/blog\/wp-json\/wp\/v2\/tags?post=98226"}],"curies":[{"name":"wp","href":"https:\/\/api.w.org\/{rel}","templated":true}]}}