{"id":9824,"date":"2009-01-26T22:23:16","date_gmt":"2009-01-26T21:23:16","guid":{"rendered":"http:\/\/www.visit-ulcinj.com\/blog\/?p=9824"},"modified":"2009-01-26T22:23:20","modified_gmt":"2009-01-26T21:23:20","slug":"prvi-izbori-da-donesu-tuzima-samostalnost","status":"publish","type":"post","link":"https:\/\/www.visit-ulcinj.com\/blog\/2009\/01\/26\/prvi-izbori-da-donesu-tuzima-samostalnost\/","title":{"rendered":"Prvi izbori da donesu Tuzima samostalnost"},"content":{"rendered":"<p><a rel=\"attachment wp-att-9825\" href=\"http:\/\/www.visit-ulcinj.com\/blog\/2009\/01\/26\/prvi-izbori-da-donesu-tuzima-samostalnost\/montenegro-ethnic-albanians-2\/\"><img loading=\"lazy\" class=\"alignleft size-full wp-image-9825\" title=\"Vaselj Sini\u0161taj\" src=\"http:\/\/www.visit-ulcinj.com\/blog\/wp-content\/uploads\/2009\/01\/vaselj-sinistaj.jpg\" alt=\"Vaselj Sini\u0161taj\" width=\"570\" height=\"400\" \/><\/a>Komisija Gradske op\u0161tine Tuzi za reviziju Zakona o Glavnom gradu danas ?e razmatrati radnu verziju akta koji tretira tu temu, po kojoj se tra\u017ee izmjene kojima bi Malesija postala samostalna op\u0161tina. Radnu verziju revizije Zakona uradio je Vaselj Sini\u0161taj, odbornik Albanske alternative, i po njoj bi Gradska op\u0161tina Tuzi postojala do prvih lokalnih izbora, a nadalje kao punopravna op\u0161tina.<br \/>\n&#8211; Revizijom ukazujemo na to da je Zakon o Glavnom gradu neustavan, kao i da neke njegove odredbe nijesu u skladu sa Zakonom o lokalnoj samoupravi i Ustavom. \u017delimo da to bude ispravljeno, kao i da se pobolj\u0161a odnos Glavnog grada ka GO Tuzi, a to bi bilo postignuto time \u0161to bi se ispo\u0161tovao procenat za usmjeravanje sredstava Malesiji iz bud\u017eeta Podgorice. Tim novcem bi upravljao predsjednik GO, a ne gradona?elnik. Glavni grad bi morao da prihvati da se nadle\u017enosti polako prenose na rukovodstvo Tuzi. Od prvih lokalnih izbora bi se prema Tuzima trebalo ophoditi kao prema svim ostalim op\u0161tinama u Crnoj Gori &#8211; kazao je Sini\u0161taj.<br \/>\nKada bude sa?injena kona?na verzija tog dokumenta, o njoj ?e se prvo izjasniti Skup\u0161tina GO Tuzi, a potom ?e biti proslije?ena svim dr\u017eavnim institucijama, po?ev od gradona?elnika i Skup\u0161tine Glavnog grada do predsjednika dr\u017eave, Vlade i republi?kog parlamenta. Sini\u0161taj je naveo da ?e taj dokument uputiti i ambasadama zemalja za koje znaju da mogu uticati na crnogorsku vlast.<br \/>\n<strong>D.S.V.<br \/>\nIzvor \/ Dan<\/strong><\/p>\n","protected":false},"excerpt":{"rendered":"<p>Komisija Gradske op\u0161tine Tuzi za reviziju Zakona o Glavnom gradu danas ?e razmatrati radnu verziju akta koji tretira tu temu, po kojoj se tra\u017ee izmjene kojima bi Malesija postala samostalna op\u0161tina. Radnu verziju revizije Zakona uradio je Vaselj Sini\u0161taj, odbornik Albanske alternative, i po njoj bi Gradska op\u0161tina Tuzi postojala do prvih lokalnih izbora, a [&hellip;]<\/p>\n","protected":false},"author":1,"featured_media":0,"comment_status":"open","ping_status":"closed","sticky":false,"template":"","format":"standard","meta":{"spay_email":"","jetpack_publicize_message":"","jetpack_is_tweetstorm":false,"jetpack_publicize_feature_enabled":true},"categories":[11],"tags":[6115,6116,2474],"jetpack_publicize_connections":[],"yoast_head":"<!-- This site is optimized with the Yoast SEO plugin v19.1 - https:\/\/yoast.com\/wordpress\/plugins\/seo\/ -->\n<title>Prvi izbori da donesu Tuzima samostalnost - Lajme nga Ulqini<\/title>\n<meta name=\"description\" content=\"Komisija Gradske op\u0161tine Tuzi za reviziju Zakona o Glavnom gradu danas ?e razmatrati radnu verziju akta koji tretira tu temu, po kojoj se tra\u017ee izmjene\" \/>\n<meta name=\"robots\" content=\"index, follow, max-snippet:-1, max-image-preview:large, max-video-preview:-1\" \/>\n<link rel=\"canonical\" href=\"https:\/\/www.visit-ulcinj.com\/blog\/2009\/01\/26\/prvi-izbori-da-donesu-tuzima-samostalnost\/\" \/>\n<meta property=\"og:locale\" content=\"en_US\" \/>\n<meta property=\"og:type\" content=\"article\" \/>\n<meta property=\"og:title\" content=\"Prvi izbori da donesu Tuzima samostalnost - Lajme nga Ulqini\" \/>\n<meta property=\"og:description\" content=\"Komisija Gradske op\u0161tine Tuzi za reviziju Zakona o Glavnom gradu danas ?e razmatrati radnu verziju akta koji tretira tu temu, po kojoj se tra\u017ee izmjene\" \/>\n<meta property=\"og:url\" content=\"https:\/\/www.visit-ulcinj.com\/blog\/2009\/01\/26\/prvi-izbori-da-donesu-tuzima-samostalnost\/\" \/>\n<meta property=\"og:site_name\" content=\"Lajme nga Ulqini\" \/>\n<meta property=\"article:published_time\" content=\"2009-01-26T21:23:16+00:00\" \/>\n<meta property=\"article:modified_time\" content=\"2009-01-26T21:23:20+00:00\" \/>\n<meta property=\"og:image\" content=\"http:\/\/www.visit-ulcinj.com\/blog\/wp-content\/uploads\/2009\/01\/vaselj-sinistaj.jpg\" \/>\n<meta name=\"twitter:label1\" content=\"Written by\" \/>\n\t<meta name=\"twitter:data1\" content=\"ulqini\" \/>\n\t<meta name=\"twitter:label2\" content=\"Est. reading time\" \/>\n\t<meta name=\"twitter:data2\" content=\"1 minute\" \/>\n<script type=\"application\/ld+json\" class=\"yoast-schema-graph\">{\"@context\":\"https:\/\/schema.org\",\"@graph\":[{\"@type\":\"WebSite\",\"@id\":\"https:\/\/www.visit-ulcinj.com\/blog\/#website\",\"url\":\"https:\/\/www.visit-ulcinj.com\/blog\/\",\"name\":\"Lajme nga Ulqini\",\"description\":\"Lajme,Vijesti,Ulqini,Ulqin,Crna Gora,Mali i Zi\",\"potentialAction\":[{\"@type\":\"SearchAction\",\"target\":{\"@type\":\"EntryPoint\",\"urlTemplate\":\"https:\/\/www.visit-ulcinj.com\/blog\/?s={search_term_string}\"},\"query-input\":\"required name=search_term_string\"}],\"inLanguage\":\"en-US\"},{\"@type\":\"ImageObject\",\"inLanguage\":\"en-US\",\"@id\":\"https:\/\/www.visit-ulcinj.com\/blog\/2009\/01\/26\/prvi-izbori-da-donesu-tuzima-samostalnost\/#primaryimage\",\"url\":\"https:\/\/www.visit-ulcinj.com\/blog\/wp-content\/uploads\/2009\/01\/vaselj-sinistaj.jpg\",\"contentUrl\":\"https:\/\/www.visit-ulcinj.com\/blog\/wp-content\/uploads\/2009\/01\/vaselj-sinistaj.jpg\",\"width\":\"610\",\"height\":\"482\"},{\"@type\":\"WebPage\",\"@id\":\"https:\/\/www.visit-ulcinj.com\/blog\/2009\/01\/26\/prvi-izbori-da-donesu-tuzima-samostalnost\/#webpage\",\"url\":\"https:\/\/www.visit-ulcinj.com\/blog\/2009\/01\/26\/prvi-izbori-da-donesu-tuzima-samostalnost\/\",\"name\":\"Prvi izbori da donesu Tuzima samostalnost - Lajme nga Ulqini\",\"isPartOf\":{\"@id\":\"https:\/\/www.visit-ulcinj.com\/blog\/#website\"},\"primaryImageOfPage\":{\"@id\":\"https:\/\/www.visit-ulcinj.com\/blog\/2009\/01\/26\/prvi-izbori-da-donesu-tuzima-samostalnost\/#primaryimage\"},\"datePublished\":\"2009-01-26T21:23:16+00:00\",\"dateModified\":\"2009-01-26T21:23:20+00:00\",\"author\":{\"@id\":\"https:\/\/www.visit-ulcinj.com\/blog\/#\/schema\/person\/dcab619c614d3038751c63bc2aadc06d\"},\"description\":\"Komisija Gradske op\u0161tine Tuzi za reviziju Zakona o Glavnom gradu danas ?e razmatrati radnu verziju akta koji tretira tu temu, po kojoj se tra\u017ee izmjene\",\"breadcrumb\":{\"@id\":\"https:\/\/www.visit-ulcinj.com\/blog\/2009\/01\/26\/prvi-izbori-da-donesu-tuzima-samostalnost\/#breadcrumb\"},\"inLanguage\":\"en-US\",\"potentialAction\":[{\"@type\":\"ReadAction\",\"target\":[\"https:\/\/www.visit-ulcinj.com\/blog\/2009\/01\/26\/prvi-izbori-da-donesu-tuzima-samostalnost\/\"]}]},{\"@type\":\"BreadcrumbList\",\"@id\":\"https:\/\/www.visit-ulcinj.com\/blog\/2009\/01\/26\/prvi-izbori-da-donesu-tuzima-samostalnost\/#breadcrumb\",\"itemListElement\":[{\"@type\":\"ListItem\",\"position\":1,\"name\":\"Prvi izbori da donesu Tuzima samostalnost\"}]},{\"@type\":\"Person\",\"@id\":\"https:\/\/www.visit-ulcinj.com\/blog\/#\/schema\/person\/dcab619c614d3038751c63bc2aadc06d\",\"name\":\"ulqini\",\"sameAs\":[\"http:\/\/www.visit-ulcinj.com\"],\"url\":\"https:\/\/www.visit-ulcinj.com\/blog\/author\/admin\/\"}]}<\/script>\n<!-- \/ Yoast SEO plugin. -->","yoast_head_json":{"title":"Prvi izbori da donesu Tuzima samostalnost - Lajme nga Ulqini","description":"Komisija Gradske op\u0161tine Tuzi za reviziju Zakona o Glavnom gradu danas ?e razmatrati radnu verziju akta koji tretira tu temu, po kojoj se tra\u017ee izmjene","robots":{"index":"index","follow":"follow","max-snippet":"max-snippet:-1","max-image-preview":"max-image-preview:large","max-video-preview":"max-video-preview:-1"},"canonical":"https:\/\/www.visit-ulcinj.com\/blog\/2009\/01\/26\/prvi-izbori-da-donesu-tuzima-samostalnost\/","og_locale":"en_US","og_type":"article","og_title":"Prvi izbori da donesu Tuzima samostalnost - Lajme nga Ulqini","og_description":"Komisija Gradske op\u0161tine Tuzi za reviziju Zakona o Glavnom gradu danas ?e razmatrati radnu verziju akta koji tretira tu temu, po kojoj se tra\u017ee izmjene","og_url":"https:\/\/www.visit-ulcinj.com\/blog\/2009\/01\/26\/prvi-izbori-da-donesu-tuzima-samostalnost\/","og_site_name":"Lajme nga Ulqini","article_published_time":"2009-01-26T21:23:16+00:00","article_modified_time":"2009-01-26T21:23:20+00:00","og_image":[{"url":"http:\/\/www.visit-ulcinj.com\/blog\/wp-content\/uploads\/2009\/01\/vaselj-sinistaj.jpg"}],"twitter_misc":{"Written by":"ulqini","Est. reading time":"1 minute"},"schema":{"@context":"https:\/\/schema.org","@graph":[{"@type":"WebSite","@id":"https:\/\/www.visit-ulcinj.com\/blog\/#website","url":"https:\/\/www.visit-ulcinj.com\/blog\/","name":"Lajme nga Ulqini","description":"Lajme,Vijesti,Ulqini,Ulqin,Crna Gora,Mali i Zi","potentialAction":[{"@type":"SearchAction","target":{"@type":"EntryPoint","urlTemplate":"https:\/\/www.visit-ulcinj.com\/blog\/?s={search_term_string}"},"query-input":"required name=search_term_string"}],"inLanguage":"en-US"},{"@type":"ImageObject","inLanguage":"en-US","@id":"https:\/\/www.visit-ulcinj.com\/blog\/2009\/01\/26\/prvi-izbori-da-donesu-tuzima-samostalnost\/#primaryimage","url":"https:\/\/www.visit-ulcinj.com\/blog\/wp-content\/uploads\/2009\/01\/vaselj-sinistaj.jpg","contentUrl":"https:\/\/www.visit-ulcinj.com\/blog\/wp-content\/uploads\/2009\/01\/vaselj-sinistaj.jpg","width":"610","height":"482"},{"@type":"WebPage","@id":"https:\/\/www.visit-ulcinj.com\/blog\/2009\/01\/26\/prvi-izbori-da-donesu-tuzima-samostalnost\/#webpage","url":"https:\/\/www.visit-ulcinj.com\/blog\/2009\/01\/26\/prvi-izbori-da-donesu-tuzima-samostalnost\/","name":"Prvi izbori da donesu Tuzima samostalnost - Lajme nga Ulqini","isPartOf":{"@id":"https:\/\/www.visit-ulcinj.com\/blog\/#website"},"primaryImageOfPage":{"@id":"https:\/\/www.visit-ulcinj.com\/blog\/2009\/01\/26\/prvi-izbori-da-donesu-tuzima-samostalnost\/#primaryimage"},"datePublished":"2009-01-26T21:23:16+00:00","dateModified":"2009-01-26T21:23:20+00:00","author":{"@id":"https:\/\/www.visit-ulcinj.com\/blog\/#\/schema\/person\/dcab619c614d3038751c63bc2aadc06d"},"description":"Komisija Gradske op\u0161tine Tuzi za reviziju Zakona o Glavnom gradu danas ?e razmatrati radnu verziju akta koji tretira tu temu, po kojoj se tra\u017ee izmjene","breadcrumb":{"@id":"https:\/\/www.visit-ulcinj.com\/blog\/2009\/01\/26\/prvi-izbori-da-donesu-tuzima-samostalnost\/#breadcrumb"},"inLanguage":"en-US","potentialAction":[{"@type":"ReadAction","target":["https:\/\/www.visit-ulcinj.com\/blog\/2009\/01\/26\/prvi-izbori-da-donesu-tuzima-samostalnost\/"]}]},{"@type":"BreadcrumbList","@id":"https:\/\/www.visit-ulcinj.com\/blog\/2009\/01\/26\/prvi-izbori-da-donesu-tuzima-samostalnost\/#breadcrumb","itemListElement":[{"@type":"ListItem","position":1,"name":"Prvi izbori da donesu Tuzima samostalnost"}]},{"@type":"Person","@id":"https:\/\/www.visit-ulcinj.com\/blog\/#\/schema\/person\/dcab619c614d3038751c63bc2aadc06d","name":"ulqini","sameAs":["http:\/\/www.visit-ulcinj.com"],"url":"https:\/\/www.visit-ulcinj.com\/blog\/author\/admin\/"}]}},"jetpack_featured_media_url":"","jetpack_sharing_enabled":true,"jetpack_shortlink":"https:\/\/wp.me\/pe6lTn-2ys","_links":{"self":[{"href":"https:\/\/www.visit-ulcinj.com\/blog\/wp-json\/wp\/v2\/posts\/9824"}],"collection":[{"href":"https:\/\/www.visit-ulcinj.com\/blog\/wp-json\/wp\/v2\/posts"}],"about":[{"href":"https:\/\/www.visit-ulcinj.com\/blog\/wp-json\/wp\/v2\/types\/post"}],"author":[{"embeddable":true,"href":"https:\/\/www.visit-ulcinj.com\/blog\/wp-json\/wp\/v2\/users\/1"}],"replies":[{"embeddable":true,"href":"https:\/\/www.visit-ulcinj.com\/blog\/wp-json\/wp\/v2\/comments?post=9824"}],"version-history":[{"count":0,"href":"https:\/\/www.visit-ulcinj.com\/blog\/wp-json\/wp\/v2\/posts\/9824\/revisions"}],"wp:attachment":[{"href":"https:\/\/www.visit-ulcinj.com\/blog\/wp-json\/wp\/v2\/media?parent=9824"}],"wp:term":[{"taxonomy":"category","embeddable":true,"href":"https:\/\/www.visit-ulcinj.com\/blog\/wp-json\/wp\/v2\/categories?post=9824"},{"taxonomy":"post_tag","embeddable":true,"href":"https:\/\/www.visit-ulcinj.com\/blog\/wp-json\/wp\/v2\/tags?post=9824"}],"curies":[{"name":"wp","href":"https:\/\/api.w.org\/{rel}","templated":true}]}}