{"id":98255,"date":"2016-07-11T14:20:07","date_gmt":"2016-07-11T13:20:07","guid":{"rendered":"http:\/\/www.visit-ulcinj.com\/blog\/?p=98255"},"modified":"2016-07-11T14:23:21","modified_gmt":"2016-07-11T13:23:21","slug":"gold-ag-shkonndeti-dy-dialekte-kosovarce-alla-shqiptarce","status":"publish","type":"post","link":"https:\/\/www.visit-ulcinj.com\/blog\/2016\/07\/11\/gold-ag-shkonndeti-dy-dialekte-kosovarce-alla-shqiptarce\/","title":{"rendered":"Gold AG shkon&#8221;N&#8217;Deti&#8221; me dy dialekte Kosovar\u00e7e alla Shqiptar\u00e7e &#8211; Video"},"content":{"rendered":"<p><a href=\"http:\/\/www.visit-ulcinj.com\/blog\/wp-content\/uploads\/2016\/07\/Gold-AG-ne-Deti.jpg\"><img loading=\"lazy\" class=\"alignleft wp-image-98256\" src=\"http:\/\/www.visit-ulcinj.com\/blog\/wp-content\/uploads\/2016\/07\/Gold-AG-ne-Deti.jpg\" alt=\"Gold AG-ne Deti\" width=\"508\" height=\"278\" \/><\/a>Pas pauz\u00ebs gjat\u00eb muajit t\u00eb Ramazanit, Gold Ag do t\u00eb vij\u00eb menj\u00ebher\u00eb me projektin e tij t\u00eb ri.<\/p>\n<p>Reperi i njohur p\u00ebr Gazet\u00ebnExpress ka zbuluar detaje ekskluzive nga kjo k\u00ebng\u00eb, p\u00ebr tekstin e s\u00eb cil\u00ebs \u00ebsht\u00eb kujdesur si gjithmon\u00eb vet\u00eb.<\/p>\n<p>\u201cK\u00ebnga flet p\u00ebr takimin e dy shqiptar\u00ebve q\u00eb flasin shqip, por q\u00eb nuk kuptohen mes veti me dialekte\u201d, thot\u00eb Goldi, i cili n\u00eb k\u00ebng\u00eb do t\u00eb interpretoj\u00eb n\u00eb dy dialekte.<\/p>\n<p>Ve\u00e7 k\u00ebng\u00ebs, artistin do ta shohim teksa sfidon vet\u00ebn edhe n\u00eb aktrim, pasi n\u00eb videoklipin e k\u00ebng\u00ebs ai do t\u00eb luaj\u00eb disa role.<\/p>\n<div class=\"read-also\">\n<p>Muzika \u00ebsht\u00eb b\u00ebr\u00eb nga De Vox nd\u00ebrsa p\u00ebr vizuelizimin e saj \u00ebsht\u00eb kujdesur Urban Graphics. Ky projekt do t\u00eb publikohet nes\u00ebr rreth or\u00ebs 18:00.\/GazetaExpress\/<\/p>\n<p><iframe loading=\"lazy\" width=\"508\" height=\"335\" src=\"https:\/\/www.youtube.com\/embed\/1xzb-SZoE8w\" frameborder=\"0\" allowfullscreen><\/iframe><\/p>\n","protected":false},"excerpt":{"rendered":"<p>Pas pauz\u00ebs gjat\u00eb muajit t\u00eb Ramazanit, Gold Ag do t\u00eb vij\u00eb menj\u00ebher\u00eb me projektin e tij t\u00eb ri. Reperi i njohur p\u00ebr Gazet\u00ebnExpress ka zbuluar detaje ekskluzive nga kjo k\u00ebng\u00eb, p\u00ebr tekstin e s\u00eb cil\u00ebs \u00ebsht\u00eb kujdesur si gjithmon\u00eb vet\u00eb. \u201cK\u00ebnga flet p\u00ebr takimin e dy shqiptar\u00ebve q\u00eb flasin shqip, por q\u00eb nuk kuptohen mes [&hellip;]<\/p>\n","protected":false},"author":1,"featured_media":0,"comment_status":"closed","ping_status":"closed","sticky":false,"template":"","format":"standard","meta":{"spay_email":"","jetpack_publicize_message":"","jetpack_is_tweetstorm":false,"jetpack_publicize_feature_enabled":true},"categories":[1],"tags":[],"jetpack_publicize_connections":[],"yoast_head":"<!-- This site is optimized with the Yoast SEO plugin v19.1 - https:\/\/yoast.com\/wordpress\/plugins\/seo\/ -->\n<title>Gold AG shkon&quot;N&#039;Deti&quot; me dy dialekte Kosovar\u00e7e alla Shqiptar\u00e7e - Video - Lajme nga Ulqini<\/title>\n<meta name=\"description\" content=\"Pas pauz\u00ebs gjat\u00eb muajit t\u00eb Ramazanit, Gold Ag do t\u00eb vij\u00eb menj\u00ebher\u00eb me projektin e tij t\u00eb ri. Reperi i njohur p\u00ebr Gazet\u00ebnExpress ka zbuluar detaje\" \/>\n<meta name=\"robots\" content=\"index, follow, max-snippet:-1, max-image-preview:large, max-video-preview:-1\" \/>\n<link rel=\"canonical\" href=\"https:\/\/www.visit-ulcinj.com\/blog\/2016\/07\/11\/gold-ag-shkonndeti-dy-dialekte-kosovarce-alla-shqiptarce\/\" \/>\n<meta property=\"og:locale\" content=\"en_US\" \/>\n<meta property=\"og:type\" content=\"article\" \/>\n<meta property=\"og:title\" content=\"Gold AG shkon&quot;N&#039;Deti&quot; me dy dialekte Kosovar\u00e7e alla Shqiptar\u00e7e - Video - Lajme nga Ulqini\" \/>\n<meta property=\"og:description\" content=\"Pas pauz\u00ebs gjat\u00eb muajit t\u00eb Ramazanit, Gold Ag do t\u00eb vij\u00eb menj\u00ebher\u00eb me projektin e tij t\u00eb ri. Reperi i njohur p\u00ebr Gazet\u00ebnExpress ka zbuluar detaje\" \/>\n<meta property=\"og:url\" content=\"https:\/\/www.visit-ulcinj.com\/blog\/2016\/07\/11\/gold-ag-shkonndeti-dy-dialekte-kosovarce-alla-shqiptarce\/\" \/>\n<meta property=\"og:site_name\" content=\"Lajme nga Ulqini\" \/>\n<meta property=\"article:published_time\" content=\"2016-07-11T13:20:07+00:00\" \/>\n<meta property=\"article:modified_time\" content=\"2016-07-11T13:23:21+00:00\" \/>\n<meta property=\"og:image\" content=\"http:\/\/www.visit-ulcinj.com\/blog\/wp-content\/uploads\/2016\/07\/Gold-AG-ne-Deti.jpg\" \/>\n<meta name=\"twitter:label1\" content=\"Written by\" \/>\n\t<meta name=\"twitter:data1\" content=\"ulqini\" \/>\n\t<meta name=\"twitter:label2\" content=\"Est. reading time\" \/>\n\t<meta name=\"twitter:data2\" content=\"1 minute\" \/>\n<script type=\"application\/ld+json\" class=\"yoast-schema-graph\">{\"@context\":\"https:\/\/schema.org\",\"@graph\":[{\"@type\":\"WebSite\",\"@id\":\"https:\/\/www.visit-ulcinj.com\/blog\/#website\",\"url\":\"https:\/\/www.visit-ulcinj.com\/blog\/\",\"name\":\"Lajme nga Ulqini\",\"description\":\"Lajme,Vijesti,Ulqini,Ulqin,Crna Gora,Mali i Zi\",\"potentialAction\":[{\"@type\":\"SearchAction\",\"target\":{\"@type\":\"EntryPoint\",\"urlTemplate\":\"https:\/\/www.visit-ulcinj.com\/blog\/?s={search_term_string}\"},\"query-input\":\"required name=search_term_string\"}],\"inLanguage\":\"en-US\"},{\"@type\":\"ImageObject\",\"inLanguage\":\"en-US\",\"@id\":\"https:\/\/www.visit-ulcinj.com\/blog\/2016\/07\/11\/gold-ag-shkonndeti-dy-dialekte-kosovarce-alla-shqiptarce\/#primaryimage\",\"url\":\"http:\/\/www.visit-ulcinj.com\/blog\/wp-content\/uploads\/2016\/07\/Gold-AG-ne-Deti.jpg\",\"contentUrl\":\"http:\/\/www.visit-ulcinj.com\/blog\/wp-content\/uploads\/2016\/07\/Gold-AG-ne-Deti.jpg\"},{\"@type\":\"WebPage\",\"@id\":\"https:\/\/www.visit-ulcinj.com\/blog\/2016\/07\/11\/gold-ag-shkonndeti-dy-dialekte-kosovarce-alla-shqiptarce\/#webpage\",\"url\":\"https:\/\/www.visit-ulcinj.com\/blog\/2016\/07\/11\/gold-ag-shkonndeti-dy-dialekte-kosovarce-alla-shqiptarce\/\",\"name\":\"Gold AG shkon\\\"N'Deti\\\" me dy dialekte Kosovar\u00e7e alla Shqiptar\u00e7e - Video - Lajme nga Ulqini\",\"isPartOf\":{\"@id\":\"https:\/\/www.visit-ulcinj.com\/blog\/#website\"},\"primaryImageOfPage\":{\"@id\":\"https:\/\/www.visit-ulcinj.com\/blog\/2016\/07\/11\/gold-ag-shkonndeti-dy-dialekte-kosovarce-alla-shqiptarce\/#primaryimage\"},\"datePublished\":\"2016-07-11T13:20:07+00:00\",\"dateModified\":\"2016-07-11T13:23:21+00:00\",\"author\":{\"@id\":\"https:\/\/www.visit-ulcinj.com\/blog\/#\/schema\/person\/dcab619c614d3038751c63bc2aadc06d\"},\"description\":\"Pas pauz\u00ebs gjat\u00eb muajit t\u00eb Ramazanit, Gold Ag do t\u00eb vij\u00eb menj\u00ebher\u00eb me projektin e tij t\u00eb ri. Reperi i njohur p\u00ebr Gazet\u00ebnExpress ka zbuluar detaje\",\"breadcrumb\":{\"@id\":\"https:\/\/www.visit-ulcinj.com\/blog\/2016\/07\/11\/gold-ag-shkonndeti-dy-dialekte-kosovarce-alla-shqiptarce\/#breadcrumb\"},\"inLanguage\":\"en-US\",\"potentialAction\":[{\"@type\":\"ReadAction\",\"target\":[\"https:\/\/www.visit-ulcinj.com\/blog\/2016\/07\/11\/gold-ag-shkonndeti-dy-dialekte-kosovarce-alla-shqiptarce\/\"]}]},{\"@type\":\"BreadcrumbList\",\"@id\":\"https:\/\/www.visit-ulcinj.com\/blog\/2016\/07\/11\/gold-ag-shkonndeti-dy-dialekte-kosovarce-alla-shqiptarce\/#breadcrumb\",\"itemListElement\":[{\"@type\":\"ListItem\",\"position\":1,\"name\":\"Gold AG shkon&#8221;N&#8217;Deti&#8221; me dy dialekte Kosovar\u00e7e alla Shqiptar\u00e7e &#8211; Video\"}]},{\"@type\":\"Person\",\"@id\":\"https:\/\/www.visit-ulcinj.com\/blog\/#\/schema\/person\/dcab619c614d3038751c63bc2aadc06d\",\"name\":\"ulqini\",\"sameAs\":[\"http:\/\/www.visit-ulcinj.com\"],\"url\":\"https:\/\/www.visit-ulcinj.com\/blog\/author\/admin\/\"}]}<\/script>\n<!-- \/ Yoast SEO plugin. -->","yoast_head_json":{"title":"Gold AG shkon\"N'Deti\" me dy dialekte Kosovar\u00e7e alla Shqiptar\u00e7e - Video - Lajme nga Ulqini","description":"Pas pauz\u00ebs gjat\u00eb muajit t\u00eb Ramazanit, Gold Ag do t\u00eb vij\u00eb menj\u00ebher\u00eb me projektin e tij t\u00eb ri. Reperi i njohur p\u00ebr Gazet\u00ebnExpress ka zbuluar detaje","robots":{"index":"index","follow":"follow","max-snippet":"max-snippet:-1","max-image-preview":"max-image-preview:large","max-video-preview":"max-video-preview:-1"},"canonical":"https:\/\/www.visit-ulcinj.com\/blog\/2016\/07\/11\/gold-ag-shkonndeti-dy-dialekte-kosovarce-alla-shqiptarce\/","og_locale":"en_US","og_type":"article","og_title":"Gold AG shkon\"N'Deti\" me dy dialekte Kosovar\u00e7e alla Shqiptar\u00e7e - Video - Lajme nga Ulqini","og_description":"Pas pauz\u00ebs gjat\u00eb muajit t\u00eb Ramazanit, Gold Ag do t\u00eb vij\u00eb menj\u00ebher\u00eb me projektin e tij t\u00eb ri. Reperi i njohur p\u00ebr Gazet\u00ebnExpress ka zbuluar detaje","og_url":"https:\/\/www.visit-ulcinj.com\/blog\/2016\/07\/11\/gold-ag-shkonndeti-dy-dialekte-kosovarce-alla-shqiptarce\/","og_site_name":"Lajme nga Ulqini","article_published_time":"2016-07-11T13:20:07+00:00","article_modified_time":"2016-07-11T13:23:21+00:00","og_image":[{"url":"http:\/\/www.visit-ulcinj.com\/blog\/wp-content\/uploads\/2016\/07\/Gold-AG-ne-Deti.jpg"}],"twitter_misc":{"Written by":"ulqini","Est. reading time":"1 minute"},"schema":{"@context":"https:\/\/schema.org","@graph":[{"@type":"WebSite","@id":"https:\/\/www.visit-ulcinj.com\/blog\/#website","url":"https:\/\/www.visit-ulcinj.com\/blog\/","name":"Lajme nga Ulqini","description":"Lajme,Vijesti,Ulqini,Ulqin,Crna Gora,Mali i Zi","potentialAction":[{"@type":"SearchAction","target":{"@type":"EntryPoint","urlTemplate":"https:\/\/www.visit-ulcinj.com\/blog\/?s={search_term_string}"},"query-input":"required name=search_term_string"}],"inLanguage":"en-US"},{"@type":"ImageObject","inLanguage":"en-US","@id":"https:\/\/www.visit-ulcinj.com\/blog\/2016\/07\/11\/gold-ag-shkonndeti-dy-dialekte-kosovarce-alla-shqiptarce\/#primaryimage","url":"http:\/\/www.visit-ulcinj.com\/blog\/wp-content\/uploads\/2016\/07\/Gold-AG-ne-Deti.jpg","contentUrl":"http:\/\/www.visit-ulcinj.com\/blog\/wp-content\/uploads\/2016\/07\/Gold-AG-ne-Deti.jpg"},{"@type":"WebPage","@id":"https:\/\/www.visit-ulcinj.com\/blog\/2016\/07\/11\/gold-ag-shkonndeti-dy-dialekte-kosovarce-alla-shqiptarce\/#webpage","url":"https:\/\/www.visit-ulcinj.com\/blog\/2016\/07\/11\/gold-ag-shkonndeti-dy-dialekte-kosovarce-alla-shqiptarce\/","name":"Gold AG shkon\"N'Deti\" me dy dialekte Kosovar\u00e7e alla Shqiptar\u00e7e - Video - Lajme nga Ulqini","isPartOf":{"@id":"https:\/\/www.visit-ulcinj.com\/blog\/#website"},"primaryImageOfPage":{"@id":"https:\/\/www.visit-ulcinj.com\/blog\/2016\/07\/11\/gold-ag-shkonndeti-dy-dialekte-kosovarce-alla-shqiptarce\/#primaryimage"},"datePublished":"2016-07-11T13:20:07+00:00","dateModified":"2016-07-11T13:23:21+00:00","author":{"@id":"https:\/\/www.visit-ulcinj.com\/blog\/#\/schema\/person\/dcab619c614d3038751c63bc2aadc06d"},"description":"Pas pauz\u00ebs gjat\u00eb muajit t\u00eb Ramazanit, Gold Ag do t\u00eb vij\u00eb menj\u00ebher\u00eb me projektin e tij t\u00eb ri. Reperi i njohur p\u00ebr Gazet\u00ebnExpress ka zbuluar detaje","breadcrumb":{"@id":"https:\/\/www.visit-ulcinj.com\/blog\/2016\/07\/11\/gold-ag-shkonndeti-dy-dialekte-kosovarce-alla-shqiptarce\/#breadcrumb"},"inLanguage":"en-US","potentialAction":[{"@type":"ReadAction","target":["https:\/\/www.visit-ulcinj.com\/blog\/2016\/07\/11\/gold-ag-shkonndeti-dy-dialekte-kosovarce-alla-shqiptarce\/"]}]},{"@type":"BreadcrumbList","@id":"https:\/\/www.visit-ulcinj.com\/blog\/2016\/07\/11\/gold-ag-shkonndeti-dy-dialekte-kosovarce-alla-shqiptarce\/#breadcrumb","itemListElement":[{"@type":"ListItem","position":1,"name":"Gold AG shkon&#8221;N&#8217;Deti&#8221; me dy dialekte Kosovar\u00e7e alla Shqiptar\u00e7e &#8211; Video"}]},{"@type":"Person","@id":"https:\/\/www.visit-ulcinj.com\/blog\/#\/schema\/person\/dcab619c614d3038751c63bc2aadc06d","name":"ulqini","sameAs":["http:\/\/www.visit-ulcinj.com"],"url":"https:\/\/www.visit-ulcinj.com\/blog\/author\/admin\/"}]}},"jetpack_featured_media_url":"","jetpack_sharing_enabled":true,"jetpack_shortlink":"https:\/\/wp.me\/pe6lTn-pyL","_links":{"self":[{"href":"https:\/\/www.visit-ulcinj.com\/blog\/wp-json\/wp\/v2\/posts\/98255"}],"collection":[{"href":"https:\/\/www.visit-ulcinj.com\/blog\/wp-json\/wp\/v2\/posts"}],"about":[{"href":"https:\/\/www.visit-ulcinj.com\/blog\/wp-json\/wp\/v2\/types\/post"}],"author":[{"embeddable":true,"href":"https:\/\/www.visit-ulcinj.com\/blog\/wp-json\/wp\/v2\/users\/1"}],"replies":[{"embeddable":true,"href":"https:\/\/www.visit-ulcinj.com\/blog\/wp-json\/wp\/v2\/comments?post=98255"}],"version-history":[{"count":2,"href":"https:\/\/www.visit-ulcinj.com\/blog\/wp-json\/wp\/v2\/posts\/98255\/revisions"}],"predecessor-version":[{"id":98258,"href":"https:\/\/www.visit-ulcinj.com\/blog\/wp-json\/wp\/v2\/posts\/98255\/revisions\/98258"}],"wp:attachment":[{"href":"https:\/\/www.visit-ulcinj.com\/blog\/wp-json\/wp\/v2\/media?parent=98255"}],"wp:term":[{"taxonomy":"category","embeddable":true,"href":"https:\/\/www.visit-ulcinj.com\/blog\/wp-json\/wp\/v2\/categories?post=98255"},{"taxonomy":"post_tag","embeddable":true,"href":"https:\/\/www.visit-ulcinj.com\/blog\/wp-json\/wp\/v2\/tags?post=98255"}],"curies":[{"name":"wp","href":"https:\/\/api.w.org\/{rel}","templated":true}]}}