{"id":98263,"date":"2016-07-11T15:37:03","date_gmt":"2016-07-11T14:37:03","guid":{"rendered":"http:\/\/www.visit-ulcinj.com\/blog\/?p=98263"},"modified":"2016-07-11T15:37:03","modified_gmt":"2016-07-11T14:37:03","slug":"spic-sezona-u-ulcinj-poceo-guzve-na-sukobinu-video","status":"publish","type":"post","link":"https:\/\/www.visit-ulcinj.com\/blog\/2016\/07\/11\/spic-sezona-u-ulcinj-poceo-guzve-na-sukobinu-video\/","title":{"rendered":"\u0160pic sezona u Ulcinj po\u010deo, gu\u017eve na Sukobinu &#8211; Video"},"content":{"rendered":"<p><strong><a href=\"http:\/\/www.visit-ulcinj.com\/blog\/wp-content\/uploads\/2016\/07\/Guzve-na-Sukobin-Murican-.jpg\"><img loading=\"lazy\" class=\"alignleft wp-image-98264\" src=\"http:\/\/www.visit-ulcinj.com\/blog\/wp-content\/uploads\/2016\/07\/Guzve-na-Sukobin-Murican-.jpg\" alt=\"Guzve na Sukobin-Murican-\" width=\"508\" height=\"286\" srcset=\"https:\/\/www.visit-ulcinj.com\/blog\/wp-content\/uploads\/2016\/07\/Guzve-na-Sukobin-Murican-.jpg 640w, https:\/\/www.visit-ulcinj.com\/blog\/wp-content\/uploads\/2016\/07\/Guzve-na-Sukobin-Murican--300x169.jpg 300w\" sizes=\"(max-width: 508px) 100vw, 508px\" \/><\/a>Autor: Suzana Gani\u0107<\/strong><\/p>\n<p>Ovaj vikend ozna\u010dio je po\u010detak \u0161pica turisticke sezone na Ulcinjskoj rivijeri. U lokalnoj turisti\u010dkoj organiaciji su zadovoljni brojem gostiju, koji su mahom iz Srbije, mada o\u010dekuju priliv sa Kosova i iz Bosne i Hercegovine.<\/p>\n<p>Problem sa kojim se susre\u0107u gosti koji \u017eele da posjete najju\u017eniju crnogorsku op\u0161tinu su ogromne gu\u017eve na grani\u010dnom prelazu Sukobin, pa je zato na inicijativu turisti\u010dke organizacije Ulcinja, na njemu zaposleno jo\u0161 grani\u010dnih policajaca tokom sezone.<\/p>\n<p><strong>Izvor: Vijesti Online<\/strong><\/p>\n<p><iframe loading=\"lazy\" width=\"508\" height=\"335\" src=\"https:\/\/www.youtube.com\/embed\/hRB-VJ5baaI\" frameborder=\"0\" allowfullscreen><\/iframe><\/p>\n","protected":false},"excerpt":{"rendered":"<p>Autor: Suzana Gani\u0107 Ovaj vikend ozna\u010dio je po\u010detak \u0161pica turisticke sezone na Ulcinjskoj rivijeri. U lokalnoj turisti\u010dkoj organiaciji su zadovoljni brojem gostiju, koji su mahom iz Srbije, mada o\u010dekuju priliv sa Kosova i iz Bosne i Hercegovine. Problem sa kojim se susre\u0107u gosti koji \u017eele da posjete najju\u017eniju crnogorsku op\u0161tinu su ogromne gu\u017eve na grani\u010dnom [&hellip;]<\/p>\n","protected":false},"author":1,"featured_media":0,"comment_status":"closed","ping_status":"closed","sticky":false,"template":"","format":"standard","meta":{"spay_email":"","jetpack_publicize_message":"","jetpack_is_tweetstorm":false,"jetpack_publicize_feature_enabled":true},"categories":[8337],"tags":[],"jetpack_publicize_connections":[],"yoast_head":"<!-- This site is optimized with the Yoast SEO plugin v19.1 - https:\/\/yoast.com\/wordpress\/plugins\/seo\/ -->\n<title>\u0160pic sezona u Ulcinj po\u010deo, gu\u017eve na Sukobinu - Video - Lajme nga Ulqini<\/title>\n<meta name=\"description\" content=\"Autor: Suzana Gani\u0107 Ovaj vikend ozna\u010dio je po\u010detak \u0161pica turisticke sezone na Ulcinjskoj rivijeri. U lokalnoj turisti\u010dkoj organiaciji su zadovoljni brojem\" \/>\n<meta name=\"robots\" content=\"index, follow, max-snippet:-1, max-image-preview:large, max-video-preview:-1\" \/>\n<link rel=\"canonical\" href=\"https:\/\/www.visit-ulcinj.com\/blog\/2016\/07\/11\/spic-sezona-u-ulcinj-poceo-guzve-na-sukobinu-video\/\" \/>\n<meta property=\"og:locale\" content=\"en_US\" \/>\n<meta property=\"og:type\" content=\"article\" \/>\n<meta property=\"og:title\" content=\"\u0160pic sezona u Ulcinj po\u010deo, gu\u017eve na Sukobinu - Video - Lajme nga Ulqini\" \/>\n<meta property=\"og:description\" content=\"Autor: Suzana Gani\u0107 Ovaj vikend ozna\u010dio je po\u010detak \u0161pica turisticke sezone na Ulcinjskoj rivijeri. U lokalnoj turisti\u010dkoj organiaciji su zadovoljni brojem\" \/>\n<meta property=\"og:url\" content=\"https:\/\/www.visit-ulcinj.com\/blog\/2016\/07\/11\/spic-sezona-u-ulcinj-poceo-guzve-na-sukobinu-video\/\" \/>\n<meta property=\"og:site_name\" content=\"Lajme nga Ulqini\" \/>\n<meta property=\"article:published_time\" content=\"2016-07-11T14:37:03+00:00\" \/>\n<meta property=\"og:image\" content=\"http:\/\/www.visit-ulcinj.com\/blog\/wp-content\/uploads\/2016\/07\/Guzve-na-Sukobin-Murican-.jpg\" \/>\n<meta name=\"twitter:label1\" content=\"Written by\" \/>\n\t<meta name=\"twitter:data1\" content=\"ulqini\" \/>\n<script type=\"application\/ld+json\" class=\"yoast-schema-graph\">{\"@context\":\"https:\/\/schema.org\",\"@graph\":[{\"@type\":\"WebSite\",\"@id\":\"https:\/\/www.visit-ulcinj.com\/blog\/#website\",\"url\":\"https:\/\/www.visit-ulcinj.com\/blog\/\",\"name\":\"Lajme nga Ulqini\",\"description\":\"Lajme,Vijesti,Ulqini,Ulqin,Crna Gora,Mali i Zi\",\"potentialAction\":[{\"@type\":\"SearchAction\",\"target\":{\"@type\":\"EntryPoint\",\"urlTemplate\":\"https:\/\/www.visit-ulcinj.com\/blog\/?s={search_term_string}\"},\"query-input\":\"required name=search_term_string\"}],\"inLanguage\":\"en-US\"},{\"@type\":\"ImageObject\",\"inLanguage\":\"en-US\",\"@id\":\"https:\/\/www.visit-ulcinj.com\/blog\/2016\/07\/11\/spic-sezona-u-ulcinj-poceo-guzve-na-sukobinu-video\/#primaryimage\",\"url\":\"https:\/\/www.visit-ulcinj.com\/blog\/wp-content\/uploads\/2016\/07\/Guzve-na-Sukobin-Murican-.jpg\",\"contentUrl\":\"https:\/\/www.visit-ulcinj.com\/blog\/wp-content\/uploads\/2016\/07\/Guzve-na-Sukobin-Murican-.jpg\",\"width\":640,\"height\":360},{\"@type\":\"WebPage\",\"@id\":\"https:\/\/www.visit-ulcinj.com\/blog\/2016\/07\/11\/spic-sezona-u-ulcinj-poceo-guzve-na-sukobinu-video\/#webpage\",\"url\":\"https:\/\/www.visit-ulcinj.com\/blog\/2016\/07\/11\/spic-sezona-u-ulcinj-poceo-guzve-na-sukobinu-video\/\",\"name\":\"\u0160pic sezona u Ulcinj po\u010deo, gu\u017eve na Sukobinu - Video - Lajme nga Ulqini\",\"isPartOf\":{\"@id\":\"https:\/\/www.visit-ulcinj.com\/blog\/#website\"},\"primaryImageOfPage\":{\"@id\":\"https:\/\/www.visit-ulcinj.com\/blog\/2016\/07\/11\/spic-sezona-u-ulcinj-poceo-guzve-na-sukobinu-video\/#primaryimage\"},\"datePublished\":\"2016-07-11T14:37:03+00:00\",\"dateModified\":\"2016-07-11T14:37:03+00:00\",\"author\":{\"@id\":\"https:\/\/www.visit-ulcinj.com\/blog\/#\/schema\/person\/dcab619c614d3038751c63bc2aadc06d\"},\"description\":\"Autor: Suzana Gani\u0107 Ovaj vikend ozna\u010dio je po\u010detak \u0161pica turisticke sezone na Ulcinjskoj rivijeri. U lokalnoj turisti\u010dkoj organiaciji su zadovoljni brojem\",\"breadcrumb\":{\"@id\":\"https:\/\/www.visit-ulcinj.com\/blog\/2016\/07\/11\/spic-sezona-u-ulcinj-poceo-guzve-na-sukobinu-video\/#breadcrumb\"},\"inLanguage\":\"en-US\",\"potentialAction\":[{\"@type\":\"ReadAction\",\"target\":[\"https:\/\/www.visit-ulcinj.com\/blog\/2016\/07\/11\/spic-sezona-u-ulcinj-poceo-guzve-na-sukobinu-video\/\"]}]},{\"@type\":\"BreadcrumbList\",\"@id\":\"https:\/\/www.visit-ulcinj.com\/blog\/2016\/07\/11\/spic-sezona-u-ulcinj-poceo-guzve-na-sukobinu-video\/#breadcrumb\",\"itemListElement\":[{\"@type\":\"ListItem\",\"position\":1,\"name\":\"\u0160pic sezona u Ulcinj po\u010deo, gu\u017eve na Sukobinu &#8211; Video\"}]},{\"@type\":\"Person\",\"@id\":\"https:\/\/www.visit-ulcinj.com\/blog\/#\/schema\/person\/dcab619c614d3038751c63bc2aadc06d\",\"name\":\"ulqini\",\"sameAs\":[\"http:\/\/www.visit-ulcinj.com\"],\"url\":\"https:\/\/www.visit-ulcinj.com\/blog\/author\/admin\/\"}]}<\/script>\n<!-- \/ Yoast SEO plugin. -->","yoast_head_json":{"title":"\u0160pic sezona u Ulcinj po\u010deo, gu\u017eve na Sukobinu - Video - Lajme nga Ulqini","description":"Autor: Suzana Gani\u0107 Ovaj vikend ozna\u010dio je po\u010detak \u0161pica turisticke sezone na Ulcinjskoj rivijeri. U lokalnoj turisti\u010dkoj organiaciji su zadovoljni brojem","robots":{"index":"index","follow":"follow","max-snippet":"max-snippet:-1","max-image-preview":"max-image-preview:large","max-video-preview":"max-video-preview:-1"},"canonical":"https:\/\/www.visit-ulcinj.com\/blog\/2016\/07\/11\/spic-sezona-u-ulcinj-poceo-guzve-na-sukobinu-video\/","og_locale":"en_US","og_type":"article","og_title":"\u0160pic sezona u Ulcinj po\u010deo, gu\u017eve na Sukobinu - Video - Lajme nga Ulqini","og_description":"Autor: Suzana Gani\u0107 Ovaj vikend ozna\u010dio je po\u010detak \u0161pica turisticke sezone na Ulcinjskoj rivijeri. U lokalnoj turisti\u010dkoj organiaciji su zadovoljni brojem","og_url":"https:\/\/www.visit-ulcinj.com\/blog\/2016\/07\/11\/spic-sezona-u-ulcinj-poceo-guzve-na-sukobinu-video\/","og_site_name":"Lajme nga Ulqini","article_published_time":"2016-07-11T14:37:03+00:00","og_image":[{"url":"http:\/\/www.visit-ulcinj.com\/blog\/wp-content\/uploads\/2016\/07\/Guzve-na-Sukobin-Murican-.jpg"}],"twitter_misc":{"Written by":"ulqini"},"schema":{"@context":"https:\/\/schema.org","@graph":[{"@type":"WebSite","@id":"https:\/\/www.visit-ulcinj.com\/blog\/#website","url":"https:\/\/www.visit-ulcinj.com\/blog\/","name":"Lajme nga Ulqini","description":"Lajme,Vijesti,Ulqini,Ulqin,Crna Gora,Mali i Zi","potentialAction":[{"@type":"SearchAction","target":{"@type":"EntryPoint","urlTemplate":"https:\/\/www.visit-ulcinj.com\/blog\/?s={search_term_string}"},"query-input":"required name=search_term_string"}],"inLanguage":"en-US"},{"@type":"ImageObject","inLanguage":"en-US","@id":"https:\/\/www.visit-ulcinj.com\/blog\/2016\/07\/11\/spic-sezona-u-ulcinj-poceo-guzve-na-sukobinu-video\/#primaryimage","url":"https:\/\/www.visit-ulcinj.com\/blog\/wp-content\/uploads\/2016\/07\/Guzve-na-Sukobin-Murican-.jpg","contentUrl":"https:\/\/www.visit-ulcinj.com\/blog\/wp-content\/uploads\/2016\/07\/Guzve-na-Sukobin-Murican-.jpg","width":640,"height":360},{"@type":"WebPage","@id":"https:\/\/www.visit-ulcinj.com\/blog\/2016\/07\/11\/spic-sezona-u-ulcinj-poceo-guzve-na-sukobinu-video\/#webpage","url":"https:\/\/www.visit-ulcinj.com\/blog\/2016\/07\/11\/spic-sezona-u-ulcinj-poceo-guzve-na-sukobinu-video\/","name":"\u0160pic sezona u Ulcinj po\u010deo, gu\u017eve na Sukobinu - Video - Lajme nga Ulqini","isPartOf":{"@id":"https:\/\/www.visit-ulcinj.com\/blog\/#website"},"primaryImageOfPage":{"@id":"https:\/\/www.visit-ulcinj.com\/blog\/2016\/07\/11\/spic-sezona-u-ulcinj-poceo-guzve-na-sukobinu-video\/#primaryimage"},"datePublished":"2016-07-11T14:37:03+00:00","dateModified":"2016-07-11T14:37:03+00:00","author":{"@id":"https:\/\/www.visit-ulcinj.com\/blog\/#\/schema\/person\/dcab619c614d3038751c63bc2aadc06d"},"description":"Autor: Suzana Gani\u0107 Ovaj vikend ozna\u010dio je po\u010detak \u0161pica turisticke sezone na Ulcinjskoj rivijeri. U lokalnoj turisti\u010dkoj organiaciji su zadovoljni brojem","breadcrumb":{"@id":"https:\/\/www.visit-ulcinj.com\/blog\/2016\/07\/11\/spic-sezona-u-ulcinj-poceo-guzve-na-sukobinu-video\/#breadcrumb"},"inLanguage":"en-US","potentialAction":[{"@type":"ReadAction","target":["https:\/\/www.visit-ulcinj.com\/blog\/2016\/07\/11\/spic-sezona-u-ulcinj-poceo-guzve-na-sukobinu-video\/"]}]},{"@type":"BreadcrumbList","@id":"https:\/\/www.visit-ulcinj.com\/blog\/2016\/07\/11\/spic-sezona-u-ulcinj-poceo-guzve-na-sukobinu-video\/#breadcrumb","itemListElement":[{"@type":"ListItem","position":1,"name":"\u0160pic sezona u Ulcinj po\u010deo, gu\u017eve na Sukobinu &#8211; Video"}]},{"@type":"Person","@id":"https:\/\/www.visit-ulcinj.com\/blog\/#\/schema\/person\/dcab619c614d3038751c63bc2aadc06d","name":"ulqini","sameAs":["http:\/\/www.visit-ulcinj.com"],"url":"https:\/\/www.visit-ulcinj.com\/blog\/author\/admin\/"}]}},"jetpack_featured_media_url":"","jetpack_sharing_enabled":true,"jetpack_shortlink":"https:\/\/wp.me\/pe6lTn-pyT","_links":{"self":[{"href":"https:\/\/www.visit-ulcinj.com\/blog\/wp-json\/wp\/v2\/posts\/98263"}],"collection":[{"href":"https:\/\/www.visit-ulcinj.com\/blog\/wp-json\/wp\/v2\/posts"}],"about":[{"href":"https:\/\/www.visit-ulcinj.com\/blog\/wp-json\/wp\/v2\/types\/post"}],"author":[{"embeddable":true,"href":"https:\/\/www.visit-ulcinj.com\/blog\/wp-json\/wp\/v2\/users\/1"}],"replies":[{"embeddable":true,"href":"https:\/\/www.visit-ulcinj.com\/blog\/wp-json\/wp\/v2\/comments?post=98263"}],"version-history":[{"count":1,"href":"https:\/\/www.visit-ulcinj.com\/blog\/wp-json\/wp\/v2\/posts\/98263\/revisions"}],"predecessor-version":[{"id":98265,"href":"https:\/\/www.visit-ulcinj.com\/blog\/wp-json\/wp\/v2\/posts\/98263\/revisions\/98265"}],"wp:attachment":[{"href":"https:\/\/www.visit-ulcinj.com\/blog\/wp-json\/wp\/v2\/media?parent=98263"}],"wp:term":[{"taxonomy":"category","embeddable":true,"href":"https:\/\/www.visit-ulcinj.com\/blog\/wp-json\/wp\/v2\/categories?post=98263"},{"taxonomy":"post_tag","embeddable":true,"href":"https:\/\/www.visit-ulcinj.com\/blog\/wp-json\/wp\/v2\/tags?post=98263"}],"curies":[{"name":"wp","href":"https:\/\/api.w.org\/{rel}","templated":true}]}}