{"id":98275,"date":"2016-07-12T14:44:27","date_gmt":"2016-07-12T13:44:27","guid":{"rendered":"http:\/\/www.visit-ulcinj.com\/blog\/?p=98275"},"modified":"2016-07-12T14:44:27","modified_gmt":"2016-07-12T13:44:27","slug":"sastanak-cungua-za-prevazilazenje-problema-tokom-turisticke-sezone","status":"publish","type":"post","link":"https:\/\/www.visit-ulcinj.com\/blog\/2016\/07\/12\/sastanak-cungua-za-prevazilazenje-problema-tokom-turisticke-sezone\/","title":{"rendered":"Sastanak Cungua za prevazila\u017eenje problema tokom turisti\u010dke sezone"},"content":{"rendered":"<p><a href=\"http:\/\/www.visit-ulcinj.com\/blog\/wp-content\/uploads\/2016\/07\/Nazif-Cungu-me-Kollaborator-.jpg\"><img loading=\"lazy\" class=\"alignleft wp-image-98273\" src=\"http:\/\/www.visit-ulcinj.com\/blog\/wp-content\/uploads\/2016\/07\/Nazif-Cungu-me-Kollaborator-.jpg\" alt=\"Nazif-Cungu-me-Kollaborator-\" width=\"508\" height=\"336\" srcset=\"https:\/\/www.visit-ulcinj.com\/blog\/wp-content\/uploads\/2016\/07\/Nazif-Cungu-me-Kollaborator-.jpg 752w, https:\/\/www.visit-ulcinj.com\/blog\/wp-content\/uploads\/2016\/07\/Nazif-Cungu-me-Kollaborator--300x199.jpg 300w\" sizes=\"(max-width: 508px) 100vw, 508px\" \/><\/a>Predsjednik Op\u0161tine Ulcinj, Nazif Cungu sa saradnicima je danas imao sastanak sa vlasnicima ugostiteljskih objekata na Pristanu I predstavnicima mjesnih zajednica koji su izrazili zabrinutosti gra\u0111ana povodom buke od izvo\u0111enja muzike.<\/p>\n<p>Nakon saslu\u0161anja i razgovora, Op\u0161tina se oabvezala da preuzme sve neophodne aktivnosti kako bi bila u slu\u017ebi gra\u0111ana ali I u zakonskom okviru iza\u0111e u susret i predstavnicima ugostiteljskih objekata.<\/p>\n<p>Ostaje da komunalna policija i ostale slu\u017ebe prate situaciju sa posebnom pa\u017enjom situaciju na terenu kako bi se ispo\u0161tovao postignuti dogovor, u suprotnom svakom ko se ne pridr\u017eava, bi\u0107e izre\u010dene zakonom propisane mjere.<\/p>\n","protected":false},"excerpt":{"rendered":"<p>Predsjednik Op\u0161tine Ulcinj, Nazif Cungu sa saradnicima je danas imao sastanak sa vlasnicima ugostiteljskih objekata na Pristanu I predstavnicima mjesnih zajednica koji su izrazili zabrinutosti gra\u0111ana povodom buke od izvo\u0111enja muzike. Nakon saslu\u0161anja i razgovora, Op\u0161tina se oabvezala da preuzme sve neophodne aktivnosti kako bi bila u slu\u017ebi gra\u0111ana ali I u zakonskom okviru iza\u0111e [&hellip;]<\/p>\n","protected":false},"author":1,"featured_media":0,"comment_status":"closed","ping_status":"closed","sticky":false,"template":"","format":"standard","meta":{"spay_email":"","jetpack_publicize_message":"","jetpack_is_tweetstorm":false,"jetpack_publicize_feature_enabled":true},"categories":[8337],"tags":[],"jetpack_publicize_connections":[],"yoast_head":"<!-- This site is optimized with the Yoast SEO plugin v19.1 - https:\/\/yoast.com\/wordpress\/plugins\/seo\/ -->\n<title>Sastanak Cungua za prevazila\u017eenje problema tokom turisti\u010dke sezone - Lajme nga Ulqini<\/title>\n<meta name=\"description\" content=\"Predsjednik Op\u0161tine Ulcinj, Nazif Cungu sa saradnicima je danas imao sastanak sa vlasnicima ugostiteljskih objekata na Pristanu I predstavnicima mjesnih\" \/>\n<meta name=\"robots\" content=\"index, follow, max-snippet:-1, max-image-preview:large, max-video-preview:-1\" \/>\n<link rel=\"canonical\" href=\"https:\/\/www.visit-ulcinj.com\/blog\/2016\/07\/12\/sastanak-cungua-za-prevazilazenje-problema-tokom-turisticke-sezone\/\" \/>\n<meta property=\"og:locale\" content=\"en_US\" \/>\n<meta property=\"og:type\" content=\"article\" \/>\n<meta property=\"og:title\" content=\"Sastanak Cungua za prevazila\u017eenje problema tokom turisti\u010dke sezone - Lajme nga Ulqini\" \/>\n<meta property=\"og:description\" content=\"Predsjednik Op\u0161tine Ulcinj, Nazif Cungu sa saradnicima je danas imao sastanak sa vlasnicima ugostiteljskih objekata na Pristanu I predstavnicima mjesnih\" \/>\n<meta property=\"og:url\" content=\"https:\/\/www.visit-ulcinj.com\/blog\/2016\/07\/12\/sastanak-cungua-za-prevazilazenje-problema-tokom-turisticke-sezone\/\" \/>\n<meta property=\"og:site_name\" content=\"Lajme nga Ulqini\" \/>\n<meta property=\"article:published_time\" content=\"2016-07-12T13:44:27+00:00\" \/>\n<meta property=\"og:image\" content=\"http:\/\/www.visit-ulcinj.com\/blog\/wp-content\/uploads\/2016\/07\/Nazif-Cungu-me-Kollaborator-.jpg\" \/>\n<meta name=\"twitter:label1\" content=\"Written by\" \/>\n\t<meta name=\"twitter:data1\" content=\"ulqini\" \/>\n\t<meta name=\"twitter:label2\" content=\"Est. reading time\" \/>\n\t<meta name=\"twitter:data2\" content=\"1 minute\" \/>\n<script type=\"application\/ld+json\" class=\"yoast-schema-graph\">{\"@context\":\"https:\/\/schema.org\",\"@graph\":[{\"@type\":\"WebSite\",\"@id\":\"https:\/\/www.visit-ulcinj.com\/blog\/#website\",\"url\":\"https:\/\/www.visit-ulcinj.com\/blog\/\",\"name\":\"Lajme nga Ulqini\",\"description\":\"Lajme,Vijesti,Ulqini,Ulqin,Crna Gora,Mali i Zi\",\"potentialAction\":[{\"@type\":\"SearchAction\",\"target\":{\"@type\":\"EntryPoint\",\"urlTemplate\":\"https:\/\/www.visit-ulcinj.com\/blog\/?s={search_term_string}\"},\"query-input\":\"required name=search_term_string\"}],\"inLanguage\":\"en-US\"},{\"@type\":\"ImageObject\",\"inLanguage\":\"en-US\",\"@id\":\"https:\/\/www.visit-ulcinj.com\/blog\/2016\/07\/12\/sastanak-cungua-za-prevazilazenje-problema-tokom-turisticke-sezone\/#primaryimage\",\"url\":\"https:\/\/www.visit-ulcinj.com\/blog\/wp-content\/uploads\/2016\/07\/Nazif-Cungu-me-Kollaborator-.jpg\",\"contentUrl\":\"https:\/\/www.visit-ulcinj.com\/blog\/wp-content\/uploads\/2016\/07\/Nazif-Cungu-me-Kollaborator-.jpg\",\"width\":752,\"height\":498},{\"@type\":\"WebPage\",\"@id\":\"https:\/\/www.visit-ulcinj.com\/blog\/2016\/07\/12\/sastanak-cungua-za-prevazilazenje-problema-tokom-turisticke-sezone\/#webpage\",\"url\":\"https:\/\/www.visit-ulcinj.com\/blog\/2016\/07\/12\/sastanak-cungua-za-prevazilazenje-problema-tokom-turisticke-sezone\/\",\"name\":\"Sastanak Cungua za prevazila\u017eenje problema tokom turisti\u010dke sezone - Lajme nga Ulqini\",\"isPartOf\":{\"@id\":\"https:\/\/www.visit-ulcinj.com\/blog\/#website\"},\"primaryImageOfPage\":{\"@id\":\"https:\/\/www.visit-ulcinj.com\/blog\/2016\/07\/12\/sastanak-cungua-za-prevazilazenje-problema-tokom-turisticke-sezone\/#primaryimage\"},\"datePublished\":\"2016-07-12T13:44:27+00:00\",\"dateModified\":\"2016-07-12T13:44:27+00:00\",\"author\":{\"@id\":\"https:\/\/www.visit-ulcinj.com\/blog\/#\/schema\/person\/dcab619c614d3038751c63bc2aadc06d\"},\"description\":\"Predsjednik Op\u0161tine Ulcinj, Nazif Cungu sa saradnicima je danas imao sastanak sa vlasnicima ugostiteljskih objekata na Pristanu I predstavnicima mjesnih\",\"breadcrumb\":{\"@id\":\"https:\/\/www.visit-ulcinj.com\/blog\/2016\/07\/12\/sastanak-cungua-za-prevazilazenje-problema-tokom-turisticke-sezone\/#breadcrumb\"},\"inLanguage\":\"en-US\",\"potentialAction\":[{\"@type\":\"ReadAction\",\"target\":[\"https:\/\/www.visit-ulcinj.com\/blog\/2016\/07\/12\/sastanak-cungua-za-prevazilazenje-problema-tokom-turisticke-sezone\/\"]}]},{\"@type\":\"BreadcrumbList\",\"@id\":\"https:\/\/www.visit-ulcinj.com\/blog\/2016\/07\/12\/sastanak-cungua-za-prevazilazenje-problema-tokom-turisticke-sezone\/#breadcrumb\",\"itemListElement\":[{\"@type\":\"ListItem\",\"position\":1,\"name\":\"Sastanak Cungua za prevazila\u017eenje problema tokom turisti\u010dke sezone\"}]},{\"@type\":\"Person\",\"@id\":\"https:\/\/www.visit-ulcinj.com\/blog\/#\/schema\/person\/dcab619c614d3038751c63bc2aadc06d\",\"name\":\"ulqini\",\"sameAs\":[\"http:\/\/www.visit-ulcinj.com\"],\"url\":\"https:\/\/www.visit-ulcinj.com\/blog\/author\/admin\/\"}]}<\/script>\n<!-- \/ Yoast SEO plugin. -->","yoast_head_json":{"title":"Sastanak Cungua za prevazila\u017eenje problema tokom turisti\u010dke sezone - Lajme nga Ulqini","description":"Predsjednik Op\u0161tine Ulcinj, Nazif Cungu sa saradnicima je danas imao sastanak sa vlasnicima ugostiteljskih objekata na Pristanu I predstavnicima mjesnih","robots":{"index":"index","follow":"follow","max-snippet":"max-snippet:-1","max-image-preview":"max-image-preview:large","max-video-preview":"max-video-preview:-1"},"canonical":"https:\/\/www.visit-ulcinj.com\/blog\/2016\/07\/12\/sastanak-cungua-za-prevazilazenje-problema-tokom-turisticke-sezone\/","og_locale":"en_US","og_type":"article","og_title":"Sastanak Cungua za prevazila\u017eenje problema tokom turisti\u010dke sezone - Lajme nga Ulqini","og_description":"Predsjednik Op\u0161tine Ulcinj, Nazif Cungu sa saradnicima je danas imao sastanak sa vlasnicima ugostiteljskih objekata na Pristanu I predstavnicima mjesnih","og_url":"https:\/\/www.visit-ulcinj.com\/blog\/2016\/07\/12\/sastanak-cungua-za-prevazilazenje-problema-tokom-turisticke-sezone\/","og_site_name":"Lajme nga Ulqini","article_published_time":"2016-07-12T13:44:27+00:00","og_image":[{"url":"http:\/\/www.visit-ulcinj.com\/blog\/wp-content\/uploads\/2016\/07\/Nazif-Cungu-me-Kollaborator-.jpg"}],"twitter_misc":{"Written by":"ulqini","Est. reading time":"1 minute"},"schema":{"@context":"https:\/\/schema.org","@graph":[{"@type":"WebSite","@id":"https:\/\/www.visit-ulcinj.com\/blog\/#website","url":"https:\/\/www.visit-ulcinj.com\/blog\/","name":"Lajme nga Ulqini","description":"Lajme,Vijesti,Ulqini,Ulqin,Crna Gora,Mali i Zi","potentialAction":[{"@type":"SearchAction","target":{"@type":"EntryPoint","urlTemplate":"https:\/\/www.visit-ulcinj.com\/blog\/?s={search_term_string}"},"query-input":"required name=search_term_string"}],"inLanguage":"en-US"},{"@type":"ImageObject","inLanguage":"en-US","@id":"https:\/\/www.visit-ulcinj.com\/blog\/2016\/07\/12\/sastanak-cungua-za-prevazilazenje-problema-tokom-turisticke-sezone\/#primaryimage","url":"https:\/\/www.visit-ulcinj.com\/blog\/wp-content\/uploads\/2016\/07\/Nazif-Cungu-me-Kollaborator-.jpg","contentUrl":"https:\/\/www.visit-ulcinj.com\/blog\/wp-content\/uploads\/2016\/07\/Nazif-Cungu-me-Kollaborator-.jpg","width":752,"height":498},{"@type":"WebPage","@id":"https:\/\/www.visit-ulcinj.com\/blog\/2016\/07\/12\/sastanak-cungua-za-prevazilazenje-problema-tokom-turisticke-sezone\/#webpage","url":"https:\/\/www.visit-ulcinj.com\/blog\/2016\/07\/12\/sastanak-cungua-za-prevazilazenje-problema-tokom-turisticke-sezone\/","name":"Sastanak Cungua za prevazila\u017eenje problema tokom turisti\u010dke sezone - Lajme nga Ulqini","isPartOf":{"@id":"https:\/\/www.visit-ulcinj.com\/blog\/#website"},"primaryImageOfPage":{"@id":"https:\/\/www.visit-ulcinj.com\/blog\/2016\/07\/12\/sastanak-cungua-za-prevazilazenje-problema-tokom-turisticke-sezone\/#primaryimage"},"datePublished":"2016-07-12T13:44:27+00:00","dateModified":"2016-07-12T13:44:27+00:00","author":{"@id":"https:\/\/www.visit-ulcinj.com\/blog\/#\/schema\/person\/dcab619c614d3038751c63bc2aadc06d"},"description":"Predsjednik Op\u0161tine Ulcinj, Nazif Cungu sa saradnicima je danas imao sastanak sa vlasnicima ugostiteljskih objekata na Pristanu I predstavnicima mjesnih","breadcrumb":{"@id":"https:\/\/www.visit-ulcinj.com\/blog\/2016\/07\/12\/sastanak-cungua-za-prevazilazenje-problema-tokom-turisticke-sezone\/#breadcrumb"},"inLanguage":"en-US","potentialAction":[{"@type":"ReadAction","target":["https:\/\/www.visit-ulcinj.com\/blog\/2016\/07\/12\/sastanak-cungua-za-prevazilazenje-problema-tokom-turisticke-sezone\/"]}]},{"@type":"BreadcrumbList","@id":"https:\/\/www.visit-ulcinj.com\/blog\/2016\/07\/12\/sastanak-cungua-za-prevazilazenje-problema-tokom-turisticke-sezone\/#breadcrumb","itemListElement":[{"@type":"ListItem","position":1,"name":"Sastanak Cungua za prevazila\u017eenje problema tokom turisti\u010dke sezone"}]},{"@type":"Person","@id":"https:\/\/www.visit-ulcinj.com\/blog\/#\/schema\/person\/dcab619c614d3038751c63bc2aadc06d","name":"ulqini","sameAs":["http:\/\/www.visit-ulcinj.com"],"url":"https:\/\/www.visit-ulcinj.com\/blog\/author\/admin\/"}]}},"jetpack_featured_media_url":"","jetpack_sharing_enabled":true,"jetpack_shortlink":"https:\/\/wp.me\/pe6lTn-pz5","_links":{"self":[{"href":"https:\/\/www.visit-ulcinj.com\/blog\/wp-json\/wp\/v2\/posts\/98275"}],"collection":[{"href":"https:\/\/www.visit-ulcinj.com\/blog\/wp-json\/wp\/v2\/posts"}],"about":[{"href":"https:\/\/www.visit-ulcinj.com\/blog\/wp-json\/wp\/v2\/types\/post"}],"author":[{"embeddable":true,"href":"https:\/\/www.visit-ulcinj.com\/blog\/wp-json\/wp\/v2\/users\/1"}],"replies":[{"embeddable":true,"href":"https:\/\/www.visit-ulcinj.com\/blog\/wp-json\/wp\/v2\/comments?post=98275"}],"version-history":[{"count":1,"href":"https:\/\/www.visit-ulcinj.com\/blog\/wp-json\/wp\/v2\/posts\/98275\/revisions"}],"predecessor-version":[{"id":98276,"href":"https:\/\/www.visit-ulcinj.com\/blog\/wp-json\/wp\/v2\/posts\/98275\/revisions\/98276"}],"wp:attachment":[{"href":"https:\/\/www.visit-ulcinj.com\/blog\/wp-json\/wp\/v2\/media?parent=98275"}],"wp:term":[{"taxonomy":"category","embeddable":true,"href":"https:\/\/www.visit-ulcinj.com\/blog\/wp-json\/wp\/v2\/categories?post=98275"},{"taxonomy":"post_tag","embeddable":true,"href":"https:\/\/www.visit-ulcinj.com\/blog\/wp-json\/wp\/v2\/tags?post=98275"}],"curies":[{"name":"wp","href":"https:\/\/api.w.org\/{rel}","templated":true}]}}