{"id":98287,"date":"2016-07-12T17:22:14","date_gmt":"2016-07-12T16:22:14","guid":{"rendered":"http:\/\/www.visit-ulcinj.com\/blog\/?p=98287"},"modified":"2016-07-12T18:39:17","modified_gmt":"2016-07-12T17:39:17","slug":"protestuan-se-foli-shqip-ja-si-u-pergjigjet-ilir-meta-deputeteve-pro-serbe","status":"publish","type":"post","link":"https:\/\/www.visit-ulcinj.com\/blog\/2016\/07\/12\/protestuan-se-foli-shqip-ja-si-u-pergjigjet-ilir-meta-deputeteve-pro-serbe\/","title":{"rendered":"Protestuan se foli shqip, ja si u p\u00ebrgjigjet Ilir Meta deputet\u00ebve pro-serb\u00eb"},"content":{"rendered":"<p><a href=\"http:\/\/www.visit-ulcinj.com\/blog\/wp-content\/uploads\/2016\/07\/Ilir-Meta-ne-parlamentin-e-Malit-te-Zi.jpg\"><img loading=\"lazy\" class=\"alignleft wp-image-98288\" src=\"http:\/\/www.visit-ulcinj.com\/blog\/wp-content\/uploads\/2016\/07\/Ilir-Meta-ne-parlamentin-e-Malit-te-Zi.jpg\" alt=\"Ilir-Meta-ne-parlamentin e Malit-te-Zi\" width=\"508\" height=\"404\" srcset=\"https:\/\/www.visit-ulcinj.com\/blog\/wp-content\/uploads\/2016\/07\/Ilir-Meta-ne-parlamentin-e-Malit-te-Zi.jpg 640w, https:\/\/www.visit-ulcinj.com\/blog\/wp-content\/uploads\/2016\/07\/Ilir-Meta-ne-parlamentin-e-Malit-te-Zi-300x239.jpg 300w\" sizes=\"(max-width: 508px) 100vw, 508px\" \/><\/a>Kryetari i Kuvendit te Shqip\u00ebris\u00eb Ilir Meta duke folur ne Parlamentin e Malit t\u00eb Zi n\u00eb fjalimin e par\u00eb n\u00eb gjuhen shqipe n\u00eb Mal t\u00eb Zi, p\u00ebr mikpritjen q\u00eb populli malazez tregoi ndaj qytetar\u00ebve t\u00eb Kosov\u00ebs gjat\u00eb kriz\u00ebs s\u00eb luft\u00ebs, ju drejtua edhe disa deputeteve pro-serbe t\u00eb opozit\u00ebs qe protestuan kund\u00ebr Kosov\u00ebs gjat\u00eb vizit\u00ebs s\u00eb Met\u00ebs n\u00eb Podgoric\u00eb.<span id=\"more-590754\"><\/span><\/p>\n<p>Kreu i Kuvendit, Ilir Meta tha se Shqip\u00ebria \u00ebsht\u00eb e angazhuar p\u00ebr klim\u00eb bashk\u00ebpunimi n\u00eb rajon.<\/p>\n<p>\u201cP\u00ebr sa i p\u00ebrket mesazhit q\u00eb disa deputet\u00eb t\u00eb opozit\u00ebs dhan\u00eb me rastin e vizit\u00ebs time k\u00ebtu n\u00eb Mal t\u00eb Zi, kam edhe un\u00eb nj\u00eb mesazh p\u00ebr ta nga Parlamenti i Malit t\u00eb Zi, duke i siguruar ata se ne jemi t\u00eb p\u00ebrqendruar p\u00ebr t\u00eb punuar se bashku p\u00ebr t\u00eb ardhmen e rajonit ton\u00eb dhe me t\u00eb gjith\u00eb vendet e rajonit dhe padyshim edhe me Serbin\u00eb. Me k\u00ebt\u00eb rast dua t\u00eb thekson se \u00e7do dit\u00eb marr\u00ebdh\u00ebniet e Shqip\u00ebris\u00eb me Serbin\u00eb p\u00ebrparojn\u00eb dhe njohin progres t\u00eb admiruesh\u00ebm.<\/p>\n<p>Ne jemi t\u00eb angazhuar q\u00eb n\u00eb pak vite ti \u00e7ojm\u00eb marr\u00ebdh\u00ebniet e Shqip\u00ebris\u00eb me Serbin\u00eb n\u00eb at\u00eb nivel t\u00eb shk\u00eblqyer q\u00eb jan\u00eb mes Shqip\u00ebris\u00eb dhe Malit t\u00eb Zi. Sepse vet\u00ebm n\u00eb k\u00ebt\u00eb m\u00ebnyr\u00eb mund t\u00eb garantojm\u00eb nj\u00eb t\u00eb ardhme t\u00eb sigurt t\u00eb qytetareve tan\u00eb e t\u00eb gjith\u00eb vendeve tona n\u00eb rajon\u201d,- tha Ilir Meta.<\/p>\n<p>LAJMI FUNDIT.AL<\/p>\n<p><a href=\"http:\/\/www.visit-ulcinj.com\/blog\/wp-content\/uploads\/2016\/07\/Ilir-Meta-ne-parlamentin-e-Malit-te-Zi-1.jpg\"><img loading=\"lazy\" class=\"alignleft wp-image-98313\" src=\"http:\/\/www.visit-ulcinj.com\/blog\/wp-content\/uploads\/2016\/07\/Ilir-Meta-ne-parlamentin-e-Malit-te-Zi-1.jpg\" alt=\"Ilir-Meta-ne-parlamentin e Malit-te-Zi-1\" width=\"508\" height=\"339\" srcset=\"https:\/\/www.visit-ulcinj.com\/blog\/wp-content\/uploads\/2016\/07\/Ilir-Meta-ne-parlamentin-e-Malit-te-Zi-1.jpg 999w, https:\/\/www.visit-ulcinj.com\/blog\/wp-content\/uploads\/2016\/07\/Ilir-Meta-ne-parlamentin-e-Malit-te-Zi-1-300x200.jpg 300w, https:\/\/www.visit-ulcinj.com\/blog\/wp-content\/uploads\/2016\/07\/Ilir-Meta-ne-parlamentin-e-Malit-te-Zi-1-768x512.jpg 768w\" sizes=\"(max-width: 508px) 100vw, 508px\" \/><\/a><\/p>\n<p><strong>Kryetari i Kuvendit t\u00eb Shqip\u00ebris\u00eb z. Ilir Meta u prit sot nga Presidenti i Parlamentit t\u00eb Malit t\u00eb Zi z. Darko Pajovic<\/strong><\/p>\n<p>N\u00eb kuad\u00ebr t\u00eb vizit\u00ebs s\u00eb tij zyrtare n\u00eb vendin fqinj, Kryetari i Kuvendit t\u00eb Shqip\u00ebris\u00eb, z. Ilir Meta, i cili shoq\u00ebrohej prej Kryetares s\u00eb Komisionit t\u00eb Jasht\u00ebm, znj. Arta Dade dhe prej Kryetarit t\u00eb Grupit Parlamentar t\u00eb Miq\u00ebsis\u00eb, z. Paulin Sterkaj, u prit sot n\u00eb Podgoric\u00eb nga Presidenti i Parlamentit t\u00eb Malit t\u00eb Zi, z. Darko Pajovic.<\/p>\n<p>Dy kryeparlamentar\u00ebt Meta e Pajovic vler\u00ebsuan cil\u00ebsin\u00eb e shk\u00eblqyer t\u00eb shk\u00ebmbimeve e marr\u00ebdh\u00ebnieve politike e nd\u00ebrparlamentare mes dy vendeve dhe ndan\u00eb bindjen se n\u00eb kuad\u00ebr t\u00eb proceseve integruese euro-atlantike, dy parlamentet duhet ta intensifikojn\u00eb bashk\u00ebpunimin e tyre edhe m\u00eb tej.<\/p>\n<p>Z. Pajovic shprehu mir\u00ebnjohjen p\u00ebr pjes\u00ebmarrjen e tij n\u00eb Tiran\u00eb n\u00eb seanc\u00ebn parlamentare t\u00eb ratifikimit t\u00eb protokollit t\u00eb aderimit t\u00eb Malit t\u00eb Zi n\u00eb Traktatin e Atlantikut Verior nga Kuvendi i Shqip\u00ebris\u00eb m\u00eb 23 qershor, nd\u00ebrkoh\u00eb q\u00eb z. Meta vler\u00ebsoi instalimin e sistemit t\u00eb p\u00ebrkthimit simultan t\u00eb gjuh\u00ebve shqipe e malazeze n\u00eb Parlamentin e Malit t\u00eb Zi si nj\u00eb shenj\u00eb e qart\u00eb e v\u00ebmendjes q\u00eb autoritetet malazeze tregojn\u00eb ndaj pakic\u00ebs nacionale autentike shqiptare n\u00eb vendin fqinj.<\/p>\n<p>Duke evidentuar rolin vendimtar t\u00eb shqiptar\u00ebve n\u00eb momente ky\u00e7e shtetformuese e integruese euro-atlantike p\u00ebr Malin e Zi, Kryetari i Kuvendit Meta solli n\u00eb v\u00ebmendje nevoj\u00ebn p\u00ebr gjetjen e zgjidhjeve konkrete t\u00eb disa k\u00ebrkesave t\u00eb pakic\u00ebs shqiptare t\u00eb Malit t\u00eb Zi q\u00eb lidhen me decentralizimin e pushtetit lokal n\u00eb Tuz, me shfryt\u00ebzimin e resurseve natyrore p\u00ebr nevojat buxhetore t\u00eb komunave lokale apo me ligjin e t\u00eb mirave detare p\u00ebr Ulqinin si dhe t\u00eb \u00e7\u00ebshtjeve q\u00eb lidhen me p\u00ebrdorimin e simboleve komb\u00ebtare dhe gjuh\u00ebs amtare shqipe.<\/p>\n<p>Z. Meta u shpreh se Shqip\u00ebria i mb\u00ebshtet k\u00ebrkesat legjitime t\u00eb pakic\u00ebs shqiptare q\u00eb forcojn\u00eb m\u00eb tej demokracin\u00eb e Malit t\u00eb Zi dhe nj\u00ebkoh\u00ebsisht theksoi se Kuvendi i Shqip\u00ebris\u00eb \u00ebsht\u00eb i ndjesh\u00ebm p\u00ebr sa i p\u00ebrket t\u00eb drejtave e k\u00ebrkesave t\u00eb pakic\u00ebs malazeze n\u00eb Shqip\u00ebri. N\u00eb k\u00ebt\u00eb kuad\u00ebr, z. Meta shprehu angazhimin e tij p\u00ebr t\u00eb mir\u00ebpritur n\u00eb Kuvend nj\u00eb p\u00ebrfaq\u00ebsi t\u00eb k\u00ebsaj pakice me vullnetin e sinqert\u00eb p\u00ebr t\u2019iu p\u00ebrgjigjur objektivisht k\u00ebrkesave e nevojave t\u00eb tyre, sipas standardeve bashk\u00ebkohore evropiane.<\/p>\n<p>Z. Meta e Z. Pajovic vler\u00ebsuan gjithashtu edhe pasurit\u00eb e p\u00ebrbashk\u00ebta natyrore dhe theksuan r\u00ebnd\u00ebsin\u00eb e projekteve t\u00eb p\u00ebrbashk\u00ebta nd\u00ebrkufitare n\u00eb mbrojtje t\u00eb mjedisit dhe n\u00eb mb\u00ebshtetje t\u00eb zhvillimit t\u00eb paketave eko-turistike t\u00eb p\u00ebrbashk\u00ebta.<\/p>\n<p>Pas takimit, Kryetari i Kuvendit, z. Ilir Meta mbajti nj\u00eb fjal\u00eb p\u00ebrsh\u00ebndet\u00ebse n\u00eb Parlamentin e Malit t\u00eb Zi ku i pranish\u00ebm ishte edhe Sekretari i P\u00ebrgjithsh\u00ebm i OSBE-s\u00eb, Lamberto Zannier.<\/p>\n<p><strong>Fjala e Plot\u00eb e Kryetarit t\u00eb Kuvendit, z. Ilir Meta n\u00eb Parlamentin e Malit t\u00eb Zi<\/strong><\/p>\n<p>I nderuar President i Parlamentit t\u00eb Malit t\u00eb Zi z. Pajovic,<br \/>\nT\u00eb nderuar deputet\u00eb,<br \/>\nI nderuar Sekretar i P\u00ebrgjithsh\u00ebm i OSBE, z. Zannier,<\/p>\n<p>Shk\u00eblqesi Ambasador\u00eb, t\u00eb dashur miq,<\/p>\n<p>Para s\u00eb gjithash, m\u00eb lejoni t\u2019ju fal\u00ebnderoj nga zemra p\u00ebr k\u00ebt\u00eb pritje kaq t\u00eb ngroht\u00eb q\u00eb na keni rezervuar k\u00ebtu n\u00eb Podgoric\u00eb.<\/p>\n<p>Nj\u00eb fal\u00ebnderim t\u00eb ve\u00e7ant\u00eb p\u00ebr kolegun tim z. Darko Pajovic p\u00ebr kthimin e ftes\u00ebs n\u00eb vendin mik t\u00eb Malit t\u00eb Zi, vet\u00ebm tre jave pas vizit\u00ebs s\u00eb tij n\u00eb Tiran\u00eb.<\/p>\n<p>P\u00ebr mua personalisht, \u00ebsht\u00eb nj\u00eb k\u00ebnaq\u00ebsi e jasht\u00ebzakonshme q\u00eb m\u00eb jepet mund\u00ebsia dhe nderi t\u00eb mbaj fjalimin e par\u00eb n\u00eb gjuh\u00ebn shqipe k\u00ebtu n\u00eb Parlamentin e Malit t\u00eb Zi, n\u00eb p\u00ebrurim t\u00eb sistemit t\u00eb p\u00ebrkthimit t\u00eb p\u00ebrhersh\u00ebm simultan n\u00eb gjuh\u00ebt shqipe dhe malazeze (dhe anasjelltas) i cili do t\u00eb p\u00ebrdoret gjat\u00eb zhvillimit t\u00eb seancave parlamentare n\u00eb Malin e Zi.<\/p>\n<p>Ky \u00ebsht\u00eb nj\u00eb hap vizionar dometh\u00ebn\u00ebs, ndaj n\u00eb em\u00ebr t\u00eb Kuvendit t\u00eb Shqip\u00ebris\u00eb dua t\u2019ju fal\u00ebnderoj p\u00ebr realizimin e vizionit tuaj p\u00ebr nj\u00eb Mal t\u00eb Zi sa m\u00eb modern e t\u00eb integruar n\u00eb strukturat euro-atlantike.<\/p>\n<p>Fal\u00ebnderoj gjithashtu grupimin e partive shqiptare t\u00eb Malit t\u00eb Zi, t\u00eb cilat n\u00eb p\u00ebrputhje me Kushtetut\u00ebn tuaj bazuan k\u00ebrkes\u00ebn e tyre p\u00ebr p\u00ebrdorimin e gjuh\u00ebs shqipe n\u00eb Parlamentin e Malit t\u00eb Zi.<\/p>\n<p>T\u00eb dashur miq,<\/p>\n<p>Ne i \u00e7mojm\u00eb si t\u00eb shk\u00eblqyera marr\u00ebdh\u00ebniet q\u00eb ne kemi nd\u00ebrtuar me fqinjin ton\u00eb Malin e Zi, t\u00eb cilat jan\u00eb model i fqinj\u00ebsis\u00eb s\u00eb mir\u00eb dhe t\u00eb mbar\u00ebvajtjes s\u00eb marr\u00ebdh\u00ebnieve n\u00eb rajonin ton\u00eb.<\/p>\n<p>Ju keni realisht nj\u00eb vend t\u00eb mrekulluesh\u00ebm, t\u00eb cilin e kemi fort p\u00ebr zem\u00ebr, dhe besoj se e vini re nga fluksi i jasht\u00ebzakonsh\u00ebm i vizitor\u00ebve nga Shqip\u00ebria, jo vet\u00ebm n\u00eb Budva, Ulqin, Kotor, por edhe n\u00eb Kolashin, Zhablak dhe Podgoric\u00eb.<\/p>\n<p>Miq\u00ebsia historike dhe lidhjet e natyrshme q\u00eb ekzistojn\u00eb mes dy popujve tan\u00eb jan\u00eb nj\u00eb shembull p\u00ebr t\u00eb gjith\u00eb rajonin, dhe p\u00ebr k\u00ebt\u00eb duhet t\u00eb ndjehemi krenar\u00eb.<\/p>\n<p>Shqip\u00ebria dhe Mali i Zi ndjehen edhe m\u00eb af\u00ebr nj\u00ebri-tjetrit, jo vet\u00ebm prej gjeografis\u00eb q\u00eb na bashkon, por edhe fal\u00eb pakic\u00ebs shqiptare k\u00ebtu, e cila na lidh edhe m\u00eb fort, si nj\u00eb ur\u00eb solide miq\u00ebsie e bashk\u00ebpunimi.<\/p>\n<p>Shqip\u00ebria e vler\u00ebson maksimalisht zhvillimin e jasht\u00ebzakonsh\u00ebm demokratik e social t\u00eb Malit t\u00eb Zi gjat\u00eb k\u00ebtyre viteve t\u00eb fundit.<\/p>\n<p>N\u00eb m\u00ebnyr\u00eb t\u00eb ve\u00e7ant\u00eb d\u00ebshiroj t\u00eb ve\u00e7oj progresin tuaj n\u00eb rrug\u00ebn euro-atlantike, axhend\u00eb t\u00eb cil\u00ebn Shqip\u00ebria e mb\u00ebshtet fort dhe pa asnj\u00eb rezerv\u00eb.<\/p>\n<p>N\u00eb mb\u00ebshtetje t\u00eb qart\u00eb t\u00eb k\u00ebsaj perspektive, Kuvendi i Shqip\u00ebris\u00eb miratoi m\u00eb 23 qershor me konsensus t\u00eb plot\u00eb ratifikimin e protokollit t\u00eb Traktatit t\u00eb Atlantikut Verior p\u00ebr aderimin e Malit t\u00eb Zi n\u00eb NATO, si\u00e7 e kishim premtuar edhe gjat\u00eb takimit t\u00eb ngroht\u00eb q\u00eb pat\u00ebm me Kryeministrin Gjukanovi\u00e7 muajin e m\u00ebparsh\u00ebm n\u00eb Tiran\u00eb, n\u00eb kuad\u00ebr t\u00eb Asambles\u00eb Parlamentare t\u00eb NATO-s.<\/p>\n<p>Ne gjykojm\u00eb se aderimi i Malit t\u00eb Zi n\u00eb NATO si dhe avancimi drejt p\u00ebrfundimit pa vonesa t\u00eb proceseve integruese euro-atlantike p\u00ebr t\u00eb gjith\u00eb vendet e rajonit ton\u00eb, jan\u00eb ky\u00e7e p\u00ebr forcimin e perspektiv\u00ebs s\u00eb paqes dhe stabilitetit p\u00ebr gjith\u00eb Evrop\u00ebn Juglindore.<\/p>\n<p>K\u00ebtu, progresi i b\u00ebr\u00eb prej Malit t\u00eb Zi, \u00ebsht\u00eb nj\u00eb kontribut substancial q\u00eb duhet \u00e7muar prej t\u00eb gjith\u00eb fqinj\u00ebve dhe vendeve te rajonit tone.<\/p>\n<p>N\u00eb k\u00ebt\u00eb drejtim, bashk\u00ebpunimi dhe miq\u00ebsia shqiptaro-malazeze jan\u00eb tejet t\u00eb r\u00ebnd\u00ebsishme p\u00ebr stabilitetin e rajonit.<\/p>\n<p>Ndaj dhe kemi diskutuar me kolegun Pajovic si n\u00eb Tiran\u00eb, por edhe sot k\u00ebtu n\u00eb Podgoric\u00eb, se bashk\u00ebpunimi mes dy parlamenteve tona duhet t\u2019i sh\u00ebrbej\u00eb edhe me tej dhe m\u00eb konkretisht rritjes s\u00eb cil\u00ebsis\u00eb s\u00eb bashk\u00ebpunimit mes dy qeverive respektive, ve\u00e7an\u00ebrisht n\u00eb kuad\u00ebr t\u00eb procesit t\u00eb integrimit evropian t\u00eb t\u00eb dy vendeve.<\/p>\n<p>N\u00eb k\u00ebt\u00eb kuad\u00ebr, ne besojm\u00eb se nj\u00eb Ballkan t\u00ebr\u00ebsisht i integruar n\u00eb Bashkimin Evropian dhe n\u00eb NATO \u00ebsht\u00eb zgjidhja p\u00ebrfundimtare e problematik\u00ebs q\u00eb trash\u00ebgojm\u00eb nga e kaluara.<\/p>\n<p>N\u00eb k\u00ebt\u00eb kuad\u00ebr, ne kemi mb\u00ebshtetur proceset integruese rajonale t\u00eb t\u00eb gjith\u00eb fqinj\u00ebve tan\u00eb dhe n\u00eb ve\u00e7anti zbatimin e marr\u00ebveshjes mes Serbis\u00eb dhe Kosov\u00ebs si dhe p\u00ebrpjekjet p\u00ebr normalizimin e marr\u00ebdh\u00ebnieve mes tyre, i cili i sh\u00ebrben mir\u00ebqenies, zhvillimit ekonomik e siguris\u00eb t\u00eb t\u00eb gjith\u00eb vendeve dhe popujve tan\u00eb.<\/p>\n<p>K\u00ebtu m\u00eb lejoni t\u00eb shpreh mir\u00ebnjohjen p\u00ebr gatishm\u00ebrin\u00eb e Malit t\u00eb Zi jo vet\u00ebm n\u00eb ruajtjen e harmonis\u00eb nd\u00ebretnike, por edhe n\u00eb njohjen e realiteteve politike n\u00eb rajon, si\u00e7 ka qen\u00eb njohja e Shtetit t\u00eb Kosov\u00ebs, t\u00eb cil\u00ebn ne e vler\u00ebsojm\u00eb maksimalisht.<\/p>\n<p>Me k\u00ebt\u00eb rast dua t\u2019ju siguroj se shqiptar\u00ebt n\u00eb rajon e n\u00eb t\u00eb gjith\u00eb bot\u00ebn asnj\u00ebher\u00eb nuk do ta harrojn\u00eb mikpritjen dhe bes\u00ebn e Malit t\u00eb Zi ndaj mij\u00ebra e mij\u00ebra shqiptar\u00ebve t\u00eb Kosov\u00ebs t\u00eb d\u00ebbuar n\u00eb pranver\u00ebn e vitit 1999 t\u00eb cil\u00ebt gjet\u00ebn mikpritjen dhe bujarin\u00eb tuaj k\u00ebtu n\u00eb Mal te Zi.<\/p>\n<p>Nd\u00ebrsa p\u00ebr mesazhin q\u00eb nj\u00eb pjes\u00eb e deputet\u00ebve t\u00eb opozit\u00ebs tuaj k\u00ebtu dhan\u00eb me rastin e vizit\u00ebs time, dua edhe un\u00eb t\u2019u jap nj\u00eb mesazh nga Parlamenti i Malit te Zi, duke i siguruar ata se ne jemi t\u00eb p\u00ebrqendruar p\u00ebr t\u00eb punuar s\u00eb bashku p\u00ebr t\u00eb ardhmen e rajonit ton\u00eb dhe me t\u00eb gjith\u00eb vendet e rajonit, dhe padyshim edhe me Serbin\u00eb.<\/p>\n<p>Me k\u00ebt\u00eb rast dua t\u00eb theksoj se \u00e7do dit\u00eb marr\u00ebdh\u00ebniet e Shqip\u00ebris\u00eb me Serbin\u00eb p\u00ebrparojn\u00eb dhe njohin progres t\u00eb admiruesh\u00ebm.<\/p>\n<p>Ne jemi t\u00eb angazhuar q\u00eb mund\u00ebsisht n\u00eb pak vite, t\u2019i \u00e7ojm\u00eb marr\u00ebdh\u00ebniet e Shqip\u00ebris\u00eb me Serbin\u00eb n\u00eb at\u00eb nivel t\u00eb shk\u00eblqyer q\u00eb ekzistojn\u00eb mes Shqip\u00ebris\u00eb dhe Malit t\u00eb Zi. Sepse vet\u00ebm n\u00eb k\u00ebt\u00eb m\u00ebnyr\u00eb mund t\u00eb garantojm\u00eb nj\u00eb t\u00eb ardhme t\u00eb sigurt t\u00eb qytetar\u00ebve tan\u00eb n\u00eb t\u00eb gjith\u00eb vendet e rajonit ton\u00eb.<\/p>\n<p>Por duke patur n\u00eb konsiderat\u00eb potencialin e projekteve rajonale ku t\u00eb dy vendet tona jan\u00eb ky\u00e7e, mendoj se shum\u00eb m\u00eb tep\u00ebr mund t\u00eb b\u00ebhet nga t\u00eb dy an\u00ebt.<\/p>\n<p>Autostrada Adriatiko-Joniane apo Korridori Blu, si dhe zgjerimi i Gazsjell\u00ebsit TAP p\u00ebrmes deg\u00ebzimit IAP drejt Malit t\u00eb Zi e m\u00eb tej n\u00eb Kroaci e n\u00eb Bosnj\u00eb, jan\u00eb dy prej k\u00ebtyre projekteve madhore t\u00eb nd\u00ebrlidhjes rajonale me r\u00ebnd\u00ebsi strategjike p\u00ebr t\u00eb dy vendet tona.<\/p>\n<p>Po k\u00ebshtu p\u00ebrve\u00e7 detit Adriatik q\u00eb ne e ndajm\u00eb s\u00eb bashku edhe me fqinj t\u00eb tjer\u00eb, Shqip\u00ebria dhe Mali i Zi kan\u00eb disa resurse t\u00eb jasht\u00ebzakonshme unike, si\u00e7 \u00ebsht\u00eb Liqeni i Shkodr\u00ebs, Lumi i Bun\u00ebs, Lumi i Cemit, Alpet dhe Bjeshk\u00ebt e Nemuna, ku angazhimi yn\u00eb i p\u00ebrbashk\u00ebt p\u00ebr ruajtjen, mbrojtjen, zhvillimin dhe mir\u00ebmenaxhimin e tyre n\u00eb interes t\u00eb mir\u00ebqenies s\u00eb qytetar\u00ebve tan\u00eb, mbetet shume i r\u00ebnd\u00ebsish\u00ebm p\u00ebr t\u00eb ardhmen.<\/p>\n<p>Ne e vler\u00ebsojm\u00eb v\u00ebmendjen q\u00eb i kushtohet t\u00eb drejtave t\u00eb shqiptar\u00ebve nga autoritetet malazeze dhe inkurajojm\u00eb progresin e m\u00ebtejsh\u00ebm n\u00eb k\u00ebt\u00eb drejtim, ashtu si\u00e7 inkurajojm\u00eb vazhdimisht pjes\u00ebmarrjen kontribuuese dhe konstruktive t\u00eb shqiptar\u00ebve n\u00eb t\u00eb gjith\u00eb jet\u00ebn institucionale dhe politike t\u00eb Malit t\u00eb Zi.<\/p>\n<p>Ne jemi krenar\u00eb p\u00ebr kontributin e jasht\u00ebzakonsh\u00ebm t\u00eb shqiptar\u00ebve t\u00eb Malit t\u00eb Zi p\u00ebr pavar\u00ebsin\u00eb e vendit tuaj dhe p\u00ebr forcimin e shtetit t\u00eb Malit t\u00eb Zi si nj\u00eb shtet demokratik, evropian dhe euro-atlantik.<\/p>\n<p>P\u00ebrdorimi i gjuh\u00ebs shqipe k\u00ebtu n\u00eb parlamentin tuaj, \u00ebsht\u00eb shenj\u00eb e qart\u00eb e r\u00ebnd\u00ebsis\u00eb q\u00eb ju i kushtoni k\u00ebrkesave t\u00eb k\u00ebsaj popullsie autoktone.<\/p>\n<p>Por mendoj se ka ende hap\u00ebsir\u00eb jo vet\u00ebm p\u00ebr t\u00eb p\u00ebrmir\u00ebsuar standardet e jetes\u00ebs s\u00eb pakic\u00ebs shqiptare p\u00ebr nj\u00eb bashk\u00ebjetes\u00eb m\u00eb solide dhe demokratike. Ka ardhur koha q\u00eb si miq t\u00eb flasim m\u00eb hapur dhe t\u00eb veprojm\u00eb p\u00ebrmes nj\u00eb vullneti te qarte e konkret me qellim q\u00eb premtimet e dh\u00ebna t\u00eb japin rezultate t\u00eb prekshme n\u00eb terren.<\/p>\n<p>K\u00ebtu m\u00eb lejoni t\u00eb theksoj nevoj\u00ebn e decentralizimit t\u00eb pushtetit lokal, nj\u00eb k\u00ebrkes\u00eb ve\u00e7an\u00ebrisht e r\u00ebnd\u00ebsishme kjo p\u00ebr komunat me shumic\u00eb shqiptare.<\/p>\n<p>Kjo do t\u00eb mund\u00ebsonte q\u00eb resurset natyrore lokale t\u00eb shfryt\u00ebzohen n\u00eb nj\u00eb m\u00ebnyr\u00eb m\u00eb t\u00eb drejte dhe m\u00eb direkte p\u00ebr t\u00eb ardhurat dhe buxhetin e projekteve dhe pushtetit lokal n\u00eb k\u00ebto komuna.<\/p>\n<p>Vlen t\u00eb p\u00ebrmenden k\u00ebtu \u00e7\u00ebshtjet e t\u00eb drejtave t\u00eb pron\u00ebsis\u00eb dhe zbatimi i drejt\u00eb i ligjit t\u00eb t\u00eb mirave detare p\u00ebr Ulqinin, n\u00eb at\u00eb form\u00eb q\u00eb aplikohet edhe p\u00ebr komunat e tjera t\u00eb bregdetit tuaj t\u00eb mrekulluesh\u00ebm.<\/p>\n<p>P\u00ebr sa i p\u00ebrket p\u00ebrdorimit t\u00eb gjuh\u00ebs amtare dhe simboleve komb\u00ebtare, mendoj se mbishkrimet n\u00eb vise me shumic\u00eb shqiptare mund t\u00eb jen\u00eb edhe m\u00eb t\u00eb dukshme n\u00eb gjuh\u00ebn shqipe, nd\u00ebrkoh\u00eb q\u00eb flamuri shqiptar mund t\u00eb jet\u00eb i pranish\u00ebm n\u00eb institucione shtet\u00ebrore me seli n\u00eb komuna me shumic\u00eb shqiptare, p\u00ebrkrah flamurit shtet\u00ebror komb\u00ebtar t\u00eb Malit t\u00eb Zi.<\/p>\n<p>Duke marr\u00eb n\u00eb konsiderat\u00eb faktin q\u00eb shqiptaret jan\u00eb nj\u00eb pakic\u00eb nacionale specifike fal\u00eb identitetit t\u00eb tyre t\u00eb ve\u00e7ant\u00eb, ky identitet kulturor q\u00eb t\u00eb ruhet dhe t\u00eb \u00e7mohet si nj\u00eb pasuri komb\u00ebtare nga shteti malazez, si nj\u00eb element autokton i vendit tuaj.<\/p>\n<p>Dua gjithashtu t\u00eb b\u00ebj t\u00eb qart\u00eb se kontributi i madh i shqiptareve t\u00eb Malit t\u00eb Zi n\u00eb momentet tuaja vendimtare shtetformuese, si dhe mb\u00ebshtetja e plot\u00eb p\u00ebr proceset evropiane dhe euro-atlantike kan\u00eb qen\u00eb plot p\u00ebrkushtim dhe vendosm\u00ebri.<\/p>\n<p>Ka patur dilema n\u00eb t\u00eb kaluar\u00ebn p\u00ebr sa i p\u00ebrket statusit t\u00eb komun\u00ebs s\u00eb Tuzit, si qend\u00ebr e Mal\u00ebsis\u00eb. Por sot jam pak m\u00eb i qart\u00eb edhe nga bisedimet q\u00eb kemi zhvilluar, se Tuzi duhet t\u00eb jet\u00eb komune e pavarur, por duke ruajtur edhe disa lidhje me Podgoric\u00ebn p\u00ebr t\u00eb synuar nj\u00eb zhvillim t\u00eb sigurt social dhe ekonomik n\u00eb t\u00eb mir\u00eb t\u00eb qytetar\u00ebve.<\/p>\n<p>Nj\u00ebkoh\u00ebsisht ju siguroj se jemi t\u00eb ndjesh\u00ebm p\u00ebrsa i p\u00ebrket t\u00eb drejtave dhe k\u00ebrkesave t\u00eb pakic\u00ebs malazeze n\u00eb Shqip\u00ebri, p\u00ebrfaq\u00ebsimin e s\u00eb cil\u00ebs ne po e shikojm\u00eb t\u00eb lidhur me p\u00ebrmir\u00ebsimin e kuadrit ligjor n\u00eb Shqip\u00ebri, n\u00eb p\u00ebrmbushje edhe t\u00eb detyrimeve ndaj Bashkimit Evropian.<\/p>\n<p>Ndaj i kam premtuar edhe Kryetarit t\u00eb Parlamentit z. Pajovic si dhe interlokutor\u00ebve malazez\u00eb sot se s\u00eb shpejti do t\u00eb presim n\u00eb Parlamentin ton\u00eb nj\u00eb p\u00ebrfaq\u00ebsi t\u00eb k\u00ebtij komuniteti dhe do t\u00eb p\u00ebrpiqemi t\u00eb shohim objektivisht si t\u00eb p\u00ebrmbushim k\u00ebrkesat e tyre legjitime sipas standardeve m\u00eb bashk\u00ebkohore evropiane n\u00eb m\u00ebnyr\u00eb q\u00eb ata t\u00eb ndjehen krenar\u00eb p\u00ebr identitetin e tyre komb\u00ebtar e kulturor.<\/p>\n<p>T\u00eb nderuar deputet\u00eb te Parlamentit te Malit te Zi,<\/p>\n<p>I t\u00ebr\u00eb kontinenti evropian, po kalon p\u00ebrmes sfidash t\u00eb forta ekonomike, sociale e politike.<\/p>\n<p>Ne si politikan\u00eb kemi nj\u00eb p\u00ebrgjegj\u00ebsi t\u00eb ve\u00e7ant\u00eb n\u00eb vendet tona respektive p\u00ebr ruajtjen e forcimin e stabilitetit dhe sidomos te siguris\u00eb p\u00ebr popujt tan\u00eb n\u00eb k\u00ebto koh\u00eb t\u00eb v\u00ebshtira.<\/p>\n<p>Nuk duhet t\u00eb harrojm\u00eb se n\u00eb rajonin ton\u00eb t\u00eb Ballkanit, t\u00eb gjith\u00eb popujt e kombet diku jan\u00eb shumic\u00eb, e diku jan\u00eb pakic\u00eb. Ndaj e vetmja zgjidhje p\u00ebr t\u00eb gjith\u00eb ne, \u00ebsht\u00eb t\u00eb zbatojm\u00eb t\u00eb nj\u00ebjtat standarde p\u00ebr pakicat dhe minoritetet n\u00eb vendet tona.<\/p>\n<p>Ndaj besoj se forca jon\u00eb e t\u00eb ardhmes gjendet n\u00eb zhvillimin e institucioneve demokratike, n\u00eb heqjen e barrierave dhe n\u00eb shmangien e paragjykimeve, t\u00eb cilat sjellin konflikte, izolim e prapambetje.<\/p>\n<p>N\u00eb k\u00ebt\u00eb bot\u00eb globale, konkurrenca nuk b\u00ebhet m\u00eb mes fqinj\u00ebve por mes rajoneve, dhe vendet tona modeste duhet t\u00eb jen\u00eb t\u00eb nd\u00ebrgjegjsh\u00ebm se vet\u00ebm p\u00ebrmes bashk\u00ebpunimit dhe t\u00eb bashkuar mund t\u2019i fitojm\u00eb sfidat gjithnj\u00eb e m\u00eb t\u00eb v\u00ebshtira t\u00eb s\u00eb ardhmes.<\/p>\n<p>Dua t\u2019ju siguroj se fuqizimi i Malit t\u00eb Zi si shtet demokratik, evropian dhe euro-atlantik \u00ebsht\u00eb nj\u00eb interes komb\u00ebtar i yni, i shqiptar\u00ebve.<\/p>\n<p>Ndaj duke u ndjer\u00eb i nderuar q\u00eb flas n\u00eb Parlamentin tuaj pik\u00ebrisht nj\u00eb dit\u00eb p\u00ebrpara fest\u00ebs tuaj shtet\u00ebrore t\u00eb 13 korrikut, i uroj suksese Parlamentit t\u00eb Malit t\u00eb Zi, suksese popullit t\u00eb Malit t\u00eb Zi, i uroj suksese shtetit tuaj n\u00eb rrug\u00ebn e forcimit, t\u00eb konsolidimit dhe t\u00eb evropianizimit t\u00eb m\u00ebtejsh\u00ebm t\u00eb tij.<\/p>\n<p>Parlamenti.AL<\/p>\n","protected":false},"excerpt":{"rendered":"<p>Kryetari i Kuvendit te Shqip\u00ebris\u00eb Ilir Meta duke folur ne Parlamentin e Malit t\u00eb Zi n\u00eb fjalimin e par\u00eb n\u00eb gjuhen shqipe n\u00eb Mal t\u00eb Zi, p\u00ebr mikpritjen q\u00eb populli malazez tregoi ndaj qytetar\u00ebve t\u00eb Kosov\u00ebs gjat\u00eb kriz\u00ebs s\u00eb luft\u00ebs, ju drejtua edhe disa deputeteve pro-serbe t\u00eb opozit\u00ebs qe protestuan kund\u00ebr Kosov\u00ebs gjat\u00eb vizit\u00ebs s\u00eb [&hellip;]<\/p>\n","protected":false},"author":1,"featured_media":0,"comment_status":"closed","ping_status":"closed","sticky":false,"template":"","format":"standard","meta":{"spay_email":"","jetpack_publicize_message":"","jetpack_is_tweetstorm":false,"jetpack_publicize_feature_enabled":true},"categories":[6950],"tags":[],"jetpack_publicize_connections":[],"yoast_head":"<!-- This site is optimized with the Yoast SEO plugin v19.1 - https:\/\/yoast.com\/wordpress\/plugins\/seo\/ -->\n<title>Protestuan se foli shqip, ja si u p\u00ebrgjigjet Ilir Meta deputet\u00ebve pro-serb\u00eb - Lajme nga Ulqini<\/title>\n<meta name=\"description\" content=\"Kryetari i Kuvendit te Shqip\u00ebris\u00eb Ilir Meta duke folur ne Parlamentin e Malit t\u00eb Zi n\u00eb fjalimin e par\u00eb n\u00eb gjuhen shqipe n\u00eb Mal t\u00eb Zi, p\u00ebr mikpritjen q\u00eb\" \/>\n<meta name=\"robots\" content=\"index, follow, max-snippet:-1, max-image-preview:large, max-video-preview:-1\" \/>\n<link rel=\"canonical\" href=\"https:\/\/www.visit-ulcinj.com\/blog\/2016\/07\/12\/protestuan-se-foli-shqip-ja-si-u-pergjigjet-ilir-meta-deputeteve-pro-serbe\/\" \/>\n<meta property=\"og:locale\" content=\"en_US\" \/>\n<meta property=\"og:type\" content=\"article\" \/>\n<meta property=\"og:title\" content=\"Protestuan se foli shqip, ja si u p\u00ebrgjigjet Ilir Meta deputet\u00ebve pro-serb\u00eb - Lajme nga Ulqini\" \/>\n<meta property=\"og:description\" content=\"Kryetari i Kuvendit te Shqip\u00ebris\u00eb Ilir Meta duke folur ne Parlamentin e Malit t\u00eb Zi n\u00eb fjalimin e par\u00eb n\u00eb gjuhen shqipe n\u00eb Mal t\u00eb Zi, p\u00ebr mikpritjen q\u00eb\" \/>\n<meta property=\"og:url\" content=\"https:\/\/www.visit-ulcinj.com\/blog\/2016\/07\/12\/protestuan-se-foli-shqip-ja-si-u-pergjigjet-ilir-meta-deputeteve-pro-serbe\/\" \/>\n<meta property=\"og:site_name\" content=\"Lajme nga Ulqini\" \/>\n<meta property=\"article:published_time\" content=\"2016-07-12T16:22:14+00:00\" \/>\n<meta property=\"article:modified_time\" content=\"2016-07-12T17:39:17+00:00\" \/>\n<meta property=\"og:image\" content=\"http:\/\/www.visit-ulcinj.com\/blog\/wp-content\/uploads\/2016\/07\/Ilir-Meta-ne-parlamentin-e-Malit-te-Zi.jpg\" \/>\n<meta name=\"twitter:label1\" content=\"Written by\" \/>\n\t<meta name=\"twitter:data1\" content=\"ulqini\" \/>\n\t<meta name=\"twitter:label2\" content=\"Est. reading time\" \/>\n\t<meta name=\"twitter:data2\" content=\"15 minutes\" \/>\n<script type=\"application\/ld+json\" class=\"yoast-schema-graph\">{\"@context\":\"https:\/\/schema.org\",\"@graph\":[{\"@type\":\"WebSite\",\"@id\":\"https:\/\/www.visit-ulcinj.com\/blog\/#website\",\"url\":\"https:\/\/www.visit-ulcinj.com\/blog\/\",\"name\":\"Lajme nga Ulqini\",\"description\":\"Lajme,Vijesti,Ulqini,Ulqin,Crna Gora,Mali i Zi\",\"potentialAction\":[{\"@type\":\"SearchAction\",\"target\":{\"@type\":\"EntryPoint\",\"urlTemplate\":\"https:\/\/www.visit-ulcinj.com\/blog\/?s={search_term_string}\"},\"query-input\":\"required name=search_term_string\"}],\"inLanguage\":\"en-US\"},{\"@type\":\"ImageObject\",\"inLanguage\":\"en-US\",\"@id\":\"https:\/\/www.visit-ulcinj.com\/blog\/2016\/07\/12\/protestuan-se-foli-shqip-ja-si-u-pergjigjet-ilir-meta-deputeteve-pro-serbe\/#primaryimage\",\"url\":\"https:\/\/www.visit-ulcinj.com\/blog\/wp-content\/uploads\/2016\/07\/Ilir-Meta-ne-parlamentin-e-Malit-te-Zi.jpg\",\"contentUrl\":\"https:\/\/www.visit-ulcinj.com\/blog\/wp-content\/uploads\/2016\/07\/Ilir-Meta-ne-parlamentin-e-Malit-te-Zi.jpg\",\"width\":640,\"height\":509},{\"@type\":\"WebPage\",\"@id\":\"https:\/\/www.visit-ulcinj.com\/blog\/2016\/07\/12\/protestuan-se-foli-shqip-ja-si-u-pergjigjet-ilir-meta-deputeteve-pro-serbe\/#webpage\",\"url\":\"https:\/\/www.visit-ulcinj.com\/blog\/2016\/07\/12\/protestuan-se-foli-shqip-ja-si-u-pergjigjet-ilir-meta-deputeteve-pro-serbe\/\",\"name\":\"Protestuan se foli shqip, ja si u p\u00ebrgjigjet Ilir Meta deputet\u00ebve pro-serb\u00eb - Lajme nga Ulqini\",\"isPartOf\":{\"@id\":\"https:\/\/www.visit-ulcinj.com\/blog\/#website\"},\"primaryImageOfPage\":{\"@id\":\"https:\/\/www.visit-ulcinj.com\/blog\/2016\/07\/12\/protestuan-se-foli-shqip-ja-si-u-pergjigjet-ilir-meta-deputeteve-pro-serbe\/#primaryimage\"},\"datePublished\":\"2016-07-12T16:22:14+00:00\",\"dateModified\":\"2016-07-12T17:39:17+00:00\",\"author\":{\"@id\":\"https:\/\/www.visit-ulcinj.com\/blog\/#\/schema\/person\/dcab619c614d3038751c63bc2aadc06d\"},\"description\":\"Kryetari i Kuvendit te Shqip\u00ebris\u00eb Ilir Meta duke folur ne Parlamentin e Malit t\u00eb Zi n\u00eb fjalimin e par\u00eb n\u00eb gjuhen shqipe n\u00eb Mal t\u00eb Zi, p\u00ebr mikpritjen q\u00eb\",\"breadcrumb\":{\"@id\":\"https:\/\/www.visit-ulcinj.com\/blog\/2016\/07\/12\/protestuan-se-foli-shqip-ja-si-u-pergjigjet-ilir-meta-deputeteve-pro-serbe\/#breadcrumb\"},\"inLanguage\":\"en-US\",\"potentialAction\":[{\"@type\":\"ReadAction\",\"target\":[\"https:\/\/www.visit-ulcinj.com\/blog\/2016\/07\/12\/protestuan-se-foli-shqip-ja-si-u-pergjigjet-ilir-meta-deputeteve-pro-serbe\/\"]}]},{\"@type\":\"BreadcrumbList\",\"@id\":\"https:\/\/www.visit-ulcinj.com\/blog\/2016\/07\/12\/protestuan-se-foli-shqip-ja-si-u-pergjigjet-ilir-meta-deputeteve-pro-serbe\/#breadcrumb\",\"itemListElement\":[{\"@type\":\"ListItem\",\"position\":1,\"name\":\"Protestuan se foli shqip, ja si u p\u00ebrgjigjet Ilir Meta deputet\u00ebve pro-serb\u00eb\"}]},{\"@type\":\"Person\",\"@id\":\"https:\/\/www.visit-ulcinj.com\/blog\/#\/schema\/person\/dcab619c614d3038751c63bc2aadc06d\",\"name\":\"ulqini\",\"sameAs\":[\"http:\/\/www.visit-ulcinj.com\"],\"url\":\"https:\/\/www.visit-ulcinj.com\/blog\/author\/admin\/\"}]}<\/script>\n<!-- \/ Yoast SEO plugin. -->","yoast_head_json":{"title":"Protestuan se foli shqip, ja si u p\u00ebrgjigjet Ilir Meta deputet\u00ebve pro-serb\u00eb - Lajme nga Ulqini","description":"Kryetari i Kuvendit te Shqip\u00ebris\u00eb Ilir Meta duke folur ne Parlamentin e Malit t\u00eb Zi n\u00eb fjalimin e par\u00eb n\u00eb gjuhen shqipe n\u00eb Mal t\u00eb Zi, p\u00ebr mikpritjen q\u00eb","robots":{"index":"index","follow":"follow","max-snippet":"max-snippet:-1","max-image-preview":"max-image-preview:large","max-video-preview":"max-video-preview:-1"},"canonical":"https:\/\/www.visit-ulcinj.com\/blog\/2016\/07\/12\/protestuan-se-foli-shqip-ja-si-u-pergjigjet-ilir-meta-deputeteve-pro-serbe\/","og_locale":"en_US","og_type":"article","og_title":"Protestuan se foli shqip, ja si u p\u00ebrgjigjet Ilir Meta deputet\u00ebve pro-serb\u00eb - Lajme nga Ulqini","og_description":"Kryetari i Kuvendit te Shqip\u00ebris\u00eb Ilir Meta duke folur ne Parlamentin e Malit t\u00eb Zi n\u00eb fjalimin e par\u00eb n\u00eb gjuhen shqipe n\u00eb Mal t\u00eb Zi, p\u00ebr mikpritjen q\u00eb","og_url":"https:\/\/www.visit-ulcinj.com\/blog\/2016\/07\/12\/protestuan-se-foli-shqip-ja-si-u-pergjigjet-ilir-meta-deputeteve-pro-serbe\/","og_site_name":"Lajme nga Ulqini","article_published_time":"2016-07-12T16:22:14+00:00","article_modified_time":"2016-07-12T17:39:17+00:00","og_image":[{"url":"http:\/\/www.visit-ulcinj.com\/blog\/wp-content\/uploads\/2016\/07\/Ilir-Meta-ne-parlamentin-e-Malit-te-Zi.jpg"}],"twitter_misc":{"Written by":"ulqini","Est. reading time":"15 minutes"},"schema":{"@context":"https:\/\/schema.org","@graph":[{"@type":"WebSite","@id":"https:\/\/www.visit-ulcinj.com\/blog\/#website","url":"https:\/\/www.visit-ulcinj.com\/blog\/","name":"Lajme nga Ulqini","description":"Lajme,Vijesti,Ulqini,Ulqin,Crna Gora,Mali i Zi","potentialAction":[{"@type":"SearchAction","target":{"@type":"EntryPoint","urlTemplate":"https:\/\/www.visit-ulcinj.com\/blog\/?s={search_term_string}"},"query-input":"required name=search_term_string"}],"inLanguage":"en-US"},{"@type":"ImageObject","inLanguage":"en-US","@id":"https:\/\/www.visit-ulcinj.com\/blog\/2016\/07\/12\/protestuan-se-foli-shqip-ja-si-u-pergjigjet-ilir-meta-deputeteve-pro-serbe\/#primaryimage","url":"https:\/\/www.visit-ulcinj.com\/blog\/wp-content\/uploads\/2016\/07\/Ilir-Meta-ne-parlamentin-e-Malit-te-Zi.jpg","contentUrl":"https:\/\/www.visit-ulcinj.com\/blog\/wp-content\/uploads\/2016\/07\/Ilir-Meta-ne-parlamentin-e-Malit-te-Zi.jpg","width":640,"height":509},{"@type":"WebPage","@id":"https:\/\/www.visit-ulcinj.com\/blog\/2016\/07\/12\/protestuan-se-foli-shqip-ja-si-u-pergjigjet-ilir-meta-deputeteve-pro-serbe\/#webpage","url":"https:\/\/www.visit-ulcinj.com\/blog\/2016\/07\/12\/protestuan-se-foli-shqip-ja-si-u-pergjigjet-ilir-meta-deputeteve-pro-serbe\/","name":"Protestuan se foli shqip, ja si u p\u00ebrgjigjet Ilir Meta deputet\u00ebve pro-serb\u00eb - Lajme nga Ulqini","isPartOf":{"@id":"https:\/\/www.visit-ulcinj.com\/blog\/#website"},"primaryImageOfPage":{"@id":"https:\/\/www.visit-ulcinj.com\/blog\/2016\/07\/12\/protestuan-se-foli-shqip-ja-si-u-pergjigjet-ilir-meta-deputeteve-pro-serbe\/#primaryimage"},"datePublished":"2016-07-12T16:22:14+00:00","dateModified":"2016-07-12T17:39:17+00:00","author":{"@id":"https:\/\/www.visit-ulcinj.com\/blog\/#\/schema\/person\/dcab619c614d3038751c63bc2aadc06d"},"description":"Kryetari i Kuvendit te Shqip\u00ebris\u00eb Ilir Meta duke folur ne Parlamentin e Malit t\u00eb Zi n\u00eb fjalimin e par\u00eb n\u00eb gjuhen shqipe n\u00eb Mal t\u00eb Zi, p\u00ebr mikpritjen q\u00eb","breadcrumb":{"@id":"https:\/\/www.visit-ulcinj.com\/blog\/2016\/07\/12\/protestuan-se-foli-shqip-ja-si-u-pergjigjet-ilir-meta-deputeteve-pro-serbe\/#breadcrumb"},"inLanguage":"en-US","potentialAction":[{"@type":"ReadAction","target":["https:\/\/www.visit-ulcinj.com\/blog\/2016\/07\/12\/protestuan-se-foli-shqip-ja-si-u-pergjigjet-ilir-meta-deputeteve-pro-serbe\/"]}]},{"@type":"BreadcrumbList","@id":"https:\/\/www.visit-ulcinj.com\/blog\/2016\/07\/12\/protestuan-se-foli-shqip-ja-si-u-pergjigjet-ilir-meta-deputeteve-pro-serbe\/#breadcrumb","itemListElement":[{"@type":"ListItem","position":1,"name":"Protestuan se foli shqip, ja si u p\u00ebrgjigjet Ilir Meta deputet\u00ebve pro-serb\u00eb"}]},{"@type":"Person","@id":"https:\/\/www.visit-ulcinj.com\/blog\/#\/schema\/person\/dcab619c614d3038751c63bc2aadc06d","name":"ulqini","sameAs":["http:\/\/www.visit-ulcinj.com"],"url":"https:\/\/www.visit-ulcinj.com\/blog\/author\/admin\/"}]}},"jetpack_featured_media_url":"","jetpack_sharing_enabled":true,"jetpack_shortlink":"https:\/\/wp.me\/pe6lTn-pzh","_links":{"self":[{"href":"https:\/\/www.visit-ulcinj.com\/blog\/wp-json\/wp\/v2\/posts\/98287"}],"collection":[{"href":"https:\/\/www.visit-ulcinj.com\/blog\/wp-json\/wp\/v2\/posts"}],"about":[{"href":"https:\/\/www.visit-ulcinj.com\/blog\/wp-json\/wp\/v2\/types\/post"}],"author":[{"embeddable":true,"href":"https:\/\/www.visit-ulcinj.com\/blog\/wp-json\/wp\/v2\/users\/1"}],"replies":[{"embeddable":true,"href":"https:\/\/www.visit-ulcinj.com\/blog\/wp-json\/wp\/v2\/comments?post=98287"}],"version-history":[{"count":4,"href":"https:\/\/www.visit-ulcinj.com\/blog\/wp-json\/wp\/v2\/posts\/98287\/revisions"}],"predecessor-version":[{"id":98315,"href":"https:\/\/www.visit-ulcinj.com\/blog\/wp-json\/wp\/v2\/posts\/98287\/revisions\/98315"}],"wp:attachment":[{"href":"https:\/\/www.visit-ulcinj.com\/blog\/wp-json\/wp\/v2\/media?parent=98287"}],"wp:term":[{"taxonomy":"category","embeddable":true,"href":"https:\/\/www.visit-ulcinj.com\/blog\/wp-json\/wp\/v2\/categories?post=98287"},{"taxonomy":"post_tag","embeddable":true,"href":"https:\/\/www.visit-ulcinj.com\/blog\/wp-json\/wp\/v2\/tags?post=98287"}],"curies":[{"name":"wp","href":"https:\/\/api.w.org\/{rel}","templated":true}]}}