{"id":9829,"date":"2009-01-26T22:38:23","date_gmt":"2009-01-26T21:38:23","guid":{"rendered":"http:\/\/www.visit-ulcinj.com\/blog\/?p=9829"},"modified":"2009-01-26T22:38:27","modified_gmt":"2009-01-26T21:38:27","slug":"bardhi-predlaze-albansku-koaliciju","status":"publish","type":"post","link":"https:\/\/www.visit-ulcinj.com\/blog\/2009\/01\/26\/bardhi-predlaze-albansku-koaliciju\/","title":{"rendered":"Bardhi predla\u017ee albansku koaliciju"},"content":{"rendered":"<p><strong><a rel=\"attachment wp-att-9830\" href=\"http:\/\/www.visit-ulcinj.com\/blog\/2009\/01\/26\/bardhi-predlaze-albansku-koaliciju\/mehmet-bardhi-_\/\"><img loading=\"lazy\" class=\"alignleft size-full wp-image-9830\" title=\"mehmet-bardhi-_\" src=\"http:\/\/www.visit-ulcinj.com\/blog\/wp-content\/uploads\/2009\/01\/mehmet-bardhi-_.jpg\" alt=\"mehmet-bardhi-_\" width=\"317\" height=\"206\" \/><\/a>Demokratski savez voljan da inicira posebnu listu za martovske izbore<\/strong><br \/>\nLider Demokratskog saveza Albanaca Mehmed Bardhi saop\u0161tio je ju?e da je spreman da razgovara sa albanskim politi?kim subjektima o formiranju liste za vanredne parlamentarne izbore 29.marta.<br \/>\nU izjavi za &#8220;Dan&#8221;, on je napomenuo da jo\u0161 ni\u0161ta nije pokrenuto i da ?eka da se zavr\u0161i rasprava u parlamentu o skra?enju mandata poslanicima pa da onda u?e u proces.<br \/>\n&#8211; Najbolje bi bilo da cijela crnogorska opozicija sada bojkotuje izbore jer postoji plan da se organizuju pod sasvim nefer uslovima. Ali, po\u0161to je to malo realna opcija, sigurni smo da ?emo razmotriti u?e\u0161?e na izborima. Nipo\u0161to ne?emo pristati da budemo ukras na nekoj izbornoj listi &#8211; naglasio je Bardhi.<br \/>\nOn je najavio da ?e glasati protiv odluke o skra?enju mandata, navode?i da je to nepotrebno jer Vlada i parlament nijesu u krizi. Kako je naglasio, DS se zala\u017ee za vanredne izbore u decembru i njihovu organizaciju po novom izbornom zakonu koji je u skladu sa Ustavu.<br \/>\n&#8211; Ovako, sada se suo?avamo s vanrednim prijevremenim izborima. Prvobitno planirani za 2010. odre?eni su za kraj 2009. a sada treba da se dese u martu. Ne znam \u0161ta misle u DPS-u, ali znam da me?u albanskim subjektima zato treba voditi razgovore &#8211; kazao je Bardhi.<br \/>\nAlbanska alternativa saop\u0161tila je da nije razgovarala ni sa jednom strankom o u?e\u0161?u na izborma.<br \/>\n<strong>M.V.<\/p>\n<p>BS ne mogu da se slo\u017ee s kim ?e<\/strong><br \/>\nU Bo\u0161nja?koj stranci, koja pregovara sa DPS-om i opozicijom, nema odluke ?ija ?e ponuda biti prihva?ena, ali nam je saop\u0161teno da pregovara?ka grupa na ?elu sa poslanikom Amerom Halilovi?em poku\u0161ava da DPS, u ?ije ima sada pregovara politi?ki direktor Predrag Sekuli?, ubijedi da joj da dva mandata.<br \/>\nIstovremeno, BS pregovara i sa opozicijom a kona?nu rije? treba da daju partijski organi koji ?e zasjedati krajem sedmice.<br \/>\nPrema nezvani?nim informacijama iz vrha BS-a, u ovoj partiji su podijeljena mi\u0161ljenja oko toga s kim treba sklopiti savez za predstoje?e izbore.<br \/>\n<strong>M.V.<br \/>\nIzvor \/ Dan<\/strong><\/p>\n","protected":false},"excerpt":{"rendered":"<p>Demokratski savez voljan da inicira posebnu listu za martovske izbore Lider Demokratskog saveza Albanaca Mehmed Bardhi saop\u0161tio je ju?e da je spreman da razgovara sa albanskim politi?kim subjektima o formiranju liste za vanredne parlamentarne izbore 29.marta. U izjavi za &#8220;Dan&#8221;, on je napomenuo da jo\u0161 ni\u0161ta nije pokrenuto i da ?eka da se zavr\u0161i rasprava [&hellip;]<\/p>\n","protected":false},"author":1,"featured_media":0,"comment_status":"open","ping_status":"closed","sticky":false,"template":"","format":"standard","meta":{"spay_email":"","jetpack_publicize_message":"","jetpack_is_tweetstorm":false,"jetpack_publicize_feature_enabled":true},"categories":[5],"tags":[20,6117,19],"jetpack_publicize_connections":[],"yoast_head":"<!-- This site is optimized with the Yoast SEO plugin v19.1 - https:\/\/yoast.com\/wordpress\/plugins\/seo\/ -->\n<title>Bardhi predla\u017ee albansku koaliciju - Lajme nga Ulqini<\/title>\n<meta name=\"description\" content=\"Demokratski savez voljan da inicira posebnu listu za martovske izbore Lider Demokratskog saveza Albanaca Mehmed Bardhi saop\u0161tio je ju?e da je spreman da\" \/>\n<meta name=\"robots\" content=\"index, follow, max-snippet:-1, max-image-preview:large, max-video-preview:-1\" \/>\n<link rel=\"canonical\" href=\"https:\/\/www.visit-ulcinj.com\/blog\/2009\/01\/26\/bardhi-predlaze-albansku-koaliciju\/\" \/>\n<meta property=\"og:locale\" content=\"en_US\" \/>\n<meta property=\"og:type\" content=\"article\" \/>\n<meta property=\"og:title\" content=\"Bardhi predla\u017ee albansku koaliciju - Lajme nga Ulqini\" \/>\n<meta property=\"og:description\" content=\"Demokratski savez voljan da inicira posebnu listu za martovske izbore Lider Demokratskog saveza Albanaca Mehmed Bardhi saop\u0161tio je ju?e da je spreman da\" \/>\n<meta property=\"og:url\" content=\"https:\/\/www.visit-ulcinj.com\/blog\/2009\/01\/26\/bardhi-predlaze-albansku-koaliciju\/\" \/>\n<meta property=\"og:site_name\" content=\"Lajme nga Ulqini\" \/>\n<meta property=\"article:published_time\" content=\"2009-01-26T21:38:23+00:00\" \/>\n<meta property=\"article:modified_time\" content=\"2009-01-26T21:38:27+00:00\" \/>\n<meta property=\"og:image\" content=\"http:\/\/www.visit-ulcinj.com\/blog\/wp-content\/uploads\/2009\/01\/mehmet-bardhi-_.jpg\" \/>\n<meta name=\"twitter:label1\" content=\"Written by\" \/>\n\t<meta name=\"twitter:data1\" content=\"ulqini\" \/>\n\t<meta name=\"twitter:label2\" content=\"Est. reading time\" \/>\n\t<meta name=\"twitter:data2\" content=\"2 minutes\" \/>\n<script type=\"application\/ld+json\" class=\"yoast-schema-graph\">{\"@context\":\"https:\/\/schema.org\",\"@graph\":[{\"@type\":\"WebSite\",\"@id\":\"https:\/\/www.visit-ulcinj.com\/blog\/#website\",\"url\":\"https:\/\/www.visit-ulcinj.com\/blog\/\",\"name\":\"Lajme nga Ulqini\",\"description\":\"Lajme,Vijesti,Ulqini,Ulqin,Crna Gora,Mali i Zi\",\"potentialAction\":[{\"@type\":\"SearchAction\",\"target\":{\"@type\":\"EntryPoint\",\"urlTemplate\":\"https:\/\/www.visit-ulcinj.com\/blog\/?s={search_term_string}\"},\"query-input\":\"required name=search_term_string\"}],\"inLanguage\":\"en-US\"},{\"@type\":\"ImageObject\",\"inLanguage\":\"en-US\",\"@id\":\"https:\/\/www.visit-ulcinj.com\/blog\/2009\/01\/26\/bardhi-predlaze-albansku-koaliciju\/#primaryimage\",\"url\":\"https:\/\/www.visit-ulcinj.com\/blog\/wp-content\/uploads\/2009\/01\/mehmet-bardhi-_.jpg\",\"contentUrl\":\"https:\/\/www.visit-ulcinj.com\/blog\/wp-content\/uploads\/2009\/01\/mehmet-bardhi-_.jpg\",\"width\":\"279\",\"height\":\"181\"},{\"@type\":\"WebPage\",\"@id\":\"https:\/\/www.visit-ulcinj.com\/blog\/2009\/01\/26\/bardhi-predlaze-albansku-koaliciju\/#webpage\",\"url\":\"https:\/\/www.visit-ulcinj.com\/blog\/2009\/01\/26\/bardhi-predlaze-albansku-koaliciju\/\",\"name\":\"Bardhi predla\u017ee albansku koaliciju - Lajme nga Ulqini\",\"isPartOf\":{\"@id\":\"https:\/\/www.visit-ulcinj.com\/blog\/#website\"},\"primaryImageOfPage\":{\"@id\":\"https:\/\/www.visit-ulcinj.com\/blog\/2009\/01\/26\/bardhi-predlaze-albansku-koaliciju\/#primaryimage\"},\"datePublished\":\"2009-01-26T21:38:23+00:00\",\"dateModified\":\"2009-01-26T21:38:27+00:00\",\"author\":{\"@id\":\"https:\/\/www.visit-ulcinj.com\/blog\/#\/schema\/person\/dcab619c614d3038751c63bc2aadc06d\"},\"description\":\"Demokratski savez voljan da inicira posebnu listu za martovske izbore Lider Demokratskog saveza Albanaca Mehmed Bardhi saop\u0161tio je ju?e da je spreman da\",\"breadcrumb\":{\"@id\":\"https:\/\/www.visit-ulcinj.com\/blog\/2009\/01\/26\/bardhi-predlaze-albansku-koaliciju\/#breadcrumb\"},\"inLanguage\":\"en-US\",\"potentialAction\":[{\"@type\":\"ReadAction\",\"target\":[\"https:\/\/www.visit-ulcinj.com\/blog\/2009\/01\/26\/bardhi-predlaze-albansku-koaliciju\/\"]}]},{\"@type\":\"BreadcrumbList\",\"@id\":\"https:\/\/www.visit-ulcinj.com\/blog\/2009\/01\/26\/bardhi-predlaze-albansku-koaliciju\/#breadcrumb\",\"itemListElement\":[{\"@type\":\"ListItem\",\"position\":1,\"name\":\"Bardhi predla\u017ee albansku koaliciju\"}]},{\"@type\":\"Person\",\"@id\":\"https:\/\/www.visit-ulcinj.com\/blog\/#\/schema\/person\/dcab619c614d3038751c63bc2aadc06d\",\"name\":\"ulqini\",\"sameAs\":[\"http:\/\/www.visit-ulcinj.com\"],\"url\":\"https:\/\/www.visit-ulcinj.com\/blog\/author\/admin\/\"}]}<\/script>\n<!-- \/ Yoast SEO plugin. -->","yoast_head_json":{"title":"Bardhi predla\u017ee albansku koaliciju - Lajme nga Ulqini","description":"Demokratski savez voljan da inicira posebnu listu za martovske izbore Lider Demokratskog saveza Albanaca Mehmed Bardhi saop\u0161tio je ju?e da je spreman da","robots":{"index":"index","follow":"follow","max-snippet":"max-snippet:-1","max-image-preview":"max-image-preview:large","max-video-preview":"max-video-preview:-1"},"canonical":"https:\/\/www.visit-ulcinj.com\/blog\/2009\/01\/26\/bardhi-predlaze-albansku-koaliciju\/","og_locale":"en_US","og_type":"article","og_title":"Bardhi predla\u017ee albansku koaliciju - Lajme nga Ulqini","og_description":"Demokratski savez voljan da inicira posebnu listu za martovske izbore Lider Demokratskog saveza Albanaca Mehmed Bardhi saop\u0161tio je ju?e da je spreman da","og_url":"https:\/\/www.visit-ulcinj.com\/blog\/2009\/01\/26\/bardhi-predlaze-albansku-koaliciju\/","og_site_name":"Lajme nga Ulqini","article_published_time":"2009-01-26T21:38:23+00:00","article_modified_time":"2009-01-26T21:38:27+00:00","og_image":[{"url":"http:\/\/www.visit-ulcinj.com\/blog\/wp-content\/uploads\/2009\/01\/mehmet-bardhi-_.jpg"}],"twitter_misc":{"Written by":"ulqini","Est. reading time":"2 minutes"},"schema":{"@context":"https:\/\/schema.org","@graph":[{"@type":"WebSite","@id":"https:\/\/www.visit-ulcinj.com\/blog\/#website","url":"https:\/\/www.visit-ulcinj.com\/blog\/","name":"Lajme nga Ulqini","description":"Lajme,Vijesti,Ulqini,Ulqin,Crna Gora,Mali i Zi","potentialAction":[{"@type":"SearchAction","target":{"@type":"EntryPoint","urlTemplate":"https:\/\/www.visit-ulcinj.com\/blog\/?s={search_term_string}"},"query-input":"required name=search_term_string"}],"inLanguage":"en-US"},{"@type":"ImageObject","inLanguage":"en-US","@id":"https:\/\/www.visit-ulcinj.com\/blog\/2009\/01\/26\/bardhi-predlaze-albansku-koaliciju\/#primaryimage","url":"https:\/\/www.visit-ulcinj.com\/blog\/wp-content\/uploads\/2009\/01\/mehmet-bardhi-_.jpg","contentUrl":"https:\/\/www.visit-ulcinj.com\/blog\/wp-content\/uploads\/2009\/01\/mehmet-bardhi-_.jpg","width":"279","height":"181"},{"@type":"WebPage","@id":"https:\/\/www.visit-ulcinj.com\/blog\/2009\/01\/26\/bardhi-predlaze-albansku-koaliciju\/#webpage","url":"https:\/\/www.visit-ulcinj.com\/blog\/2009\/01\/26\/bardhi-predlaze-albansku-koaliciju\/","name":"Bardhi predla\u017ee albansku koaliciju - Lajme nga Ulqini","isPartOf":{"@id":"https:\/\/www.visit-ulcinj.com\/blog\/#website"},"primaryImageOfPage":{"@id":"https:\/\/www.visit-ulcinj.com\/blog\/2009\/01\/26\/bardhi-predlaze-albansku-koaliciju\/#primaryimage"},"datePublished":"2009-01-26T21:38:23+00:00","dateModified":"2009-01-26T21:38:27+00:00","author":{"@id":"https:\/\/www.visit-ulcinj.com\/blog\/#\/schema\/person\/dcab619c614d3038751c63bc2aadc06d"},"description":"Demokratski savez voljan da inicira posebnu listu za martovske izbore Lider Demokratskog saveza Albanaca Mehmed Bardhi saop\u0161tio je ju?e da je spreman da","breadcrumb":{"@id":"https:\/\/www.visit-ulcinj.com\/blog\/2009\/01\/26\/bardhi-predlaze-albansku-koaliciju\/#breadcrumb"},"inLanguage":"en-US","potentialAction":[{"@type":"ReadAction","target":["https:\/\/www.visit-ulcinj.com\/blog\/2009\/01\/26\/bardhi-predlaze-albansku-koaliciju\/"]}]},{"@type":"BreadcrumbList","@id":"https:\/\/www.visit-ulcinj.com\/blog\/2009\/01\/26\/bardhi-predlaze-albansku-koaliciju\/#breadcrumb","itemListElement":[{"@type":"ListItem","position":1,"name":"Bardhi predla\u017ee albansku koaliciju"}]},{"@type":"Person","@id":"https:\/\/www.visit-ulcinj.com\/blog\/#\/schema\/person\/dcab619c614d3038751c63bc2aadc06d","name":"ulqini","sameAs":["http:\/\/www.visit-ulcinj.com"],"url":"https:\/\/www.visit-ulcinj.com\/blog\/author\/admin\/"}]}},"jetpack_featured_media_url":"","jetpack_sharing_enabled":true,"jetpack_shortlink":"https:\/\/wp.me\/pe6lTn-2yx","_links":{"self":[{"href":"https:\/\/www.visit-ulcinj.com\/blog\/wp-json\/wp\/v2\/posts\/9829"}],"collection":[{"href":"https:\/\/www.visit-ulcinj.com\/blog\/wp-json\/wp\/v2\/posts"}],"about":[{"href":"https:\/\/www.visit-ulcinj.com\/blog\/wp-json\/wp\/v2\/types\/post"}],"author":[{"embeddable":true,"href":"https:\/\/www.visit-ulcinj.com\/blog\/wp-json\/wp\/v2\/users\/1"}],"replies":[{"embeddable":true,"href":"https:\/\/www.visit-ulcinj.com\/blog\/wp-json\/wp\/v2\/comments?post=9829"}],"version-history":[{"count":0,"href":"https:\/\/www.visit-ulcinj.com\/blog\/wp-json\/wp\/v2\/posts\/9829\/revisions"}],"wp:attachment":[{"href":"https:\/\/www.visit-ulcinj.com\/blog\/wp-json\/wp\/v2\/media?parent=9829"}],"wp:term":[{"taxonomy":"category","embeddable":true,"href":"https:\/\/www.visit-ulcinj.com\/blog\/wp-json\/wp\/v2\/categories?post=9829"},{"taxonomy":"post_tag","embeddable":true,"href":"https:\/\/www.visit-ulcinj.com\/blog\/wp-json\/wp\/v2\/tags?post=9829"}],"curies":[{"name":"wp","href":"https:\/\/api.w.org\/{rel}","templated":true}]}}