{"id":98305,"date":"2016-07-12T18:26:53","date_gmt":"2016-07-12T17:26:53","guid":{"rendered":"http:\/\/www.visit-ulcinj.com\/blog\/?p=98305"},"modified":"2016-07-12T18:27:55","modified_gmt":"2016-07-12T17:27:55","slug":"ledri-faleminderit-nene-shoqni-dhe-familje-faleminderi-ulqin","status":"publish","type":"post","link":"https:\/\/www.visit-ulcinj.com\/blog\/2016\/07\/12\/ledri-faleminderit-nene-shoqni-dhe-familje-faleminderi-ulqin\/","title":{"rendered":"Ledri &#8211; Faleminderit Nene, shoqni dhe familje, Faleminderi Ulqin"},"content":{"rendered":"<p><strong><a href=\"http:\/\/www.visit-ulcinj.com\/blog\/wp-content\/uploads\/2016\/07\/Ledri-Vula-.jpg\"><img loading=\"lazy\" class=\"alignleft wp-image-98306\" src=\"http:\/\/www.visit-ulcinj.com\/blog\/wp-content\/uploads\/2016\/07\/Ledri-Vula-.jpg\" alt=\"Ledri-Vula-\" width=\"508\" height=\"389\" \/><\/a>Befasia e mbr\u00ebmshme ia nxorri k\u00ebto fjal\u00eb Ledri Vul\u00ebs<\/strong><\/p>\n<p>Me rastin e 30 vjetorit t\u00eb lindjes, mbr\u00ebm\u00eb k\u00ebng\u00ebtari Ledri Vula morri nj\u00eb befasi shum\u00eb t\u00eb k\u00ebndshme<\/p>\n<p>N\u00eb vendin bregdetar, Ulqinin, n\u00ebna e tij Xheraldina Vula, mblodhi shoq\u00ebrin\u00eb e tij p\u00ebr ta befasuar djalin e saj t\u00eb vet\u00ebm p\u00ebr dit\u00ebn m\u00eb t\u00eb r\u00ebnd\u00ebsishme t\u00eb tij, at\u00eb t\u00eb lindjes, shkruan lajmi.net.<\/p>\n<p>Nga kjo surpriz\u00eb, e p\u00ebrcjellur me shum\u00eb ngjyra sigurisht Ledri u ndie shum\u00eb i vler\u00ebsur.<\/p>\n<p>Ai, n\u00ebp\u00ebrmjet nj\u00eb postimi, i ka mbledhur disa fjal\u00eb si shenj\u00eb falenderimi p\u00ebr organizator\u00ebt e ndej\u00ebs surpriz\u00eb, t\u00eb pranishmit, e ata q\u00eb e uruan.<\/p>\n<p>\u201cNje falenderim shume te madh per te gjith shoqnin dhe familjen qe ishit mbrem ne party-n surprize dhe mbi te gjitha faleminderit nenes,fejos edhe titit per organizimin me te mir naiher. Shum faleminderit te gjitheve per urimet qe me keni derguar dhe ma keni ber diten edhe me happy me dashurin qe ma keni fal. Peace and love! Ju dua\u201d, jan\u00eb fjal\u00ebt e k\u00ebng\u00ebtarit p\u00ebrkrah k\u00ebsaj fotografie.\/lajmi.net.<\/p>\n","protected":false},"excerpt":{"rendered":"<p>Befasia e mbr\u00ebmshme ia nxorri k\u00ebto fjal\u00eb Ledri Vul\u00ebs Me rastin e 30 vjetorit t\u00eb lindjes, mbr\u00ebm\u00eb k\u00ebng\u00ebtari Ledri Vula morri nj\u00eb befasi shum\u00eb t\u00eb k\u00ebndshme N\u00eb vendin bregdetar, Ulqinin, n\u00ebna e tij Xheraldina Vula, mblodhi shoq\u00ebrin\u00eb e tij p\u00ebr ta befasuar djalin e saj t\u00eb vet\u00ebm p\u00ebr dit\u00ebn m\u00eb t\u00eb r\u00ebnd\u00ebsishme t\u00eb tij, at\u00eb [&hellip;]<\/p>\n","protected":false},"author":1,"featured_media":0,"comment_status":"closed","ping_status":"closed","sticky":false,"template":"","format":"standard","meta":{"spay_email":"","jetpack_publicize_message":"","jetpack_is_tweetstorm":false,"jetpack_publicize_feature_enabled":true},"categories":[6950],"tags":[],"jetpack_publicize_connections":[],"yoast_head":"<!-- This site is optimized with the Yoast SEO plugin v19.1 - https:\/\/yoast.com\/wordpress\/plugins\/seo\/ -->\n<title>Ledri - Faleminderit Nene, shoqni dhe familje, Faleminderi Ulqin - Lajme nga Ulqini<\/title>\n<meta name=\"description\" content=\"Befasia e mbr\u00ebmshme ia nxorri k\u00ebto fjal\u00eb Ledri Vul\u00ebs Me rastin e 30 vjetorit t\u00eb lindjes, mbr\u00ebm\u00eb k\u00ebng\u00ebtari Ledri Vula morri nj\u00eb befasi shum\u00eb t\u00eb k\u00ebndshme N\u00eb\" \/>\n<meta name=\"robots\" content=\"index, follow, max-snippet:-1, max-image-preview:large, max-video-preview:-1\" \/>\n<link rel=\"canonical\" href=\"https:\/\/www.visit-ulcinj.com\/blog\/2016\/07\/12\/ledri-faleminderit-nene-shoqni-dhe-familje-faleminderi-ulqin\/\" \/>\n<meta property=\"og:locale\" content=\"en_US\" \/>\n<meta property=\"og:type\" content=\"article\" \/>\n<meta property=\"og:title\" content=\"Ledri - Faleminderit Nene, shoqni dhe familje, Faleminderi Ulqin - Lajme nga Ulqini\" \/>\n<meta property=\"og:description\" content=\"Befasia e mbr\u00ebmshme ia nxorri k\u00ebto fjal\u00eb Ledri Vul\u00ebs Me rastin e 30 vjetorit t\u00eb lindjes, mbr\u00ebm\u00eb k\u00ebng\u00ebtari Ledri Vula morri nj\u00eb befasi shum\u00eb t\u00eb k\u00ebndshme N\u00eb\" \/>\n<meta property=\"og:url\" content=\"https:\/\/www.visit-ulcinj.com\/blog\/2016\/07\/12\/ledri-faleminderit-nene-shoqni-dhe-familje-faleminderi-ulqin\/\" \/>\n<meta property=\"og:site_name\" content=\"Lajme nga Ulqini\" \/>\n<meta property=\"article:published_time\" content=\"2016-07-12T17:26:53+00:00\" \/>\n<meta property=\"article:modified_time\" content=\"2016-07-12T17:27:55+00:00\" \/>\n<meta property=\"og:image\" content=\"http:\/\/www.visit-ulcinj.com\/blog\/wp-content\/uploads\/2016\/07\/Ledri-Vula-.jpg\" \/>\n<meta name=\"twitter:label1\" content=\"Written by\" \/>\n\t<meta name=\"twitter:data1\" content=\"ulqini\" \/>\n\t<meta name=\"twitter:label2\" content=\"Est. reading time\" \/>\n\t<meta name=\"twitter:data2\" content=\"1 minute\" \/>\n<script type=\"application\/ld+json\" class=\"yoast-schema-graph\">{\"@context\":\"https:\/\/schema.org\",\"@graph\":[{\"@type\":\"WebSite\",\"@id\":\"https:\/\/www.visit-ulcinj.com\/blog\/#website\",\"url\":\"https:\/\/www.visit-ulcinj.com\/blog\/\",\"name\":\"Lajme nga Ulqini\",\"description\":\"Lajme,Vijesti,Ulqini,Ulqin,Crna Gora,Mali i Zi\",\"potentialAction\":[{\"@type\":\"SearchAction\",\"target\":{\"@type\":\"EntryPoint\",\"urlTemplate\":\"https:\/\/www.visit-ulcinj.com\/blog\/?s={search_term_string}\"},\"query-input\":\"required name=search_term_string\"}],\"inLanguage\":\"en-US\"},{\"@type\":\"ImageObject\",\"inLanguage\":\"en-US\",\"@id\":\"https:\/\/www.visit-ulcinj.com\/blog\/2016\/07\/12\/ledri-faleminderit-nene-shoqni-dhe-familje-faleminderi-ulqin\/#primaryimage\",\"url\":\"http:\/\/www.visit-ulcinj.com\/blog\/wp-content\/uploads\/2016\/07\/Ledri-Vula-.jpg\",\"contentUrl\":\"http:\/\/www.visit-ulcinj.com\/blog\/wp-content\/uploads\/2016\/07\/Ledri-Vula-.jpg\"},{\"@type\":\"WebPage\",\"@id\":\"https:\/\/www.visit-ulcinj.com\/blog\/2016\/07\/12\/ledri-faleminderit-nene-shoqni-dhe-familje-faleminderi-ulqin\/#webpage\",\"url\":\"https:\/\/www.visit-ulcinj.com\/blog\/2016\/07\/12\/ledri-faleminderit-nene-shoqni-dhe-familje-faleminderi-ulqin\/\",\"name\":\"Ledri - Faleminderit Nene, shoqni dhe familje, Faleminderi Ulqin - Lajme nga Ulqini\",\"isPartOf\":{\"@id\":\"https:\/\/www.visit-ulcinj.com\/blog\/#website\"},\"primaryImageOfPage\":{\"@id\":\"https:\/\/www.visit-ulcinj.com\/blog\/2016\/07\/12\/ledri-faleminderit-nene-shoqni-dhe-familje-faleminderi-ulqin\/#primaryimage\"},\"datePublished\":\"2016-07-12T17:26:53+00:00\",\"dateModified\":\"2016-07-12T17:27:55+00:00\",\"author\":{\"@id\":\"https:\/\/www.visit-ulcinj.com\/blog\/#\/schema\/person\/dcab619c614d3038751c63bc2aadc06d\"},\"description\":\"Befasia e mbr\u00ebmshme ia nxorri k\u00ebto fjal\u00eb Ledri Vul\u00ebs Me rastin e 30 vjetorit t\u00eb lindjes, mbr\u00ebm\u00eb k\u00ebng\u00ebtari Ledri Vula morri nj\u00eb befasi shum\u00eb t\u00eb k\u00ebndshme N\u00eb\",\"breadcrumb\":{\"@id\":\"https:\/\/www.visit-ulcinj.com\/blog\/2016\/07\/12\/ledri-faleminderit-nene-shoqni-dhe-familje-faleminderi-ulqin\/#breadcrumb\"},\"inLanguage\":\"en-US\",\"potentialAction\":[{\"@type\":\"ReadAction\",\"target\":[\"https:\/\/www.visit-ulcinj.com\/blog\/2016\/07\/12\/ledri-faleminderit-nene-shoqni-dhe-familje-faleminderi-ulqin\/\"]}]},{\"@type\":\"BreadcrumbList\",\"@id\":\"https:\/\/www.visit-ulcinj.com\/blog\/2016\/07\/12\/ledri-faleminderit-nene-shoqni-dhe-familje-faleminderi-ulqin\/#breadcrumb\",\"itemListElement\":[{\"@type\":\"ListItem\",\"position\":1,\"name\":\"Ledri &#8211; Faleminderit Nene, shoqni dhe familje, Faleminderi Ulqin\"}]},{\"@type\":\"Person\",\"@id\":\"https:\/\/www.visit-ulcinj.com\/blog\/#\/schema\/person\/dcab619c614d3038751c63bc2aadc06d\",\"name\":\"ulqini\",\"sameAs\":[\"http:\/\/www.visit-ulcinj.com\"],\"url\":\"https:\/\/www.visit-ulcinj.com\/blog\/author\/admin\/\"}]}<\/script>\n<!-- \/ Yoast SEO plugin. -->","yoast_head_json":{"title":"Ledri - Faleminderit Nene, shoqni dhe familje, Faleminderi Ulqin - Lajme nga Ulqini","description":"Befasia e mbr\u00ebmshme ia nxorri k\u00ebto fjal\u00eb Ledri Vul\u00ebs Me rastin e 30 vjetorit t\u00eb lindjes, mbr\u00ebm\u00eb k\u00ebng\u00ebtari Ledri Vula morri nj\u00eb befasi shum\u00eb t\u00eb k\u00ebndshme N\u00eb","robots":{"index":"index","follow":"follow","max-snippet":"max-snippet:-1","max-image-preview":"max-image-preview:large","max-video-preview":"max-video-preview:-1"},"canonical":"https:\/\/www.visit-ulcinj.com\/blog\/2016\/07\/12\/ledri-faleminderit-nene-shoqni-dhe-familje-faleminderi-ulqin\/","og_locale":"en_US","og_type":"article","og_title":"Ledri - Faleminderit Nene, shoqni dhe familje, Faleminderi Ulqin - Lajme nga Ulqini","og_description":"Befasia e mbr\u00ebmshme ia nxorri k\u00ebto fjal\u00eb Ledri Vul\u00ebs Me rastin e 30 vjetorit t\u00eb lindjes, mbr\u00ebm\u00eb k\u00ebng\u00ebtari Ledri Vula morri nj\u00eb befasi shum\u00eb t\u00eb k\u00ebndshme N\u00eb","og_url":"https:\/\/www.visit-ulcinj.com\/blog\/2016\/07\/12\/ledri-faleminderit-nene-shoqni-dhe-familje-faleminderi-ulqin\/","og_site_name":"Lajme nga Ulqini","article_published_time":"2016-07-12T17:26:53+00:00","article_modified_time":"2016-07-12T17:27:55+00:00","og_image":[{"url":"http:\/\/www.visit-ulcinj.com\/blog\/wp-content\/uploads\/2016\/07\/Ledri-Vula-.jpg"}],"twitter_misc":{"Written by":"ulqini","Est. reading time":"1 minute"},"schema":{"@context":"https:\/\/schema.org","@graph":[{"@type":"WebSite","@id":"https:\/\/www.visit-ulcinj.com\/blog\/#website","url":"https:\/\/www.visit-ulcinj.com\/blog\/","name":"Lajme nga Ulqini","description":"Lajme,Vijesti,Ulqini,Ulqin,Crna Gora,Mali i Zi","potentialAction":[{"@type":"SearchAction","target":{"@type":"EntryPoint","urlTemplate":"https:\/\/www.visit-ulcinj.com\/blog\/?s={search_term_string}"},"query-input":"required name=search_term_string"}],"inLanguage":"en-US"},{"@type":"ImageObject","inLanguage":"en-US","@id":"https:\/\/www.visit-ulcinj.com\/blog\/2016\/07\/12\/ledri-faleminderit-nene-shoqni-dhe-familje-faleminderi-ulqin\/#primaryimage","url":"http:\/\/www.visit-ulcinj.com\/blog\/wp-content\/uploads\/2016\/07\/Ledri-Vula-.jpg","contentUrl":"http:\/\/www.visit-ulcinj.com\/blog\/wp-content\/uploads\/2016\/07\/Ledri-Vula-.jpg"},{"@type":"WebPage","@id":"https:\/\/www.visit-ulcinj.com\/blog\/2016\/07\/12\/ledri-faleminderit-nene-shoqni-dhe-familje-faleminderi-ulqin\/#webpage","url":"https:\/\/www.visit-ulcinj.com\/blog\/2016\/07\/12\/ledri-faleminderit-nene-shoqni-dhe-familje-faleminderi-ulqin\/","name":"Ledri - Faleminderit Nene, shoqni dhe familje, Faleminderi Ulqin - Lajme nga Ulqini","isPartOf":{"@id":"https:\/\/www.visit-ulcinj.com\/blog\/#website"},"primaryImageOfPage":{"@id":"https:\/\/www.visit-ulcinj.com\/blog\/2016\/07\/12\/ledri-faleminderit-nene-shoqni-dhe-familje-faleminderi-ulqin\/#primaryimage"},"datePublished":"2016-07-12T17:26:53+00:00","dateModified":"2016-07-12T17:27:55+00:00","author":{"@id":"https:\/\/www.visit-ulcinj.com\/blog\/#\/schema\/person\/dcab619c614d3038751c63bc2aadc06d"},"description":"Befasia e mbr\u00ebmshme ia nxorri k\u00ebto fjal\u00eb Ledri Vul\u00ebs Me rastin e 30 vjetorit t\u00eb lindjes, mbr\u00ebm\u00eb k\u00ebng\u00ebtari Ledri Vula morri nj\u00eb befasi shum\u00eb t\u00eb k\u00ebndshme N\u00eb","breadcrumb":{"@id":"https:\/\/www.visit-ulcinj.com\/blog\/2016\/07\/12\/ledri-faleminderit-nene-shoqni-dhe-familje-faleminderi-ulqin\/#breadcrumb"},"inLanguage":"en-US","potentialAction":[{"@type":"ReadAction","target":["https:\/\/www.visit-ulcinj.com\/blog\/2016\/07\/12\/ledri-faleminderit-nene-shoqni-dhe-familje-faleminderi-ulqin\/"]}]},{"@type":"BreadcrumbList","@id":"https:\/\/www.visit-ulcinj.com\/blog\/2016\/07\/12\/ledri-faleminderit-nene-shoqni-dhe-familje-faleminderi-ulqin\/#breadcrumb","itemListElement":[{"@type":"ListItem","position":1,"name":"Ledri &#8211; Faleminderit Nene, shoqni dhe familje, Faleminderi Ulqin"}]},{"@type":"Person","@id":"https:\/\/www.visit-ulcinj.com\/blog\/#\/schema\/person\/dcab619c614d3038751c63bc2aadc06d","name":"ulqini","sameAs":["http:\/\/www.visit-ulcinj.com"],"url":"https:\/\/www.visit-ulcinj.com\/blog\/author\/admin\/"}]}},"jetpack_featured_media_url":"","jetpack_sharing_enabled":true,"jetpack_shortlink":"https:\/\/wp.me\/pe6lTn-pzz","_links":{"self":[{"href":"https:\/\/www.visit-ulcinj.com\/blog\/wp-json\/wp\/v2\/posts\/98305"}],"collection":[{"href":"https:\/\/www.visit-ulcinj.com\/blog\/wp-json\/wp\/v2\/posts"}],"about":[{"href":"https:\/\/www.visit-ulcinj.com\/blog\/wp-json\/wp\/v2\/types\/post"}],"author":[{"embeddable":true,"href":"https:\/\/www.visit-ulcinj.com\/blog\/wp-json\/wp\/v2\/users\/1"}],"replies":[{"embeddable":true,"href":"https:\/\/www.visit-ulcinj.com\/blog\/wp-json\/wp\/v2\/comments?post=98305"}],"version-history":[{"count":2,"href":"https:\/\/www.visit-ulcinj.com\/blog\/wp-json\/wp\/v2\/posts\/98305\/revisions"}],"predecessor-version":[{"id":98308,"href":"https:\/\/www.visit-ulcinj.com\/blog\/wp-json\/wp\/v2\/posts\/98305\/revisions\/98308"}],"wp:attachment":[{"href":"https:\/\/www.visit-ulcinj.com\/blog\/wp-json\/wp\/v2\/media?parent=98305"}],"wp:term":[{"taxonomy":"category","embeddable":true,"href":"https:\/\/www.visit-ulcinj.com\/blog\/wp-json\/wp\/v2\/categories?post=98305"},{"taxonomy":"post_tag","embeddable":true,"href":"https:\/\/www.visit-ulcinj.com\/blog\/wp-json\/wp\/v2\/tags?post=98305"}],"curies":[{"name":"wp","href":"https:\/\/api.w.org\/{rel}","templated":true}]}}